{"id":81304,"date":"2022-11-21T17:06:47","date_gmt":"2022-11-21T20:06:47","guid":{"rendered":"https:\/\/www.correspondentevianopolino.com.br\/site\/?p=81304"},"modified":"2022-11-24T14:19:56","modified_gmt":"2022-11-24T17:19:56","slug":"pelo-menos-mais-2-casos-de-covid-19-foram-registrados-em-vianopolis-nesta-segunda-feira-21-11","status":"publish","type":"post","link":"https:\/\/www.correspondentevianopolino.com.br\/site\/pelo-menos-mais-2-casos-de-covid-19-foram-registrados-em-vianopolis-nesta-segunda-feira-21-11\/","title":{"rendered":"PELO MENOS MAIS 2 CASOS DE COVID-19 FORAM REGISTRADOS EM VIAN\u00d3POLIS NESTA SEGUNDA-FEIRA, 21\/11"},"content":{"rendered":"\n<figure class=\"wp-block-image size-large\"><img decoding=\"async\" width=\"586\" height=\"1024\" src=\"https:\/\/www.correspondentevianopolino.com.br\/site\/wp-content\/uploads\/2022\/11\/IMG-20221115-WA0271-586x1024.jpg\" alt=\"\" class=\"wp-image-81194\" srcset=\"https:\/\/www.correspondentevianopolino.com.br\/site\/wp-content\/uploads\/2022\/11\/IMG-20221115-WA0271-586x1024.jpg 586w, https:\/\/www.correspondentevianopolino.com.br\/site\/wp-content\/uploads\/2022\/11\/IMG-20221115-WA0271-172x300.jpg 172w, https:\/\/www.correspondentevianopolino.com.br\/site\/wp-content\/uploads\/2022\/11\/IMG-20221115-WA0271-465x813.jpg 465w, https:\/\/www.correspondentevianopolino.com.br\/site\/wp-content\/uploads\/2022\/11\/IMG-20221115-WA0271-177x310.jpg 177w, https:\/\/www.correspondentevianopolino.com.br\/site\/wp-content\/uploads\/2022\/11\/IMG-20221115-WA0271-122x213.jpg 122w, https:\/\/www.correspondentevianopolino.com.br\/site\/wp-content\/uploads\/2022\/11\/IMG-20221115-WA0271-117x204.jpg 117w, https:\/\/www.correspondentevianopolino.com.br\/site\/wp-content\/uploads\/2022\/11\/IMG-20221115-WA0271-109x190.jpg 109w, https:\/\/www.correspondentevianopolino.com.br\/site\/wp-content\/uploads\/2022\/11\/IMG-20221115-WA0271.jpg 732w\" sizes=\"(max-width: 586px) 100vw, 586px\" \/><\/figure>\n\n\n\n<p>Pelo menos mais 2 casos de covid-19 foram registrados em Vian\u00f3polis nesta segunda-feira, 21\/11, conforme informa\u00e7\u00f5es levantadas por nossa reportagem junto a fontes confi\u00e1veis. E ao menos 7 casos foram registrados em nosso munic\u00edpio nos \u00faltimos dias.<\/p>\n\n\n\n<p>O \u00faltimo boletim epidemiol\u00f3gico sobre casos de covid-19 foi divulgado no final de maio deste ano (VEJA ABAIXO).<\/p>\n\n\n\n<p>Nossa reportagem enviou pergunta a Secret\u00e1ria de Sa\u00fade, Maria Ang\u00e9lica Umbelino, via WhatsApp, sobre o registro de casos nos \u00faltimos. <\/p>\n\n\n\n<p>A Maria Ang\u00e9lica nos informou que, posteriormente, nos passaria informa\u00e7\u00f5es, mas at\u00e9 o fechamento desta edi\u00e7\u00e3o, ela n\u00e3o havia entrado em contato com a nossa reportagem. T\u00e3o logo ela n\u00e3o envie informa\u00e7\u00f5es, atualizaremos esta mat\u00e9ria.<\/p>\n\n\n\n<figure class=\"wp-block-image size-large\"><img decoding=\"async\" width=\"1024\" height=\"1024\" src=\"https:\/\/www.correspondentevianopolino.com.br\/site\/wp-content\/uploads\/2022\/11\/282170975_345629294369162_9092560691866736392_n-1-1024x1024.jpg\" alt=\"\" class=\"wp-image-81307\" srcset=\"https:\/\/www.correspondentevianopolino.com.br\/site\/wp-content\/uploads\/2022\/11\/282170975_345629294369162_9092560691866736392_n-1-1024x1024.jpg 1024w, https:\/\/www.correspondentevianopolino.com.br\/site\/wp-content\/uploads\/2022\/11\/282170975_345629294369162_9092560691866736392_n-1-300x300.jpg 300w, https:\/\/www.correspondentevianopolino.com.br\/site\/wp-content\/uploads\/2022\/11\/282170975_345629294369162_9092560691866736392_n-1-465x465.jpg 465w, https:\/\/www.correspondentevianopolino.com.br\/site\/wp-content\/uploads\/2022\/11\/282170975_345629294369162_9092560691866736392_n-1-768x768.jpg 768w, https:\/\/www.correspondentevianopolino.com.br\/site\/wp-content\/uploads\/2022\/11\/282170975_345629294369162_9092560691866736392_n-1-310x310.jpg 310w, https:\/\/www.correspondentevianopolino.com.br\/site\/wp-content\/uploads\/2022\/11\/282170975_345629294369162_9092560691866736392_n-1-213x213.jpg 213w, https:\/\/www.correspondentevianopolino.com.br\/site\/wp-content\/uploads\/2022\/11\/282170975_345629294369162_9092560691866736392_n-1-204x204.jpg 204w, https:\/\/www.correspondentevianopolino.com.br\/site\/wp-content\/uploads\/2022\/11\/282170975_345629294369162_9092560691866736392_n-1-190x190.jpg 190w, https:\/\/www.correspondentevianopolino.com.br\/site\/wp-content\/uploads\/2022\/11\/282170975_345629294369162_9092560691866736392_n-1.jpg 1080w\" sizes=\"(max-width: 1024px) 100vw, 1024px\" \/><\/figure>\n\n\n<figure class=\"wp-block-post-featured-image\"><img decoding=\"async\" width=\"448\" height=\"261\" src=\"https:\/\/www.correspondentevianopolino.com.br\/site\/wp-content\/uploads\/2022\/11\/1292105012021113153.jpg\" class=\"attachment-post-thumbnail size-post-thumbnail wp-post-image\" alt=\"\" style=\"object-fit:cover;\" srcset=\"https:\/\/www.correspondentevianopolino.com.br\/site\/wp-content\/uploads\/2022\/11\/1292105012021113153.jpg 448w, https:\/\/www.correspondentevianopolino.com.br\/site\/wp-content\/uploads\/2022\/11\/1292105012021113153-300x175.jpg 300w, https:\/\/www.correspondentevianopolino.com.br\/site\/wp-content\/uploads\/2022\/11\/1292105012021113153-327x191.jpg 327w, https:\/\/www.correspondentevianopolino.com.br\/site\/wp-content\/uploads\/2022\/11\/1292105012021113153-350x204.jpg 350w, https:\/\/www.correspondentevianopolino.com.br\/site\/wp-content\/uploads\/2022\/11\/1292105012021113153-260x151.jpg 260w\" sizes=\"(max-width: 448px) 100vw, 448px\" \/><\/figure>","protected":false},"excerpt":{"rendered":"<p>Pelo menos mais 2 casos de covid-19 foram registrados em Vian\u00f3polis nesta segunda-feira, 21\/11, conforme informa\u00e7\u00f5es levantadas por nossa reportagem [&hellip;]<\/p>\n","protected":false},"author":2,"featured_media":81306,"comment_status":"open","ping_status":"closed","sticky":false,"template":"","format":"standard","meta":{"_uag_custom_page_level_css":"","site-sidebar-layout":"default","site-content-layout":"","ast-site-content-layout":"default","site-content-style":"default","site-sidebar-style":"default","ast-global-header-display":"","ast-banner-title-visibility":"","ast-main-header-display":"","ast-hfb-above-header-display":"","ast-hfb-below-header-display":"","ast-hfb-mobile-header-display":"","site-post-title":"","ast-breadcrumbs-content":"","ast-featured-img":"","footer-sml-layout":"","ast-disable-related-posts":"","theme-transparent-header-meta":"","adv-header-id-meta":"","stick-header-meta":"","header-above-stick-meta":"","header-main-stick-meta":"","header-below-stick-meta":"","astra-migrate-meta-layouts":"default","ast-page-background-enabled":"default","ast-page-background-meta":{"desktop":{"background-color":"var(--ast-global-color-4)","background-image":"","background-repeat":"repeat","background-position":"center center","background-size":"auto","background-attachment":"scroll","background-type":"","background-media":"","overlay-type":"","overlay-color":"","overlay-opacity":"","overlay-gradient":""},"tablet":{"background-color":"","background-image":"","background-repeat":"repeat","background-position":"center center","background-size":"auto","background-attachment":"scroll","background-type":"","background-media":"","overlay-type":"","overlay-color":"","overlay-opacity":"","overlay-gradient":""},"mobile":{"background-color":"","background-image":"","background-repeat":"repeat","background-position":"center center","background-size":"auto","background-attachment":"scroll","background-type":"","background-media":"","overlay-type":"","overlay-color":"","overlay-opacity":"","overlay-gradient":""}},"ast-content-background-meta":{"desktop":{"background-color":"var(--ast-global-color-5)","background-image":"","background-repeat":"repeat","background-position":"center center","background-size":"auto","background-attachment":"scroll","background-type":"","background-media":"","overlay-type":"","overlay-color":"","overlay-opacity":"","overlay-gradient":""},"tablet":{"background-color":"var(--ast-global-color-5)","background-image":"","background-repeat":"repeat","background-position":"center center","background-size":"auto","background-attachment":"scroll","background-type":"","background-media":"","overlay-type":"","overlay-color":"","overlay-opacity":"","overlay-gradient":""},"mobile":{"background-color":"var(--ast-global-color-5)","background-image":"","background-repeat":"repeat","background-position":"center center","background-size":"auto","background-attachment":"scroll","background-type":"","background-media":"","overlay-type":"","overlay-color":"","overlay-opacity":"","overlay-gradient":""}},"footnotes":""},"categories":[1],"tags":[],"class_list":["post-81304","post","type-post","status-publish","format-standard","has-post-thumbnail","hentry","category-ultimas","ColorsTitles-ff3700"],"uagb_featured_image_src":{"full":["https:\/\/www.correspondentevianopolino.com.br\/site\/wp-content\/uploads\/2022\/11\/1292105012021113153.jpg",448,261,false],"thumbnail":["https:\/\/www.correspondentevianopolino.com.br\/site\/wp-content\/uploads\/2022\/11\/1292105012021113153.jpg",448,261,false],"medium":["https:\/\/www.correspondentevianopolino.com.br\/site\/wp-content\/uploads\/2022\/11\/1292105012021113153-300x175.jpg",300,175,true],"medium_large":["https:\/\/www.correspondentevianopolino.com.br\/site\/wp-content\/uploads\/2022\/11\/1292105012021113153.jpg",448,261,false],"large":["https:\/\/www.correspondentevianopolino.com.br\/site\/wp-content\/uploads\/2022\/11\/1292105012021113153.jpg",448,261,false],"1536x1536":["https:\/\/www.correspondentevianopolino.com.br\/site\/wp-content\/uploads\/2022\/11\/1292105012021113153.jpg",448,261,false],"2048x2048":["https:\/\/www.correspondentevianopolino.com.br\/site\/wp-content\/uploads\/2022\/11\/1292105012021113153.jpg",448,261,false]},"uagb_author_info":{"display_name":"Ol\u00edvio Lemos","author_link":"https:\/\/www.correspondentevianopolino.com.br\/site\/author\/olivio\/"},"uagb_comment_info":1,"uagb_excerpt":"Pelo menos mais 2 casos de covid-19 foram registrados em Vian\u00f3polis nesta segunda-feira, 21\/11, conforme informa\u00e7\u00f5es levantadas por nossa reportagem [&hellip;]","_links":{"self":[{"href":"https:\/\/www.correspondentevianopolino.com.br\/site\/wp-json\/wp\/v2\/posts\/81304","targetHints":{"allow":["GET"]}}],"collection":[{"href":"https:\/\/www.correspondentevianopolino.com.br\/site\/wp-json\/wp\/v2\/posts"}],"about":[{"href":"https:\/\/www.correspondentevianopolino.com.br\/site\/wp-json\/wp\/v2\/types\/post"}],"author":[{"embeddable":true,"href":"https:\/\/www.correspondentevianopolino.com.br\/site\/wp-json\/wp\/v2\/users\/2"}],"replies":[{"embeddable":true,"href":"https:\/\/www.correspondentevianopolino.com.br\/site\/wp-json\/wp\/v2\/comments?post=81304"}],"version-history":[{"count":0,"href":"https:\/\/www.correspondentevianopolino.com.br\/site\/wp-json\/wp\/v2\/posts\/81304\/revisions"}],"wp:featuredmedia":[{"embeddable":true,"href":"https:\/\/www.correspondentevianopolino.com.br\/site\/wp-json\/wp\/v2\/media\/81306"}],"wp:attachment":[{"href":"https:\/\/www.correspondentevianopolino.com.br\/site\/wp-json\/wp\/v2\/media?parent=81304"}],"wp:term":[{"taxonomy":"category","embeddable":true,"href":"https:\/\/www.correspondentevianopolino.com.br\/site\/wp-json\/wp\/v2\/categories?post=81304"},{"taxonomy":"post_tag","embeddable":true,"href":"https:\/\/www.correspondentevianopolino.com.br\/site\/wp-json\/wp\/v2\/tags?post=81304"}],"curies":[{"name":"wp","href":"https:\/\/api.w.org\/{rel}","templated":true}]}}