{"id":81322,"date":"2022-11-22T19:45:38","date_gmt":"2022-11-22T22:45:38","guid":{"rendered":"https:\/\/www.correspondentevianopolino.com.br\/site\/?p=81322"},"modified":"2022-11-24T14:30:46","modified_gmt":"2022-11-24T17:30:46","slug":"secretaria-municipal-de-saude-volta-a-publicar-boletim-sobre-casos-de-covid-19-em-vianopolis-clique-e-saiba-quantos-casos-foram-registrados-nos-ultimos-dias","status":"publish","type":"post","link":"https:\/\/www.correspondentevianopolino.com.br\/site\/secretaria-municipal-de-saude-volta-a-publicar-boletim-sobre-casos-de-covid-19-em-vianopolis-clique-e-saiba-quantos-casos-foram-registrados-nos-ultimos-dias\/","title":{"rendered":"SECRETARIA MUNICIPAL DE SA\u00daDE VOLTA A PUBLICAR BOLETIM SOBRE CASOS DE COVID-19 EM VIAN\u00d3POLIS&#8230; CLIQUE E SAIBA QUANTOS CASOS FORAM REGISTRADOS NOS \u00daLTIMOS DIAS"},"content":{"rendered":"\n<figure class=\"wp-block-image size-large\"><img decoding=\"async\" width=\"586\" height=\"1024\" src=\"https:\/\/www.correspondentevianopolino.com.br\/site\/wp-content\/uploads\/2022\/11\/IMG-20221115-WA0271-586x1024.jpg\" alt=\"\" class=\"wp-image-81194\" srcset=\"https:\/\/www.correspondentevianopolino.com.br\/site\/wp-content\/uploads\/2022\/11\/IMG-20221115-WA0271-586x1024.jpg 586w, https:\/\/www.correspondentevianopolino.com.br\/site\/wp-content\/uploads\/2022\/11\/IMG-20221115-WA0271-172x300.jpg 172w, https:\/\/www.correspondentevianopolino.com.br\/site\/wp-content\/uploads\/2022\/11\/IMG-20221115-WA0271-465x813.jpg 465w, https:\/\/www.correspondentevianopolino.com.br\/site\/wp-content\/uploads\/2022\/11\/IMG-20221115-WA0271-177x310.jpg 177w, https:\/\/www.correspondentevianopolino.com.br\/site\/wp-content\/uploads\/2022\/11\/IMG-20221115-WA0271-122x213.jpg 122w, https:\/\/www.correspondentevianopolino.com.br\/site\/wp-content\/uploads\/2022\/11\/IMG-20221115-WA0271-117x204.jpg 117w, https:\/\/www.correspondentevianopolino.com.br\/site\/wp-content\/uploads\/2022\/11\/IMG-20221115-WA0271-109x190.jpg 109w, https:\/\/www.correspondentevianopolino.com.br\/site\/wp-content\/uploads\/2022\/11\/IMG-20221115-WA0271.jpg 732w\" sizes=\"(max-width: 586px) 100vw, 586px\" \/><\/figure>\n\n\n\n<p>Conforme havia prometido, a Secret\u00e1ria Municipal de Sa\u00fade, Maria Ang\u00e9lica Umbelino, falou \u00e0 nossa reportagem na noite de hoje, 22\/11. Ela informou que, devido \u00e0 volta dos casos de covid-19 em nosso munic\u00edpio, passar\u00e1 a emitir Boletim Epidemiol\u00f3gico quinzenal sobre a doen\u00e7a.<\/p>\n\n\n\n<p>Maria Ang\u00e9lica esclareceu que mesmo no per\u00edodo de registro de poucos casos, sua pasta manteve as a\u00e7\u00f5es de enfrentamento \u00e0 covid-19, e que, com o reaparecimento de casos, as a\u00e7\u00f5es ser\u00e3o intensificadas.<\/p>\n\n\n\n<p>A Secret\u00e1ria informou que os moradores que positivaram, assim como seus contatos identificados, seguem isolados e monitorados obrigatoriamente. Ela destaca a import\u00e2ncia das medidas de preven\u00e7\u00e3o e do diagn\u00f3stico precoce, assim como a assist\u00eancia \u00e0 sa\u00fade logo no in\u00edcio dos sintomas.<\/p>\n\n\n\n<p>Maria Ang\u00e9lica finalizou dizendo que as unidades de sa\u00fade de Vian\u00f3polis, Ponte Funda e Cara\u00edba est\u00e3o fazendo atendimento e testagem das pessoas suspeitas e pede que as pessoas procurem atendimento m\u00e9dico em caso de d\u00favida.<\/p>\n\n\n\n<p>Na data de hoje, 22\/11, a Secretaria Municipal de Sa\u00fade divulgou um Boletim Epidemiol\u00f3gico dos \u00faltimos 15 dias. <strong>No per\u00edodo, foram registrados 32 casos suspeitos, sendo que 10 foram confirmados e 22 descartados.<\/strong><\/p>\n\n\n\n<p>Das 10 pessoas que contra\u00edram a covid-19, nenhuma se encontra internada.<\/p>\n\n\n\n<p>Nos casos dos \u00faltimos 15 dias n\u00e3o est\u00e3o inclu\u00eddos o caso de um idoso e sua esposa que testaram positivo e foram levados para Goi\u00e2nia.<\/p>\n\n\n\n<p>Pelo que apurou nossa reportagem, at\u00e9 o fechamento desta edi\u00e7\u00e3o, a Unidade de Sa\u00fade de Goi\u00e2nia ainda n\u00e3o havia comunicado \u00e0 Secretaria de Sa\u00fade que os dois contra\u00edram a covid-19.<\/p>\n\n\n\n<figure class=\"wp-block-image size-large\"><img decoding=\"async\" width=\"577\" height=\"1024\" src=\"https:\/\/www.correspondentevianopolino.com.br\/site\/wp-content\/uploads\/2022\/11\/thumbnail-18-577x1024.jpg\" alt=\"\" class=\"wp-image-81323\" srcset=\"https:\/\/www.correspondentevianopolino.com.br\/site\/wp-content\/uploads\/2022\/11\/thumbnail-18-577x1024.jpg 577w, https:\/\/www.correspondentevianopolino.com.br\/site\/wp-content\/uploads\/2022\/11\/thumbnail-18-169x300.jpg 169w, https:\/\/www.correspondentevianopolino.com.br\/site\/wp-content\/uploads\/2022\/11\/thumbnail-18-465x825.jpg 465w, https:\/\/www.correspondentevianopolino.com.br\/site\/wp-content\/uploads\/2022\/11\/thumbnail-18-768x1362.jpg 768w, https:\/\/www.correspondentevianopolino.com.br\/site\/wp-content\/uploads\/2022\/11\/thumbnail-18-866x1536.jpg 866w, https:\/\/www.correspondentevianopolino.com.br\/site\/wp-content\/uploads\/2022\/11\/thumbnail-18-175x310.jpg 175w, https:\/\/www.correspondentevianopolino.com.br\/site\/wp-content\/uploads\/2022\/11\/thumbnail-18-120x213.jpg 120w, https:\/\/www.correspondentevianopolino.com.br\/site\/wp-content\/uploads\/2022\/11\/thumbnail-18-115x204.jpg 115w, https:\/\/www.correspondentevianopolino.com.br\/site\/wp-content\/uploads\/2022\/11\/thumbnail-18-107x190.jpg 107w, https:\/\/www.correspondentevianopolino.com.br\/site\/wp-content\/uploads\/2022\/11\/thumbnail-18.jpg 1080w\" sizes=\"(max-width: 577px) 100vw, 577px\" \/><\/figure>\n\n\n<figure class=\"wp-block-post-featured-image\"><img decoding=\"async\" width=\"448\" height=\"261\" src=\"https:\/\/www.correspondentevianopolino.com.br\/site\/wp-content\/uploads\/2022\/11\/1292105012021113153.jpg\" class=\"attachment-post-thumbnail size-post-thumbnail wp-post-image\" alt=\"\" style=\"object-fit:cover;\" srcset=\"https:\/\/www.correspondentevianopolino.com.br\/site\/wp-content\/uploads\/2022\/11\/1292105012021113153.jpg 448w, https:\/\/www.correspondentevianopolino.com.br\/site\/wp-content\/uploads\/2022\/11\/1292105012021113153-300x175.jpg 300w, https:\/\/www.correspondentevianopolino.com.br\/site\/wp-content\/uploads\/2022\/11\/1292105012021113153-327x191.jpg 327w, https:\/\/www.correspondentevianopolino.com.br\/site\/wp-content\/uploads\/2022\/11\/1292105012021113153-350x204.jpg 350w, https:\/\/www.correspondentevianopolino.com.br\/site\/wp-content\/uploads\/2022\/11\/1292105012021113153-260x151.jpg 260w\" sizes=\"(max-width: 448px) 100vw, 448px\" \/><\/figure>","protected":false},"excerpt":{"rendered":"<p>Conforme havia prometido, a Secret\u00e1ria Municipal de Sa\u00fade, Maria Ang\u00e9lica Umbelino, falou \u00e0 nossa reportagem na noite de hoje, 22\/11. [&hellip;]<\/p>\n","protected":false},"author":2,"featured_media":81306,"comment_status":"open","ping_status":"closed","sticky":false,"template":"","format":"standard","meta":{"_uag_custom_page_level_css":"","site-sidebar-layout":"default","site-content-layout":"","ast-site-content-layout":"default","site-content-style":"default","site-sidebar-style":"default","ast-global-header-display":"","ast-banner-title-visibility":"","ast-main-header-display":"","ast-hfb-above-header-display":"","ast-hfb-below-header-display":"","ast-hfb-mobile-header-display":"","site-post-title":"","ast-breadcrumbs-content":"","ast-featured-img":"","footer-sml-layout":"","ast-disable-related-posts":"","theme-transparent-header-meta":"","adv-header-id-meta":"","stick-header-meta":"","header-above-stick-meta":"","header-main-stick-meta":"","header-below-stick-meta":"","astra-migrate-meta-layouts":"default","ast-page-background-enabled":"default","ast-page-background-meta":{"desktop":{"background-color":"var(--ast-global-color-4)","background-image":"","background-repeat":"repeat","background-position":"center center","background-size":"auto","background-attachment":"scroll","background-type":"","background-media":"","overlay-type":"","overlay-color":"","overlay-opacity":"","overlay-gradient":""},"tablet":{"background-color":"","background-image":"","background-repeat":"repeat","background-position":"center center","background-size":"auto","background-attachment":"scroll","background-type":"","background-media":"","overlay-type":"","overlay-color":"","overlay-opacity":"","overlay-gradient":""},"mobile":{"background-color":"","background-image":"","background-repeat":"repeat","background-position":"center center","background-size":"auto","background-attachment":"scroll","background-type":"","background-media":"","overlay-type":"","overlay-color":"","overlay-opacity":"","overlay-gradient":""}},"ast-content-background-meta":{"desktop":{"background-color":"var(--ast-global-color-5)","background-image":"","background-repeat":"repeat","background-position":"center center","background-size":"auto","background-attachment":"scroll","background-type":"","background-media":"","overlay-type":"","overlay-color":"","overlay-opacity":"","overlay-gradient":""},"tablet":{"background-color":"var(--ast-global-color-5)","background-image":"","background-repeat":"repeat","background-position":"center center","background-size":"auto","background-attachment":"scroll","background-type":"","background-media":"","overlay-type":"","overlay-color":"","overlay-opacity":"","overlay-gradient":""},"mobile":{"background-color":"var(--ast-global-color-5)","background-image":"","background-repeat":"repeat","background-position":"center center","background-size":"auto","background-attachment":"scroll","background-type":"","background-media":"","overlay-type":"","overlay-color":"","overlay-opacity":"","overlay-gradient":""}},"footnotes":""},"categories":[1],"tags":[],"class_list":["post-81322","post","type-post","status-publish","format-standard","has-post-thumbnail","hentry","category-ultimas","ColorsTitles-ff3700"],"uagb_featured_image_src":{"full":["https:\/\/www.correspondentevianopolino.com.br\/site\/wp-content\/uploads\/2022\/11\/1292105012021113153.jpg",448,261,false],"thumbnail":["https:\/\/www.correspondentevianopolino.com.br\/site\/wp-content\/uploads\/2022\/11\/1292105012021113153.jpg",448,261,false],"medium":["https:\/\/www.correspondentevianopolino.com.br\/site\/wp-content\/uploads\/2022\/11\/1292105012021113153-300x175.jpg",300,175,true],"medium_large":["https:\/\/www.correspondentevianopolino.com.br\/site\/wp-content\/uploads\/2022\/11\/1292105012021113153.jpg",448,261,false],"large":["https:\/\/www.correspondentevianopolino.com.br\/site\/wp-content\/uploads\/2022\/11\/1292105012021113153.jpg",448,261,false],"1536x1536":["https:\/\/www.correspondentevianopolino.com.br\/site\/wp-content\/uploads\/2022\/11\/1292105012021113153.jpg",448,261,false],"2048x2048":["https:\/\/www.correspondentevianopolino.com.br\/site\/wp-content\/uploads\/2022\/11\/1292105012021113153.jpg",448,261,false]},"uagb_author_info":{"display_name":"Ol\u00edvio Lemos","author_link":"https:\/\/www.correspondentevianopolino.com.br\/site\/author\/olivio\/"},"uagb_comment_info":2,"uagb_excerpt":"Conforme havia prometido, a Secret\u00e1ria Municipal de Sa\u00fade, Maria Ang\u00e9lica Umbelino, falou \u00e0 nossa reportagem na noite de hoje, 22\/11. [&hellip;]","_links":{"self":[{"href":"https:\/\/www.correspondentevianopolino.com.br\/site\/wp-json\/wp\/v2\/posts\/81322","targetHints":{"allow":["GET"]}}],"collection":[{"href":"https:\/\/www.correspondentevianopolino.com.br\/site\/wp-json\/wp\/v2\/posts"}],"about":[{"href":"https:\/\/www.correspondentevianopolino.com.br\/site\/wp-json\/wp\/v2\/types\/post"}],"author":[{"embeddable":true,"href":"https:\/\/www.correspondentevianopolino.com.br\/site\/wp-json\/wp\/v2\/users\/2"}],"replies":[{"embeddable":true,"href":"https:\/\/www.correspondentevianopolino.com.br\/site\/wp-json\/wp\/v2\/comments?post=81322"}],"version-history":[{"count":0,"href":"https:\/\/www.correspondentevianopolino.com.br\/site\/wp-json\/wp\/v2\/posts\/81322\/revisions"}],"wp:featuredmedia":[{"embeddable":true,"href":"https:\/\/www.correspondentevianopolino.com.br\/site\/wp-json\/wp\/v2\/media\/81306"}],"wp:attachment":[{"href":"https:\/\/www.correspondentevianopolino.com.br\/site\/wp-json\/wp\/v2\/media?parent=81322"}],"wp:term":[{"taxonomy":"category","embeddable":true,"href":"https:\/\/www.correspondentevianopolino.com.br\/site\/wp-json\/wp\/v2\/categories?post=81322"},{"taxonomy":"post_tag","embeddable":true,"href":"https:\/\/www.correspondentevianopolino.com.br\/site\/wp-json\/wp\/v2\/tags?post=81322"}],"curies":[{"name":"wp","href":"https:\/\/api.w.org\/{rel}","templated":true}]}}