{"id":81431,"date":"2022-11-27T12:55:14","date_gmt":"2022-11-27T15:55:14","guid":{"rendered":"https:\/\/www.correspondentevianopolino.com.br\/site\/?p=81431"},"modified":"2022-11-29T13:44:06","modified_gmt":"2022-11-29T16:44:06","slug":"falece-jose-antonio-machado-conhecido-morador-do-bairro-michelle","status":"publish","type":"post","link":"https:\/\/www.correspondentevianopolino.com.br\/site\/falece-jose-antonio-machado-conhecido-morador-do-bairro-michelle\/","title":{"rendered":"FALECE JOS\u00c9 ANT\u00d4NIO MACHADO, CONHECIDO MORADOR DO BAIRRO MICHELLE"},"content":{"rendered":"\n<figure class=\"wp-block-image size-large\"><img decoding=\"async\" width=\"586\" height=\"1024\" src=\"https:\/\/www.correspondentevianopolino.com.br\/site\/wp-content\/uploads\/2022\/11\/thumbnail-4-7-586x1024.jpg\" alt=\"\" class=\"wp-image-81422\" srcset=\"https:\/\/www.correspondentevianopolino.com.br\/site\/wp-content\/uploads\/2022\/11\/thumbnail-4-7-586x1024.jpg 586w, https:\/\/www.correspondentevianopolino.com.br\/site\/wp-content\/uploads\/2022\/11\/thumbnail-4-7-172x300.jpg 172w, https:\/\/www.correspondentevianopolino.com.br\/site\/wp-content\/uploads\/2022\/11\/thumbnail-4-7-465x813.jpg 465w, https:\/\/www.correspondentevianopolino.com.br\/site\/wp-content\/uploads\/2022\/11\/thumbnail-4-7-177x310.jpg 177w, https:\/\/www.correspondentevianopolino.com.br\/site\/wp-content\/uploads\/2022\/11\/thumbnail-4-7-122x213.jpg 122w, https:\/\/www.correspondentevianopolino.com.br\/site\/wp-content\/uploads\/2022\/11\/thumbnail-4-7-117x204.jpg 117w, https:\/\/www.correspondentevianopolino.com.br\/site\/wp-content\/uploads\/2022\/11\/thumbnail-4-7-109x190.jpg 109w, https:\/\/www.correspondentevianopolino.com.br\/site\/wp-content\/uploads\/2022\/11\/thumbnail-4-7.jpg 732w\" sizes=\"(max-width: 586px) 100vw, 586px\" \/><\/figure>\n\n\n\n<p><strong>Por Ol\u00edvio Lemos<\/strong><\/p>\n\n\n\n<p>Faleceu na manh\u00e3 deste domingo, 27\/11, em Ner\u00f3polis, onde se encontrava realizando tratamento m\u00e9dico, Jos\u00e9 Ant\u00f4nio Machado, conhecido morador do Bairro Michelle. Ele faleceu 6 meses ap\u00f3s a morte de sua m\u00e3e, Maria Concei\u00e7\u00e3o Guilherme, que faleceu no in\u00edcio de maio \u00faltimo, aos 106 anos de idade.<\/p>\n\n\n\n<p>Jos\u00e9 Ant\u00f4nio, que faleceu aos 72 anos de idade, era pai de Luana Val\u00e9ria Machado e Ant\u00f4nio Jos\u00e9 Machado, sendo av\u00f4 de Carolyne e Poliana.<\/p>\n\n\n\n<p>Jos\u00e9 Ant\u00f4nio foi internado no Hospital e Maternidade S\u00e3o Sebasti\u00e3o de Vian\u00f3polis no in\u00edcio da semana.<\/p>\n\n\n\n<p>Ap\u00f3s realiza\u00e7\u00e3o de exame, o m\u00e9dico diagnosticou covid-19 e comprometimento de 70% de seu pulm\u00e3o. Posteriormente, ele foi encaminhado para Ner\u00f3polis, onde foi a \u00f3bito hoje, 27\/11.<\/p>\n\n\n\n<p>O corpo de Jos\u00e9 Ant\u00f4nio est\u00e1 sendo velado na  Sala de Vel\u00f3rios da Funer\u00e1ria Pax Universo, pr\u00f3ximo ao Terreno dos Americanos.<\/p>\n\n\n\n<p>Conforme informa\u00e7\u00f5es de de familiares, o sepultamento acontecer\u00e1 \u00e0s 9h de amanh\u00e3, 28\/11, no Cemit\u00e9rio Central da Rua Calil Elias Neto. <\/p>\n\n\n\n<p>O m\u00e9dico do Hospital de Ner\u00f3polis informou que o \u00f3bito n\u00e3o se deu por covid-19.<\/p>\n\n\n\n<p>Lamento a morte de Jos\u00e9 Ant\u00f4nio Machado, meu amigo particular, ouvinte de nossos programas radiof\u00f4nicos e pessoa que eu respeitava muito.<\/p>\n\n\n\n<p>\u00c0 fam\u00edlia enlutada, nossas condol\u00eancias!<\/p>\n\n\n<figure class=\"wp-block-post-featured-image\"><img decoding=\"async\" width=\"480\" height=\"581\" src=\"https:\/\/www.correspondentevianopolino.com.br\/site\/wp-content\/uploads\/2022\/11\/JOSE-ANTONIO-MACHADO-271122.jpg\" class=\"attachment-post-thumbnail size-post-thumbnail wp-post-image\" alt=\"\" style=\"object-fit:cover;\" srcset=\"https:\/\/www.correspondentevianopolino.com.br\/site\/wp-content\/uploads\/2022\/11\/JOSE-ANTONIO-MACHADO-271122.jpg 480w, https:\/\/www.correspondentevianopolino.com.br\/site\/wp-content\/uploads\/2022\/11\/JOSE-ANTONIO-MACHADO-271122-248x300.jpg 248w, https:\/\/www.correspondentevianopolino.com.br\/site\/wp-content\/uploads\/2022\/11\/JOSE-ANTONIO-MACHADO-271122-465x563.jpg 465w, https:\/\/www.correspondentevianopolino.com.br\/site\/wp-content\/uploads\/2022\/11\/JOSE-ANTONIO-MACHADO-271122-256x310.jpg 256w, https:\/\/www.correspondentevianopolino.com.br\/site\/wp-content\/uploads\/2022\/11\/JOSE-ANTONIO-MACHADO-271122-176x213.jpg 176w, https:\/\/www.correspondentevianopolino.com.br\/site\/wp-content\/uploads\/2022\/11\/JOSE-ANTONIO-MACHADO-271122-169x204.jpg 169w, https:\/\/www.correspondentevianopolino.com.br\/site\/wp-content\/uploads\/2022\/11\/JOSE-ANTONIO-MACHADO-271122-157x190.jpg 157w\" sizes=\"(max-width: 480px) 100vw, 480px\" \/><\/figure>","protected":false},"excerpt":{"rendered":"<p>Por Ol\u00edvio Lemos Faleceu na manh\u00e3 deste domingo, 27\/11, em Ner\u00f3polis, onde se encontrava realizando tratamento m\u00e9dico, Jos\u00e9 Ant\u00f4nio Machado, [&hellip;]<\/p>\n","protected":false},"author":2,"featured_media":81432,"comment_status":"open","ping_status":"closed","sticky":false,"template":"","format":"standard","meta":{"_uag_custom_page_level_css":"","site-sidebar-layout":"default","site-content-layout":"","ast-site-content-layout":"default","site-content-style":"default","site-sidebar-style":"default","ast-global-header-display":"","ast-banner-title-visibility":"","ast-main-header-display":"","ast-hfb-above-header-display":"","ast-hfb-below-header-display":"","ast-hfb-mobile-header-display":"","site-post-title":"","ast-breadcrumbs-content":"","ast-featured-img":"","footer-sml-layout":"","ast-disable-related-posts":"","theme-transparent-header-meta":"","adv-header-id-meta":"","stick-header-meta":"","header-above-stick-meta":"","header-main-stick-meta":"","header-below-stick-meta":"","astra-migrate-meta-layouts":"default","ast-page-background-enabled":"default","ast-page-background-meta":{"desktop":{"background-color":"var(--ast-global-color-4)","background-image":"","background-repeat":"repeat","background-position":"center center","background-size":"auto","background-attachment":"scroll","background-type":"","background-media":"","overlay-type":"","overlay-color":"","overlay-opacity":"","overlay-gradient":""},"tablet":{"background-color":"","background-image":"","background-repeat":"repeat","background-position":"center center","background-size":"auto","background-attachment":"scroll","background-type":"","background-media":"","overlay-type":"","overlay-color":"","overlay-opacity":"","overlay-gradient":""},"mobile":{"background-color":"","background-image":"","background-repeat":"repeat","background-position":"center center","background-size":"auto","background-attachment":"scroll","background-type":"","background-media":"","overlay-type":"","overlay-color":"","overlay-opacity":"","overlay-gradient":""}},"ast-content-background-meta":{"desktop":{"background-color":"var(--ast-global-color-5)","background-image":"","background-repeat":"repeat","background-position":"center center","background-size":"auto","background-attachment":"scroll","background-type":"","background-media":"","overlay-type":"","overlay-color":"","overlay-opacity":"","overlay-gradient":""},"tablet":{"background-color":"var(--ast-global-color-5)","background-image":"","background-repeat":"repeat","background-position":"center center","background-size":"auto","background-attachment":"scroll","background-type":"","background-media":"","overlay-type":"","overlay-color":"","overlay-opacity":"","overlay-gradient":""},"mobile":{"background-color":"var(--ast-global-color-5)","background-image":"","background-repeat":"repeat","background-position":"center center","background-size":"auto","background-attachment":"scroll","background-type":"","background-media":"","overlay-type":"","overlay-color":"","overlay-opacity":"","overlay-gradient":""}},"footnotes":""},"categories":[1],"tags":[],"class_list":["post-81431","post","type-post","status-publish","format-standard","has-post-thumbnail","hentry","category-ultimas","ColorsTitles-7e06bf"],"uagb_featured_image_src":{"full":["https:\/\/www.correspondentevianopolino.com.br\/site\/wp-content\/uploads\/2022\/11\/JOSE-ANTONIO-MACHADO-271122.jpg",480,581,false],"thumbnail":["https:\/\/www.correspondentevianopolino.com.br\/site\/wp-content\/uploads\/2022\/11\/JOSE-ANTONIO-MACHADO-271122-465x563.jpg",465,563,true],"medium":["https:\/\/www.correspondentevianopolino.com.br\/site\/wp-content\/uploads\/2022\/11\/JOSE-ANTONIO-MACHADO-271122-248x300.jpg",248,300,true],"medium_large":["https:\/\/www.correspondentevianopolino.com.br\/site\/wp-content\/uploads\/2022\/11\/JOSE-ANTONIO-MACHADO-271122.jpg",480,581,false],"large":["https:\/\/www.correspondentevianopolino.com.br\/site\/wp-content\/uploads\/2022\/11\/JOSE-ANTONIO-MACHADO-271122.jpg",480,581,false],"1536x1536":["https:\/\/www.correspondentevianopolino.com.br\/site\/wp-content\/uploads\/2022\/11\/JOSE-ANTONIO-MACHADO-271122.jpg",480,581,false],"2048x2048":["https:\/\/www.correspondentevianopolino.com.br\/site\/wp-content\/uploads\/2022\/11\/JOSE-ANTONIO-MACHADO-271122.jpg",480,581,false]},"uagb_author_info":{"display_name":"Ol\u00edvio Lemos","author_link":"https:\/\/www.correspondentevianopolino.com.br\/site\/author\/olivio\/"},"uagb_comment_info":6,"uagb_excerpt":"Por Ol\u00edvio Lemos Faleceu na manh\u00e3 deste domingo, 27\/11, em Ner\u00f3polis, onde se encontrava realizando tratamento m\u00e9dico, Jos\u00e9 Ant\u00f4nio Machado, [&hellip;]","_links":{"self":[{"href":"https:\/\/www.correspondentevianopolino.com.br\/site\/wp-json\/wp\/v2\/posts\/81431","targetHints":{"allow":["GET"]}}],"collection":[{"href":"https:\/\/www.correspondentevianopolino.com.br\/site\/wp-json\/wp\/v2\/posts"}],"about":[{"href":"https:\/\/www.correspondentevianopolino.com.br\/site\/wp-json\/wp\/v2\/types\/post"}],"author":[{"embeddable":true,"href":"https:\/\/www.correspondentevianopolino.com.br\/site\/wp-json\/wp\/v2\/users\/2"}],"replies":[{"embeddable":true,"href":"https:\/\/www.correspondentevianopolino.com.br\/site\/wp-json\/wp\/v2\/comments?post=81431"}],"version-history":[{"count":0,"href":"https:\/\/www.correspondentevianopolino.com.br\/site\/wp-json\/wp\/v2\/posts\/81431\/revisions"}],"wp:featuredmedia":[{"embeddable":true,"href":"https:\/\/www.correspondentevianopolino.com.br\/site\/wp-json\/wp\/v2\/media\/81432"}],"wp:attachment":[{"href":"https:\/\/www.correspondentevianopolino.com.br\/site\/wp-json\/wp\/v2\/media?parent=81431"}],"wp:term":[{"taxonomy":"category","embeddable":true,"href":"https:\/\/www.correspondentevianopolino.com.br\/site\/wp-json\/wp\/v2\/categories?post=81431"},{"taxonomy":"post_tag","embeddable":true,"href":"https:\/\/www.correspondentevianopolino.com.br\/site\/wp-json\/wp\/v2\/tags?post=81431"}],"curies":[{"name":"wp","href":"https:\/\/api.w.org\/{rel}","templated":true}]}}