{"id":81439,"date":"2022-11-28T05:40:10","date_gmt":"2022-11-28T08:40:10","guid":{"rendered":"https:\/\/www.correspondentevianopolino.com.br\/site\/?p=81439"},"modified":"2022-11-29T13:46:10","modified_gmt":"2022-11-29T16:46:10","slug":"vereador-cleydson-mascarenhas-convida-populacao-para-audiencia-publica-amanha-a-partir-das-18h-na-camara-municipal-quando-sera-discutido-o-projeto-de-lei-que-propoe-mudancas-no-codigo-tributario-c","status":"publish","type":"post","link":"https:\/\/www.correspondentevianopolino.com.br\/site\/vereador-cleydson-mascarenhas-convida-populacao-para-audiencia-publica-amanha-a-partir-das-18h-na-camara-municipal-quando-sera-discutido-o-projeto-de-lei-que-propoe-mudancas-no-codigo-tributario-c\/","title":{"rendered":"VEREADOR CLEYDSON MASCARENHAS CONVIDA POPULA\u00c7\u00c3O PARA AUDI\u00caNCIA P\u00daBLICA HOJE, A PARTIR DAS 18H, NA C\u00c2MARA MUNICIPAL, QUANDO SER\u00c1 DISCUTIDO O PROJETO DE LEI QUE PROP\u00d5E MUDAN\u00c7AS NO C\u00d3DIGO TRIBUT\u00c1RIO"},"content":{"rendered":"\n<figure class=\"wp-block-image size-large\"><img decoding=\"async\" width=\"586\" height=\"1024\" src=\"https:\/\/www.correspondentevianopolino.com.br\/site\/wp-content\/uploads\/2022\/11\/thumbnail-4-7-586x1024.jpg\" alt=\"\" class=\"wp-image-81422\" srcset=\"https:\/\/www.correspondentevianopolino.com.br\/site\/wp-content\/uploads\/2022\/11\/thumbnail-4-7-586x1024.jpg 586w, https:\/\/www.correspondentevianopolino.com.br\/site\/wp-content\/uploads\/2022\/11\/thumbnail-4-7-172x300.jpg 172w, https:\/\/www.correspondentevianopolino.com.br\/site\/wp-content\/uploads\/2022\/11\/thumbnail-4-7-465x813.jpg 465w, https:\/\/www.correspondentevianopolino.com.br\/site\/wp-content\/uploads\/2022\/11\/thumbnail-4-7-177x310.jpg 177w, https:\/\/www.correspondentevianopolino.com.br\/site\/wp-content\/uploads\/2022\/11\/thumbnail-4-7-122x213.jpg 122w, https:\/\/www.correspondentevianopolino.com.br\/site\/wp-content\/uploads\/2022\/11\/thumbnail-4-7-117x204.jpg 117w, https:\/\/www.correspondentevianopolino.com.br\/site\/wp-content\/uploads\/2022\/11\/thumbnail-4-7-109x190.jpg 109w, https:\/\/www.correspondentevianopolino.com.br\/site\/wp-content\/uploads\/2022\/11\/thumbnail-4-7.jpg 732w\" sizes=\"(max-width: 586px) 100vw, 586px\" \/><\/figure>\n\n\n\n<p>O Vereador Cleydson Mascarenhas convida a popula\u00e7\u00e3o em geral para participar da Audi\u00eancia P\u00fablica que acontecer\u00e1 hoje, 28\/11, a partir das 18h, nas depend\u00eancias da C\u00e2mara Municipal.<\/p>\n\n\n\n<p>Na oportunidade, ser\u00e1 discutido o Projeto de Lei enviado pelo Prefeito Samuel Cotrim, que prop\u00f5e mudan\u00e7as no C\u00f3digo Tribut\u00e1rio do munic\u00edpio.<\/p>\n\n\n\n<p>Como se trata de um projeto complexo, \u00e9 importante a popula\u00e7\u00e3o apresentar sugest\u00f5es ao mesmo.<\/p>\n\n\n\n<p class=\"has-text-align-center\"><strong>CLIQUE NO LINK ABAIXO E LEIA O PROJETO DE LEI:<\/strong><\/p>\n\n\n\n<p><\/p>\n\n\n\n<p><a href=\"https:\/\/acessoainformacao.camaravianopolis.go.gov.br\/atos_adm\/mp_viewer\/row=866\">https:\/\/acessoainformacao.camaravianopolis.go.gov.br\/atos_adm\/mp_viewer\/row=866<\/a><\/p>\n\n\n<figure class=\"wp-block-post-featured-image\"><img decoding=\"async\" width=\"663\" height=\"960\" src=\"https:\/\/www.correspondentevianopolino.com.br\/site\/wp-content\/uploads\/2022\/11\/CLEIDSON-AUGUSTO-G.-MASCARENHAS.jpg\" class=\"attachment-post-thumbnail size-post-thumbnail wp-post-image\" alt=\"\" style=\"object-fit:cover;\" srcset=\"https:\/\/www.correspondentevianopolino.com.br\/site\/wp-content\/uploads\/2022\/11\/CLEIDSON-AUGUSTO-G.-MASCARENHAS.jpg 663w, https:\/\/www.correspondentevianopolino.com.br\/site\/wp-content\/uploads\/2022\/11\/CLEIDSON-AUGUSTO-G.-MASCARENHAS-207x300.jpg 207w, https:\/\/www.correspondentevianopolino.com.br\/site\/wp-content\/uploads\/2022\/11\/CLEIDSON-AUGUSTO-G.-MASCARENHAS-465x673.jpg 465w, https:\/\/www.correspondentevianopolino.com.br\/site\/wp-content\/uploads\/2022\/11\/CLEIDSON-AUGUSTO-G.-MASCARENHAS-214x310.jpg 214w, https:\/\/www.correspondentevianopolino.com.br\/site\/wp-content\/uploads\/2022\/11\/CLEIDSON-AUGUSTO-G.-MASCARENHAS-147x213.jpg 147w, https:\/\/www.correspondentevianopolino.com.br\/site\/wp-content\/uploads\/2022\/11\/CLEIDSON-AUGUSTO-G.-MASCARENHAS-141x204.jpg 141w, https:\/\/www.correspondentevianopolino.com.br\/site\/wp-content\/uploads\/2022\/11\/CLEIDSON-AUGUSTO-G.-MASCARENHAS-131x190.jpg 131w\" sizes=\"(max-width: 663px) 100vw, 663px\" \/><\/figure>","protected":false},"excerpt":{"rendered":"<p>O Vereador Cleydson Mascarenhas convida a popula\u00e7\u00e3o em geral para participar da Audi\u00eancia P\u00fablica que acontecer\u00e1 hoje, 28\/11, a partir [&hellip;]<\/p>\n","protected":false},"author":2,"featured_media":81442,"comment_status":"open","ping_status":"closed","sticky":false,"template":"","format":"standard","meta":{"_uag_custom_page_level_css":"","site-sidebar-layout":"default","site-content-layout":"","ast-site-content-layout":"default","site-content-style":"default","site-sidebar-style":"default","ast-global-header-display":"","ast-banner-title-visibility":"","ast-main-header-display":"","ast-hfb-above-header-display":"","ast-hfb-below-header-display":"","ast-hfb-mobile-header-display":"","site-post-title":"","ast-breadcrumbs-content":"","ast-featured-img":"","footer-sml-layout":"","ast-disable-related-posts":"","theme-transparent-header-meta":"","adv-header-id-meta":"","stick-header-meta":"","header-above-stick-meta":"","header-main-stick-meta":"","header-below-stick-meta":"","astra-migrate-meta-layouts":"default","ast-page-background-enabled":"default","ast-page-background-meta":{"desktop":{"background-color":"var(--ast-global-color-4)","background-image":"","background-repeat":"repeat","background-position":"center center","background-size":"auto","background-attachment":"scroll","background-type":"","background-media":"","overlay-type":"","overlay-color":"","overlay-opacity":"","overlay-gradient":""},"tablet":{"background-color":"","background-image":"","background-repeat":"repeat","background-position":"center center","background-size":"auto","background-attachment":"scroll","background-type":"","background-media":"","overlay-type":"","overlay-color":"","overlay-opacity":"","overlay-gradient":""},"mobile":{"background-color":"","background-image":"","background-repeat":"repeat","background-position":"center center","background-size":"auto","background-attachment":"scroll","background-type":"","background-media":"","overlay-type":"","overlay-color":"","overlay-opacity":"","overlay-gradient":""}},"ast-content-background-meta":{"desktop":{"background-color":"var(--ast-global-color-5)","background-image":"","background-repeat":"repeat","background-position":"center center","background-size":"auto","background-attachment":"scroll","background-type":"","background-media":"","overlay-type":"","overlay-color":"","overlay-opacity":"","overlay-gradient":""},"tablet":{"background-color":"var(--ast-global-color-5)","background-image":"","background-repeat":"repeat","background-position":"center center","background-size":"auto","background-attachment":"scroll","background-type":"","background-media":"","overlay-type":"","overlay-color":"","overlay-opacity":"","overlay-gradient":""},"mobile":{"background-color":"var(--ast-global-color-5)","background-image":"","background-repeat":"repeat","background-position":"center center","background-size":"auto","background-attachment":"scroll","background-type":"","background-media":"","overlay-type":"","overlay-color":"","overlay-opacity":"","overlay-gradient":""}},"footnotes":""},"categories":[1],"tags":[],"class_list":["post-81439","post","type-post","status-publish","format-standard","has-post-thumbnail","hentry","category-ultimas","ColorsTitles-ff3700"],"uagb_featured_image_src":{"full":["https:\/\/www.correspondentevianopolino.com.br\/site\/wp-content\/uploads\/2022\/11\/CLEIDSON-AUGUSTO-G.-MASCARENHAS.jpg",663,960,false],"thumbnail":["https:\/\/www.correspondentevianopolino.com.br\/site\/wp-content\/uploads\/2022\/11\/CLEIDSON-AUGUSTO-G.-MASCARENHAS-465x673.jpg",465,673,true],"medium":["https:\/\/www.correspondentevianopolino.com.br\/site\/wp-content\/uploads\/2022\/11\/CLEIDSON-AUGUSTO-G.-MASCARENHAS-207x300.jpg",207,300,true],"medium_large":["https:\/\/www.correspondentevianopolino.com.br\/site\/wp-content\/uploads\/2022\/11\/CLEIDSON-AUGUSTO-G.-MASCARENHAS.jpg",663,960,false],"large":["https:\/\/www.correspondentevianopolino.com.br\/site\/wp-content\/uploads\/2022\/11\/CLEIDSON-AUGUSTO-G.-MASCARENHAS.jpg",466,675,false],"1536x1536":["https:\/\/www.correspondentevianopolino.com.br\/site\/wp-content\/uploads\/2022\/11\/CLEIDSON-AUGUSTO-G.-MASCARENHAS.jpg",663,960,false],"2048x2048":["https:\/\/www.correspondentevianopolino.com.br\/site\/wp-content\/uploads\/2022\/11\/CLEIDSON-AUGUSTO-G.-MASCARENHAS.jpg",663,960,false]},"uagb_author_info":{"display_name":"Ol\u00edvio Lemos","author_link":"https:\/\/www.correspondentevianopolino.com.br\/site\/author\/olivio\/"},"uagb_comment_info":0,"uagb_excerpt":"O Vereador Cleydson Mascarenhas convida a popula\u00e7\u00e3o em geral para participar da Audi\u00eancia P\u00fablica que acontecer\u00e1 hoje, 28\/11, a partir [&hellip;]","_links":{"self":[{"href":"https:\/\/www.correspondentevianopolino.com.br\/site\/wp-json\/wp\/v2\/posts\/81439","targetHints":{"allow":["GET"]}}],"collection":[{"href":"https:\/\/www.correspondentevianopolino.com.br\/site\/wp-json\/wp\/v2\/posts"}],"about":[{"href":"https:\/\/www.correspondentevianopolino.com.br\/site\/wp-json\/wp\/v2\/types\/post"}],"author":[{"embeddable":true,"href":"https:\/\/www.correspondentevianopolino.com.br\/site\/wp-json\/wp\/v2\/users\/2"}],"replies":[{"embeddable":true,"href":"https:\/\/www.correspondentevianopolino.com.br\/site\/wp-json\/wp\/v2\/comments?post=81439"}],"version-history":[{"count":0,"href":"https:\/\/www.correspondentevianopolino.com.br\/site\/wp-json\/wp\/v2\/posts\/81439\/revisions"}],"wp:featuredmedia":[{"embeddable":true,"href":"https:\/\/www.correspondentevianopolino.com.br\/site\/wp-json\/wp\/v2\/media\/81442"}],"wp:attachment":[{"href":"https:\/\/www.correspondentevianopolino.com.br\/site\/wp-json\/wp\/v2\/media?parent=81439"}],"wp:term":[{"taxonomy":"category","embeddable":true,"href":"https:\/\/www.correspondentevianopolino.com.br\/site\/wp-json\/wp\/v2\/categories?post=81439"},{"taxonomy":"post_tag","embeddable":true,"href":"https:\/\/www.correspondentevianopolino.com.br\/site\/wp-json\/wp\/v2\/tags?post=81439"}],"curies":[{"name":"wp","href":"https:\/\/api.w.org\/{rel}","templated":true}]}}