{"id":81525,"date":"2022-11-30T15:29:43","date_gmt":"2022-11-30T18:29:43","guid":{"rendered":"https:\/\/www.correspondentevianopolino.com.br\/site\/?p=81525"},"modified":"2022-12-01T14:08:25","modified_gmt":"2022-12-01T17:08:25","slug":"termino-da-campanha-de-vacinacao-contra-a-febre-aftosa-e-raiva-foi-adiado-para-a-segunda-quinzena-de-dezembro","status":"publish","type":"post","link":"https:\/\/www.correspondentevianopolino.com.br\/site\/termino-da-campanha-de-vacinacao-contra-a-febre-aftosa-e-raiva-foi-adiado-para-a-segunda-quinzena-de-dezembro\/","title":{"rendered":"T\u00c9RMINO DA CAMPANHA DE VACINA\u00c7\u00c3O CONTRA A FEBRE AFTOSA E RAIVA FOI ADIADO PARA A SEGUNDA QUINZENA DE DEZEMBRO"},"content":{"rendered":"\n<figure class=\"wp-block-image size-large\"><img decoding=\"async\" width=\"586\" height=\"1024\" src=\"https:\/\/www.correspondentevianopolino.com.br\/site\/wp-content\/uploads\/2022\/11\/thumbnail-4-7-586x1024.jpg\" alt=\"\" class=\"wp-image-81422\" srcset=\"https:\/\/www.correspondentevianopolino.com.br\/site\/wp-content\/uploads\/2022\/11\/thumbnail-4-7-586x1024.jpg 586w, https:\/\/www.correspondentevianopolino.com.br\/site\/wp-content\/uploads\/2022\/11\/thumbnail-4-7-172x300.jpg 172w, https:\/\/www.correspondentevianopolino.com.br\/site\/wp-content\/uploads\/2022\/11\/thumbnail-4-7-465x813.jpg 465w, https:\/\/www.correspondentevianopolino.com.br\/site\/wp-content\/uploads\/2022\/11\/thumbnail-4-7-177x310.jpg 177w, https:\/\/www.correspondentevianopolino.com.br\/site\/wp-content\/uploads\/2022\/11\/thumbnail-4-7-122x213.jpg 122w, https:\/\/www.correspondentevianopolino.com.br\/site\/wp-content\/uploads\/2022\/11\/thumbnail-4-7-117x204.jpg 117w, https:\/\/www.correspondentevianopolino.com.br\/site\/wp-content\/uploads\/2022\/11\/thumbnail-4-7-109x190.jpg 109w, https:\/\/www.correspondentevianopolino.com.br\/site\/wp-content\/uploads\/2022\/11\/thumbnail-4-7.jpg 732w\" sizes=\"(max-width: 586px) 100vw, 586px\" \/><\/figure>\n\n\n\n<p>O t\u00e9rmino da Campanha de Vacina\u00e7\u00e3o contra a Febre Aftosa e Raiva no Estado de Goi\u00e1s, que come\u00e7ou no dia primeiro deste m\u00eas, foi prorrogado. Agora, a campanha vai at\u00e9 o dia<strong> 17 de dezembro.<\/strong><\/p>\n\n\n\n<p>Nessa etapa, os pecuaristas t\u00eam que vacinar os bovinos e bubalinos de todas as idades.<\/p>\n\n\n\n<p>Ap\u00f3s vacinar seus animais, os pecuaristas precisam fazer a entrega do comprovante de vacina\u00e7\u00e3o em um escrit\u00f3rio da Agrodefesa ou no site da ag\u00eancia.<\/p>\n\n\n\n<p>Portanto, os pecuaristas t\u00eam prazo at\u00e9 o dia 17 para vacinar seus bovinos e bubalinos contra a febre aftosa e raiva.<\/p>\n\n\n\n<p>E esta \u00e9 a \u00faltima campanha de vacina\u00e7\u00e3o contra a febre aftosa no Estado de Goi\u00e1s.<\/p>\n\n\n\n<p>A partir de 2023, o Estado estar\u00e1 livre da campanha de vacina\u00e7\u00e3o contra a febre aftosa.<\/p>\n\n\n\n<p><\/p>\n\n\n<figure class=\"wp-block-post-featured-image\"><img decoding=\"async\" width=\"1280\" height=\"717\" src=\"https:\/\/www.correspondentevianopolino.com.br\/site\/wp-content\/uploads\/2022\/11\/XODO-NA-FAZENDA-DO-CELSINHO...-130818.jpg\" class=\"attachment-post-thumbnail size-post-thumbnail wp-post-image\" alt=\"\" style=\"object-fit:cover;\" srcset=\"https:\/\/www.correspondentevianopolino.com.br\/site\/wp-content\/uploads\/2022\/11\/XODO-NA-FAZENDA-DO-CELSINHO...-130818.jpg 1280w, https:\/\/www.correspondentevianopolino.com.br\/site\/wp-content\/uploads\/2022\/11\/XODO-NA-FAZENDA-DO-CELSINHO...-130818-300x168.jpg 300w, https:\/\/www.correspondentevianopolino.com.br\/site\/wp-content\/uploads\/2022\/11\/XODO-NA-FAZENDA-DO-CELSINHO...-130818-1024x574.jpg 1024w, https:\/\/www.correspondentevianopolino.com.br\/site\/wp-content\/uploads\/2022\/11\/XODO-NA-FAZENDA-DO-CELSINHO...-130818-465x260.jpg 465w, https:\/\/www.correspondentevianopolino.com.br\/site\/wp-content\/uploads\/2022\/11\/XODO-NA-FAZENDA-DO-CELSINHO...-130818-768x430.jpg 768w, https:\/\/www.correspondentevianopolino.com.br\/site\/wp-content\/uploads\/2022\/11\/XODO-NA-FAZENDA-DO-CELSINHO...-130818-327x183.jpg 327w, https:\/\/www.correspondentevianopolino.com.br\/site\/wp-content\/uploads\/2022\/11\/XODO-NA-FAZENDA-DO-CELSINHO...-130818-364x204.jpg 364w, https:\/\/www.correspondentevianopolino.com.br\/site\/wp-content\/uploads\/2022\/11\/XODO-NA-FAZENDA-DO-CELSINHO...-130818-260x146.jpg 260w\" sizes=\"(max-width: 1280px) 100vw, 1280px\" \/><\/figure>","protected":false},"excerpt":{"rendered":"<p>O t\u00e9rmino da Campanha de Vacina\u00e7\u00e3o contra a Febre Aftosa e Raiva no Estado de Goi\u00e1s, que come\u00e7ou no dia [&hellip;]<\/p>\n","protected":false},"author":2,"featured_media":81526,"comment_status":"open","ping_status":"closed","sticky":false,"template":"","format":"standard","meta":{"_uag_custom_page_level_css":"","site-sidebar-layout":"default","site-content-layout":"","ast-site-content-layout":"default","site-content-style":"default","site-sidebar-style":"default","ast-global-header-display":"","ast-banner-title-visibility":"","ast-main-header-display":"","ast-hfb-above-header-display":"","ast-hfb-below-header-display":"","ast-hfb-mobile-header-display":"","site-post-title":"","ast-breadcrumbs-content":"","ast-featured-img":"","footer-sml-layout":"","ast-disable-related-posts":"","theme-transparent-header-meta":"","adv-header-id-meta":"","stick-header-meta":"","header-above-stick-meta":"","header-main-stick-meta":"","header-below-stick-meta":"","astra-migrate-meta-layouts":"default","ast-page-background-enabled":"default","ast-page-background-meta":{"desktop":{"background-color":"var(--ast-global-color-4)","background-image":"","background-repeat":"repeat","background-position":"center center","background-size":"auto","background-attachment":"scroll","background-type":"","background-media":"","overlay-type":"","overlay-color":"","overlay-opacity":"","overlay-gradient":""},"tablet":{"background-color":"","background-image":"","background-repeat":"repeat","background-position":"center center","background-size":"auto","background-attachment":"scroll","background-type":"","background-media":"","overlay-type":"","overlay-color":"","overlay-opacity":"","overlay-gradient":""},"mobile":{"background-color":"","background-image":"","background-repeat":"repeat","background-position":"center center","background-size":"auto","background-attachment":"scroll","background-type":"","background-media":"","overlay-type":"","overlay-color":"","overlay-opacity":"","overlay-gradient":""}},"ast-content-background-meta":{"desktop":{"background-color":"var(--ast-global-color-5)","background-image":"","background-repeat":"repeat","background-position":"center center","background-size":"auto","background-attachment":"scroll","background-type":"","background-media":"","overlay-type":"","overlay-color":"","overlay-opacity":"","overlay-gradient":""},"tablet":{"background-color":"var(--ast-global-color-5)","background-image":"","background-repeat":"repeat","background-position":"center center","background-size":"auto","background-attachment":"scroll","background-type":"","background-media":"","overlay-type":"","overlay-color":"","overlay-opacity":"","overlay-gradient":""},"mobile":{"background-color":"var(--ast-global-color-5)","background-image":"","background-repeat":"repeat","background-position":"center center","background-size":"auto","background-attachment":"scroll","background-type":"","background-media":"","overlay-type":"","overlay-color":"","overlay-opacity":"","overlay-gradient":""}},"footnotes":""},"categories":[1],"tags":[],"class_list":["post-81525","post","type-post","status-publish","format-standard","has-post-thumbnail","hentry","category-ultimas"],"uagb_featured_image_src":{"full":["https:\/\/www.correspondentevianopolino.com.br\/site\/wp-content\/uploads\/2022\/11\/XODO-NA-FAZENDA-DO-CELSINHO...-130818.jpg",1280,717,false],"thumbnail":["https:\/\/www.correspondentevianopolino.com.br\/site\/wp-content\/uploads\/2022\/11\/XODO-NA-FAZENDA-DO-CELSINHO...-130818-465x260.jpg",465,260,true],"medium":["https:\/\/www.correspondentevianopolino.com.br\/site\/wp-content\/uploads\/2022\/11\/XODO-NA-FAZENDA-DO-CELSINHO...-130818-300x168.jpg",300,168,true],"medium_large":["https:\/\/www.correspondentevianopolino.com.br\/site\/wp-content\/uploads\/2022\/11\/XODO-NA-FAZENDA-DO-CELSINHO...-130818-768x430.jpg",768,430,true],"large":["https:\/\/www.correspondentevianopolino.com.br\/site\/wp-content\/uploads\/2022\/11\/XODO-NA-FAZENDA-DO-CELSINHO...-130818-1024x574.jpg",1024,574,true],"1536x1536":["https:\/\/www.correspondentevianopolino.com.br\/site\/wp-content\/uploads\/2022\/11\/XODO-NA-FAZENDA-DO-CELSINHO...-130818.jpg",1280,717,false],"2048x2048":["https:\/\/www.correspondentevianopolino.com.br\/site\/wp-content\/uploads\/2022\/11\/XODO-NA-FAZENDA-DO-CELSINHO...-130818.jpg",1280,717,false]},"uagb_author_info":{"display_name":"Ol\u00edvio Lemos","author_link":"https:\/\/www.correspondentevianopolino.com.br\/site\/author\/olivio\/"},"uagb_comment_info":0,"uagb_excerpt":"O t\u00e9rmino da Campanha de Vacina\u00e7\u00e3o contra a Febre Aftosa e Raiva no Estado de Goi\u00e1s, que come\u00e7ou no dia [&hellip;]","_links":{"self":[{"href":"https:\/\/www.correspondentevianopolino.com.br\/site\/wp-json\/wp\/v2\/posts\/81525","targetHints":{"allow":["GET"]}}],"collection":[{"href":"https:\/\/www.correspondentevianopolino.com.br\/site\/wp-json\/wp\/v2\/posts"}],"about":[{"href":"https:\/\/www.correspondentevianopolino.com.br\/site\/wp-json\/wp\/v2\/types\/post"}],"author":[{"embeddable":true,"href":"https:\/\/www.correspondentevianopolino.com.br\/site\/wp-json\/wp\/v2\/users\/2"}],"replies":[{"embeddable":true,"href":"https:\/\/www.correspondentevianopolino.com.br\/site\/wp-json\/wp\/v2\/comments?post=81525"}],"version-history":[{"count":0,"href":"https:\/\/www.correspondentevianopolino.com.br\/site\/wp-json\/wp\/v2\/posts\/81525\/revisions"}],"wp:featuredmedia":[{"embeddable":true,"href":"https:\/\/www.correspondentevianopolino.com.br\/site\/wp-json\/wp\/v2\/media\/81526"}],"wp:attachment":[{"href":"https:\/\/www.correspondentevianopolino.com.br\/site\/wp-json\/wp\/v2\/media?parent=81525"}],"wp:term":[{"taxonomy":"category","embeddable":true,"href":"https:\/\/www.correspondentevianopolino.com.br\/site\/wp-json\/wp\/v2\/categories?post=81525"},{"taxonomy":"post_tag","embeddable":true,"href":"https:\/\/www.correspondentevianopolino.com.br\/site\/wp-json\/wp\/v2\/tags?post=81525"}],"curies":[{"name":"wp","href":"https:\/\/api.w.org\/{rel}","templated":true}]}}