{"id":81527,"date":"2022-11-30T15:50:16","date_gmt":"2022-11-30T18:50:16","guid":{"rendered":"https:\/\/www.correspondentevianopolino.com.br\/site\/?p=81527"},"modified":"2022-12-01T14:09:52","modified_gmt":"2022-12-01T17:09:52","slug":"ministerio-publico-de-goias-publica-edital-de-chamamento-para-cadastro-de-entidades-e-orgaos-publicos-de-interesse-social-que-poderao-receber-recursos-para-seus-projetos-apae-e-lar-dos-idosos-podem","status":"publish","type":"post","link":"https:\/\/www.correspondentevianopolino.com.br\/site\/ministerio-publico-de-goias-publica-edital-de-chamamento-para-cadastro-de-entidades-e-orgaos-publicos-de-interesse-social-que-poderao-receber-recursos-para-seus-projetos-apae-e-lar-dos-idosos-podem\/","title":{"rendered":"MINIST\u00c9RIO P\u00daBLICO DE GOI\u00c1S PUBLICA EDITAL DE CHAMAMENTO PARA CADASTRO DE ENTIDADES E \u00d3RG\u00c3OS P\u00daBLICOS DE INTERESSE SOCIAL QUE PODER\u00c3O RECEBER RECURSOS PARA SEUS PROJETOS&#8230; APAE E LAR DOS IDOSOS PODEM SE CADASTRAR"},"content":{"rendered":"\n<figure class=\"wp-block-image size-large\"><img decoding=\"async\" width=\"586\" height=\"1024\" src=\"https:\/\/www.correspondentevianopolino.com.br\/site\/wp-content\/uploads\/2022\/11\/thumbnail-4-7-586x1024.jpg\" alt=\"\" class=\"wp-image-81422\" srcset=\"https:\/\/www.correspondentevianopolino.com.br\/site\/wp-content\/uploads\/2022\/11\/thumbnail-4-7-586x1024.jpg 586w, https:\/\/www.correspondentevianopolino.com.br\/site\/wp-content\/uploads\/2022\/11\/thumbnail-4-7-172x300.jpg 172w, https:\/\/www.correspondentevianopolino.com.br\/site\/wp-content\/uploads\/2022\/11\/thumbnail-4-7-465x813.jpg 465w, https:\/\/www.correspondentevianopolino.com.br\/site\/wp-content\/uploads\/2022\/11\/thumbnail-4-7-177x310.jpg 177w, https:\/\/www.correspondentevianopolino.com.br\/site\/wp-content\/uploads\/2022\/11\/thumbnail-4-7-122x213.jpg 122w, https:\/\/www.correspondentevianopolino.com.br\/site\/wp-content\/uploads\/2022\/11\/thumbnail-4-7-117x204.jpg 117w, https:\/\/www.correspondentevianopolino.com.br\/site\/wp-content\/uploads\/2022\/11\/thumbnail-4-7-109x190.jpg 109w, https:\/\/www.correspondentevianopolino.com.br\/site\/wp-content\/uploads\/2022\/11\/thumbnail-4-7.jpg 732w\" sizes=\"(max-width: 586px) 100vw, 586px\" \/><\/figure>\n\n\n\n<p>O Minist\u00e9rio P\u00fablico de Goi\u00e1s publicou edital de chamamento para cadastramento de \u00f3rg\u00e3os, entidades p\u00fablicas ou de interesse social no projeto institucional de Destina\u00e7\u00e3o Articulada de Acordos (DAAMP).<\/p>\n\n\n\n<p>Lan\u00e7ada no in\u00edcio do m\u00eas de julho deste ano, a iniciativa consiste na indica\u00e7\u00e3o de projetos selecionados e relacionados \u00e0s \u00e1reas de atua\u00e7\u00e3o Criminal, Meio Ambiente, Inf\u00e2ncia e Juventude, Direitos Humanos e Sa\u00fade, para a destina\u00e7\u00e3o de valores pelas promotorias.<\/p>\n\n\n\n<p>Entidades e \u00f3rg\u00e3os de Vian\u00f3polis, a exemplo da Apae e Lar dos Idosos, podem se cadastrar e pleitear recursos para seus projetos.<\/p>\n\n\n\n<p>O Promotor de Justi\u00e7a de Vian\u00f3polis, Lucas C\u00e9sar Costa Ferreira, informou que as entidades e \u00f3rg\u00e3os podem se cadastrar e, caso, sejam beneficiadas, devem prestar contas posteriormente.<\/p>\n\n\n\n<p>As entidades podem procurar a Promotoria de Justi\u00e7a de Vian\u00f3polis ou acessar o site do Minist\u00e9rio P\u00fablico de Goi\u00e1s na rede mundial de computadores para detalhes sobre o cadastramento.<\/p>\n\n\n\n<p><\/p>\n\n\n<figure class=\"wp-block-post-featured-image\"><img decoding=\"async\" width=\"640\" height=\"427\" src=\"https:\/\/www.correspondentevianopolino.com.br\/site\/wp-content\/uploads\/2022\/11\/DSC0053.jpg\" class=\"attachment-post-thumbnail size-post-thumbnail wp-post-image\" alt=\"\" style=\"object-fit:cover;\" srcset=\"https:\/\/www.correspondentevianopolino.com.br\/site\/wp-content\/uploads\/2022\/11\/DSC0053.jpg 640w, https:\/\/www.correspondentevianopolino.com.br\/site\/wp-content\/uploads\/2022\/11\/DSC0053-300x200.jpg 300w, https:\/\/www.correspondentevianopolino.com.br\/site\/wp-content\/uploads\/2022\/11\/DSC0053-465x310.jpg 465w, https:\/\/www.correspondentevianopolino.com.br\/site\/wp-content\/uploads\/2022\/11\/DSC0053-319x213.jpg 319w, https:\/\/www.correspondentevianopolino.com.br\/site\/wp-content\/uploads\/2022\/11\/DSC0053-306x204.jpg 306w, https:\/\/www.correspondentevianopolino.com.br\/site\/wp-content\/uploads\/2022\/11\/DSC0053-260x173.jpg 260w\" sizes=\"(max-width: 640px) 100vw, 640px\" \/><\/figure>","protected":false},"excerpt":{"rendered":"<p>O Minist\u00e9rio P\u00fablico de Goi\u00e1s publicou edital de chamamento para cadastramento de \u00f3rg\u00e3os, entidades p\u00fablicas ou de interesse social no [&hellip;]<\/p>\n","protected":false},"author":2,"featured_media":81528,"comment_status":"open","ping_status":"closed","sticky":false,"template":"","format":"standard","meta":{"_uag_custom_page_level_css":"","site-sidebar-layout":"default","site-content-layout":"","ast-site-content-layout":"default","site-content-style":"default","site-sidebar-style":"default","ast-global-header-display":"","ast-banner-title-visibility":"","ast-main-header-display":"","ast-hfb-above-header-display":"","ast-hfb-below-header-display":"","ast-hfb-mobile-header-display":"","site-post-title":"","ast-breadcrumbs-content":"","ast-featured-img":"","footer-sml-layout":"","ast-disable-related-posts":"","theme-transparent-header-meta":"","adv-header-id-meta":"","stick-header-meta":"","header-above-stick-meta":"","header-main-stick-meta":"","header-below-stick-meta":"","astra-migrate-meta-layouts":"default","ast-page-background-enabled":"default","ast-page-background-meta":{"desktop":{"background-color":"var(--ast-global-color-4)","background-image":"","background-repeat":"repeat","background-position":"center center","background-size":"auto","background-attachment":"scroll","background-type":"","background-media":"","overlay-type":"","overlay-color":"","overlay-opacity":"","overlay-gradient":""},"tablet":{"background-color":"","background-image":"","background-repeat":"repeat","background-position":"center center","background-size":"auto","background-attachment":"scroll","background-type":"","background-media":"","overlay-type":"","overlay-color":"","overlay-opacity":"","overlay-gradient":""},"mobile":{"background-color":"","background-image":"","background-repeat":"repeat","background-position":"center center","background-size":"auto","background-attachment":"scroll","background-type":"","background-media":"","overlay-type":"","overlay-color":"","overlay-opacity":"","overlay-gradient":""}},"ast-content-background-meta":{"desktop":{"background-color":"var(--ast-global-color-5)","background-image":"","background-repeat":"repeat","background-position":"center center","background-size":"auto","background-attachment":"scroll","background-type":"","background-media":"","overlay-type":"","overlay-color":"","overlay-opacity":"","overlay-gradient":""},"tablet":{"background-color":"var(--ast-global-color-5)","background-image":"","background-repeat":"repeat","background-position":"center center","background-size":"auto","background-attachment":"scroll","background-type":"","background-media":"","overlay-type":"","overlay-color":"","overlay-opacity":"","overlay-gradient":""},"mobile":{"background-color":"var(--ast-global-color-5)","background-image":"","background-repeat":"repeat","background-position":"center center","background-size":"auto","background-attachment":"scroll","background-type":"","background-media":"","overlay-type":"","overlay-color":"","overlay-opacity":"","overlay-gradient":""}},"footnotes":""},"categories":[1],"tags":[],"class_list":["post-81527","post","type-post","status-publish","format-standard","has-post-thumbnail","hentry","category-ultimas","ColorsTitles-2b47ff"],"uagb_featured_image_src":{"full":["https:\/\/www.correspondentevianopolino.com.br\/site\/wp-content\/uploads\/2022\/11\/DSC0053.jpg",640,427,false],"thumbnail":["https:\/\/www.correspondentevianopolino.com.br\/site\/wp-content\/uploads\/2022\/11\/DSC0053-465x310.jpg",465,310,true],"medium":["https:\/\/www.correspondentevianopolino.com.br\/site\/wp-content\/uploads\/2022\/11\/DSC0053-300x200.jpg",300,200,true],"medium_large":["https:\/\/www.correspondentevianopolino.com.br\/site\/wp-content\/uploads\/2022\/11\/DSC0053.jpg",640,427,false],"large":["https:\/\/www.correspondentevianopolino.com.br\/site\/wp-content\/uploads\/2022\/11\/DSC0053.jpg",640,427,false],"1536x1536":["https:\/\/www.correspondentevianopolino.com.br\/site\/wp-content\/uploads\/2022\/11\/DSC0053.jpg",640,427,false],"2048x2048":["https:\/\/www.correspondentevianopolino.com.br\/site\/wp-content\/uploads\/2022\/11\/DSC0053.jpg",640,427,false]},"uagb_author_info":{"display_name":"Ol\u00edvio Lemos","author_link":"https:\/\/www.correspondentevianopolino.com.br\/site\/author\/olivio\/"},"uagb_comment_info":0,"uagb_excerpt":"O Minist\u00e9rio P\u00fablico de Goi\u00e1s publicou edital de chamamento para cadastramento de \u00f3rg\u00e3os, entidades p\u00fablicas ou de interesse social no [&hellip;]","_links":{"self":[{"href":"https:\/\/www.correspondentevianopolino.com.br\/site\/wp-json\/wp\/v2\/posts\/81527","targetHints":{"allow":["GET"]}}],"collection":[{"href":"https:\/\/www.correspondentevianopolino.com.br\/site\/wp-json\/wp\/v2\/posts"}],"about":[{"href":"https:\/\/www.correspondentevianopolino.com.br\/site\/wp-json\/wp\/v2\/types\/post"}],"author":[{"embeddable":true,"href":"https:\/\/www.correspondentevianopolino.com.br\/site\/wp-json\/wp\/v2\/users\/2"}],"replies":[{"embeddable":true,"href":"https:\/\/www.correspondentevianopolino.com.br\/site\/wp-json\/wp\/v2\/comments?post=81527"}],"version-history":[{"count":0,"href":"https:\/\/www.correspondentevianopolino.com.br\/site\/wp-json\/wp\/v2\/posts\/81527\/revisions"}],"wp:featuredmedia":[{"embeddable":true,"href":"https:\/\/www.correspondentevianopolino.com.br\/site\/wp-json\/wp\/v2\/media\/81528"}],"wp:attachment":[{"href":"https:\/\/www.correspondentevianopolino.com.br\/site\/wp-json\/wp\/v2\/media?parent=81527"}],"wp:term":[{"taxonomy":"category","embeddable":true,"href":"https:\/\/www.correspondentevianopolino.com.br\/site\/wp-json\/wp\/v2\/categories?post=81527"},{"taxonomy":"post_tag","embeddable":true,"href":"https:\/\/www.correspondentevianopolino.com.br\/site\/wp-json\/wp\/v2\/tags?post=81527"}],"curies":[{"name":"wp","href":"https:\/\/api.w.org\/{rel}","templated":true}]}}