{"id":81561,"date":"2022-12-02T12:30:43","date_gmt":"2022-12-02T15:30:43","guid":{"rendered":"https:\/\/www.correspondentevianopolino.com.br\/site\/?p=81561"},"modified":"2022-12-06T11:16:18","modified_gmt":"2022-12-06T14:16:18","slug":"em-breve-serie-de-entrevistas-com-o-promotor-de-justica-que-esta-assustado-com-o-grande-numero-de-casos-de-abusos-sexuais-contra-criancas-em-vianopolis-menina-tomava-banho-varias-vezes-no-dia-apos","status":"publish","type":"post","link":"https:\/\/www.correspondentevianopolino.com.br\/site\/em-breve-serie-de-entrevistas-com-o-promotor-de-justica-que-esta-assustado-com-o-grande-numero-de-casos-de-abusos-sexuais-contra-criancas-em-vianopolis-menina-tomava-banho-varias-vezes-no-dia-apos\/","title":{"rendered":"MENINA TOMAVA BANHO V\u00c1RIAS VEZES AO DIA, AP\u00d3S SER ABUSADA POR UM FAMILIAR EM VIAN\u00d3POLIS&#8230; EM BREVE, S\u00c9RIE DE ENTREVISTAS COM O PROMOTOR DE JUSTI\u00c7A QUE EST\u00c1 ASSUSTADO COM O GRANDE N\u00daMERO DE CASOS DE ABUSOS SEXUAIS CONTRA CRIAN\u00c7AS EM NOSSO MUNIC\u00cdPIO"},"content":{"rendered":"\n<figure class=\"wp-block-image size-large\"><img decoding=\"async\" width=\"586\" height=\"1024\" src=\"https:\/\/www.correspondentevianopolino.com.br\/site\/wp-content\/uploads\/2022\/11\/thumbnail-4-7-586x1024.jpg\" alt=\"\" class=\"wp-image-81422\" srcset=\"https:\/\/www.correspondentevianopolino.com.br\/site\/wp-content\/uploads\/2022\/11\/thumbnail-4-7-586x1024.jpg 586w, https:\/\/www.correspondentevianopolino.com.br\/site\/wp-content\/uploads\/2022\/11\/thumbnail-4-7-172x300.jpg 172w, https:\/\/www.correspondentevianopolino.com.br\/site\/wp-content\/uploads\/2022\/11\/thumbnail-4-7-465x813.jpg 465w, https:\/\/www.correspondentevianopolino.com.br\/site\/wp-content\/uploads\/2022\/11\/thumbnail-4-7-177x310.jpg 177w, https:\/\/www.correspondentevianopolino.com.br\/site\/wp-content\/uploads\/2022\/11\/thumbnail-4-7-122x213.jpg 122w, https:\/\/www.correspondentevianopolino.com.br\/site\/wp-content\/uploads\/2022\/11\/thumbnail-4-7-117x204.jpg 117w, https:\/\/www.correspondentevianopolino.com.br\/site\/wp-content\/uploads\/2022\/11\/thumbnail-4-7-109x190.jpg 109w, https:\/\/www.correspondentevianopolino.com.br\/site\/wp-content\/uploads\/2022\/11\/thumbnail-4-7.jpg 732w\" sizes=\"(max-width: 586px) 100vw, 586px\" \/><\/figure>\n\n\n\n<p>Na pr\u00f3xima semana vamos iniciar uma s\u00e9rie de entrevistas com o Promotor de Justi\u00e7a de Vian\u00f3polis, Lucas C\u00e9sar Costa Ferreira, que est\u00e1 preocupado com o aumento no n\u00famero de casos de abusos sexuais contra crian\u00e7as em Vian\u00f3polis. Segundo ele, diversas pris\u00f5es j\u00e1 foram feitas em v\u00e1rios bairros da cidade.<\/p>\n\n\n\n<p>Nas entrevistas, ele vai falar sobre esse s\u00e9rio problema em nossa cidade.<\/p>\n\n\n\n<p>Em um dos casos, uma menina de 10 anos de idade tomava v\u00e1rios banhos no dia ap\u00f3s sofrer abuso sexual de um tio.<\/p>\n\n\n\n<p>A descoberta do caso se deu pois uma das tias estranhou as atitudes da menina.<\/p>\n\n\n\n<p>Ap\u00f3s ouvir o relato da sobrinha que sofreu abuso sexual, ela denunciou o caso \u00e0 Pol\u00edcia.<\/p>\n\n\n\n<p>Hoje, a garota tem acompanhamento psicol\u00f3gico e o homem responde a um processo criminal.<\/p>\n\n\n\n<p class=\"has-text-align-center\"><strong>EM BREVE, S\u00c9RIE DE ENTREVISTAS COM O PROMOTOR DE JUSTI\u00c7A DE VIAN\u00d3POLIS LUCAS C\u00c9SAR COSTA FERREIRA.<\/strong><\/p>\n\n\n\n<figure class=\"wp-block-image size-full\"><img decoding=\"async\" width=\"290\" height=\"174\" src=\"https:\/\/www.correspondentevianopolino.com.br\/site\/wp-content\/uploads\/2022\/12\/download-2.jpg\" alt=\"\" class=\"wp-image-81566\" srcset=\"https:\/\/www.correspondentevianopolino.com.br\/site\/wp-content\/uploads\/2022\/12\/download-2.jpg 290w, https:\/\/www.correspondentevianopolino.com.br\/site\/wp-content\/uploads\/2022\/12\/download-2-260x156.jpg 260w\" sizes=\"(max-width: 290px) 100vw, 290px\" \/><\/figure>\n\n\n\n<figure class=\"wp-block-image size-full\"><img decoding=\"async\" width=\"225\" height=\"190\" src=\"https:\/\/www.correspondentevianopolino.com.br\/site\/wp-content\/uploads\/2022\/12\/images-11.jpg\" alt=\"\" class=\"wp-image-81568\"\/><\/figure>\n\n\n<figure class=\"wp-block-post-featured-image\"><img decoding=\"async\" width=\"300\" height=\"168\" src=\"https:\/\/www.correspondentevianopolino.com.br\/site\/wp-content\/uploads\/2022\/12\/images-12.jpg\" class=\"attachment-post-thumbnail size-post-thumbnail wp-post-image\" alt=\"\" style=\"object-fit:cover;\" srcset=\"https:\/\/www.correspondentevianopolino.com.br\/site\/wp-content\/uploads\/2022\/12\/images-12.jpg 300w, https:\/\/www.correspondentevianopolino.com.br\/site\/wp-content\/uploads\/2022\/12\/images-12-260x146.jpg 260w\" sizes=\"(max-width: 300px) 100vw, 300px\" \/><\/figure>\n\n\n<p><\/p>\n\n\n\n<p><\/p>\n","protected":false},"excerpt":{"rendered":"<p>Na pr\u00f3xima semana vamos iniciar uma s\u00e9rie de entrevistas com o Promotor de Justi\u00e7a de Vian\u00f3polis, Lucas C\u00e9sar Costa Ferreira, [&hellip;]<\/p>\n","protected":false},"author":2,"featured_media":81564,"comment_status":"open","ping_status":"closed","sticky":false,"template":"","format":"standard","meta":{"_uag_custom_page_level_css":"","site-sidebar-layout":"default","site-content-layout":"","ast-site-content-layout":"default","site-content-style":"default","site-sidebar-style":"default","ast-global-header-display":"","ast-banner-title-visibility":"","ast-main-header-display":"","ast-hfb-above-header-display":"","ast-hfb-below-header-display":"","ast-hfb-mobile-header-display":"","site-post-title":"","ast-breadcrumbs-content":"","ast-featured-img":"","footer-sml-layout":"","ast-disable-related-posts":"","theme-transparent-header-meta":"","adv-header-id-meta":"","stick-header-meta":"","header-above-stick-meta":"","header-main-stick-meta":"","header-below-stick-meta":"","astra-migrate-meta-layouts":"default","ast-page-background-enabled":"default","ast-page-background-meta":{"desktop":{"background-color":"var(--ast-global-color-4)","background-image":"","background-repeat":"repeat","background-position":"center center","background-size":"auto","background-attachment":"scroll","background-type":"","background-media":"","overlay-type":"","overlay-color":"","overlay-opacity":"","overlay-gradient":""},"tablet":{"background-color":"","background-image":"","background-repeat":"repeat","background-position":"center center","background-size":"auto","background-attachment":"scroll","background-type":"","background-media":"","overlay-type":"","overlay-color":"","overlay-opacity":"","overlay-gradient":""},"mobile":{"background-color":"","background-image":"","background-repeat":"repeat","background-position":"center center","background-size":"auto","background-attachment":"scroll","background-type":"","background-media":"","overlay-type":"","overlay-color":"","overlay-opacity":"","overlay-gradient":""}},"ast-content-background-meta":{"desktop":{"background-color":"var(--ast-global-color-5)","background-image":"","background-repeat":"repeat","background-position":"center center","background-size":"auto","background-attachment":"scroll","background-type":"","background-media":"","overlay-type":"","overlay-color":"","overlay-opacity":"","overlay-gradient":""},"tablet":{"background-color":"var(--ast-global-color-5)","background-image":"","background-repeat":"repeat","background-position":"center center","background-size":"auto","background-attachment":"scroll","background-type":"","background-media":"","overlay-type":"","overlay-color":"","overlay-opacity":"","overlay-gradient":""},"mobile":{"background-color":"var(--ast-global-color-5)","background-image":"","background-repeat":"repeat","background-position":"center center","background-size":"auto","background-attachment":"scroll","background-type":"","background-media":"","overlay-type":"","overlay-color":"","overlay-opacity":"","overlay-gradient":""}},"footnotes":""},"categories":[1],"tags":[],"class_list":["post-81561","post","type-post","status-publish","format-standard","has-post-thumbnail","hentry","category-ultimas","ColorsTitles-ff3700"],"uagb_featured_image_src":{"full":["https:\/\/www.correspondentevianopolino.com.br\/site\/wp-content\/uploads\/2022\/12\/images-12.jpg",300,168,false],"thumbnail":["https:\/\/www.correspondentevianopolino.com.br\/site\/wp-content\/uploads\/2022\/12\/images-12.jpg",300,168,false],"medium":["https:\/\/www.correspondentevianopolino.com.br\/site\/wp-content\/uploads\/2022\/12\/images-12.jpg",300,168,false],"medium_large":["https:\/\/www.correspondentevianopolino.com.br\/site\/wp-content\/uploads\/2022\/12\/images-12.jpg",300,168,false],"large":["https:\/\/www.correspondentevianopolino.com.br\/site\/wp-content\/uploads\/2022\/12\/images-12.jpg",300,168,false],"1536x1536":["https:\/\/www.correspondentevianopolino.com.br\/site\/wp-content\/uploads\/2022\/12\/images-12.jpg",300,168,false],"2048x2048":["https:\/\/www.correspondentevianopolino.com.br\/site\/wp-content\/uploads\/2022\/12\/images-12.jpg",300,168,false]},"uagb_author_info":{"display_name":"Ol\u00edvio Lemos","author_link":"https:\/\/www.correspondentevianopolino.com.br\/site\/author\/olivio\/"},"uagb_comment_info":5,"uagb_excerpt":"Na pr\u00f3xima semana vamos iniciar uma s\u00e9rie de entrevistas com o Promotor de Justi\u00e7a de Vian\u00f3polis, Lucas C\u00e9sar Costa Ferreira, [&hellip;]","_links":{"self":[{"href":"https:\/\/www.correspondentevianopolino.com.br\/site\/wp-json\/wp\/v2\/posts\/81561","targetHints":{"allow":["GET"]}}],"collection":[{"href":"https:\/\/www.correspondentevianopolino.com.br\/site\/wp-json\/wp\/v2\/posts"}],"about":[{"href":"https:\/\/www.correspondentevianopolino.com.br\/site\/wp-json\/wp\/v2\/types\/post"}],"author":[{"embeddable":true,"href":"https:\/\/www.correspondentevianopolino.com.br\/site\/wp-json\/wp\/v2\/users\/2"}],"replies":[{"embeddable":true,"href":"https:\/\/www.correspondentevianopolino.com.br\/site\/wp-json\/wp\/v2\/comments?post=81561"}],"version-history":[{"count":0,"href":"https:\/\/www.correspondentevianopolino.com.br\/site\/wp-json\/wp\/v2\/posts\/81561\/revisions"}],"wp:featuredmedia":[{"embeddable":true,"href":"https:\/\/www.correspondentevianopolino.com.br\/site\/wp-json\/wp\/v2\/media\/81564"}],"wp:attachment":[{"href":"https:\/\/www.correspondentevianopolino.com.br\/site\/wp-json\/wp\/v2\/media?parent=81561"}],"wp:term":[{"taxonomy":"category","embeddable":true,"href":"https:\/\/www.correspondentevianopolino.com.br\/site\/wp-json\/wp\/v2\/categories?post=81561"},{"taxonomy":"post_tag","embeddable":true,"href":"https:\/\/www.correspondentevianopolino.com.br\/site\/wp-json\/wp\/v2\/tags?post=81561"}],"curies":[{"name":"wp","href":"https:\/\/api.w.org\/{rel}","templated":true}]}}