{"id":81615,"date":"2022-12-06T09:52:21","date_gmt":"2022-12-06T12:52:21","guid":{"rendered":"https:\/\/www.correspondentevianopolino.com.br\/site\/?p=81615"},"modified":"2022-12-06T11:06:52","modified_gmt":"2022-12-06T14:06:52","slug":"mais-casos-de-covid-19-sao-registrados-em-vianopolis-novo-boletim-quinzena-deve-ser-divulgado-hoje-ou-amanha-pela-secretaria-municipal-de-saude","status":"publish","type":"post","link":"https:\/\/www.correspondentevianopolino.com.br\/site\/mais-casos-de-covid-19-sao-registrados-em-vianopolis-novo-boletim-quinzena-deve-ser-divulgado-hoje-ou-amanha-pela-secretaria-municipal-de-saude\/","title":{"rendered":"N\u00daMEROS QUE ASSUSTAM&#8230; VIAN\u00d3POLIS TEM MAIS DE 70 CASOS DE COVID-19 NOS \u00daLTIMOS 15 DIAS"},"content":{"rendered":"\n<figure class=\"wp-block-image size-large\"><img decoding=\"async\" width=\"586\" height=\"1024\" src=\"https:\/\/www.correspondentevianopolino.com.br\/site\/wp-content\/uploads\/2022\/11\/thumbnail-4-7-586x1024.jpg\" alt=\"\" class=\"wp-image-81422\" srcset=\"https:\/\/www.correspondentevianopolino.com.br\/site\/wp-content\/uploads\/2022\/11\/thumbnail-4-7-586x1024.jpg 586w, https:\/\/www.correspondentevianopolino.com.br\/site\/wp-content\/uploads\/2022\/11\/thumbnail-4-7-172x300.jpg 172w, https:\/\/www.correspondentevianopolino.com.br\/site\/wp-content\/uploads\/2022\/11\/thumbnail-4-7-465x813.jpg 465w, https:\/\/www.correspondentevianopolino.com.br\/site\/wp-content\/uploads\/2022\/11\/thumbnail-4-7-177x310.jpg 177w, https:\/\/www.correspondentevianopolino.com.br\/site\/wp-content\/uploads\/2022\/11\/thumbnail-4-7-122x213.jpg 122w, https:\/\/www.correspondentevianopolino.com.br\/site\/wp-content\/uploads\/2022\/11\/thumbnail-4-7-117x204.jpg 117w, https:\/\/www.correspondentevianopolino.com.br\/site\/wp-content\/uploads\/2022\/11\/thumbnail-4-7-109x190.jpg 109w, https:\/\/www.correspondentevianopolino.com.br\/site\/wp-content\/uploads\/2022\/11\/thumbnail-4-7.jpg 732w\" sizes=\"(max-width: 586px) 100vw, 586px\" \/><\/figure>\n\n\n\n<p>Com pelo menos 5 registros ontem, 05\/12, Vian\u00f3polis chega a mais de <strong>70<\/strong> casos de covid-19 nos \u00faltimos 15 dias.<\/p>\n\n\n\n<p>Ap\u00f3s divulgar que os boletins epidemiol\u00f3gicos seriam divulgados de 15 em 15 dias, a Secretaria Municipal de Sa\u00fade divulgou, com intervalo de 10 dias, dados sobre os casos desta terr\u00edvel doen\u00e7a.<\/p>\n\n\n\n<p>E os casos aumentaram assustadoramente no munic\u00edpio de Vian\u00f3polis.<\/p>\n\n\n\n<p>No boletim divulgado no \u00faltimo dia 1\u00ba, quinta-feira passada, a Secretaria de Sa\u00fade informou que no per\u00edodo de 22 de novembro at\u00e9 aquela data, existiam 187 casos suspeitos. Destes 187, 127 foram descartados e<strong> 70 confirmados.<\/strong><\/p>\n\n\n\n<p>O boletim informa ainda que 1 pessoa se encontrava internada e 1 \u00f3bito havia sido registrado no per\u00edodo.<\/p>\n\n\n\n<p>Com os dados da Secretaria de Sa\u00fade e com os casos de ontem, 05\/12, a m\u00e9dia di\u00e1ria de casos de covid-19 em Vian\u00f3polis passa de 5.<\/p>\n\n\n\n<p>Esses n\u00fameros causam preocupa\u00e7\u00e3o.<\/p>\n\n\n\n<p>Mais uma vez \u00e9 importante orientar a popula\u00e7\u00e3o a tomar precau\u00e7\u00f5es e evitar essa terr\u00edvel doen\u00e7a.<\/p>\n\n\n\n<p><strong>Sem alarde, \u00e9 preciso nos cuidar<\/strong>!<\/p>\n\n\n\n<p><\/p>\n\n\n\n<p><strong>OBSERVA\u00c7\u00c3O<\/strong>: A SECRETARIA DE SA\u00daDE NA P\u00c1GINA DO FACEBOOK DO GOVERNO DE VIAN\u00d3POLIS EMITIU COMUNICADO NO DIA 22\/11 QUE EMITIRIA BOLETIM DE 15 E 15 DIAS.<\/p>\n\n\n\n<p>NO ENTANTO, NO \u00daLTIMO DIA 01\/12, DIVULGOU BOLETIM COM 70 CASOS NO PORTAL DO GOVERNO DE GOI\u00c1S.<\/p>\n\n\n\n<p>COMO O CORRESPONDENTE VIANOPOLINO AGUARDAVA A DIVULGA\u00c7\u00c3O NO 15\u00ba DIA AP\u00d3S O BOLETIM DO DIA 22\/11, S\u00d3 TOMOU CONHECIMENTO DO BOLETIM DO DIA 01\/12, NA DATA DE HOJE, 06\/12, ALERTADO POR UM INTER-LEITOR.<\/p>\n\n\n\n<p><\/p>\n\n\n<figure class=\"wp-block-post-featured-image\"><img decoding=\"async\" width=\"300\" height=\"168\" src=\"https:\/\/www.correspondentevianopolino.com.br\/site\/wp-content\/uploads\/2022\/12\/images-6-1.jpg\" class=\"attachment-post-thumbnail size-post-thumbnail wp-post-image\" alt=\"\" style=\"object-fit:cover;\" srcset=\"https:\/\/www.correspondentevianopolino.com.br\/site\/wp-content\/uploads\/2022\/12\/images-6-1.jpg 300w, https:\/\/www.correspondentevianopolino.com.br\/site\/wp-content\/uploads\/2022\/12\/images-6-1-260x146.jpg 260w\" sizes=\"(max-width: 300px) 100vw, 300px\" \/><\/figure>","protected":false},"excerpt":{"rendered":"<p>Com pelo menos 5 registros ontem, 05\/12, Vian\u00f3polis chega a mais de 70 casos de covid-19 nos \u00faltimos 15 dias. [&hellip;]<\/p>\n","protected":false},"author":2,"featured_media":81616,"comment_status":"open","ping_status":"closed","sticky":false,"template":"","format":"standard","meta":{"_uag_custom_page_level_css":"","site-sidebar-layout":"default","site-content-layout":"","ast-site-content-layout":"default","site-content-style":"default","site-sidebar-style":"default","ast-global-header-display":"","ast-banner-title-visibility":"","ast-main-header-display":"","ast-hfb-above-header-display":"","ast-hfb-below-header-display":"","ast-hfb-mobile-header-display":"","site-post-title":"","ast-breadcrumbs-content":"","ast-featured-img":"","footer-sml-layout":"","ast-disable-related-posts":"","theme-transparent-header-meta":"","adv-header-id-meta":"","stick-header-meta":"","header-above-stick-meta":"","header-main-stick-meta":"","header-below-stick-meta":"","astra-migrate-meta-layouts":"default","ast-page-background-enabled":"default","ast-page-background-meta":{"desktop":{"background-color":"var(--ast-global-color-4)","background-image":"","background-repeat":"repeat","background-position":"center center","background-size":"auto","background-attachment":"scroll","background-type":"","background-media":"","overlay-type":"","overlay-color":"","overlay-opacity":"","overlay-gradient":""},"tablet":{"background-color":"","background-image":"","background-repeat":"repeat","background-position":"center center","background-size":"auto","background-attachment":"scroll","background-type":"","background-media":"","overlay-type":"","overlay-color":"","overlay-opacity":"","overlay-gradient":""},"mobile":{"background-color":"","background-image":"","background-repeat":"repeat","background-position":"center center","background-size":"auto","background-attachment":"scroll","background-type":"","background-media":"","overlay-type":"","overlay-color":"","overlay-opacity":"","overlay-gradient":""}},"ast-content-background-meta":{"desktop":{"background-color":"var(--ast-global-color-5)","background-image":"","background-repeat":"repeat","background-position":"center center","background-size":"auto","background-attachment":"scroll","background-type":"","background-media":"","overlay-type":"","overlay-color":"","overlay-opacity":"","overlay-gradient":""},"tablet":{"background-color":"var(--ast-global-color-5)","background-image":"","background-repeat":"repeat","background-position":"center center","background-size":"auto","background-attachment":"scroll","background-type":"","background-media":"","overlay-type":"","overlay-color":"","overlay-opacity":"","overlay-gradient":""},"mobile":{"background-color":"var(--ast-global-color-5)","background-image":"","background-repeat":"repeat","background-position":"center center","background-size":"auto","background-attachment":"scroll","background-type":"","background-media":"","overlay-type":"","overlay-color":"","overlay-opacity":"","overlay-gradient":""}},"footnotes":""},"categories":[1],"tags":[],"class_list":["post-81615","post","type-post","status-publish","format-standard","has-post-thumbnail","hentry","category-ultimas","ColorsTitles-ff3700"],"uagb_featured_image_src":{"full":["https:\/\/www.correspondentevianopolino.com.br\/site\/wp-content\/uploads\/2022\/12\/images-6-1.jpg",300,168,false],"thumbnail":["https:\/\/www.correspondentevianopolino.com.br\/site\/wp-content\/uploads\/2022\/12\/images-6-1.jpg",300,168,false],"medium":["https:\/\/www.correspondentevianopolino.com.br\/site\/wp-content\/uploads\/2022\/12\/images-6-1.jpg",300,168,false],"medium_large":["https:\/\/www.correspondentevianopolino.com.br\/site\/wp-content\/uploads\/2022\/12\/images-6-1.jpg",300,168,false],"large":["https:\/\/www.correspondentevianopolino.com.br\/site\/wp-content\/uploads\/2022\/12\/images-6-1.jpg",300,168,false],"1536x1536":["https:\/\/www.correspondentevianopolino.com.br\/site\/wp-content\/uploads\/2022\/12\/images-6-1.jpg",300,168,false],"2048x2048":["https:\/\/www.correspondentevianopolino.com.br\/site\/wp-content\/uploads\/2022\/12\/images-6-1.jpg",300,168,false]},"uagb_author_info":{"display_name":"Ol\u00edvio Lemos","author_link":"https:\/\/www.correspondentevianopolino.com.br\/site\/author\/olivio\/"},"uagb_comment_info":13,"uagb_excerpt":"Com pelo menos 5 registros ontem, 05\/12, Vian\u00f3polis chega a mais de 70 casos de covid-19 nos \u00faltimos 15 dias. [&hellip;]","_links":{"self":[{"href":"https:\/\/www.correspondentevianopolino.com.br\/site\/wp-json\/wp\/v2\/posts\/81615","targetHints":{"allow":["GET"]}}],"collection":[{"href":"https:\/\/www.correspondentevianopolino.com.br\/site\/wp-json\/wp\/v2\/posts"}],"about":[{"href":"https:\/\/www.correspondentevianopolino.com.br\/site\/wp-json\/wp\/v2\/types\/post"}],"author":[{"embeddable":true,"href":"https:\/\/www.correspondentevianopolino.com.br\/site\/wp-json\/wp\/v2\/users\/2"}],"replies":[{"embeddable":true,"href":"https:\/\/www.correspondentevianopolino.com.br\/site\/wp-json\/wp\/v2\/comments?post=81615"}],"version-history":[{"count":0,"href":"https:\/\/www.correspondentevianopolino.com.br\/site\/wp-json\/wp\/v2\/posts\/81615\/revisions"}],"wp:featuredmedia":[{"embeddable":true,"href":"https:\/\/www.correspondentevianopolino.com.br\/site\/wp-json\/wp\/v2\/media\/81616"}],"wp:attachment":[{"href":"https:\/\/www.correspondentevianopolino.com.br\/site\/wp-json\/wp\/v2\/media?parent=81615"}],"wp:term":[{"taxonomy":"category","embeddable":true,"href":"https:\/\/www.correspondentevianopolino.com.br\/site\/wp-json\/wp\/v2\/categories?post=81615"},{"taxonomy":"post_tag","embeddable":true,"href":"https:\/\/www.correspondentevianopolino.com.br\/site\/wp-json\/wp\/v2\/tags?post=81615"}],"curies":[{"name":"wp","href":"https:\/\/api.w.org\/{rel}","templated":true}]}}