{"id":81668,"date":"2022-12-06T22:26:46","date_gmt":"2022-12-07T01:26:46","guid":{"rendered":"https:\/\/www.correspondentevianopolino.com.br\/site\/?p=81668"},"modified":"2022-12-11T12:17:50","modified_gmt":"2022-12-11T15:17:50","slug":"deputado-eleito-issy-quinan-junior-se-manifesta-sobre-falecimento-de-geni-firmino-e-destacou-sua-importancia-para-vianopolis","status":"publish","type":"post","link":"https:\/\/www.correspondentevianopolino.com.br\/site\/deputado-eleito-issy-quinan-junior-se-manifesta-sobre-falecimento-de-geni-firmino-e-destacou-sua-importancia-para-vianopolis\/","title":{"rendered":"DEPUTADO ELEITO ISSY QUINAN J\u00daNIOR SE MANIFESTOU SOBRE FALECIMENTO DE GENI FURHMANN E DESTACOU SUA IMPORT\u00c2NCIA PARA VIAN\u00d3POLIS"},"content":{"rendered":"\n<figure class=\"wp-block-image size-large\"><img decoding=\"async\" width=\"586\" height=\"1024\" src=\"https:\/\/www.correspondentevianopolino.com.br\/site\/wp-content\/uploads\/2022\/11\/thumbnail-4-7-586x1024.jpg\" alt=\"\" class=\"wp-image-81422\" srcset=\"https:\/\/www.correspondentevianopolino.com.br\/site\/wp-content\/uploads\/2022\/11\/thumbnail-4-7-586x1024.jpg 586w, https:\/\/www.correspondentevianopolino.com.br\/site\/wp-content\/uploads\/2022\/11\/thumbnail-4-7-172x300.jpg 172w, https:\/\/www.correspondentevianopolino.com.br\/site\/wp-content\/uploads\/2022\/11\/thumbnail-4-7-465x813.jpg 465w, https:\/\/www.correspondentevianopolino.com.br\/site\/wp-content\/uploads\/2022\/11\/thumbnail-4-7-177x310.jpg 177w, https:\/\/www.correspondentevianopolino.com.br\/site\/wp-content\/uploads\/2022\/11\/thumbnail-4-7-122x213.jpg 122w, https:\/\/www.correspondentevianopolino.com.br\/site\/wp-content\/uploads\/2022\/11\/thumbnail-4-7-117x204.jpg 117w, https:\/\/www.correspondentevianopolino.com.br\/site\/wp-content\/uploads\/2022\/11\/thumbnail-4-7-109x190.jpg 109w, https:\/\/www.correspondentevianopolino.com.br\/site\/wp-content\/uploads\/2022\/11\/thumbnail-4-7.jpg 732w\" sizes=\"(max-width: 586px) 100vw, 586px\" \/><\/figure>\n\n\n\n<p>Em texto enviado \u00e0 nossa reportagem e publicado nas redes sociais, Issy Quinan J\u00fanior, Deputado Estadual Eleito, diz estar triste com o falecimento de Geni Pereira de Souza Furhmann, esposa do Vereador Jo\u00e3o Ga\u00facho e Ex-Secret\u00e1ria de Educa\u00e7\u00e3o de Vian\u00f3polis.<\/p>\n\n\n\n<p>Segundo Issy, Dona Geni lecionou no munic\u00edpio de Vian\u00f3polis, al\u00e9m de exercer, em quatro administra\u00e7\u00f5es distintas, o cargo de Secret\u00e1ria de Educa\u00e7\u00e3o, prestando relevante servi\u00e7o nesse setor, colaborando sobremaneira para o desenvolvimento local e dedicando grande parte de sua trajet\u00f3ria ao interesse p\u00fablico.<\/p>\n\n\n\n<p>Issy Quinan J\u00fanior prossegue dizendo: \u201cMulher de car\u00e1ter reto e postura proba, Dona Geni deixa in\u00fameros bons exemplos e um grande vazio na nossa sociedade, onde foi figura marcante e lideran\u00e7a respeitada no segmento cat\u00f3lico\u201d.<\/p>\n\n\n\n<p>No final do texto, o Deputado Estadual Eleito apresenta ao seu amigo Jo\u00e3o Ga\u00facho, esposo de Geni, suas condol\u00eancias, assim como aos demais integrantes da fam\u00edlia enlutada.<\/p>\n\n\n<figure class=\"wp-block-post-featured-image\"><img decoding=\"async\" width=\"1079\" height=\"1486\" src=\"https:\/\/www.correspondentevianopolino.com.br\/site\/wp-content\/uploads\/2022\/12\/IMG-20221206-WA0291.jpg\" class=\"attachment-post-thumbnail size-post-thumbnail wp-post-image\" alt=\"\" style=\"object-fit:cover;\" srcset=\"https:\/\/www.correspondentevianopolino.com.br\/site\/wp-content\/uploads\/2022\/12\/IMG-20221206-WA0291.jpg 1079w, https:\/\/www.correspondentevianopolino.com.br\/site\/wp-content\/uploads\/2022\/12\/IMG-20221206-WA0291-218x300.jpg 218w, https:\/\/www.correspondentevianopolino.com.br\/site\/wp-content\/uploads\/2022\/12\/IMG-20221206-WA0291-744x1024.jpg 744w, https:\/\/www.correspondentevianopolino.com.br\/site\/wp-content\/uploads\/2022\/12\/IMG-20221206-WA0291-465x640.jpg 465w, https:\/\/www.correspondentevianopolino.com.br\/site\/wp-content\/uploads\/2022\/12\/IMG-20221206-WA0291-768x1058.jpg 768w, https:\/\/www.correspondentevianopolino.com.br\/site\/wp-content\/uploads\/2022\/12\/IMG-20221206-WA0291-225x310.jpg 225w, https:\/\/www.correspondentevianopolino.com.br\/site\/wp-content\/uploads\/2022\/12\/IMG-20221206-WA0291-155x213.jpg 155w, https:\/\/www.correspondentevianopolino.com.br\/site\/wp-content\/uploads\/2022\/12\/IMG-20221206-WA0291-148x204.jpg 148w, https:\/\/www.correspondentevianopolino.com.br\/site\/wp-content\/uploads\/2022\/12\/IMG-20221206-WA0291-138x190.jpg 138w\" sizes=\"(max-width: 1079px) 100vw, 1079px\" \/><\/figure>","protected":false},"excerpt":{"rendered":"<p>Em texto enviado \u00e0 nossa reportagem e publicado nas redes sociais, Issy Quinan J\u00fanior, Deputado Estadual Eleito, diz estar triste [&hellip;]<\/p>\n","protected":false},"author":2,"featured_media":81641,"comment_status":"open","ping_status":"closed","sticky":false,"template":"","format":"standard","meta":{"_uag_custom_page_level_css":"","site-sidebar-layout":"default","site-content-layout":"","ast-site-content-layout":"default","site-content-style":"default","site-sidebar-style":"default","ast-global-header-display":"","ast-banner-title-visibility":"","ast-main-header-display":"","ast-hfb-above-header-display":"","ast-hfb-below-header-display":"","ast-hfb-mobile-header-display":"","site-post-title":"","ast-breadcrumbs-content":"","ast-featured-img":"","footer-sml-layout":"","ast-disable-related-posts":"","theme-transparent-header-meta":"","adv-header-id-meta":"","stick-header-meta":"","header-above-stick-meta":"","header-main-stick-meta":"","header-below-stick-meta":"","astra-migrate-meta-layouts":"default","ast-page-background-enabled":"default","ast-page-background-meta":{"desktop":{"background-color":"var(--ast-global-color-4)","background-image":"","background-repeat":"repeat","background-position":"center center","background-size":"auto","background-attachment":"scroll","background-type":"","background-media":"","overlay-type":"","overlay-color":"","overlay-opacity":"","overlay-gradient":""},"tablet":{"background-color":"","background-image":"","background-repeat":"repeat","background-position":"center center","background-size":"auto","background-attachment":"scroll","background-type":"","background-media":"","overlay-type":"","overlay-color":"","overlay-opacity":"","overlay-gradient":""},"mobile":{"background-color":"","background-image":"","background-repeat":"repeat","background-position":"center center","background-size":"auto","background-attachment":"scroll","background-type":"","background-media":"","overlay-type":"","overlay-color":"","overlay-opacity":"","overlay-gradient":""}},"ast-content-background-meta":{"desktop":{"background-color":"var(--ast-global-color-5)","background-image":"","background-repeat":"repeat","background-position":"center center","background-size":"auto","background-attachment":"scroll","background-type":"","background-media":"","overlay-type":"","overlay-color":"","overlay-opacity":"","overlay-gradient":""},"tablet":{"background-color":"var(--ast-global-color-5)","background-image":"","background-repeat":"repeat","background-position":"center center","background-size":"auto","background-attachment":"scroll","background-type":"","background-media":"","overlay-type":"","overlay-color":"","overlay-opacity":"","overlay-gradient":""},"mobile":{"background-color":"var(--ast-global-color-5)","background-image":"","background-repeat":"repeat","background-position":"center center","background-size":"auto","background-attachment":"scroll","background-type":"","background-media":"","overlay-type":"","overlay-color":"","overlay-opacity":"","overlay-gradient":""}},"footnotes":""},"categories":[1],"tags":[],"class_list":["post-81668","post","type-post","status-publish","format-standard","has-post-thumbnail","hentry","category-ultimas","ColorsTitles-7e06bf"],"uagb_featured_image_src":{"full":["https:\/\/www.correspondentevianopolino.com.br\/site\/wp-content\/uploads\/2022\/12\/IMG-20221206-WA0291.jpg",1079,1486,false],"thumbnail":["https:\/\/www.correspondentevianopolino.com.br\/site\/wp-content\/uploads\/2022\/12\/IMG-20221206-WA0291-465x640.jpg",465,640,true],"medium":["https:\/\/www.correspondentevianopolino.com.br\/site\/wp-content\/uploads\/2022\/12\/IMG-20221206-WA0291-218x300.jpg",218,300,true],"medium_large":["https:\/\/www.correspondentevianopolino.com.br\/site\/wp-content\/uploads\/2022\/12\/IMG-20221206-WA0291-768x1058.jpg",768,1058,true],"large":["https:\/\/www.correspondentevianopolino.com.br\/site\/wp-content\/uploads\/2022\/12\/IMG-20221206-WA0291-744x1024.jpg",490,675,true],"1536x1536":["https:\/\/www.correspondentevianopolino.com.br\/site\/wp-content\/uploads\/2022\/12\/IMG-20221206-WA0291.jpg",1079,1486,false],"2048x2048":["https:\/\/www.correspondentevianopolino.com.br\/site\/wp-content\/uploads\/2022\/12\/IMG-20221206-WA0291.jpg",1079,1486,false]},"uagb_author_info":{"display_name":"Ol\u00edvio Lemos","author_link":"https:\/\/www.correspondentevianopolino.com.br\/site\/author\/olivio\/"},"uagb_comment_info":1,"uagb_excerpt":"Em texto enviado \u00e0 nossa reportagem e publicado nas redes sociais, Issy Quinan J\u00fanior, Deputado Estadual Eleito, diz estar triste [&hellip;]","_links":{"self":[{"href":"https:\/\/www.correspondentevianopolino.com.br\/site\/wp-json\/wp\/v2\/posts\/81668","targetHints":{"allow":["GET"]}}],"collection":[{"href":"https:\/\/www.correspondentevianopolino.com.br\/site\/wp-json\/wp\/v2\/posts"}],"about":[{"href":"https:\/\/www.correspondentevianopolino.com.br\/site\/wp-json\/wp\/v2\/types\/post"}],"author":[{"embeddable":true,"href":"https:\/\/www.correspondentevianopolino.com.br\/site\/wp-json\/wp\/v2\/users\/2"}],"replies":[{"embeddable":true,"href":"https:\/\/www.correspondentevianopolino.com.br\/site\/wp-json\/wp\/v2\/comments?post=81668"}],"version-history":[{"count":0,"href":"https:\/\/www.correspondentevianopolino.com.br\/site\/wp-json\/wp\/v2\/posts\/81668\/revisions"}],"wp:featuredmedia":[{"embeddable":true,"href":"https:\/\/www.correspondentevianopolino.com.br\/site\/wp-json\/wp\/v2\/media\/81641"}],"wp:attachment":[{"href":"https:\/\/www.correspondentevianopolino.com.br\/site\/wp-json\/wp\/v2\/media?parent=81668"}],"wp:term":[{"taxonomy":"category","embeddable":true,"href":"https:\/\/www.correspondentevianopolino.com.br\/site\/wp-json\/wp\/v2\/categories?post=81668"},{"taxonomy":"post_tag","embeddable":true,"href":"https:\/\/www.correspondentevianopolino.com.br\/site\/wp-json\/wp\/v2\/tags?post=81668"}],"curies":[{"name":"wp","href":"https:\/\/api.w.org\/{rel}","templated":true}]}}