{"id":81674,"date":"2022-12-07T09:20:36","date_gmt":"2022-12-07T12:20:36","guid":{"rendered":"https:\/\/www.correspondentevianopolino.com.br\/site\/?p=81674"},"modified":"2022-12-11T12:21:37","modified_gmt":"2022-12-11T15:21:37","slug":"familia-procura-por-jovem-que-desapareceu-do-residencial-blazi","status":"publish","type":"post","link":"https:\/\/www.correspondentevianopolino.com.br\/site\/familia-procura-por-jovem-que-desapareceu-do-residencial-blazi\/","title":{"rendered":"FAM\u00cdLIA PROCURA POR JOVEM QUE DESAPARECEU DO RESIDENCIAL BLAZI"},"content":{"rendered":"\n<figure class=\"wp-block-image size-large\"><img decoding=\"async\" width=\"586\" height=\"1024\" src=\"https:\/\/www.correspondentevianopolino.com.br\/site\/wp-content\/uploads\/2022\/11\/thumbnail-4-7-586x1024.jpg\" alt=\"\" class=\"wp-image-81422\" srcset=\"https:\/\/www.correspondentevianopolino.com.br\/site\/wp-content\/uploads\/2022\/11\/thumbnail-4-7-586x1024.jpg 586w, https:\/\/www.correspondentevianopolino.com.br\/site\/wp-content\/uploads\/2022\/11\/thumbnail-4-7-172x300.jpg 172w, https:\/\/www.correspondentevianopolino.com.br\/site\/wp-content\/uploads\/2022\/11\/thumbnail-4-7-465x813.jpg 465w, https:\/\/www.correspondentevianopolino.com.br\/site\/wp-content\/uploads\/2022\/11\/thumbnail-4-7-177x310.jpg 177w, https:\/\/www.correspondentevianopolino.com.br\/site\/wp-content\/uploads\/2022\/11\/thumbnail-4-7-122x213.jpg 122w, https:\/\/www.correspondentevianopolino.com.br\/site\/wp-content\/uploads\/2022\/11\/thumbnail-4-7-117x204.jpg 117w, https:\/\/www.correspondentevianopolino.com.br\/site\/wp-content\/uploads\/2022\/11\/thumbnail-4-7-109x190.jpg 109w, https:\/\/www.correspondentevianopolino.com.br\/site\/wp-content\/uploads\/2022\/11\/thumbnail-4-7.jpg 732w\" sizes=\"(max-width: 586px) 100vw, 586px\" \/><\/figure>\n\n\n\n<p>A fam\u00edlia do jovem Ricardo Lemos Costa, de 28 anos de idade, est\u00e1 \u00e0 sua procura. Ele saiu de sua casa no Residencial Blazi ontem, 06\/12, e foi visto por volta das 18h, pr\u00f3ximo ao Posto 3 Boiadeiros.<\/p>\n\n\n\n<p>Ricardo, que tem problemas mentais, \u00e9 filho de Ant\u00f4nio Wilson da Costa e de Lucy Helena de Lemos.<\/p>\n\n\n\n<p>Quando saiu de casa, Ricardo estava vestido com uma camisa rosada e carregava uma mochila preta.<\/p>\n\n\n\n<p>Quem souber de seu paradeiro, ligar para 62. 9 9624-6634.<\/p>\n\n\n<figure class=\"wp-block-post-featured-image\"><img decoding=\"async\" width=\"1080\" height=\"938\" src=\"https:\/\/www.correspondentevianopolino.com.br\/site\/wp-content\/uploads\/2022\/12\/Screenshot_20221207-091519_WhatsApp.jpg\" class=\"attachment-post-thumbnail size-post-thumbnail wp-post-image\" alt=\"\" style=\"object-fit:cover;\" srcset=\"https:\/\/www.correspondentevianopolino.com.br\/site\/wp-content\/uploads\/2022\/12\/Screenshot_20221207-091519_WhatsApp.jpg 1080w, https:\/\/www.correspondentevianopolino.com.br\/site\/wp-content\/uploads\/2022\/12\/Screenshot_20221207-091519_WhatsApp-300x261.jpg 300w, https:\/\/www.correspondentevianopolino.com.br\/site\/wp-content\/uploads\/2022\/12\/Screenshot_20221207-091519_WhatsApp-1024x889.jpg 1024w, https:\/\/www.correspondentevianopolino.com.br\/site\/wp-content\/uploads\/2022\/12\/Screenshot_20221207-091519_WhatsApp-465x404.jpg 465w, https:\/\/www.correspondentevianopolino.com.br\/site\/wp-content\/uploads\/2022\/12\/Screenshot_20221207-091519_WhatsApp-768x667.jpg 768w, https:\/\/www.correspondentevianopolino.com.br\/site\/wp-content\/uploads\/2022\/12\/Screenshot_20221207-091519_WhatsApp-357x310.jpg 357w, https:\/\/www.correspondentevianopolino.com.br\/site\/wp-content\/uploads\/2022\/12\/Screenshot_20221207-091519_WhatsApp-245x213.jpg 245w, https:\/\/www.correspondentevianopolino.com.br\/site\/wp-content\/uploads\/2022\/12\/Screenshot_20221207-091519_WhatsApp-235x204.jpg 235w, https:\/\/www.correspondentevianopolino.com.br\/site\/wp-content\/uploads\/2022\/12\/Screenshot_20221207-091519_WhatsApp-219x190.jpg 219w\" sizes=\"(max-width: 1080px) 100vw, 1080px\" \/><\/figure>","protected":false},"excerpt":{"rendered":"<p>A fam\u00edlia do jovem Ricardo Lemos Costa, de 28 anos de idade, est\u00e1 \u00e0 sua procura. Ele saiu de sua [&hellip;]<\/p>\n","protected":false},"author":2,"featured_media":81675,"comment_status":"open","ping_status":"closed","sticky":false,"template":"","format":"standard","meta":{"_uag_custom_page_level_css":"","site-sidebar-layout":"default","site-content-layout":"","ast-site-content-layout":"default","site-content-style":"default","site-sidebar-style":"default","ast-global-header-display":"","ast-banner-title-visibility":"","ast-main-header-display":"","ast-hfb-above-header-display":"","ast-hfb-below-header-display":"","ast-hfb-mobile-header-display":"","site-post-title":"","ast-breadcrumbs-content":"","ast-featured-img":"","footer-sml-layout":"","ast-disable-related-posts":"","theme-transparent-header-meta":"","adv-header-id-meta":"","stick-header-meta":"","header-above-stick-meta":"","header-main-stick-meta":"","header-below-stick-meta":"","astra-migrate-meta-layouts":"default","ast-page-background-enabled":"default","ast-page-background-meta":{"desktop":{"background-color":"var(--ast-global-color-4)","background-image":"","background-repeat":"repeat","background-position":"center center","background-size":"auto","background-attachment":"scroll","background-type":"","background-media":"","overlay-type":"","overlay-color":"","overlay-opacity":"","overlay-gradient":""},"tablet":{"background-color":"","background-image":"","background-repeat":"repeat","background-position":"center center","background-size":"auto","background-attachment":"scroll","background-type":"","background-media":"","overlay-type":"","overlay-color":"","overlay-opacity":"","overlay-gradient":""},"mobile":{"background-color":"","background-image":"","background-repeat":"repeat","background-position":"center center","background-size":"auto","background-attachment":"scroll","background-type":"","background-media":"","overlay-type":"","overlay-color":"","overlay-opacity":"","overlay-gradient":""}},"ast-content-background-meta":{"desktop":{"background-color":"var(--ast-global-color-5)","background-image":"","background-repeat":"repeat","background-position":"center center","background-size":"auto","background-attachment":"scroll","background-type":"","background-media":"","overlay-type":"","overlay-color":"","overlay-opacity":"","overlay-gradient":""},"tablet":{"background-color":"var(--ast-global-color-5)","background-image":"","background-repeat":"repeat","background-position":"center center","background-size":"auto","background-attachment":"scroll","background-type":"","background-media":"","overlay-type":"","overlay-color":"","overlay-opacity":"","overlay-gradient":""},"mobile":{"background-color":"var(--ast-global-color-5)","background-image":"","background-repeat":"repeat","background-position":"center center","background-size":"auto","background-attachment":"scroll","background-type":"","background-media":"","overlay-type":"","overlay-color":"","overlay-opacity":"","overlay-gradient":""}},"footnotes":""},"categories":[1],"tags":[],"class_list":["post-81674","post","type-post","status-publish","format-standard","has-post-thumbnail","hentry","category-ultimas","ColorsTitles-ff3700"],"uagb_featured_image_src":{"full":["https:\/\/www.correspondentevianopolino.com.br\/site\/wp-content\/uploads\/2022\/12\/Screenshot_20221207-091519_WhatsApp.jpg",1080,938,false],"thumbnail":["https:\/\/www.correspondentevianopolino.com.br\/site\/wp-content\/uploads\/2022\/12\/Screenshot_20221207-091519_WhatsApp-465x404.jpg",465,404,true],"medium":["https:\/\/www.correspondentevianopolino.com.br\/site\/wp-content\/uploads\/2022\/12\/Screenshot_20221207-091519_WhatsApp-300x261.jpg",300,261,true],"medium_large":["https:\/\/www.correspondentevianopolino.com.br\/site\/wp-content\/uploads\/2022\/12\/Screenshot_20221207-091519_WhatsApp-768x667.jpg",768,667,true],"large":["https:\/\/www.correspondentevianopolino.com.br\/site\/wp-content\/uploads\/2022\/12\/Screenshot_20221207-091519_WhatsApp-1024x889.jpg",778,675,true],"1536x1536":["https:\/\/www.correspondentevianopolino.com.br\/site\/wp-content\/uploads\/2022\/12\/Screenshot_20221207-091519_WhatsApp.jpg",1080,938,false],"2048x2048":["https:\/\/www.correspondentevianopolino.com.br\/site\/wp-content\/uploads\/2022\/12\/Screenshot_20221207-091519_WhatsApp.jpg",1080,938,false]},"uagb_author_info":{"display_name":"Ol\u00edvio Lemos","author_link":"https:\/\/www.correspondentevianopolino.com.br\/site\/author\/olivio\/"},"uagb_comment_info":0,"uagb_excerpt":"A fam\u00edlia do jovem Ricardo Lemos Costa, de 28 anos de idade, est\u00e1 \u00e0 sua procura. Ele saiu de sua [&hellip;]","_links":{"self":[{"href":"https:\/\/www.correspondentevianopolino.com.br\/site\/wp-json\/wp\/v2\/posts\/81674","targetHints":{"allow":["GET"]}}],"collection":[{"href":"https:\/\/www.correspondentevianopolino.com.br\/site\/wp-json\/wp\/v2\/posts"}],"about":[{"href":"https:\/\/www.correspondentevianopolino.com.br\/site\/wp-json\/wp\/v2\/types\/post"}],"author":[{"embeddable":true,"href":"https:\/\/www.correspondentevianopolino.com.br\/site\/wp-json\/wp\/v2\/users\/2"}],"replies":[{"embeddable":true,"href":"https:\/\/www.correspondentevianopolino.com.br\/site\/wp-json\/wp\/v2\/comments?post=81674"}],"version-history":[{"count":0,"href":"https:\/\/www.correspondentevianopolino.com.br\/site\/wp-json\/wp\/v2\/posts\/81674\/revisions"}],"wp:featuredmedia":[{"embeddable":true,"href":"https:\/\/www.correspondentevianopolino.com.br\/site\/wp-json\/wp\/v2\/media\/81675"}],"wp:attachment":[{"href":"https:\/\/www.correspondentevianopolino.com.br\/site\/wp-json\/wp\/v2\/media?parent=81674"}],"wp:term":[{"taxonomy":"category","embeddable":true,"href":"https:\/\/www.correspondentevianopolino.com.br\/site\/wp-json\/wp\/v2\/categories?post=81674"},{"taxonomy":"post_tag","embeddable":true,"href":"https:\/\/www.correspondentevianopolino.com.br\/site\/wp-json\/wp\/v2\/tags?post=81674"}],"curies":[{"name":"wp","href":"https:\/\/api.w.org\/{rel}","templated":true}]}}