{"id":81699,"date":"2022-12-08T20:19:47","date_gmt":"2022-12-08T23:19:47","guid":{"rendered":"https:\/\/www.correspondentevianopolino.com.br\/site\/?p=81699"},"modified":"2022-12-11T10:50:13","modified_gmt":"2022-12-11T13:50:13","slug":"comeca-amanha-09-12-a-serie-de-entrevistas-com-o-promotor-de-justica-que-esta-preocupado-com-o-aumento-nos-casos-de-abusos-sexuais-contra-criancas-e-adolescentes-em-vianopolis-clique-para-saber-ma","status":"publish","type":"post","link":"https:\/\/www.correspondentevianopolino.com.br\/site\/comeca-amanha-09-12-a-serie-de-entrevistas-com-o-promotor-de-justica-que-esta-preocupado-com-o-aumento-nos-casos-de-abusos-sexuais-contra-criancas-e-adolescentes-em-vianopolis-clique-para-saber-ma\/","title":{"rendered":"COME\u00c7A AMANH\u00c3, 09\/12, A S\u00c9RIE DE ENTREVISTAS COM O PROMOTOR DE JUSTI\u00c7A QUE EST\u00c1 PREOCUPADO COM O AUMENTO DOS CASOS DE ABUSOS SEXUAIS CONTRA CRIAN\u00c7AS E ADOLESCENTES EM VIAN\u00d3POLIS&#8230;CLIQUE PARA SABER MAIS"},"content":{"rendered":"\n<figure class=\"wp-block-image size-large\"><img decoding=\"async\" width=\"586\" height=\"1024\" src=\"https:\/\/www.correspondentevianopolino.com.br\/site\/wp-content\/uploads\/2022\/11\/thumbnail-4-7-586x1024.jpg\" alt=\"\" class=\"wp-image-81422\" srcset=\"https:\/\/www.correspondentevianopolino.com.br\/site\/wp-content\/uploads\/2022\/11\/thumbnail-4-7-586x1024.jpg 586w, https:\/\/www.correspondentevianopolino.com.br\/site\/wp-content\/uploads\/2022\/11\/thumbnail-4-7-172x300.jpg 172w, https:\/\/www.correspondentevianopolino.com.br\/site\/wp-content\/uploads\/2022\/11\/thumbnail-4-7-465x813.jpg 465w, https:\/\/www.correspondentevianopolino.com.br\/site\/wp-content\/uploads\/2022\/11\/thumbnail-4-7-177x310.jpg 177w, https:\/\/www.correspondentevianopolino.com.br\/site\/wp-content\/uploads\/2022\/11\/thumbnail-4-7-122x213.jpg 122w, https:\/\/www.correspondentevianopolino.com.br\/site\/wp-content\/uploads\/2022\/11\/thumbnail-4-7-117x204.jpg 117w, https:\/\/www.correspondentevianopolino.com.br\/site\/wp-content\/uploads\/2022\/11\/thumbnail-4-7-109x190.jpg 109w, https:\/\/www.correspondentevianopolino.com.br\/site\/wp-content\/uploads\/2022\/11\/thumbnail-4-7.jpg 732w\" sizes=\"(max-width: 586px) 100vw, 586px\" \/><\/figure>\n\n\n\n<p>O Correspondente Vianopolino come\u00e7a a apresentar <strong>amanh\u00e3,<\/strong> 09\/12, a s\u00e9rie de entrevistas com o Promotor de Justi\u00e7a, Lucas C\u00e9sar Costa Ferreira que est\u00e1 preocupado com o aumento nos casos de abusos sexuais contra crian\u00e7as e adolescentes no munic\u00edpio de Vian\u00f3polis.<\/p>\n\n\n\n<p>Segundo ele, a preocupa\u00e7\u00e3o \u00e9 ainda maior quando se sabe que os acusados dos abusos s\u00e3o pessoas do seio familiar, como pais, irm\u00e3os, tios, av\u00f3s e padrastos.<\/p>\n\n\n\n<p>Portanto, <strong>amanh\u00e3,<\/strong> vamos apresentar a primeira entrevista com o Promotor de Justi\u00e7a que falar\u00e1 sobre o aumento nos casos de abusos sexuais contra crian\u00e7as no munic\u00edpio de Vian\u00f3polis.<\/p>\n\n\n\n<p><strong>AMANH\u00c3, 09\/12, \u00c0S 07H35MIN. NA RESENHA DA R\u00c1DIO RIO VERMELHO FM: NO GIRO DA NOT\u00cdCIA TAMB\u00c9M PELA R\u00c1DIO RIO VERMELHO FM E DAS 11 \u00c0S 11H30MIN. PELA R\u00c1DIO L\u00cdDER FM, OU\u00c7A A PRIMEIRA DA S\u00c9RIE DE ENTREVISTAS COM O PROMOTOR LUCAS C\u00c9SAR COSTA FERREIRA.<\/strong><\/p>\n\n\n<figure class=\"wp-block-post-featured-image\"><img decoding=\"async\" width=\"640\" height=\"360\" src=\"https:\/\/www.correspondentevianopolino.com.br\/site\/wp-content\/uploads\/2022\/12\/abuso-infantil.jpg\" class=\"attachment-post-thumbnail size-post-thumbnail wp-post-image\" alt=\"\" style=\"object-fit:cover;\" srcset=\"https:\/\/www.correspondentevianopolino.com.br\/site\/wp-content\/uploads\/2022\/12\/abuso-infantil.jpg 640w, https:\/\/www.correspondentevianopolino.com.br\/site\/wp-content\/uploads\/2022\/12\/abuso-infantil-300x169.jpg 300w, https:\/\/www.correspondentevianopolino.com.br\/site\/wp-content\/uploads\/2022\/12\/abuso-infantil-465x262.jpg 465w, https:\/\/www.correspondentevianopolino.com.br\/site\/wp-content\/uploads\/2022\/12\/abuso-infantil-327x184.jpg 327w, https:\/\/www.correspondentevianopolino.com.br\/site\/wp-content\/uploads\/2022\/12\/abuso-infantil-363x204.jpg 363w, https:\/\/www.correspondentevianopolino.com.br\/site\/wp-content\/uploads\/2022\/12\/abuso-infantil-260x146.jpg 260w\" sizes=\"(max-width: 640px) 100vw, 640px\" \/><\/figure>","protected":false},"excerpt":{"rendered":"<p>O Correspondente Vianopolino come\u00e7a a apresentar amanh\u00e3, 09\/12, a s\u00e9rie de entrevistas com o Promotor de Justi\u00e7a, Lucas C\u00e9sar Costa [&hellip;]<\/p>\n","protected":false},"author":2,"featured_media":81700,"comment_status":"open","ping_status":"closed","sticky":false,"template":"","format":"standard","meta":{"_uag_custom_page_level_css":"","site-sidebar-layout":"default","site-content-layout":"","ast-site-content-layout":"default","site-content-style":"default","site-sidebar-style":"default","ast-global-header-display":"","ast-banner-title-visibility":"","ast-main-header-display":"","ast-hfb-above-header-display":"","ast-hfb-below-header-display":"","ast-hfb-mobile-header-display":"","site-post-title":"","ast-breadcrumbs-content":"","ast-featured-img":"","footer-sml-layout":"","ast-disable-related-posts":"","theme-transparent-header-meta":"","adv-header-id-meta":"","stick-header-meta":"","header-above-stick-meta":"","header-main-stick-meta":"","header-below-stick-meta":"","astra-migrate-meta-layouts":"default","ast-page-background-enabled":"default","ast-page-background-meta":{"desktop":{"background-color":"var(--ast-global-color-4)","background-image":"","background-repeat":"repeat","background-position":"center center","background-size":"auto","background-attachment":"scroll","background-type":"","background-media":"","overlay-type":"","overlay-color":"","overlay-opacity":"","overlay-gradient":""},"tablet":{"background-color":"","background-image":"","background-repeat":"repeat","background-position":"center center","background-size":"auto","background-attachment":"scroll","background-type":"","background-media":"","overlay-type":"","overlay-color":"","overlay-opacity":"","overlay-gradient":""},"mobile":{"background-color":"","background-image":"","background-repeat":"repeat","background-position":"center center","background-size":"auto","background-attachment":"scroll","background-type":"","background-media":"","overlay-type":"","overlay-color":"","overlay-opacity":"","overlay-gradient":""}},"ast-content-background-meta":{"desktop":{"background-color":"var(--ast-global-color-5)","background-image":"","background-repeat":"repeat","background-position":"center center","background-size":"auto","background-attachment":"scroll","background-type":"","background-media":"","overlay-type":"","overlay-color":"","overlay-opacity":"","overlay-gradient":""},"tablet":{"background-color":"var(--ast-global-color-5)","background-image":"","background-repeat":"repeat","background-position":"center center","background-size":"auto","background-attachment":"scroll","background-type":"","background-media":"","overlay-type":"","overlay-color":"","overlay-opacity":"","overlay-gradient":""},"mobile":{"background-color":"var(--ast-global-color-5)","background-image":"","background-repeat":"repeat","background-position":"center center","background-size":"auto","background-attachment":"scroll","background-type":"","background-media":"","overlay-type":"","overlay-color":"","overlay-opacity":"","overlay-gradient":""}},"footnotes":""},"categories":[1],"tags":[],"class_list":["post-81699","post","type-post","status-publish","format-standard","has-post-thumbnail","hentry","category-ultimas","ColorsTitles-ff3700"],"uagb_featured_image_src":{"full":["https:\/\/www.correspondentevianopolino.com.br\/site\/wp-content\/uploads\/2022\/12\/abuso-infantil.jpg",640,360,false],"thumbnail":["https:\/\/www.correspondentevianopolino.com.br\/site\/wp-content\/uploads\/2022\/12\/abuso-infantil-465x262.jpg",465,262,true],"medium":["https:\/\/www.correspondentevianopolino.com.br\/site\/wp-content\/uploads\/2022\/12\/abuso-infantil-300x169.jpg",300,169,true],"medium_large":["https:\/\/www.correspondentevianopolino.com.br\/site\/wp-content\/uploads\/2022\/12\/abuso-infantil.jpg",640,360,false],"large":["https:\/\/www.correspondentevianopolino.com.br\/site\/wp-content\/uploads\/2022\/12\/abuso-infantil.jpg",640,360,false],"1536x1536":["https:\/\/www.correspondentevianopolino.com.br\/site\/wp-content\/uploads\/2022\/12\/abuso-infantil.jpg",640,360,false],"2048x2048":["https:\/\/www.correspondentevianopolino.com.br\/site\/wp-content\/uploads\/2022\/12\/abuso-infantil.jpg",640,360,false]},"uagb_author_info":{"display_name":"Ol\u00edvio Lemos","author_link":"https:\/\/www.correspondentevianopolino.com.br\/site\/author\/olivio\/"},"uagb_comment_info":1,"uagb_excerpt":"O Correspondente Vianopolino come\u00e7a a apresentar amanh\u00e3, 09\/12, a s\u00e9rie de entrevistas com o Promotor de Justi\u00e7a, Lucas C\u00e9sar Costa [&hellip;]","_links":{"self":[{"href":"https:\/\/www.correspondentevianopolino.com.br\/site\/wp-json\/wp\/v2\/posts\/81699","targetHints":{"allow":["GET"]}}],"collection":[{"href":"https:\/\/www.correspondentevianopolino.com.br\/site\/wp-json\/wp\/v2\/posts"}],"about":[{"href":"https:\/\/www.correspondentevianopolino.com.br\/site\/wp-json\/wp\/v2\/types\/post"}],"author":[{"embeddable":true,"href":"https:\/\/www.correspondentevianopolino.com.br\/site\/wp-json\/wp\/v2\/users\/2"}],"replies":[{"embeddable":true,"href":"https:\/\/www.correspondentevianopolino.com.br\/site\/wp-json\/wp\/v2\/comments?post=81699"}],"version-history":[{"count":0,"href":"https:\/\/www.correspondentevianopolino.com.br\/site\/wp-json\/wp\/v2\/posts\/81699\/revisions"}],"wp:featuredmedia":[{"embeddable":true,"href":"https:\/\/www.correspondentevianopolino.com.br\/site\/wp-json\/wp\/v2\/media\/81700"}],"wp:attachment":[{"href":"https:\/\/www.correspondentevianopolino.com.br\/site\/wp-json\/wp\/v2\/media?parent=81699"}],"wp:term":[{"taxonomy":"category","embeddable":true,"href":"https:\/\/www.correspondentevianopolino.com.br\/site\/wp-json\/wp\/v2\/categories?post=81699"},{"taxonomy":"post_tag","embeddable":true,"href":"https:\/\/www.correspondentevianopolino.com.br\/site\/wp-json\/wp\/v2\/tags?post=81699"}],"curies":[{"name":"wp","href":"https:\/\/api.w.org\/{rel}","templated":true}]}}