{"id":81715,"date":"2022-12-09T14:29:26","date_gmt":"2022-12-09T17:29:26","guid":{"rendered":"https:\/\/www.correspondentevianopolino.com.br\/site\/?p=81715"},"modified":"2022-12-15T15:27:27","modified_gmt":"2022-12-15T18:27:27","slug":"nomear-cunhado-para-o-cargo-de-secretario-caracteriza-nepotismo-clique-na-noticia-e-saiba-mais-detalhes","status":"publish","type":"post","link":"https:\/\/www.correspondentevianopolino.com.br\/site\/nomear-cunhado-para-o-cargo-de-secretario-caracteriza-nepotismo-clique-na-noticia-e-saiba-mais-detalhes\/","title":{"rendered":"NOMEAR CUNHADO PARA O CARGO DE SECRET\u00c1RIO CARACTERIZA NEPOTISMO? CLIQUE NA NOT\u00cdCIA E SAIBA MAIS DETALHES"},"content":{"rendered":"\n<figure class=\"wp-block-image size-large\"><img decoding=\"async\" width=\"586\" height=\"1024\" src=\"https:\/\/www.correspondentevianopolino.com.br\/site\/wp-content\/uploads\/2022\/12\/thumbnail-4-586x1024.jpg\" alt=\"\" class=\"wp-image-81704\" srcset=\"https:\/\/www.correspondentevianopolino.com.br\/site\/wp-content\/uploads\/2022\/12\/thumbnail-4-586x1024.jpg 586w, https:\/\/www.correspondentevianopolino.com.br\/site\/wp-content\/uploads\/2022\/12\/thumbnail-4-172x300.jpg 172w, https:\/\/www.correspondentevianopolino.com.br\/site\/wp-content\/uploads\/2022\/12\/thumbnail-4-465x813.jpg 465w, https:\/\/www.correspondentevianopolino.com.br\/site\/wp-content\/uploads\/2022\/12\/thumbnail-4-177x310.jpg 177w, https:\/\/www.correspondentevianopolino.com.br\/site\/wp-content\/uploads\/2022\/12\/thumbnail-4-122x213.jpg 122w, https:\/\/www.correspondentevianopolino.com.br\/site\/wp-content\/uploads\/2022\/12\/thumbnail-4-117x204.jpg 117w, https:\/\/www.correspondentevianopolino.com.br\/site\/wp-content\/uploads\/2022\/12\/thumbnail-4-109x190.jpg 109w, https:\/\/www.correspondentevianopolino.com.br\/site\/wp-content\/uploads\/2022\/12\/thumbnail-4.jpg 732w\" sizes=\"(max-width: 586px) 100vw, 586px\" \/><\/figure>\n\n\n\n<p>Existem questionamentos sobre a nomea\u00e7\u00e3o do jovem Denisson Reis de Souza, cunhado do Prefeito Samuel Cotrim, para o cargo de Secret\u00e1rio de Infraestrutura e Obras.<\/p>\n\n\n\n<p>Para alguns, a nomea\u00e7\u00e3o caracteriza nepotismo.<\/p>\n\n\n\n<p>Nossa reportagem procurou esclarecer o questionamento junto ao renomado advogado Rubens Fernando Mendes Campos, assessor jur\u00eddico de 12 munic\u00edpios de Goi\u00e1s. <\/p>\n\n\n\n<p><strong>Dr. Rubens nos informou que para o cargo de Secret\u00e1rio Municipal a nomea\u00e7\u00e3o n\u00e3o caracteriza nepotismo.<\/strong> Se fosse a nomea\u00e7\u00e3o para um cargo comissionado, exceto secret\u00e1rio, seria caracterizado nepotismo.<\/p>\n\n\n\n<p>Tal posi\u00e7\u00e3o, esclarece Rubens Fernando, foi tomada pelo Supremo Tribunal Federal, quando do julgamento da reclama\u00e7\u00e3o 6650, originada do Estado do Paran\u00e1.<\/p>\n\n\n\n<p><\/p>\n\n\n<figure class=\"wp-block-post-featured-image\"><img decoding=\"async\" width=\"640\" height=\"406\" src=\"https:\/\/www.correspondentevianopolino.com.br\/site\/wp-content\/uploads\/2022\/12\/o-despotismo-pode-separar-uma-pessoa-do-mundo-e-trancar-num-isolamento-invisivel-que-limita-restringe-imaginado-como-humano-202012717.jpg\" class=\"attachment-post-thumbnail size-post-thumbnail wp-post-image\" alt=\"\" style=\"object-fit:cover;\" srcset=\"https:\/\/www.correspondentevianopolino.com.br\/site\/wp-content\/uploads\/2022\/12\/o-despotismo-pode-separar-uma-pessoa-do-mundo-e-trancar-num-isolamento-invisivel-que-limita-restringe-imaginado-como-humano-202012717.jpg 640w, https:\/\/www.correspondentevianopolino.com.br\/site\/wp-content\/uploads\/2022\/12\/o-despotismo-pode-separar-uma-pessoa-do-mundo-e-trancar-num-isolamento-invisivel-que-limita-restringe-imaginado-como-humano-202012717-300x190.jpg 300w, https:\/\/www.correspondentevianopolino.com.br\/site\/wp-content\/uploads\/2022\/12\/o-despotismo-pode-separar-uma-pessoa-do-mundo-e-trancar-num-isolamento-invisivel-que-limita-restringe-imaginado-como-humano-202012717-465x295.jpg 465w, https:\/\/www.correspondentevianopolino.com.br\/site\/wp-content\/uploads\/2022\/12\/o-despotismo-pode-separar-uma-pessoa-do-mundo-e-trancar-num-isolamento-invisivel-que-limita-restringe-imaginado-como-humano-202012717-327x207.jpg 327w, https:\/\/www.correspondentevianopolino.com.br\/site\/wp-content\/uploads\/2022\/12\/o-despotismo-pode-separar-uma-pessoa-do-mundo-e-trancar-num-isolamento-invisivel-que-limita-restringe-imaginado-como-humano-202012717-322x204.jpg 322w, https:\/\/www.correspondentevianopolino.com.br\/site\/wp-content\/uploads\/2022\/12\/o-despotismo-pode-separar-uma-pessoa-do-mundo-e-trancar-num-isolamento-invisivel-que-limita-restringe-imaginado-como-humano-202012717-260x165.jpg 260w\" sizes=\"(max-width: 640px) 100vw, 640px\" \/><\/figure>","protected":false},"excerpt":{"rendered":"<p>Existem questionamentos sobre a nomea\u00e7\u00e3o do jovem Denisson Reis de Souza, cunhado do Prefeito Samuel Cotrim, para o cargo de [&hellip;]<\/p>\n","protected":false},"author":2,"featured_media":81716,"comment_status":"open","ping_status":"closed","sticky":false,"template":"","format":"standard","meta":{"_uag_custom_page_level_css":"","site-sidebar-layout":"default","site-content-layout":"","ast-site-content-layout":"default","site-content-style":"default","site-sidebar-style":"default","ast-global-header-display":"","ast-banner-title-visibility":"","ast-main-header-display":"","ast-hfb-above-header-display":"","ast-hfb-below-header-display":"","ast-hfb-mobile-header-display":"","site-post-title":"","ast-breadcrumbs-content":"","ast-featured-img":"","footer-sml-layout":"","ast-disable-related-posts":"","theme-transparent-header-meta":"","adv-header-id-meta":"","stick-header-meta":"","header-above-stick-meta":"","header-main-stick-meta":"","header-below-stick-meta":"","astra-migrate-meta-layouts":"default","ast-page-background-enabled":"default","ast-page-background-meta":{"desktop":{"background-color":"var(--ast-global-color-4)","background-image":"","background-repeat":"repeat","background-position":"center center","background-size":"auto","background-attachment":"scroll","background-type":"","background-media":"","overlay-type":"","overlay-color":"","overlay-opacity":"","overlay-gradient":""},"tablet":{"background-color":"","background-image":"","background-repeat":"repeat","background-position":"center center","background-size":"auto","background-attachment":"scroll","background-type":"","background-media":"","overlay-type":"","overlay-color":"","overlay-opacity":"","overlay-gradient":""},"mobile":{"background-color":"","background-image":"","background-repeat":"repeat","background-position":"center center","background-size":"auto","background-attachment":"scroll","background-type":"","background-media":"","overlay-type":"","overlay-color":"","overlay-opacity":"","overlay-gradient":""}},"ast-content-background-meta":{"desktop":{"background-color":"var(--ast-global-color-5)","background-image":"","background-repeat":"repeat","background-position":"center center","background-size":"auto","background-attachment":"scroll","background-type":"","background-media":"","overlay-type":"","overlay-color":"","overlay-opacity":"","overlay-gradient":""},"tablet":{"background-color":"var(--ast-global-color-5)","background-image":"","background-repeat":"repeat","background-position":"center center","background-size":"auto","background-attachment":"scroll","background-type":"","background-media":"","overlay-type":"","overlay-color":"","overlay-opacity":"","overlay-gradient":""},"mobile":{"background-color":"var(--ast-global-color-5)","background-image":"","background-repeat":"repeat","background-position":"center center","background-size":"auto","background-attachment":"scroll","background-type":"","background-media":"","overlay-type":"","overlay-color":"","overlay-opacity":"","overlay-gradient":""}},"footnotes":""},"categories":[1],"tags":[],"class_list":["post-81715","post","type-post","status-publish","format-standard","has-post-thumbnail","hentry","category-ultimas"],"uagb_featured_image_src":{"full":["https:\/\/www.correspondentevianopolino.com.br\/site\/wp-content\/uploads\/2022\/12\/o-despotismo-pode-separar-uma-pessoa-do-mundo-e-trancar-num-isolamento-invisivel-que-limita-restringe-imaginado-como-humano-202012717.jpg",640,406,false],"thumbnail":["https:\/\/www.correspondentevianopolino.com.br\/site\/wp-content\/uploads\/2022\/12\/o-despotismo-pode-separar-uma-pessoa-do-mundo-e-trancar-num-isolamento-invisivel-que-limita-restringe-imaginado-como-humano-202012717-465x295.jpg",465,295,true],"medium":["https:\/\/www.correspondentevianopolino.com.br\/site\/wp-content\/uploads\/2022\/12\/o-despotismo-pode-separar-uma-pessoa-do-mundo-e-trancar-num-isolamento-invisivel-que-limita-restringe-imaginado-como-humano-202012717-300x190.jpg",300,190,true],"medium_large":["https:\/\/www.correspondentevianopolino.com.br\/site\/wp-content\/uploads\/2022\/12\/o-despotismo-pode-separar-uma-pessoa-do-mundo-e-trancar-num-isolamento-invisivel-que-limita-restringe-imaginado-como-humano-202012717.jpg",640,406,false],"large":["https:\/\/www.correspondentevianopolino.com.br\/site\/wp-content\/uploads\/2022\/12\/o-despotismo-pode-separar-uma-pessoa-do-mundo-e-trancar-num-isolamento-invisivel-que-limita-restringe-imaginado-como-humano-202012717.jpg",640,406,false],"1536x1536":["https:\/\/www.correspondentevianopolino.com.br\/site\/wp-content\/uploads\/2022\/12\/o-despotismo-pode-separar-uma-pessoa-do-mundo-e-trancar-num-isolamento-invisivel-que-limita-restringe-imaginado-como-humano-202012717.jpg",640,406,false],"2048x2048":["https:\/\/www.correspondentevianopolino.com.br\/site\/wp-content\/uploads\/2022\/12\/o-despotismo-pode-separar-uma-pessoa-do-mundo-e-trancar-num-isolamento-invisivel-que-limita-restringe-imaginado-como-humano-202012717.jpg",640,406,false]},"uagb_author_info":{"display_name":"Ol\u00edvio Lemos","author_link":"https:\/\/www.correspondentevianopolino.com.br\/site\/author\/olivio\/"},"uagb_comment_info":20,"uagb_excerpt":"Existem questionamentos sobre a nomea\u00e7\u00e3o do jovem Denisson Reis de Souza, cunhado do Prefeito Samuel Cotrim, para o cargo de [&hellip;]","_links":{"self":[{"href":"https:\/\/www.correspondentevianopolino.com.br\/site\/wp-json\/wp\/v2\/posts\/81715","targetHints":{"allow":["GET"]}}],"collection":[{"href":"https:\/\/www.correspondentevianopolino.com.br\/site\/wp-json\/wp\/v2\/posts"}],"about":[{"href":"https:\/\/www.correspondentevianopolino.com.br\/site\/wp-json\/wp\/v2\/types\/post"}],"author":[{"embeddable":true,"href":"https:\/\/www.correspondentevianopolino.com.br\/site\/wp-json\/wp\/v2\/users\/2"}],"replies":[{"embeddable":true,"href":"https:\/\/www.correspondentevianopolino.com.br\/site\/wp-json\/wp\/v2\/comments?post=81715"}],"version-history":[{"count":0,"href":"https:\/\/www.correspondentevianopolino.com.br\/site\/wp-json\/wp\/v2\/posts\/81715\/revisions"}],"wp:featuredmedia":[{"embeddable":true,"href":"https:\/\/www.correspondentevianopolino.com.br\/site\/wp-json\/wp\/v2\/media\/81716"}],"wp:attachment":[{"href":"https:\/\/www.correspondentevianopolino.com.br\/site\/wp-json\/wp\/v2\/media?parent=81715"}],"wp:term":[{"taxonomy":"category","embeddable":true,"href":"https:\/\/www.correspondentevianopolino.com.br\/site\/wp-json\/wp\/v2\/categories?post=81715"},{"taxonomy":"post_tag","embeddable":true,"href":"https:\/\/www.correspondentevianopolino.com.br\/site\/wp-json\/wp\/v2\/tags?post=81715"}],"curies":[{"name":"wp","href":"https:\/\/api.w.org\/{rel}","templated":true}]}}