{"id":81740,"date":"2022-12-11T09:19:59","date_gmt":"2022-12-11T12:19:59","guid":{"rendered":"https:\/\/www.correspondentevianopolino.com.br\/site\/?p=81740"},"modified":"2022-12-20T15:47:46","modified_gmt":"2022-12-20T18:47:46","slug":"eleicao-para-a-presidencia-da-camara-municipal-acontecera-dentro-de-10-dias-quem-podera-ser-o-novo-presidente","status":"publish","type":"post","link":"https:\/\/www.correspondentevianopolino.com.br\/site\/eleicao-para-a-presidencia-da-camara-municipal-acontecera-dentro-de-10-dias-quem-podera-ser-o-novo-presidente\/","title":{"rendered":"ELEI\u00c7\u00c3O PARA A PRESID\u00caNCIA DA C\u00c2MARA MUNICIPAL ACONTECER\u00c1 DENTRO DE 10 DIAS&#8230; QUEM PODER\u00c1 SER O NOVO PRESIDENTE?"},"content":{"rendered":"\n<figure class=\"wp-block-image size-large\"><img decoding=\"async\" width=\"586\" height=\"1024\" src=\"https:\/\/www.correspondentevianopolino.com.br\/site\/wp-content\/uploads\/2022\/12\/thumbnail-4-586x1024.jpg\" alt=\"\" class=\"wp-image-81704\" srcset=\"https:\/\/www.correspondentevianopolino.com.br\/site\/wp-content\/uploads\/2022\/12\/thumbnail-4-586x1024.jpg 586w, https:\/\/www.correspondentevianopolino.com.br\/site\/wp-content\/uploads\/2022\/12\/thumbnail-4-172x300.jpg 172w, https:\/\/www.correspondentevianopolino.com.br\/site\/wp-content\/uploads\/2022\/12\/thumbnail-4-465x813.jpg 465w, https:\/\/www.correspondentevianopolino.com.br\/site\/wp-content\/uploads\/2022\/12\/thumbnail-4-177x310.jpg 177w, https:\/\/www.correspondentevianopolino.com.br\/site\/wp-content\/uploads\/2022\/12\/thumbnail-4-122x213.jpg 122w, https:\/\/www.correspondentevianopolino.com.br\/site\/wp-content\/uploads\/2022\/12\/thumbnail-4-117x204.jpg 117w, https:\/\/www.correspondentevianopolino.com.br\/site\/wp-content\/uploads\/2022\/12\/thumbnail-4-109x190.jpg 109w, https:\/\/www.correspondentevianopolino.com.br\/site\/wp-content\/uploads\/2022\/12\/thumbnail-4.jpg 732w\" sizes=\"(max-width: 586px) 100vw, 586px\" \/><\/figure>\n\n\n\n<p>Dentro de 10 dias, os vereadores de Vian\u00f3polis v\u00e3o eleger o novo Presidente da C\u00e2mara Municipal, que exercer\u00e1 um mandato de 2 anos (2023\/2024).<\/p>\n\n\n\n<p>Dos 9 vereadores, apenas o atual Presidente, Vereador Edson do Sal\u00e3o, n\u00e3o pode se candidatar, uma vez que o regimento do Legislativo n\u00e3o permite reelei\u00e7\u00e3o. <\/p>\n\n\n\n<p>Assim sendo, 8 vereadores podem se candidatar. No entanto, pelo que apurou nossa reportagem, at\u00e9 o momento apenas 2 manifestaram interesse de se candidatar.<\/p>\n\n\n\n<p>A Vereadora Maria Abadia informou, recentemente, \u00e0 nossa reportagem, que \u00e9 candidata a Presidente da C\u00e2mara Municipal. Ela j\u00e1 presidiu o Legislativo Vianopolino.<\/p>\n\n\n\n<p>O outro que poder\u00e1 se candidatar \u00e9 o Vereador Jo\u00e3o Ga\u00facho. Tempos atr\u00e1s, ele tamb\u00e9m informou \u00e0 nossa reportagem que tinha interesse em se candidatar.<\/p>\n\n\n\n<p>Agora, \u00e9 aguardar para saber se teremos disputa no pleito para a Presid\u00eancia da C\u00e2mara Municipal ou se Maria Abadia ser\u00e1 candidata \u00fanica.<\/p>\n\n\n\n<p class=\"has-text-align-center\"><strong>NOTA DA REDA\u00c7\u00c3O: O ESPA\u00c7O SE ENCONTRA ABERTO CASO ALGUM OUTRO VEREADOR QUEIRA SE MANIFESTAR SOBRE INTEN\u00c7\u00c3O DE TAMB\u00c9M SE CANDIDATAR.<\/strong><\/p>\n\n\n<figure class=\"wp-block-post-featured-image\"><img decoding=\"async\" width=\"399\" height=\"115\" src=\"https:\/\/www.correspondentevianopolino.com.br\/site\/wp-content\/uploads\/2022\/12\/images-1.jpg\" class=\"attachment-post-thumbnail size-post-thumbnail wp-post-image\" alt=\"\" style=\"object-fit:cover;\" srcset=\"https:\/\/www.correspondentevianopolino.com.br\/site\/wp-content\/uploads\/2022\/12\/images-1.jpg 399w, https:\/\/www.correspondentevianopolino.com.br\/site\/wp-content\/uploads\/2022\/12\/images-1-300x86.jpg 300w, https:\/\/www.correspondentevianopolino.com.br\/site\/wp-content\/uploads\/2022\/12\/images-1-327x94.jpg 327w, https:\/\/www.correspondentevianopolino.com.br\/site\/wp-content\/uploads\/2022\/12\/images-1-389x112.jpg 389w, https:\/\/www.correspondentevianopolino.com.br\/site\/wp-content\/uploads\/2022\/12\/images-1-260x75.jpg 260w\" sizes=\"(max-width: 399px) 100vw, 399px\" \/><\/figure>","protected":false},"excerpt":{"rendered":"<p>Dentro de 10 dias, os vereadores de Vian\u00f3polis v\u00e3o eleger o novo Presidente da C\u00e2mara Municipal, que exercer\u00e1 um mandato [&hellip;]<\/p>\n","protected":false},"author":2,"featured_media":81741,"comment_status":"open","ping_status":"closed","sticky":false,"template":"","format":"standard","meta":{"_uag_custom_page_level_css":"","site-sidebar-layout":"default","site-content-layout":"","ast-site-content-layout":"default","site-content-style":"default","site-sidebar-style":"default","ast-global-header-display":"","ast-banner-title-visibility":"","ast-main-header-display":"","ast-hfb-above-header-display":"","ast-hfb-below-header-display":"","ast-hfb-mobile-header-display":"","site-post-title":"","ast-breadcrumbs-content":"","ast-featured-img":"","footer-sml-layout":"","ast-disable-related-posts":"","theme-transparent-header-meta":"","adv-header-id-meta":"","stick-header-meta":"","header-above-stick-meta":"","header-main-stick-meta":"","header-below-stick-meta":"","astra-migrate-meta-layouts":"default","ast-page-background-enabled":"default","ast-page-background-meta":{"desktop":{"background-color":"var(--ast-global-color-4)","background-image":"","background-repeat":"repeat","background-position":"center center","background-size":"auto","background-attachment":"scroll","background-type":"","background-media":"","overlay-type":"","overlay-color":"","overlay-opacity":"","overlay-gradient":""},"tablet":{"background-color":"","background-image":"","background-repeat":"repeat","background-position":"center center","background-size":"auto","background-attachment":"scroll","background-type":"","background-media":"","overlay-type":"","overlay-color":"","overlay-opacity":"","overlay-gradient":""},"mobile":{"background-color":"","background-image":"","background-repeat":"repeat","background-position":"center center","background-size":"auto","background-attachment":"scroll","background-type":"","background-media":"","overlay-type":"","overlay-color":"","overlay-opacity":"","overlay-gradient":""}},"ast-content-background-meta":{"desktop":{"background-color":"var(--ast-global-color-5)","background-image":"","background-repeat":"repeat","background-position":"center center","background-size":"auto","background-attachment":"scroll","background-type":"","background-media":"","overlay-type":"","overlay-color":"","overlay-opacity":"","overlay-gradient":""},"tablet":{"background-color":"var(--ast-global-color-5)","background-image":"","background-repeat":"repeat","background-position":"center center","background-size":"auto","background-attachment":"scroll","background-type":"","background-media":"","overlay-type":"","overlay-color":"","overlay-opacity":"","overlay-gradient":""},"mobile":{"background-color":"var(--ast-global-color-5)","background-image":"","background-repeat":"repeat","background-position":"center center","background-size":"auto","background-attachment":"scroll","background-type":"","background-media":"","overlay-type":"","overlay-color":"","overlay-opacity":"","overlay-gradient":""}},"footnotes":""},"categories":[1],"tags":[],"class_list":["post-81740","post","type-post","status-publish","format-standard","has-post-thumbnail","hentry","category-ultimas","ColorsTitles-ff3700"],"uagb_featured_image_src":{"full":["https:\/\/www.correspondentevianopolino.com.br\/site\/wp-content\/uploads\/2022\/12\/images-1.jpg",399,115,false],"thumbnail":["https:\/\/www.correspondentevianopolino.com.br\/site\/wp-content\/uploads\/2022\/12\/images-1.jpg",399,115,false],"medium":["https:\/\/www.correspondentevianopolino.com.br\/site\/wp-content\/uploads\/2022\/12\/images-1-300x86.jpg",300,86,true],"medium_large":["https:\/\/www.correspondentevianopolino.com.br\/site\/wp-content\/uploads\/2022\/12\/images-1.jpg",399,115,false],"large":["https:\/\/www.correspondentevianopolino.com.br\/site\/wp-content\/uploads\/2022\/12\/images-1.jpg",399,115,false],"1536x1536":["https:\/\/www.correspondentevianopolino.com.br\/site\/wp-content\/uploads\/2022\/12\/images-1.jpg",399,115,false],"2048x2048":["https:\/\/www.correspondentevianopolino.com.br\/site\/wp-content\/uploads\/2022\/12\/images-1.jpg",399,115,false]},"uagb_author_info":{"display_name":"Ol\u00edvio Lemos","author_link":"https:\/\/www.correspondentevianopolino.com.br\/site\/author\/olivio\/"},"uagb_comment_info":7,"uagb_excerpt":"Dentro de 10 dias, os vereadores de Vian\u00f3polis v\u00e3o eleger o novo Presidente da C\u00e2mara Municipal, que exercer\u00e1 um mandato [&hellip;]","_links":{"self":[{"href":"https:\/\/www.correspondentevianopolino.com.br\/site\/wp-json\/wp\/v2\/posts\/81740","targetHints":{"allow":["GET"]}}],"collection":[{"href":"https:\/\/www.correspondentevianopolino.com.br\/site\/wp-json\/wp\/v2\/posts"}],"about":[{"href":"https:\/\/www.correspondentevianopolino.com.br\/site\/wp-json\/wp\/v2\/types\/post"}],"author":[{"embeddable":true,"href":"https:\/\/www.correspondentevianopolino.com.br\/site\/wp-json\/wp\/v2\/users\/2"}],"replies":[{"embeddable":true,"href":"https:\/\/www.correspondentevianopolino.com.br\/site\/wp-json\/wp\/v2\/comments?post=81740"}],"version-history":[{"count":0,"href":"https:\/\/www.correspondentevianopolino.com.br\/site\/wp-json\/wp\/v2\/posts\/81740\/revisions"}],"wp:featuredmedia":[{"embeddable":true,"href":"https:\/\/www.correspondentevianopolino.com.br\/site\/wp-json\/wp\/v2\/media\/81741"}],"wp:attachment":[{"href":"https:\/\/www.correspondentevianopolino.com.br\/site\/wp-json\/wp\/v2\/media?parent=81740"}],"wp:term":[{"taxonomy":"category","embeddable":true,"href":"https:\/\/www.correspondentevianopolino.com.br\/site\/wp-json\/wp\/v2\/categories?post=81740"},{"taxonomy":"post_tag","embeddable":true,"href":"https:\/\/www.correspondentevianopolino.com.br\/site\/wp-json\/wp\/v2\/tags?post=81740"}],"curies":[{"name":"wp","href":"https:\/\/api.w.org\/{rel}","templated":true}]}}