{"id":81744,"date":"2022-12-11T23:49:41","date_gmt":"2022-12-12T02:49:41","guid":{"rendered":"https:\/\/www.correspondentevianopolino.com.br\/site\/?p=81744"},"modified":"2022-12-20T15:49:35","modified_gmt":"2022-12-20T18:49:35","slug":"na-2a-fala-da-serie-de-entrevistas-sobre-abusos-sexuais-contra-criancas-promotor-diz-que-algumas-criancas-se-sentem-culpadas-pelo-que-esta-acontecendo","status":"publish","type":"post","link":"https:\/\/www.correspondentevianopolino.com.br\/site\/na-2a-fala-da-serie-de-entrevistas-sobre-abusos-sexuais-contra-criancas-promotor-diz-que-algumas-criancas-se-sentem-culpadas-pelo-que-esta-acontecendo\/","title":{"rendered":"NA 2\u00aa FALA DA S\u00c9RIE DE ENTREVISTAS SOBRE ABUSOS SEXUAIS CONTRA CRIAN\u00c7AS, PROMOTOR DIZ QUE ALGUMAS CRIAN\u00c7AS SE SENTEM CULPADAS PELO QUE EST\u00c1 ACONTECENDO"},"content":{"rendered":"\n<p>Vamos apresentar amanh\u00e3, 12\/12, nas edi\u00e7\u00f5es do Correspondente Vianopolino pelas R\u00e1dios L\u00edder FM e Rio Vermelho FM, a segunda s\u00e9rie de entrevistas em que o Promotor de Justi\u00e7a Lucas C\u00e9sar Costa Ferreira abordou os casos de abusos sexuais contra crian\u00e7as e adolescentes em Vian\u00f3polis. Ele est\u00e1 preocupado com o crescente n\u00famero de casos no munic\u00edpio de Vian\u00f3polis.<\/p>\n\n\n\n<p>Na entrevista de amanh\u00e3, ele vai falar que, infelizmente, algumas crian\u00e7as se sentem culpadas pelos abusos sofridos, tamanho \u00e9 o trauma sentido por elas.<\/p>\n\n\n\n<p>Na entrevista, Lucas C\u00e9sar disse que as professoras dos estabelecimentos de ensino de Vian\u00f3polis tem sido importantes na descoberta de casos e sempre apresentam den\u00fancias aos \u00f3rg\u00e3os de prote\u00e7\u00e3o \u00e0s crian\u00e7as e aos adolescentes.<\/p>\n\n\n\n<p><strong>AMANH\u00c3, 12\/12, \u00c0S 07H35,  NA RESENHA MATINAL DA R\u00c1DIO RIO VERMELHO FM, NO GIRO DA NOT\u00cdCIA, TAMB\u00c9M PELA R\u00c1DIO RIO VERMELHO FM, E DAS 11H \u00c0S 11H30 PELA R\u00c1DIO L\u00cdDER FM, OU\u00c7A A SEGUNDA DA S\u00c9RIE DE ENTREVISTAS COM O PROMOTOR LUCAS C\u00c9SAR COSTA FERREIRA.<\/strong><\/p>\n\n\n<figure class=\"wp-block-post-featured-image\"><img decoding=\"async\" width=\"1420\" height=\"888\" src=\"https:\/\/www.correspondentevianopolino.com.br\/site\/wp-content\/uploads\/2022\/12\/violencia-sexual-contra-criancas.jpg\" class=\"attachment-post-thumbnail size-post-thumbnail wp-post-image\" alt=\"\" style=\"object-fit:cover;\" srcset=\"https:\/\/www.correspondentevianopolino.com.br\/site\/wp-content\/uploads\/2022\/12\/violencia-sexual-contra-criancas.jpg 1420w, https:\/\/www.correspondentevianopolino.com.br\/site\/wp-content\/uploads\/2022\/12\/violencia-sexual-contra-criancas-300x188.jpg 300w, https:\/\/www.correspondentevianopolino.com.br\/site\/wp-content\/uploads\/2022\/12\/violencia-sexual-contra-criancas-1024x640.jpg 1024w, https:\/\/www.correspondentevianopolino.com.br\/site\/wp-content\/uploads\/2022\/12\/violencia-sexual-contra-criancas-465x291.jpg 465w, https:\/\/www.correspondentevianopolino.com.br\/site\/wp-content\/uploads\/2022\/12\/violencia-sexual-contra-criancas-768x480.jpg 768w, https:\/\/www.correspondentevianopolino.com.br\/site\/wp-content\/uploads\/2022\/12\/violencia-sexual-contra-criancas-327x204.jpg 327w, https:\/\/www.correspondentevianopolino.com.br\/site\/wp-content\/uploads\/2022\/12\/violencia-sexual-contra-criancas-326x204.jpg 326w, https:\/\/www.correspondentevianopolino.com.br\/site\/wp-content\/uploads\/2022\/12\/violencia-sexual-contra-criancas-260x163.jpg 260w\" sizes=\"(max-width: 1420px) 100vw, 1420px\" \/><\/figure>\n\n\n<p><\/p>\n","protected":false},"excerpt":{"rendered":"<p>Vamos apresentar amanh\u00e3, 12\/12, nas edi\u00e7\u00f5es do Correspondente Vianopolino pelas R\u00e1dios L\u00edder FM e Rio Vermelho FM, a segunda s\u00e9rie [&hellip;]<\/p>\n","protected":false},"author":2,"featured_media":81745,"comment_status":"open","ping_status":"closed","sticky":false,"template":"","format":"standard","meta":{"_uag_custom_page_level_css":"","site-sidebar-layout":"default","site-content-layout":"","ast-site-content-layout":"default","site-content-style":"default","site-sidebar-style":"default","ast-global-header-display":"","ast-banner-title-visibility":"","ast-main-header-display":"","ast-hfb-above-header-display":"","ast-hfb-below-header-display":"","ast-hfb-mobile-header-display":"","site-post-title":"","ast-breadcrumbs-content":"","ast-featured-img":"","footer-sml-layout":"","ast-disable-related-posts":"","theme-transparent-header-meta":"","adv-header-id-meta":"","stick-header-meta":"","header-above-stick-meta":"","header-main-stick-meta":"","header-below-stick-meta":"","astra-migrate-meta-layouts":"default","ast-page-background-enabled":"default","ast-page-background-meta":{"desktop":{"background-color":"var(--ast-global-color-4)","background-image":"","background-repeat":"repeat","background-position":"center center","background-size":"auto","background-attachment":"scroll","background-type":"","background-media":"","overlay-type":"","overlay-color":"","overlay-opacity":"","overlay-gradient":""},"tablet":{"background-color":"","background-image":"","background-repeat":"repeat","background-position":"center center","background-size":"auto","background-attachment":"scroll","background-type":"","background-media":"","overlay-type":"","overlay-color":"","overlay-opacity":"","overlay-gradient":""},"mobile":{"background-color":"","background-image":"","background-repeat":"repeat","background-position":"center center","background-size":"auto","background-attachment":"scroll","background-type":"","background-media":"","overlay-type":"","overlay-color":"","overlay-opacity":"","overlay-gradient":""}},"ast-content-background-meta":{"desktop":{"background-color":"var(--ast-global-color-5)","background-image":"","background-repeat":"repeat","background-position":"center center","background-size":"auto","background-attachment":"scroll","background-type":"","background-media":"","overlay-type":"","overlay-color":"","overlay-opacity":"","overlay-gradient":""},"tablet":{"background-color":"var(--ast-global-color-5)","background-image":"","background-repeat":"repeat","background-position":"center center","background-size":"auto","background-attachment":"scroll","background-type":"","background-media":"","overlay-type":"","overlay-color":"","overlay-opacity":"","overlay-gradient":""},"mobile":{"background-color":"var(--ast-global-color-5)","background-image":"","background-repeat":"repeat","background-position":"center center","background-size":"auto","background-attachment":"scroll","background-type":"","background-media":"","overlay-type":"","overlay-color":"","overlay-opacity":"","overlay-gradient":""}},"footnotes":""},"categories":[1],"tags":[],"class_list":["post-81744","post","type-post","status-publish","format-standard","has-post-thumbnail","hentry","category-ultimas","ColorsTitles-7e06bf"],"uagb_featured_image_src":{"full":["https:\/\/www.correspondentevianopolino.com.br\/site\/wp-content\/uploads\/2022\/12\/violencia-sexual-contra-criancas.jpg",1420,888,false],"thumbnail":["https:\/\/www.correspondentevianopolino.com.br\/site\/wp-content\/uploads\/2022\/12\/violencia-sexual-contra-criancas-465x291.jpg",465,291,true],"medium":["https:\/\/www.correspondentevianopolino.com.br\/site\/wp-content\/uploads\/2022\/12\/violencia-sexual-contra-criancas-300x188.jpg",300,188,true],"medium_large":["https:\/\/www.correspondentevianopolino.com.br\/site\/wp-content\/uploads\/2022\/12\/violencia-sexual-contra-criancas-768x480.jpg",768,480,true],"large":["https:\/\/www.correspondentevianopolino.com.br\/site\/wp-content\/uploads\/2022\/12\/violencia-sexual-contra-criancas-1024x640.jpg",1024,640,true],"1536x1536":["https:\/\/www.correspondentevianopolino.com.br\/site\/wp-content\/uploads\/2022\/12\/violencia-sexual-contra-criancas.jpg",1420,888,false],"2048x2048":["https:\/\/www.correspondentevianopolino.com.br\/site\/wp-content\/uploads\/2022\/12\/violencia-sexual-contra-criancas.jpg",1420,888,false]},"uagb_author_info":{"display_name":"Ol\u00edvio Lemos","author_link":"https:\/\/www.correspondentevianopolino.com.br\/site\/author\/olivio\/"},"uagb_comment_info":1,"uagb_excerpt":"Vamos apresentar amanh\u00e3, 12\/12, nas edi\u00e7\u00f5es do Correspondente Vianopolino pelas R\u00e1dios L\u00edder FM e Rio Vermelho FM, a segunda s\u00e9rie [&hellip;]","_links":{"self":[{"href":"https:\/\/www.correspondentevianopolino.com.br\/site\/wp-json\/wp\/v2\/posts\/81744","targetHints":{"allow":["GET"]}}],"collection":[{"href":"https:\/\/www.correspondentevianopolino.com.br\/site\/wp-json\/wp\/v2\/posts"}],"about":[{"href":"https:\/\/www.correspondentevianopolino.com.br\/site\/wp-json\/wp\/v2\/types\/post"}],"author":[{"embeddable":true,"href":"https:\/\/www.correspondentevianopolino.com.br\/site\/wp-json\/wp\/v2\/users\/2"}],"replies":[{"embeddable":true,"href":"https:\/\/www.correspondentevianopolino.com.br\/site\/wp-json\/wp\/v2\/comments?post=81744"}],"version-history":[{"count":0,"href":"https:\/\/www.correspondentevianopolino.com.br\/site\/wp-json\/wp\/v2\/posts\/81744\/revisions"}],"wp:featuredmedia":[{"embeddable":true,"href":"https:\/\/www.correspondentevianopolino.com.br\/site\/wp-json\/wp\/v2\/media\/81745"}],"wp:attachment":[{"href":"https:\/\/www.correspondentevianopolino.com.br\/site\/wp-json\/wp\/v2\/media?parent=81744"}],"wp:term":[{"taxonomy":"category","embeddable":true,"href":"https:\/\/www.correspondentevianopolino.com.br\/site\/wp-json\/wp\/v2\/categories?post=81744"},{"taxonomy":"post_tag","embeddable":true,"href":"https:\/\/www.correspondentevianopolino.com.br\/site\/wp-json\/wp\/v2\/tags?post=81744"}],"curies":[{"name":"wp","href":"https:\/\/api.w.org\/{rel}","templated":true}]}}