{"id":81783,"date":"2022-12-12T14:13:18","date_gmt":"2022-12-12T17:13:18","guid":{"rendered":"https:\/\/www.correspondentevianopolino.com.br\/site\/?p=81783"},"modified":"2022-12-20T15:54:38","modified_gmt":"2022-12-20T18:54:38","slug":"prefeitura-de-vianopolis-divulga-nota-de-esclarecimento-sobre-ponte-que-serve-moradores-do-calvo-rio-dos-bois-e-adjacencias","status":"publish","type":"post","link":"https:\/\/www.correspondentevianopolino.com.br\/site\/prefeitura-de-vianopolis-divulga-nota-de-esclarecimento-sobre-ponte-que-serve-moradores-do-calvo-rio-dos-bois-e-adjacencias\/","title":{"rendered":"PREFEITURA DE VIAN\u00d3POLIS DIVULGA NOTA DE ESCLARECIMENTO SOBRE PONTE QUE SERVE MORADORES DO CALVO, RIO DOS BOIS E ADJAC\u00caNCIAS"},"content":{"rendered":"\n<figure class=\"wp-block-image size-large\"><img decoding=\"async\" width=\"586\" height=\"1024\" src=\"https:\/\/www.correspondentevianopolino.com.br\/site\/wp-content\/uploads\/2022\/12\/thumbnail-4-586x1024.jpg\" alt=\"\" class=\"wp-image-81704\" srcset=\"https:\/\/www.correspondentevianopolino.com.br\/site\/wp-content\/uploads\/2022\/12\/thumbnail-4-586x1024.jpg 586w, https:\/\/www.correspondentevianopolino.com.br\/site\/wp-content\/uploads\/2022\/12\/thumbnail-4-172x300.jpg 172w, https:\/\/www.correspondentevianopolino.com.br\/site\/wp-content\/uploads\/2022\/12\/thumbnail-4-465x813.jpg 465w, https:\/\/www.correspondentevianopolino.com.br\/site\/wp-content\/uploads\/2022\/12\/thumbnail-4-177x310.jpg 177w, https:\/\/www.correspondentevianopolino.com.br\/site\/wp-content\/uploads\/2022\/12\/thumbnail-4-122x213.jpg 122w, https:\/\/www.correspondentevianopolino.com.br\/site\/wp-content\/uploads\/2022\/12\/thumbnail-4-117x204.jpg 117w, https:\/\/www.correspondentevianopolino.com.br\/site\/wp-content\/uploads\/2022\/12\/thumbnail-4-109x190.jpg 109w, https:\/\/www.correspondentevianopolino.com.br\/site\/wp-content\/uploads\/2022\/12\/thumbnail-4.jpg 732w\" sizes=\"(max-width: 586px) 100vw, 586px\" \/><\/figure>\n\n\n\n<p class=\"has-text-align-center\"><strong>Foi enviada \u00e0 nossa reportagem, pela DIRETORIA DE COMUNICA\u00c7\u00c3O E EVENTOS, nota oficial da Prefeitura Municipal sobre a ponte situada na regi\u00e3o do Rio dos Bois.<\/strong><\/p>\n\n\n\n<p class=\"has-text-align-center\"><strong>Abaixo, divulgamos a nota na \u00edntegra:<\/strong><\/p>\n\n\n\n<p><\/p>\n\n\n\n<p class=\"has-text-align-center\"><strong>NOTA DE ESCLARECIMENTO<\/strong><\/p>\n\n\n\n<p>O Governo de Vian\u00f3polis, por meio da Secretaria de Infraestrutura e Obras esclarece sobre a real e verdadeira situa\u00e7\u00e3o da ponte do Rio dos Bois, na divisa de Vian\u00f3polis e Silv\u00e2nia, regi\u00e3o do Calvo.<\/p>\n\n\n\n<p>H\u00e1 alguns dias tivemos conhecimento sobre as condi\u00e7\u00f5es da ponte do Rio dos Bois. Prontamente, o prefeito Samuel Cotrim pediu para que a equipe da Secretaria de Infraestura e Obras e Departamento de Engenharia fossem at\u00e9 o local fazer uma inspe\u00e7\u00e3o. Ap\u00f3s a inspe\u00e7\u00e3o, constatou-se que a ponte n\u00e3o teria condi\u00e7\u00f5es de reforma e que o melhor seria a constru\u00e7\u00e3o de uma nova ponte. Com isso foi comunicado a todos os moradores pr\u00f3ximos, principalmente os moradores do munic\u00edpio de Silv\u00e2nia, que n\u00e3o utilizassem a referida ponte. Salientamos que assim que recebido o laudo de inspe\u00e7\u00e3o, nossos ve\u00edculos de transporte escolar pararam de imediato a passagem pela ponte.<\/p>\n\n\n\n<p>Como foi decidido que o melhor seria a constru\u00e7\u00e3o de uma nova ponte, o prefeito Samuel Cotrim determinou ao Departamento de Engenharia que fosse feito os projetos e que em seguida seguiria para a Superintend\u00eancia de Licita\u00e7\u00e3o, para que fosse montado o certame o quanto antes, e assim viabilizar a contrata\u00e7\u00e3o de empresa especializada na constru\u00e7\u00e3o da ponte.<\/p>\n\n\n\n<p>O certame aconteceu no \u00faltimo dia 07 de dezembro de 2022, e ainda est\u00e1 em prazo de recurso e em tramita\u00e7\u00e3o, a partir da\u00ed segue para a ordem de servi\u00e7o.<\/p>\n\n\n\n<p>Em rela\u00e7\u00e3o a mat\u00e9ria publicada em um site de Vian\u00f3polis, na qual um uniport quase caiu na referida Ponte, esclarecemos que o cidad\u00e3o respons\u00e1vel pelo equipamento foi comunicado h\u00e1 algum tempo sobre os riscos em passar equipamentos pesados no local e que de forma IRRESPONS\u00c1VEL colocaria em risco a vida de pessoas. Felizmente e gra\u00e7as ao nosso bom Deus, nada de grave aconteceu com nenhum cidad\u00e3o.<\/p>\n\n\n\n<p>Sendo assim, o prefeito Samuel Cotrim determinou a n\u00e3o utiliza\u00e7\u00e3o desta ponte, inclusive com a coloca\u00e7\u00e3o de placas proibindo o tr\u00e1fego na mesma.<\/p>\n\n\n\n<figure class=\"wp-block-image size-large\"><img decoding=\"async\" width=\"576\" height=\"1024\" src=\"https:\/\/www.correspondentevianopolino.com.br\/site\/wp-content\/uploads\/2022\/12\/IMG-20221212-WA0381-576x1024.jpg\" alt=\"\" class=\"wp-image-81796\" srcset=\"https:\/\/www.correspondentevianopolino.com.br\/site\/wp-content\/uploads\/2022\/12\/IMG-20221212-WA0381-576x1024.jpg 576w, https:\/\/www.correspondentevianopolino.com.br\/site\/wp-content\/uploads\/2022\/12\/IMG-20221212-WA0381-169x300.jpg 169w, https:\/\/www.correspondentevianopolino.com.br\/site\/wp-content\/uploads\/2022\/12\/IMG-20221212-WA0381-465x827.jpg 465w, https:\/\/www.correspondentevianopolino.com.br\/site\/wp-content\/uploads\/2022\/12\/IMG-20221212-WA0381-174x310.jpg 174w, https:\/\/www.correspondentevianopolino.com.br\/site\/wp-content\/uploads\/2022\/12\/IMG-20221212-WA0381-120x213.jpg 120w, https:\/\/www.correspondentevianopolino.com.br\/site\/wp-content\/uploads\/2022\/12\/IMG-20221212-WA0381-115x204.jpg 115w, https:\/\/www.correspondentevianopolino.com.br\/site\/wp-content\/uploads\/2022\/12\/IMG-20221212-WA0381-107x190.jpg 107w, https:\/\/www.correspondentevianopolino.com.br\/site\/wp-content\/uploads\/2022\/12\/IMG-20221212-WA0381.jpg 720w\" sizes=\"(max-width: 576px) 100vw, 576px\" \/><\/figure>\n\n\n<figure class=\"wp-block-post-featured-image\"><img decoding=\"async\" width=\"1080\" height=\"1080\" src=\"https:\/\/www.correspondentevianopolino.com.br\/site\/wp-content\/uploads\/2022\/12\/thumbnail-28.jpg\" class=\"attachment-post-thumbnail size-post-thumbnail wp-post-image\" alt=\"\" style=\"object-fit:cover;\" srcset=\"https:\/\/www.correspondentevianopolino.com.br\/site\/wp-content\/uploads\/2022\/12\/thumbnail-28.jpg 1080w, https:\/\/www.correspondentevianopolino.com.br\/site\/wp-content\/uploads\/2022\/12\/thumbnail-28-300x300.jpg 300w, https:\/\/www.correspondentevianopolino.com.br\/site\/wp-content\/uploads\/2022\/12\/thumbnail-28-1024x1024.jpg 1024w, https:\/\/www.correspondentevianopolino.com.br\/site\/wp-content\/uploads\/2022\/12\/thumbnail-28-465x465.jpg 465w, https:\/\/www.correspondentevianopolino.com.br\/site\/wp-content\/uploads\/2022\/12\/thumbnail-28-768x768.jpg 768w, https:\/\/www.correspondentevianopolino.com.br\/site\/wp-content\/uploads\/2022\/12\/thumbnail-28-310x310.jpg 310w, https:\/\/www.correspondentevianopolino.com.br\/site\/wp-content\/uploads\/2022\/12\/thumbnail-28-213x213.jpg 213w, https:\/\/www.correspondentevianopolino.com.br\/site\/wp-content\/uploads\/2022\/12\/thumbnail-28-204x204.jpg 204w, https:\/\/www.correspondentevianopolino.com.br\/site\/wp-content\/uploads\/2022\/12\/thumbnail-28-190x190.jpg 190w\" sizes=\"(max-width: 1080px) 100vw, 1080px\" \/><\/figure>\n\n","protected":false},"excerpt":{"rendered":"<p>Foi enviada \u00e0 nossa reportagem, pela DIRETORIA DE COMUNICA\u00c7\u00c3O E EVENTOS, nota oficial da Prefeitura Municipal sobre a ponte situada [&hellip;]<\/p>\n","protected":false},"author":2,"featured_media":81784,"comment_status":"open","ping_status":"closed","sticky":false,"template":"","format":"standard","meta":{"_uag_custom_page_level_css":"","site-sidebar-layout":"default","site-content-layout":"","ast-site-content-layout":"default","site-content-style":"default","site-sidebar-style":"default","ast-global-header-display":"","ast-banner-title-visibility":"","ast-main-header-display":"","ast-hfb-above-header-display":"","ast-hfb-below-header-display":"","ast-hfb-mobile-header-display":"","site-post-title":"","ast-breadcrumbs-content":"","ast-featured-img":"","footer-sml-layout":"","ast-disable-related-posts":"","theme-transparent-header-meta":"","adv-header-id-meta":"","stick-header-meta":"","header-above-stick-meta":"","header-main-stick-meta":"","header-below-stick-meta":"","astra-migrate-meta-layouts":"default","ast-page-background-enabled":"default","ast-page-background-meta":{"desktop":{"background-color":"var(--ast-global-color-4)","background-image":"","background-repeat":"repeat","background-position":"center center","background-size":"auto","background-attachment":"scroll","background-type":"","background-media":"","overlay-type":"","overlay-color":"","overlay-opacity":"","overlay-gradient":""},"tablet":{"background-color":"","background-image":"","background-repeat":"repeat","background-position":"center center","background-size":"auto","background-attachment":"scroll","background-type":"","background-media":"","overlay-type":"","overlay-color":"","overlay-opacity":"","overlay-gradient":""},"mobile":{"background-color":"","background-image":"","background-repeat":"repeat","background-position":"center center","background-size":"auto","background-attachment":"scroll","background-type":"","background-media":"","overlay-type":"","overlay-color":"","overlay-opacity":"","overlay-gradient":""}},"ast-content-background-meta":{"desktop":{"background-color":"var(--ast-global-color-5)","background-image":"","background-repeat":"repeat","background-position":"center center","background-size":"auto","background-attachment":"scroll","background-type":"","background-media":"","overlay-type":"","overlay-color":"","overlay-opacity":"","overlay-gradient":""},"tablet":{"background-color":"var(--ast-global-color-5)","background-image":"","background-repeat":"repeat","background-position":"center center","background-size":"auto","background-attachment":"scroll","background-type":"","background-media":"","overlay-type":"","overlay-color":"","overlay-opacity":"","overlay-gradient":""},"mobile":{"background-color":"var(--ast-global-color-5)","background-image":"","background-repeat":"repeat","background-position":"center center","background-size":"auto","background-attachment":"scroll","background-type":"","background-media":"","overlay-type":"","overlay-color":"","overlay-opacity":"","overlay-gradient":""}},"footnotes":""},"categories":[1],"tags":[],"class_list":["post-81783","post","type-post","status-publish","format-standard","has-post-thumbnail","hentry","category-ultimas"],"uagb_featured_image_src":{"full":["https:\/\/www.correspondentevianopolino.com.br\/site\/wp-content\/uploads\/2022\/12\/thumbnail-28.jpg",1080,1080,false],"thumbnail":["https:\/\/www.correspondentevianopolino.com.br\/site\/wp-content\/uploads\/2022\/12\/thumbnail-28-465x465.jpg",465,465,true],"medium":["https:\/\/www.correspondentevianopolino.com.br\/site\/wp-content\/uploads\/2022\/12\/thumbnail-28-300x300.jpg",300,300,true],"medium_large":["https:\/\/www.correspondentevianopolino.com.br\/site\/wp-content\/uploads\/2022\/12\/thumbnail-28-768x768.jpg",768,768,true],"large":["https:\/\/www.correspondentevianopolino.com.br\/site\/wp-content\/uploads\/2022\/12\/thumbnail-28-1024x1024.jpg",675,675,true],"1536x1536":["https:\/\/www.correspondentevianopolino.com.br\/site\/wp-content\/uploads\/2022\/12\/thumbnail-28.jpg",1080,1080,false],"2048x2048":["https:\/\/www.correspondentevianopolino.com.br\/site\/wp-content\/uploads\/2022\/12\/thumbnail-28.jpg",1080,1080,false]},"uagb_author_info":{"display_name":"Ol\u00edvio Lemos","author_link":"https:\/\/www.correspondentevianopolino.com.br\/site\/author\/olivio\/"},"uagb_comment_info":6,"uagb_excerpt":"Foi enviada \u00e0 nossa reportagem, pela DIRETORIA DE COMUNICA\u00c7\u00c3O E EVENTOS, nota oficial da Prefeitura Municipal sobre a ponte situada [&hellip;]","_links":{"self":[{"href":"https:\/\/www.correspondentevianopolino.com.br\/site\/wp-json\/wp\/v2\/posts\/81783","targetHints":{"allow":["GET"]}}],"collection":[{"href":"https:\/\/www.correspondentevianopolino.com.br\/site\/wp-json\/wp\/v2\/posts"}],"about":[{"href":"https:\/\/www.correspondentevianopolino.com.br\/site\/wp-json\/wp\/v2\/types\/post"}],"author":[{"embeddable":true,"href":"https:\/\/www.correspondentevianopolino.com.br\/site\/wp-json\/wp\/v2\/users\/2"}],"replies":[{"embeddable":true,"href":"https:\/\/www.correspondentevianopolino.com.br\/site\/wp-json\/wp\/v2\/comments?post=81783"}],"version-history":[{"count":0,"href":"https:\/\/www.correspondentevianopolino.com.br\/site\/wp-json\/wp\/v2\/posts\/81783\/revisions"}],"wp:featuredmedia":[{"embeddable":true,"href":"https:\/\/www.correspondentevianopolino.com.br\/site\/wp-json\/wp\/v2\/media\/81784"}],"wp:attachment":[{"href":"https:\/\/www.correspondentevianopolino.com.br\/site\/wp-json\/wp\/v2\/media?parent=81783"}],"wp:term":[{"taxonomy":"category","embeddable":true,"href":"https:\/\/www.correspondentevianopolino.com.br\/site\/wp-json\/wp\/v2\/categories?post=81783"},{"taxonomy":"post_tag","embeddable":true,"href":"https:\/\/www.correspondentevianopolino.com.br\/site\/wp-json\/wp\/v2\/tags?post=81783"}],"curies":[{"name":"wp","href":"https:\/\/api.w.org\/{rel}","templated":true}]}}