{"id":81800,"date":"2022-12-13T08:27:57","date_gmt":"2022-12-13T11:27:57","guid":{"rendered":"https:\/\/www.correspondentevianopolino.com.br\/site\/?p=81800"},"modified":"2022-12-20T15:56:19","modified_gmt":"2022-12-20T18:56:19","slug":"falece-16","status":"publish","type":"post","link":"https:\/\/www.correspondentevianopolino.com.br\/site\/falece-16\/","title":{"rendered":"VIANOPOLINO FALECE AP\u00d3S V\u00c1RIOS DIAS INTERNADO NO HDT DE GOI\u00c2NIA"},"content":{"rendered":"\n<figure class=\"wp-block-image size-large\"><img decoding=\"async\" width=\"586\" height=\"1024\" src=\"https:\/\/www.correspondentevianopolino.com.br\/site\/wp-content\/uploads\/2022\/12\/thumbnail-4-1-586x1024.jpg\" alt=\"\" class=\"wp-image-81799\" srcset=\"https:\/\/www.correspondentevianopolino.com.br\/site\/wp-content\/uploads\/2022\/12\/thumbnail-4-1-586x1024.jpg 586w, https:\/\/www.correspondentevianopolino.com.br\/site\/wp-content\/uploads\/2022\/12\/thumbnail-4-1-172x300.jpg 172w, https:\/\/www.correspondentevianopolino.com.br\/site\/wp-content\/uploads\/2022\/12\/thumbnail-4-1-465x813.jpg 465w, https:\/\/www.correspondentevianopolino.com.br\/site\/wp-content\/uploads\/2022\/12\/thumbnail-4-1-177x310.jpg 177w, https:\/\/www.correspondentevianopolino.com.br\/site\/wp-content\/uploads\/2022\/12\/thumbnail-4-1-122x213.jpg 122w, https:\/\/www.correspondentevianopolino.com.br\/site\/wp-content\/uploads\/2022\/12\/thumbnail-4-1-117x204.jpg 117w, https:\/\/www.correspondentevianopolino.com.br\/site\/wp-content\/uploads\/2022\/12\/thumbnail-4-1-109x190.jpg 109w, https:\/\/www.correspondentevianopolino.com.br\/site\/wp-content\/uploads\/2022\/12\/thumbnail-4-1.jpg 732w\" sizes=\"(max-width: 586px) 100vw, 586px\" \/><\/figure>\n\n\n\n<p>Faleceu no HDT (Hospital de Doen\u00e7as Tropicais) de Goi\u00e2nia, Leveci Vieira Machado, mais conhecido por L\u00e9o, filho dos saudosos Geraldo Vieira Machado e Luzia Benedita Machado, que residiam na Fazenda Mato Dentro, pr\u00f3ximo as Duas Pontes.<\/p>\n\n\n\n<p>O corpo de L\u00e9o, que trabalhou durante muitos anos em uma das lojas da empresa Novo Mundo, est\u00e1 sendo velado em Aparecida de Goi\u00e2nia, onde ser\u00e1 sepultado na tarde de hoje, 13\/12.<\/p>\n\n\n\n<p>\u00c0 fam\u00edlia enlutada, nossas condol\u00eancias!<\/p>\n\n\n\n<figure class=\"wp-block-image size-full\"><img decoding=\"async\" width=\"392\" height=\"669\" src=\"https:\/\/www.correspondentevianopolino.com.br\/site\/wp-content\/uploads\/2022\/12\/IMG-20221213-WA0057.jpg\" alt=\"\" class=\"wp-image-81804\" srcset=\"https:\/\/www.correspondentevianopolino.com.br\/site\/wp-content\/uploads\/2022\/12\/IMG-20221213-WA0057.jpg 392w, https:\/\/www.correspondentevianopolino.com.br\/site\/wp-content\/uploads\/2022\/12\/IMG-20221213-WA0057-176x300.jpg 176w, https:\/\/www.correspondentevianopolino.com.br\/site\/wp-content\/uploads\/2022\/12\/IMG-20221213-WA0057-182x310.jpg 182w, https:\/\/www.correspondentevianopolino.com.br\/site\/wp-content\/uploads\/2022\/12\/IMG-20221213-WA0057-125x213.jpg 125w, https:\/\/www.correspondentevianopolino.com.br\/site\/wp-content\/uploads\/2022\/12\/IMG-20221213-WA0057-120x204.jpg 120w, https:\/\/www.correspondentevianopolino.com.br\/site\/wp-content\/uploads\/2022\/12\/IMG-20221213-WA0057-111x190.jpg 111w\" sizes=\"(max-width: 392px) 100vw, 392px\" \/><\/figure>\n\n\n<figure class=\"wp-block-post-featured-image\"><img decoding=\"async\" width=\"1080\" height=\"1144\" src=\"https:\/\/www.correspondentevianopolino.com.br\/site\/wp-content\/uploads\/2022\/12\/Screenshot_20221213-082610_WhatsApp.jpg\" class=\"attachment-post-thumbnail size-post-thumbnail wp-post-image\" alt=\"\" style=\"object-fit:cover;\" srcset=\"https:\/\/www.correspondentevianopolino.com.br\/site\/wp-content\/uploads\/2022\/12\/Screenshot_20221213-082610_WhatsApp.jpg 1080w, https:\/\/www.correspondentevianopolino.com.br\/site\/wp-content\/uploads\/2022\/12\/Screenshot_20221213-082610_WhatsApp-283x300.jpg 283w, https:\/\/www.correspondentevianopolino.com.br\/site\/wp-content\/uploads\/2022\/12\/Screenshot_20221213-082610_WhatsApp-967x1024.jpg 967w, https:\/\/www.correspondentevianopolino.com.br\/site\/wp-content\/uploads\/2022\/12\/Screenshot_20221213-082610_WhatsApp-465x493.jpg 465w, https:\/\/www.correspondentevianopolino.com.br\/site\/wp-content\/uploads\/2022\/12\/Screenshot_20221213-082610_WhatsApp-768x814.jpg 768w, https:\/\/www.correspondentevianopolino.com.br\/site\/wp-content\/uploads\/2022\/12\/Screenshot_20221213-082610_WhatsApp-293x310.jpg 293w, https:\/\/www.correspondentevianopolino.com.br\/site\/wp-content\/uploads\/2022\/12\/Screenshot_20221213-082610_WhatsApp-201x213.jpg 201w, https:\/\/www.correspondentevianopolino.com.br\/site\/wp-content\/uploads\/2022\/12\/Screenshot_20221213-082610_WhatsApp-193x204.jpg 193w, https:\/\/www.correspondentevianopolino.com.br\/site\/wp-content\/uploads\/2022\/12\/Screenshot_20221213-082610_WhatsApp-179x190.jpg 179w\" sizes=\"(max-width: 1080px) 100vw, 1080px\" \/><\/figure>\n\n<figure class=\"wp-block-post-featured-image\"><img decoding=\"async\" width=\"1080\" height=\"1144\" src=\"https:\/\/www.correspondentevianopolino.com.br\/site\/wp-content\/uploads\/2022\/12\/Screenshot_20221213-082610_WhatsApp.jpg\" class=\"attachment-post-thumbnail size-post-thumbnail wp-post-image\" alt=\"\" style=\"object-fit:cover;\" srcset=\"https:\/\/www.correspondentevianopolino.com.br\/site\/wp-content\/uploads\/2022\/12\/Screenshot_20221213-082610_WhatsApp.jpg 1080w, https:\/\/www.correspondentevianopolino.com.br\/site\/wp-content\/uploads\/2022\/12\/Screenshot_20221213-082610_WhatsApp-283x300.jpg 283w, https:\/\/www.correspondentevianopolino.com.br\/site\/wp-content\/uploads\/2022\/12\/Screenshot_20221213-082610_WhatsApp-967x1024.jpg 967w, https:\/\/www.correspondentevianopolino.com.br\/site\/wp-content\/uploads\/2022\/12\/Screenshot_20221213-082610_WhatsApp-465x493.jpg 465w, https:\/\/www.correspondentevianopolino.com.br\/site\/wp-content\/uploads\/2022\/12\/Screenshot_20221213-082610_WhatsApp-768x814.jpg 768w, https:\/\/www.correspondentevianopolino.com.br\/site\/wp-content\/uploads\/2022\/12\/Screenshot_20221213-082610_WhatsApp-293x310.jpg 293w, https:\/\/www.correspondentevianopolino.com.br\/site\/wp-content\/uploads\/2022\/12\/Screenshot_20221213-082610_WhatsApp-201x213.jpg 201w, https:\/\/www.correspondentevianopolino.com.br\/site\/wp-content\/uploads\/2022\/12\/Screenshot_20221213-082610_WhatsApp-193x204.jpg 193w, https:\/\/www.correspondentevianopolino.com.br\/site\/wp-content\/uploads\/2022\/12\/Screenshot_20221213-082610_WhatsApp-179x190.jpg 179w\" sizes=\"(max-width: 1080px) 100vw, 1080px\" \/><\/figure>","protected":false},"excerpt":{"rendered":"<p>Faleceu no HDT (Hospital de Doen\u00e7as Tropicais) de Goi\u00e2nia, Leveci Vieira Machado, mais conhecido por L\u00e9o, filho dos saudosos Geraldo [&hellip;]<\/p>\n","protected":false},"author":2,"featured_media":81801,"comment_status":"open","ping_status":"closed","sticky":false,"template":"","format":"standard","meta":{"_uag_custom_page_level_css":"","site-sidebar-layout":"default","site-content-layout":"","ast-site-content-layout":"default","site-content-style":"default","site-sidebar-style":"default","ast-global-header-display":"","ast-banner-title-visibility":"","ast-main-header-display":"","ast-hfb-above-header-display":"","ast-hfb-below-header-display":"","ast-hfb-mobile-header-display":"","site-post-title":"","ast-breadcrumbs-content":"","ast-featured-img":"","footer-sml-layout":"","ast-disable-related-posts":"","theme-transparent-header-meta":"","adv-header-id-meta":"","stick-header-meta":"","header-above-stick-meta":"","header-main-stick-meta":"","header-below-stick-meta":"","astra-migrate-meta-layouts":"default","ast-page-background-enabled":"default","ast-page-background-meta":{"desktop":{"background-color":"var(--ast-global-color-4)","background-image":"","background-repeat":"repeat","background-position":"center center","background-size":"auto","background-attachment":"scroll","background-type":"","background-media":"","overlay-type":"","overlay-color":"","overlay-opacity":"","overlay-gradient":""},"tablet":{"background-color":"","background-image":"","background-repeat":"repeat","background-position":"center center","background-size":"auto","background-attachment":"scroll","background-type":"","background-media":"","overlay-type":"","overlay-color":"","overlay-opacity":"","overlay-gradient":""},"mobile":{"background-color":"","background-image":"","background-repeat":"repeat","background-position":"center center","background-size":"auto","background-attachment":"scroll","background-type":"","background-media":"","overlay-type":"","overlay-color":"","overlay-opacity":"","overlay-gradient":""}},"ast-content-background-meta":{"desktop":{"background-color":"var(--ast-global-color-5)","background-image":"","background-repeat":"repeat","background-position":"center center","background-size":"auto","background-attachment":"scroll","background-type":"","background-media":"","overlay-type":"","overlay-color":"","overlay-opacity":"","overlay-gradient":""},"tablet":{"background-color":"var(--ast-global-color-5)","background-image":"","background-repeat":"repeat","background-position":"center center","background-size":"auto","background-attachment":"scroll","background-type":"","background-media":"","overlay-type":"","overlay-color":"","overlay-opacity":"","overlay-gradient":""},"mobile":{"background-color":"var(--ast-global-color-5)","background-image":"","background-repeat":"repeat","background-position":"center center","background-size":"auto","background-attachment":"scroll","background-type":"","background-media":"","overlay-type":"","overlay-color":"","overlay-opacity":"","overlay-gradient":""}},"footnotes":""},"categories":[1],"tags":[],"class_list":["post-81800","post","type-post","status-publish","format-standard","has-post-thumbnail","hentry","category-ultimas","ColorsTitles-7e06bf"],"uagb_featured_image_src":{"full":["https:\/\/www.correspondentevianopolino.com.br\/site\/wp-content\/uploads\/2022\/12\/Screenshot_20221213-082610_WhatsApp.jpg",1080,1144,false],"thumbnail":["https:\/\/www.correspondentevianopolino.com.br\/site\/wp-content\/uploads\/2022\/12\/Screenshot_20221213-082610_WhatsApp-465x493.jpg",465,493,true],"medium":["https:\/\/www.correspondentevianopolino.com.br\/site\/wp-content\/uploads\/2022\/12\/Screenshot_20221213-082610_WhatsApp-283x300.jpg",283,300,true],"medium_large":["https:\/\/www.correspondentevianopolino.com.br\/site\/wp-content\/uploads\/2022\/12\/Screenshot_20221213-082610_WhatsApp-768x814.jpg",768,814,true],"large":["https:\/\/www.correspondentevianopolino.com.br\/site\/wp-content\/uploads\/2022\/12\/Screenshot_20221213-082610_WhatsApp-967x1024.jpg",637,675,true],"1536x1536":["https:\/\/www.correspondentevianopolino.com.br\/site\/wp-content\/uploads\/2022\/12\/Screenshot_20221213-082610_WhatsApp.jpg",1080,1144,false],"2048x2048":["https:\/\/www.correspondentevianopolino.com.br\/site\/wp-content\/uploads\/2022\/12\/Screenshot_20221213-082610_WhatsApp.jpg",1080,1144,false]},"uagb_author_info":{"display_name":"Ol\u00edvio Lemos","author_link":"https:\/\/www.correspondentevianopolino.com.br\/site\/author\/olivio\/"},"uagb_comment_info":2,"uagb_excerpt":"Faleceu no HDT (Hospital de Doen\u00e7as Tropicais) de Goi\u00e2nia, Leveci Vieira Machado, mais conhecido por L\u00e9o, filho dos saudosos Geraldo [&hellip;]","_links":{"self":[{"href":"https:\/\/www.correspondentevianopolino.com.br\/site\/wp-json\/wp\/v2\/posts\/81800","targetHints":{"allow":["GET"]}}],"collection":[{"href":"https:\/\/www.correspondentevianopolino.com.br\/site\/wp-json\/wp\/v2\/posts"}],"about":[{"href":"https:\/\/www.correspondentevianopolino.com.br\/site\/wp-json\/wp\/v2\/types\/post"}],"author":[{"embeddable":true,"href":"https:\/\/www.correspondentevianopolino.com.br\/site\/wp-json\/wp\/v2\/users\/2"}],"replies":[{"embeddable":true,"href":"https:\/\/www.correspondentevianopolino.com.br\/site\/wp-json\/wp\/v2\/comments?post=81800"}],"version-history":[{"count":0,"href":"https:\/\/www.correspondentevianopolino.com.br\/site\/wp-json\/wp\/v2\/posts\/81800\/revisions"}],"wp:featuredmedia":[{"embeddable":true,"href":"https:\/\/www.correspondentevianopolino.com.br\/site\/wp-json\/wp\/v2\/media\/81801"}],"wp:attachment":[{"href":"https:\/\/www.correspondentevianopolino.com.br\/site\/wp-json\/wp\/v2\/media?parent=81800"}],"wp:term":[{"taxonomy":"category","embeddable":true,"href":"https:\/\/www.correspondentevianopolino.com.br\/site\/wp-json\/wp\/v2\/categories?post=81800"},{"taxonomy":"post_tag","embeddable":true,"href":"https:\/\/www.correspondentevianopolino.com.br\/site\/wp-json\/wp\/v2\/tags?post=81800"}],"curies":[{"name":"wp","href":"https:\/\/api.w.org\/{rel}","templated":true}]}}