{"id":81830,"date":"2022-12-13T21:31:31","date_gmt":"2022-12-14T00:31:31","guid":{"rendered":"https:\/\/www.correspondentevianopolino.com.br\/site\/?p=81830"},"modified":"2022-12-20T16:00:31","modified_gmt":"2022-12-20T19:00:31","slug":"jovem-baleado-no-setor-ferreira-dos-santos-e-internado-no-hugo-e-submetido-a-cirurgia","status":"publish","type":"post","link":"https:\/\/www.correspondentevianopolino.com.br\/site\/jovem-baleado-no-setor-ferreira-dos-santos-e-internado-no-hugo-e-submetido-a-cirurgia\/","title":{"rendered":"JOVEM BALEADO NO SETOR FERREIRA DOS SANTOS \u00c9 INTERNADO NO HUGO E SUBMETIDO A CIRURGIA"},"content":{"rendered":"\n<figure class=\"wp-block-image size-large\"><img decoding=\"async\" width=\"586\" height=\"1024\" src=\"https:\/\/www.correspondentevianopolino.com.br\/site\/wp-content\/uploads\/2022\/12\/thumbnail-4-1-586x1024.jpg\" alt=\"\" class=\"wp-image-81799\" srcset=\"https:\/\/www.correspondentevianopolino.com.br\/site\/wp-content\/uploads\/2022\/12\/thumbnail-4-1-586x1024.jpg 586w, https:\/\/www.correspondentevianopolino.com.br\/site\/wp-content\/uploads\/2022\/12\/thumbnail-4-1-172x300.jpg 172w, https:\/\/www.correspondentevianopolino.com.br\/site\/wp-content\/uploads\/2022\/12\/thumbnail-4-1-465x813.jpg 465w, https:\/\/www.correspondentevianopolino.com.br\/site\/wp-content\/uploads\/2022\/12\/thumbnail-4-1-177x310.jpg 177w, https:\/\/www.correspondentevianopolino.com.br\/site\/wp-content\/uploads\/2022\/12\/thumbnail-4-1-122x213.jpg 122w, https:\/\/www.correspondentevianopolino.com.br\/site\/wp-content\/uploads\/2022\/12\/thumbnail-4-1-117x204.jpg 117w, https:\/\/www.correspondentevianopolino.com.br\/site\/wp-content\/uploads\/2022\/12\/thumbnail-4-1-109x190.jpg 109w, https:\/\/www.correspondentevianopolino.com.br\/site\/wp-content\/uploads\/2022\/12\/thumbnail-4-1.jpg 732w\" sizes=\"(max-width: 586px) 100vw, 586px\" \/><\/figure>\n\n\n\n<p>O jovem de 23 anos de idade baleado na tarde de hoje, 13\/12, em uma das ruas do Setor Ferreira dos Santos, foi encaminhado para Goi\u00e2nia, ap\u00f3s ser atendido no Ambulat\u00f3rio 12 horas mantido pela Prefeitura de Vian\u00f3polis. Ele foi levado para o HUGO (Hospital de Urg\u00eancias de Goi\u00e2nia), por uma equipe do Samu de Vian\u00f3polis, integrada pelo T\u00e9cnico\/Socorrista Walisson e pelo Condutor\/Socorrista Sergipe Neto.<\/p>\n\n\n\n<p>Dos tiros disparados por uma pessoa que estava na garupa de uma motocicleta de cor vermelha, duas balas se alojaram no corpo do jovem, sendo uma no t\u00f3rax e outra, provavelmente, na coluna vertebral.<\/p>\n\n\n\n<p>Pouco depois de ser internado no HUGO, o jovem foi submetido a uma cirurgia para retirada dos proj\u00e9teis.<\/p>\n\n\n\n<p>O jovem estava em uma bicicleta quando foi atingido pelos tiros.<\/p>\n\n\n\n<p>Policiais Militares estiveram no local e acionaram socorro.<\/p>\n\n\n\n<p>At\u00e9 o momento, n\u00e3o se sabe os motivos da tentativa de homic\u00eddio.<\/p>\n\n\n\n<p>O nome do jovem n\u00e3o foi passado \u00e0 nossa reportagem.<\/p>\n\n\n\n<p><\/p>\n","protected":false},"excerpt":{"rendered":"<p>O jovem de 23 anos de idade baleado na tarde de hoje, 13\/12, em uma das ruas do Setor Ferreira [&hellip;]<\/p>\n","protected":false},"author":2,"featured_media":81833,"comment_status":"open","ping_status":"closed","sticky":false,"template":"","format":"standard","meta":{"_uag_custom_page_level_css":"","site-sidebar-layout":"default","site-content-layout":"","ast-site-content-layout":"default","site-content-style":"default","site-sidebar-style":"default","ast-global-header-display":"","ast-banner-title-visibility":"","ast-main-header-display":"","ast-hfb-above-header-display":"","ast-hfb-below-header-display":"","ast-hfb-mobile-header-display":"","site-post-title":"","ast-breadcrumbs-content":"","ast-featured-img":"","footer-sml-layout":"","ast-disable-related-posts":"","theme-transparent-header-meta":"","adv-header-id-meta":"","stick-header-meta":"","header-above-stick-meta":"","header-main-stick-meta":"","header-below-stick-meta":"","astra-migrate-meta-layouts":"default","ast-page-background-enabled":"default","ast-page-background-meta":{"desktop":{"background-color":"var(--ast-global-color-4)","background-image":"","background-repeat":"repeat","background-position":"center center","background-size":"auto","background-attachment":"scroll","background-type":"","background-media":"","overlay-type":"","overlay-color":"","overlay-opacity":"","overlay-gradient":""},"tablet":{"background-color":"","background-image":"","background-repeat":"repeat","background-position":"center center","background-size":"auto","background-attachment":"scroll","background-type":"","background-media":"","overlay-type":"","overlay-color":"","overlay-opacity":"","overlay-gradient":""},"mobile":{"background-color":"","background-image":"","background-repeat":"repeat","background-position":"center center","background-size":"auto","background-attachment":"scroll","background-type":"","background-media":"","overlay-type":"","overlay-color":"","overlay-opacity":"","overlay-gradient":""}},"ast-content-background-meta":{"desktop":{"background-color":"var(--ast-global-color-5)","background-image":"","background-repeat":"repeat","background-position":"center center","background-size":"auto","background-attachment":"scroll","background-type":"","background-media":"","overlay-type":"","overlay-color":"","overlay-opacity":"","overlay-gradient":""},"tablet":{"background-color":"var(--ast-global-color-5)","background-image":"","background-repeat":"repeat","background-position":"center center","background-size":"auto","background-attachment":"scroll","background-type":"","background-media":"","overlay-type":"","overlay-color":"","overlay-opacity":"","overlay-gradient":""},"mobile":{"background-color":"var(--ast-global-color-5)","background-image":"","background-repeat":"repeat","background-position":"center center","background-size":"auto","background-attachment":"scroll","background-type":"","background-media":"","overlay-type":"","overlay-color":"","overlay-opacity":"","overlay-gradient":""}},"footnotes":""},"categories":[1],"tags":[],"class_list":["post-81830","post","type-post","status-publish","format-standard","has-post-thumbnail","hentry","category-ultimas"],"uagb_featured_image_src":{"full":["https:\/\/www.correspondentevianopolino.com.br\/site\/wp-content\/uploads\/2022\/12\/Screenshot_20221213-212728_Gallery.jpg",1080,972,false],"thumbnail":["https:\/\/www.correspondentevianopolino.com.br\/site\/wp-content\/uploads\/2022\/12\/Screenshot_20221213-212728_Gallery-465x419.jpg",465,419,true],"medium":["https:\/\/www.correspondentevianopolino.com.br\/site\/wp-content\/uploads\/2022\/12\/Screenshot_20221213-212728_Gallery-300x270.jpg",300,270,true],"medium_large":["https:\/\/www.correspondentevianopolino.com.br\/site\/wp-content\/uploads\/2022\/12\/Screenshot_20221213-212728_Gallery-768x691.jpg",768,691,true],"large":["https:\/\/www.correspondentevianopolino.com.br\/site\/wp-content\/uploads\/2022\/12\/Screenshot_20221213-212728_Gallery-1024x922.jpg",750,675,true],"1536x1536":["https:\/\/www.correspondentevianopolino.com.br\/site\/wp-content\/uploads\/2022\/12\/Screenshot_20221213-212728_Gallery.jpg",1080,972,false],"2048x2048":["https:\/\/www.correspondentevianopolino.com.br\/site\/wp-content\/uploads\/2022\/12\/Screenshot_20221213-212728_Gallery.jpg",1080,972,false]},"uagb_author_info":{"display_name":"Ol\u00edvio Lemos","author_link":"https:\/\/www.correspondentevianopolino.com.br\/site\/author\/olivio\/"},"uagb_comment_info":0,"uagb_excerpt":"O jovem de 23 anos de idade baleado na tarde de hoje, 13\/12, em uma das ruas do Setor Ferreira [&hellip;]","_links":{"self":[{"href":"https:\/\/www.correspondentevianopolino.com.br\/site\/wp-json\/wp\/v2\/posts\/81830","targetHints":{"allow":["GET"]}}],"collection":[{"href":"https:\/\/www.correspondentevianopolino.com.br\/site\/wp-json\/wp\/v2\/posts"}],"about":[{"href":"https:\/\/www.correspondentevianopolino.com.br\/site\/wp-json\/wp\/v2\/types\/post"}],"author":[{"embeddable":true,"href":"https:\/\/www.correspondentevianopolino.com.br\/site\/wp-json\/wp\/v2\/users\/2"}],"replies":[{"embeddable":true,"href":"https:\/\/www.correspondentevianopolino.com.br\/site\/wp-json\/wp\/v2\/comments?post=81830"}],"version-history":[{"count":0,"href":"https:\/\/www.correspondentevianopolino.com.br\/site\/wp-json\/wp\/v2\/posts\/81830\/revisions"}],"wp:featuredmedia":[{"embeddable":true,"href":"https:\/\/www.correspondentevianopolino.com.br\/site\/wp-json\/wp\/v2\/media\/81833"}],"wp:attachment":[{"href":"https:\/\/www.correspondentevianopolino.com.br\/site\/wp-json\/wp\/v2\/media?parent=81830"}],"wp:term":[{"taxonomy":"category","embeddable":true,"href":"https:\/\/www.correspondentevianopolino.com.br\/site\/wp-json\/wp\/v2\/categories?post=81830"},{"taxonomy":"post_tag","embeddable":true,"href":"https:\/\/www.correspondentevianopolino.com.br\/site\/wp-json\/wp\/v2\/tags?post=81830"}],"curies":[{"name":"wp","href":"https:\/\/api.w.org\/{rel}","templated":true}]}}