{"id":81836,"date":"2022-12-14T06:50:44","date_gmt":"2022-12-14T09:50:44","guid":{"rendered":"https:\/\/www.correspondentevianopolino.com.br\/site\/?p=81836"},"modified":"2022-12-20T16:05:01","modified_gmt":"2022-12-20T19:05:01","slug":"policia-civil-inicia-investigacoes-para-tentar-prender-dupla-que-atirou-em-jovem-no-setor-ferreira-dos-santos","status":"publish","type":"post","link":"https:\/\/www.correspondentevianopolino.com.br\/site\/policia-civil-inicia-investigacoes-para-tentar-prender-dupla-que-atirou-em-jovem-no-setor-ferreira-dos-santos\/","title":{"rendered":"POL\u00cdCIA CIVIL INICIA INVESTIGA\u00c7\u00d5ES PARA TENTAR PRENDER DUPLA QUE ATIROU EM JOVEM NO SETOR FERREIRA DOS SANTOS"},"content":{"rendered":"\n<figure class=\"wp-block-image size-large\"><img decoding=\"async\" width=\"586\" height=\"1024\" src=\"https:\/\/www.correspondentevianopolino.com.br\/site\/wp-content\/uploads\/2022\/12\/thumbnail-4-1-586x1024.jpg\" alt=\"\" class=\"wp-image-81799\" srcset=\"https:\/\/www.correspondentevianopolino.com.br\/site\/wp-content\/uploads\/2022\/12\/thumbnail-4-1-586x1024.jpg 586w, https:\/\/www.correspondentevianopolino.com.br\/site\/wp-content\/uploads\/2022\/12\/thumbnail-4-1-172x300.jpg 172w, https:\/\/www.correspondentevianopolino.com.br\/site\/wp-content\/uploads\/2022\/12\/thumbnail-4-1-465x813.jpg 465w, https:\/\/www.correspondentevianopolino.com.br\/site\/wp-content\/uploads\/2022\/12\/thumbnail-4-1-177x310.jpg 177w, https:\/\/www.correspondentevianopolino.com.br\/site\/wp-content\/uploads\/2022\/12\/thumbnail-4-1-122x213.jpg 122w, https:\/\/www.correspondentevianopolino.com.br\/site\/wp-content\/uploads\/2022\/12\/thumbnail-4-1-117x204.jpg 117w, https:\/\/www.correspondentevianopolino.com.br\/site\/wp-content\/uploads\/2022\/12\/thumbnail-4-1-109x190.jpg 109w, https:\/\/www.correspondentevianopolino.com.br\/site\/wp-content\/uploads\/2022\/12\/thumbnail-4-1.jpg 732w\" sizes=\"(max-width: 586px) 100vw, 586px\" \/><\/figure>\n\n\n\n<p>Uma tentativa de homic\u00eddio aconteceu na tarde de ontem, 13\/12, em uma das ruas do Setor Ferreira dos Santos.<\/p>\n\n\n\n<p>Um jovem de 23 anos de idade que estava circulando em uma bicicleta foi atingido por disparos de arma de fogo. Dos disparos efetuados pela pessoa que estava na garupa da moto, dois acertaram o jovem, sendo que uma bala atingiu o t\u00f3rax e outra, provavelmente, a coluna vertebral.<\/p>\n\n\n\n<p>Uma dupla que estava em uma motocicleta de cor vermelha foi a respons\u00e1vel pela tentativa de homic\u00eddio.<\/p>\n\n\n\n<p>Acionados por populares, Policiais Militares estiveram no local do crime e acionaram uma equipe do Samu. Em seguida, o jovem foi levado para o Ambulat\u00f3rio 12 horas mantido pela Prefeitura Municipal na Unidade de Sa\u00fade do centro de Vian\u00f3polis.<\/p>\n\n\n\n<p>Os m\u00e9dicos Sidon Mesquita e Thais Gabrielly atenderam o jovem e o encaminharam, de imediato para Goi\u00e2nia.<\/p>\n\n\n\n<p>Uma equipe do Samu de Vian\u00f3polis, integrada pelo T\u00e9cnico\/Socorrista Walisson e pelo Condutor\/Socorrista Sergipe Neto, levou o jovem para o HUGO (Hospital de Urg\u00eancias de Goi\u00e2nia).<\/p>\n\n\n\n<p>Assim que chegou \u00e0quela unidade de sa\u00fade, o jovem foi submetido a uma cirurgia para retirada dos proj\u00e9teis que alojaram em seu corpo.<\/p>\n\n\n\n<p>O Delegado de Pol\u00edcia de Vian\u00f3polis, Bruno Barros, esteve no local do crime juntamente com um de seus agentes e deu in\u00edcio \u00e0s investiga\u00e7\u00f5es, buscando descobrir os autores da tentativa de homic\u00eddio.<\/p>\n\n\n\n<p>At\u00e9 o fechamento desta edi\u00e7\u00e3o, a motiva\u00e7\u00e3o do crime n\u00e3o havia sido descoberta pela pol\u00edcia.<\/p>\n\n\n<figure class=\"wp-block-post-featured-image\"><img decoding=\"async\" width=\"640\" height=\"413\" src=\"https:\/\/www.correspondentevianopolino.com.br\/site\/wp-content\/uploads\/2022\/12\/arma-de-fogo38.jpg\" class=\"attachment-post-thumbnail size-post-thumbnail wp-post-image\" alt=\"\" style=\"object-fit:cover;\" srcset=\"https:\/\/www.correspondentevianopolino.com.br\/site\/wp-content\/uploads\/2022\/12\/arma-de-fogo38.jpg 640w, https:\/\/www.correspondentevianopolino.com.br\/site\/wp-content\/uploads\/2022\/12\/arma-de-fogo38-300x194.jpg 300w, https:\/\/www.correspondentevianopolino.com.br\/site\/wp-content\/uploads\/2022\/12\/arma-de-fogo38-465x300.jpg 465w, https:\/\/www.correspondentevianopolino.com.br\/site\/wp-content\/uploads\/2022\/12\/arma-de-fogo38-327x211.jpg 327w, https:\/\/www.correspondentevianopolino.com.br\/site\/wp-content\/uploads\/2022\/12\/arma-de-fogo38-316x204.jpg 316w, https:\/\/www.correspondentevianopolino.com.br\/site\/wp-content\/uploads\/2022\/12\/arma-de-fogo38-260x168.jpg 260w\" sizes=\"(max-width: 640px) 100vw, 640px\" \/><\/figure>","protected":false},"excerpt":{"rendered":"<p>Uma tentativa de homic\u00eddio aconteceu na tarde de ontem, 13\/12, em uma das ruas do Setor Ferreira dos Santos. Um [&hellip;]<\/p>\n","protected":false},"author":2,"featured_media":81837,"comment_status":"open","ping_status":"closed","sticky":false,"template":"","format":"standard","meta":{"_uag_custom_page_level_css":"","site-sidebar-layout":"default","site-content-layout":"","ast-site-content-layout":"default","site-content-style":"default","site-sidebar-style":"default","ast-global-header-display":"","ast-banner-title-visibility":"","ast-main-header-display":"","ast-hfb-above-header-display":"","ast-hfb-below-header-display":"","ast-hfb-mobile-header-display":"","site-post-title":"","ast-breadcrumbs-content":"","ast-featured-img":"","footer-sml-layout":"","ast-disable-related-posts":"","theme-transparent-header-meta":"","adv-header-id-meta":"","stick-header-meta":"","header-above-stick-meta":"","header-main-stick-meta":"","header-below-stick-meta":"","astra-migrate-meta-layouts":"default","ast-page-background-enabled":"default","ast-page-background-meta":{"desktop":{"background-color":"var(--ast-global-color-4)","background-image":"","background-repeat":"repeat","background-position":"center center","background-size":"auto","background-attachment":"scroll","background-type":"","background-media":"","overlay-type":"","overlay-color":"","overlay-opacity":"","overlay-gradient":""},"tablet":{"background-color":"","background-image":"","background-repeat":"repeat","background-position":"center center","background-size":"auto","background-attachment":"scroll","background-type":"","background-media":"","overlay-type":"","overlay-color":"","overlay-opacity":"","overlay-gradient":""},"mobile":{"background-color":"","background-image":"","background-repeat":"repeat","background-position":"center center","background-size":"auto","background-attachment":"scroll","background-type":"","background-media":"","overlay-type":"","overlay-color":"","overlay-opacity":"","overlay-gradient":""}},"ast-content-background-meta":{"desktop":{"background-color":"var(--ast-global-color-5)","background-image":"","background-repeat":"repeat","background-position":"center center","background-size":"auto","background-attachment":"scroll","background-type":"","background-media":"","overlay-type":"","overlay-color":"","overlay-opacity":"","overlay-gradient":""},"tablet":{"background-color":"var(--ast-global-color-5)","background-image":"","background-repeat":"repeat","background-position":"center center","background-size":"auto","background-attachment":"scroll","background-type":"","background-media":"","overlay-type":"","overlay-color":"","overlay-opacity":"","overlay-gradient":""},"mobile":{"background-color":"var(--ast-global-color-5)","background-image":"","background-repeat":"repeat","background-position":"center center","background-size":"auto","background-attachment":"scroll","background-type":"","background-media":"","overlay-type":"","overlay-color":"","overlay-opacity":"","overlay-gradient":""}},"footnotes":""},"categories":[1],"tags":[],"class_list":["post-81836","post","type-post","status-publish","format-standard","has-post-thumbnail","hentry","category-ultimas","ColorsTitles-ff3700"],"uagb_featured_image_src":{"full":["https:\/\/www.correspondentevianopolino.com.br\/site\/wp-content\/uploads\/2022\/12\/arma-de-fogo38.jpg",640,413,false],"thumbnail":["https:\/\/www.correspondentevianopolino.com.br\/site\/wp-content\/uploads\/2022\/12\/arma-de-fogo38-465x300.jpg",465,300,true],"medium":["https:\/\/www.correspondentevianopolino.com.br\/site\/wp-content\/uploads\/2022\/12\/arma-de-fogo38-300x194.jpg",300,194,true],"medium_large":["https:\/\/www.correspondentevianopolino.com.br\/site\/wp-content\/uploads\/2022\/12\/arma-de-fogo38.jpg",640,413,false],"large":["https:\/\/www.correspondentevianopolino.com.br\/site\/wp-content\/uploads\/2022\/12\/arma-de-fogo38.jpg",640,413,false],"1536x1536":["https:\/\/www.correspondentevianopolino.com.br\/site\/wp-content\/uploads\/2022\/12\/arma-de-fogo38.jpg",640,413,false],"2048x2048":["https:\/\/www.correspondentevianopolino.com.br\/site\/wp-content\/uploads\/2022\/12\/arma-de-fogo38.jpg",640,413,false]},"uagb_author_info":{"display_name":"Ol\u00edvio Lemos","author_link":"https:\/\/www.correspondentevianopolino.com.br\/site\/author\/olivio\/"},"uagb_comment_info":1,"uagb_excerpt":"Uma tentativa de homic\u00eddio aconteceu na tarde de ontem, 13\/12, em uma das ruas do Setor Ferreira dos Santos. Um [&hellip;]","_links":{"self":[{"href":"https:\/\/www.correspondentevianopolino.com.br\/site\/wp-json\/wp\/v2\/posts\/81836","targetHints":{"allow":["GET"]}}],"collection":[{"href":"https:\/\/www.correspondentevianopolino.com.br\/site\/wp-json\/wp\/v2\/posts"}],"about":[{"href":"https:\/\/www.correspondentevianopolino.com.br\/site\/wp-json\/wp\/v2\/types\/post"}],"author":[{"embeddable":true,"href":"https:\/\/www.correspondentevianopolino.com.br\/site\/wp-json\/wp\/v2\/users\/2"}],"replies":[{"embeddable":true,"href":"https:\/\/www.correspondentevianopolino.com.br\/site\/wp-json\/wp\/v2\/comments?post=81836"}],"version-history":[{"count":0,"href":"https:\/\/www.correspondentevianopolino.com.br\/site\/wp-json\/wp\/v2\/posts\/81836\/revisions"}],"wp:featuredmedia":[{"embeddable":true,"href":"https:\/\/www.correspondentevianopolino.com.br\/site\/wp-json\/wp\/v2\/media\/81837"}],"wp:attachment":[{"href":"https:\/\/www.correspondentevianopolino.com.br\/site\/wp-json\/wp\/v2\/media?parent=81836"}],"wp:term":[{"taxonomy":"category","embeddable":true,"href":"https:\/\/www.correspondentevianopolino.com.br\/site\/wp-json\/wp\/v2\/categories?post=81836"},{"taxonomy":"post_tag","embeddable":true,"href":"https:\/\/www.correspondentevianopolino.com.br\/site\/wp-json\/wp\/v2\/tags?post=81836"}],"curies":[{"name":"wp","href":"https:\/\/api.w.org\/{rel}","templated":true}]}}