{"id":81888,"date":"2022-12-15T23:38:08","date_gmt":"2022-12-16T02:38:08","guid":{"rendered":"https:\/\/www.correspondentevianopolino.com.br\/site\/?p=81888"},"modified":"2022-12-20T16:13:22","modified_gmt":"2022-12-20T19:13:22","slug":"81888-2","status":"publish","type":"post","link":"https:\/\/www.correspondentevianopolino.com.br\/site\/81888-2\/","title":{"rendered":"FILHOS DE CASAL QUE TRABALHAVA EM UMA FAZENDA PR\u00d3XIMO A CARA\u00cdBA FALECEM EM ACIDENTE NA RODOVIA ORIZONA\/PIRES DO RIO&#8230; ELES FORAM ALUNOS DA ESCOLA DE CARA\u00cdBA"},"content":{"rendered":"\n<p>Trag\u00e9dia em uma fam\u00edlia que trabalhava em uma fazenda nas proximidades da localidade de Cara\u00edba.<\/p>\n\n\n\n<p>No in\u00edcio da noite de ontem, 15\/12, um acidente envolvendo tr\u00eas ve\u00edculos, sendo camioneta, Corsa e Gol, aconteceu na Rodovia Orizona\/Pires do Rio.<\/p>\n\n\n\n<p>Eduardo Pereira das Neves, de 18 anos de idade, que pilotava um ve\u00edculo Gol, e seu irm\u00e3o, Leandro Ara\u00fajo Peixoto J\u00fanior, de 6 anos de idade, faleceram no local do acidente.<\/p>\n\n\n\n<p>Iale Pereira, 15 anos de idade, irm\u00e3 dos dois que faleceram, ficou gravemente ferida e foi levada para o Hospital de Pires do Rio.<\/p>\n\n\n\n<p>Os tr\u00eas s\u00e3o filhos do casal Leandro Ara\u00fajo Peixoto e Maria das Dores da Concei\u00e7\u00e3o Pereira, que estava de mudan\u00e7a na data de ontem, 15\/12, de Cara\u00edba para Pires do Rio.<\/p>\n\n\n\n<p>Ap\u00f3s trabalhar por 2 anos em uma fazenda nas proximidades de Cara\u00edba que cria gado leiteiro, o casal e os filhos estavam se mudando.<\/p>\n\n\n\n<p>Os pais estavam seguindo em outro ve\u00edculo, com um filho de 11 anos, e outro filho do casal viajava no caminh\u00e3o que transportava a mudan\u00e7a.<\/p>\n\n\n\n<p>Emir de Paiva Vieira, morador de Cara\u00edba e amigo dos pais dos jovens, lamentou o ocorrido.<\/p>\n\n\n\n<p>Os dois que faleceram e a garota que se feriu estudaram na Escola de Cara\u00edba.<\/p>\n\n\n\n<p>As \u00faltimas informa\u00e7\u00f5es d\u00e3o conta que a garota Iale Pereira foi transferida para Goi\u00e2nia em estado grave, ap\u00f3s ser atendida no Hospital de Pires do Rio.<\/p>\n\n\n\n<figure class=\"wp-block-image size-full\"><img decoding=\"async\" width=\"500\" height=\"261\" src=\"https:\/\/www.correspondentevianopolino.com.br\/site\/wp-content\/uploads\/2022\/12\/12199941309895715672.jpg\" alt=\"\" class=\"wp-image-81905\" srcset=\"https:\/\/www.correspondentevianopolino.com.br\/site\/wp-content\/uploads\/2022\/12\/12199941309895715672.jpg 500w, https:\/\/www.correspondentevianopolino.com.br\/site\/wp-content\/uploads\/2022\/12\/12199941309895715672-300x157.jpg 300w, https:\/\/www.correspondentevianopolino.com.br\/site\/wp-content\/uploads\/2022\/12\/12199941309895715672-465x243.jpg 465w, https:\/\/www.correspondentevianopolino.com.br\/site\/wp-content\/uploads\/2022\/12\/12199941309895715672-390x205.jpg 390w, https:\/\/www.correspondentevianopolino.com.br\/site\/wp-content\/uploads\/2022\/12\/12199941309895715672-327x171.jpg 327w, https:\/\/www.correspondentevianopolino.com.br\/site\/wp-content\/uploads\/2022\/12\/12199941309895715672-389x204.jpg 389w, https:\/\/www.correspondentevianopolino.com.br\/site\/wp-content\/uploads\/2022\/12\/12199941309895715672-260x136.jpg 260w\" sizes=\"(max-width: 500px) 100vw, 500px\" \/><\/figure>\n\n\n<figure class=\"wp-block-post-featured-image\"><img decoding=\"async\" width=\"428\" height=\"517\" src=\"https:\/\/www.correspondentevianopolino.com.br\/site\/wp-content\/uploads\/2022\/12\/Screenshot_20221216-110152_WhatsApp.jpg\" class=\"attachment-post-thumbnail size-post-thumbnail wp-post-image\" alt=\"\" style=\"object-fit:cover;\" srcset=\"https:\/\/www.correspondentevianopolino.com.br\/site\/wp-content\/uploads\/2022\/12\/Screenshot_20221216-110152_WhatsApp.jpg 428w, https:\/\/www.correspondentevianopolino.com.br\/site\/wp-content\/uploads\/2022\/12\/Screenshot_20221216-110152_WhatsApp-248x300.jpg 248w, https:\/\/www.correspondentevianopolino.com.br\/site\/wp-content\/uploads\/2022\/12\/Screenshot_20221216-110152_WhatsApp-257x310.jpg 257w, https:\/\/www.correspondentevianopolino.com.br\/site\/wp-content\/uploads\/2022\/12\/Screenshot_20221216-110152_WhatsApp-176x213.jpg 176w, https:\/\/www.correspondentevianopolino.com.br\/site\/wp-content\/uploads\/2022\/12\/Screenshot_20221216-110152_WhatsApp-169x204.jpg 169w, https:\/\/www.correspondentevianopolino.com.br\/site\/wp-content\/uploads\/2022\/12\/Screenshot_20221216-110152_WhatsApp-157x190.jpg 157w\" sizes=\"(max-width: 428px) 100vw, 428px\" \/><\/figure>","protected":false},"excerpt":{"rendered":"<p>Trag\u00e9dia em uma fam\u00edlia que trabalhava em uma fazenda nas proximidades da localidade de Cara\u00edba. No in\u00edcio da noite de [&hellip;]<\/p>\n","protected":false},"author":2,"featured_media":81904,"comment_status":"open","ping_status":"closed","sticky":false,"template":"","format":"standard","meta":{"_uag_custom_page_level_css":"","site-sidebar-layout":"default","site-content-layout":"","ast-site-content-layout":"default","site-content-style":"default","site-sidebar-style":"default","ast-global-header-display":"","ast-banner-title-visibility":"","ast-main-header-display":"","ast-hfb-above-header-display":"","ast-hfb-below-header-display":"","ast-hfb-mobile-header-display":"","site-post-title":"","ast-breadcrumbs-content":"","ast-featured-img":"","footer-sml-layout":"","ast-disable-related-posts":"","theme-transparent-header-meta":"","adv-header-id-meta":"","stick-header-meta":"","header-above-stick-meta":"","header-main-stick-meta":"","header-below-stick-meta":"","astra-migrate-meta-layouts":"default","ast-page-background-enabled":"default","ast-page-background-meta":{"desktop":{"background-color":"var(--ast-global-color-4)","background-image":"","background-repeat":"repeat","background-position":"center center","background-size":"auto","background-attachment":"scroll","background-type":"","background-media":"","overlay-type":"","overlay-color":"","overlay-opacity":"","overlay-gradient":""},"tablet":{"background-color":"","background-image":"","background-repeat":"repeat","background-position":"center center","background-size":"auto","background-attachment":"scroll","background-type":"","background-media":"","overlay-type":"","overlay-color":"","overlay-opacity":"","overlay-gradient":""},"mobile":{"background-color":"","background-image":"","background-repeat":"repeat","background-position":"center center","background-size":"auto","background-attachment":"scroll","background-type":"","background-media":"","overlay-type":"","overlay-color":"","overlay-opacity":"","overlay-gradient":""}},"ast-content-background-meta":{"desktop":{"background-color":"var(--ast-global-color-5)","background-image":"","background-repeat":"repeat","background-position":"center center","background-size":"auto","background-attachment":"scroll","background-type":"","background-media":"","overlay-type":"","overlay-color":"","overlay-opacity":"","overlay-gradient":""},"tablet":{"background-color":"var(--ast-global-color-5)","background-image":"","background-repeat":"repeat","background-position":"center center","background-size":"auto","background-attachment":"scroll","background-type":"","background-media":"","overlay-type":"","overlay-color":"","overlay-opacity":"","overlay-gradient":""},"mobile":{"background-color":"var(--ast-global-color-5)","background-image":"","background-repeat":"repeat","background-position":"center center","background-size":"auto","background-attachment":"scroll","background-type":"","background-media":"","overlay-type":"","overlay-color":"","overlay-opacity":"","overlay-gradient":""}},"footnotes":""},"categories":[1],"tags":[],"class_list":["post-81888","post","type-post","status-publish","format-standard","has-post-thumbnail","hentry","category-ultimas","ColorsTitles-ff3700"],"uagb_featured_image_src":{"full":["https:\/\/www.correspondentevianopolino.com.br\/site\/wp-content\/uploads\/2022\/12\/Screenshot_20221216-110152_WhatsApp.jpg",428,517,false],"thumbnail":["https:\/\/www.correspondentevianopolino.com.br\/site\/wp-content\/uploads\/2022\/12\/Screenshot_20221216-110152_WhatsApp.jpg",428,517,false],"medium":["https:\/\/www.correspondentevianopolino.com.br\/site\/wp-content\/uploads\/2022\/12\/Screenshot_20221216-110152_WhatsApp-248x300.jpg",248,300,true],"medium_large":["https:\/\/www.correspondentevianopolino.com.br\/site\/wp-content\/uploads\/2022\/12\/Screenshot_20221216-110152_WhatsApp.jpg",428,517,false],"large":["https:\/\/www.correspondentevianopolino.com.br\/site\/wp-content\/uploads\/2022\/12\/Screenshot_20221216-110152_WhatsApp.jpg",428,517,false],"1536x1536":["https:\/\/www.correspondentevianopolino.com.br\/site\/wp-content\/uploads\/2022\/12\/Screenshot_20221216-110152_WhatsApp.jpg",428,517,false],"2048x2048":["https:\/\/www.correspondentevianopolino.com.br\/site\/wp-content\/uploads\/2022\/12\/Screenshot_20221216-110152_WhatsApp.jpg",428,517,false]},"uagb_author_info":{"display_name":"Ol\u00edvio Lemos","author_link":"https:\/\/www.correspondentevianopolino.com.br\/site\/author\/olivio\/"},"uagb_comment_info":9,"uagb_excerpt":"Trag\u00e9dia em uma fam\u00edlia que trabalhava em uma fazenda nas proximidades da localidade de Cara\u00edba. No in\u00edcio da noite de [&hellip;]","_links":{"self":[{"href":"https:\/\/www.correspondentevianopolino.com.br\/site\/wp-json\/wp\/v2\/posts\/81888","targetHints":{"allow":["GET"]}}],"collection":[{"href":"https:\/\/www.correspondentevianopolino.com.br\/site\/wp-json\/wp\/v2\/posts"}],"about":[{"href":"https:\/\/www.correspondentevianopolino.com.br\/site\/wp-json\/wp\/v2\/types\/post"}],"author":[{"embeddable":true,"href":"https:\/\/www.correspondentevianopolino.com.br\/site\/wp-json\/wp\/v2\/users\/2"}],"replies":[{"embeddable":true,"href":"https:\/\/www.correspondentevianopolino.com.br\/site\/wp-json\/wp\/v2\/comments?post=81888"}],"version-history":[{"count":0,"href":"https:\/\/www.correspondentevianopolino.com.br\/site\/wp-json\/wp\/v2\/posts\/81888\/revisions"}],"wp:featuredmedia":[{"embeddable":true,"href":"https:\/\/www.correspondentevianopolino.com.br\/site\/wp-json\/wp\/v2\/media\/81904"}],"wp:attachment":[{"href":"https:\/\/www.correspondentevianopolino.com.br\/site\/wp-json\/wp\/v2\/media?parent=81888"}],"wp:term":[{"taxonomy":"category","embeddable":true,"href":"https:\/\/www.correspondentevianopolino.com.br\/site\/wp-json\/wp\/v2\/categories?post=81888"},{"taxonomy":"post_tag","embeddable":true,"href":"https:\/\/www.correspondentevianopolino.com.br\/site\/wp-json\/wp\/v2\/tags?post=81888"}],"curies":[{"name":"wp","href":"https:\/\/api.w.org\/{rel}","templated":true}]}}