{"id":81913,"date":"2022-12-17T06:00:35","date_gmt":"2022-12-17T09:00:35","guid":{"rendered":"https:\/\/www.correspondentevianopolino.com.br\/site\/?p=81913"},"modified":"2022-12-20T16:16:47","modified_gmt":"2022-12-20T19:16:47","slug":"corpos-dos-irmaos-que-faleceram-em-acidente-na-rodovia-orizona-pires-do-rio-nao-serao-sepultados-em-pires-do-rio","status":"publish","type":"post","link":"https:\/\/www.correspondentevianopolino.com.br\/site\/corpos-dos-irmaos-que-faleceram-em-acidente-na-rodovia-orizona-pires-do-rio-nao-serao-sepultados-em-pires-do-rio\/","title":{"rendered":"CORPOS DOS IRM\u00c3OS QUE FALECERAM EM ACIDENTE NA RODOVIA ORIZONA\/PIRES DO RIO N\u00c3O SER\u00c3O SEPULTADOS EM PIRES DO RIO"},"content":{"rendered":"\n<figure class=\"wp-block-image size-large\"><img decoding=\"async\" width=\"576\" height=\"1024\" src=\"https:\/\/www.correspondentevianopolino.com.br\/site\/wp-content\/uploads\/2022\/12\/thumbnail-6-576x1024.jpg\" alt=\"\" class=\"wp-image-81878\" srcset=\"https:\/\/www.correspondentevianopolino.com.br\/site\/wp-content\/uploads\/2022\/12\/thumbnail-6-576x1024.jpg 576w, https:\/\/www.correspondentevianopolino.com.br\/site\/wp-content\/uploads\/2022\/12\/thumbnail-6-169x300.jpg 169w, https:\/\/www.correspondentevianopolino.com.br\/site\/wp-content\/uploads\/2022\/12\/thumbnail-6-465x827.jpg 465w, https:\/\/www.correspondentevianopolino.com.br\/site\/wp-content\/uploads\/2022\/12\/thumbnail-6-768x1365.jpg 768w, https:\/\/www.correspondentevianopolino.com.br\/site\/wp-content\/uploads\/2022\/12\/thumbnail-6-864x1536.jpg 864w, https:\/\/www.correspondentevianopolino.com.br\/site\/wp-content\/uploads\/2022\/12\/thumbnail-6-174x310.jpg 174w, https:\/\/www.correspondentevianopolino.com.br\/site\/wp-content\/uploads\/2022\/12\/thumbnail-6-120x213.jpg 120w, https:\/\/www.correspondentevianopolino.com.br\/site\/wp-content\/uploads\/2022\/12\/thumbnail-6-115x204.jpg 115w, https:\/\/www.correspondentevianopolino.com.br\/site\/wp-content\/uploads\/2022\/12\/thumbnail-6-107x190.jpg 107w, https:\/\/www.correspondentevianopolino.com.br\/site\/wp-content\/uploads\/2022\/12\/thumbnail-6.jpg 1080w\" sizes=\"(max-width: 576px) 100vw, 576px\" \/><\/figure>\n\n\n\n<p>Os corpos dos irm\u00e3os Eduardo Pereira das Neves (18) e Leandro Ara\u00fajo Peixoto J\u00fanior (6), que faleceram no in\u00edcio da noite da \u00faltima quinta-feira, 15\/12, em acidente na Rodovia Orizona\/Pires do Rio, foram velados por cerca de 2 horas na tarde de ontem, 16\/12, em Pires do Rio e, em seguida, foram levados para a cidade de Cocos, Estado da Bahia, que fica a quase 900 quil\u00f4metros de dist\u00e2ncia. Eles ser\u00e3o sepultados na data de hoje, 17\/12, em Cocos (BA), onde moram av\u00f3s e outros familiares.<\/p>\n\n\n\n<p>O acidente com duas v\u00edtimas fatais envolveu tr\u00eas ve\u00edculos, sendo o Gol, que era pilotado por Eduardo, uma camioneta e um Corsa.<\/p>\n\n\n\n<p>O Gol rodou na pista molhada, chocou-se com a camioneta e, em seguida, o Corsa chocou-se com o Gol.<\/p>\n\n\n\n<p>No acidente, Iale Pereira das Neves, de 15 anos de idade, irm\u00e3 de Eduardo e Leandro J\u00fanior, que sofreu diversos ferimentos e fraturas, foi socorrida e levada para o Hospital de Pires do Rio. Posteriormente, ela foi encaminhada para o HUGO (Hospital de Urg\u00eancias de Goi\u00e2nia), onde se encontra em estado grave.<\/p>\n\n\n<figure class=\"wp-block-post-featured-image\"><img decoding=\"async\" width=\"428\" height=\"517\" src=\"https:\/\/www.correspondentevianopolino.com.br\/site\/wp-content\/uploads\/2022\/12\/Screenshot_20221216-110152_WhatsApp.jpg\" class=\"attachment-post-thumbnail size-post-thumbnail wp-post-image\" alt=\"\" style=\"object-fit:cover;\" srcset=\"https:\/\/www.correspondentevianopolino.com.br\/site\/wp-content\/uploads\/2022\/12\/Screenshot_20221216-110152_WhatsApp.jpg 428w, https:\/\/www.correspondentevianopolino.com.br\/site\/wp-content\/uploads\/2022\/12\/Screenshot_20221216-110152_WhatsApp-248x300.jpg 248w, https:\/\/www.correspondentevianopolino.com.br\/site\/wp-content\/uploads\/2022\/12\/Screenshot_20221216-110152_WhatsApp-257x310.jpg 257w, https:\/\/www.correspondentevianopolino.com.br\/site\/wp-content\/uploads\/2022\/12\/Screenshot_20221216-110152_WhatsApp-176x213.jpg 176w, https:\/\/www.correspondentevianopolino.com.br\/site\/wp-content\/uploads\/2022\/12\/Screenshot_20221216-110152_WhatsApp-169x204.jpg 169w, https:\/\/www.correspondentevianopolino.com.br\/site\/wp-content\/uploads\/2022\/12\/Screenshot_20221216-110152_WhatsApp-157x190.jpg 157w\" sizes=\"(max-width: 428px) 100vw, 428px\" \/><\/figure>\n\n\n<p><strong>NA FOTO ACIMA, EDUARDO \u00c0 ESQUERDA, IALE AO CENTRO E LEANDRO J\u00daNIOR \u00c0 DIREITA.<\/strong><\/p>\n","protected":false},"excerpt":{"rendered":"<p>Os corpos dos irm\u00e3os Eduardo Pereira das Neves (18) e Leandro Ara\u00fajo Peixoto J\u00fanior (6), que faleceram no in\u00edcio da [&hellip;]<\/p>\n","protected":false},"author":2,"featured_media":81904,"comment_status":"open","ping_status":"closed","sticky":false,"template":"","format":"standard","meta":{"_uag_custom_page_level_css":"","site-sidebar-layout":"default","site-content-layout":"","ast-site-content-layout":"default","site-content-style":"default","site-sidebar-style":"default","ast-global-header-display":"","ast-banner-title-visibility":"","ast-main-header-display":"","ast-hfb-above-header-display":"","ast-hfb-below-header-display":"","ast-hfb-mobile-header-display":"","site-post-title":"","ast-breadcrumbs-content":"","ast-featured-img":"","footer-sml-layout":"","ast-disable-related-posts":"","theme-transparent-header-meta":"","adv-header-id-meta":"","stick-header-meta":"","header-above-stick-meta":"","header-main-stick-meta":"","header-below-stick-meta":"","astra-migrate-meta-layouts":"default","ast-page-background-enabled":"default","ast-page-background-meta":{"desktop":{"background-color":"var(--ast-global-color-4)","background-image":"","background-repeat":"repeat","background-position":"center center","background-size":"auto","background-attachment":"scroll","background-type":"","background-media":"","overlay-type":"","overlay-color":"","overlay-opacity":"","overlay-gradient":""},"tablet":{"background-color":"","background-image":"","background-repeat":"repeat","background-position":"center center","background-size":"auto","background-attachment":"scroll","background-type":"","background-media":"","overlay-type":"","overlay-color":"","overlay-opacity":"","overlay-gradient":""},"mobile":{"background-color":"","background-image":"","background-repeat":"repeat","background-position":"center center","background-size":"auto","background-attachment":"scroll","background-type":"","background-media":"","overlay-type":"","overlay-color":"","overlay-opacity":"","overlay-gradient":""}},"ast-content-background-meta":{"desktop":{"background-color":"var(--ast-global-color-5)","background-image":"","background-repeat":"repeat","background-position":"center center","background-size":"auto","background-attachment":"scroll","background-type":"","background-media":"","overlay-type":"","overlay-color":"","overlay-opacity":"","overlay-gradient":""},"tablet":{"background-color":"var(--ast-global-color-5)","background-image":"","background-repeat":"repeat","background-position":"center center","background-size":"auto","background-attachment":"scroll","background-type":"","background-media":"","overlay-type":"","overlay-color":"","overlay-opacity":"","overlay-gradient":""},"mobile":{"background-color":"var(--ast-global-color-5)","background-image":"","background-repeat":"repeat","background-position":"center center","background-size":"auto","background-attachment":"scroll","background-type":"","background-media":"","overlay-type":"","overlay-color":"","overlay-opacity":"","overlay-gradient":""}},"footnotes":""},"categories":[1],"tags":[],"class_list":["post-81913","post","type-post","status-publish","format-standard","has-post-thumbnail","hentry","category-ultimas","ColorsTitles-7e06bf"],"uagb_featured_image_src":{"full":["https:\/\/www.correspondentevianopolino.com.br\/site\/wp-content\/uploads\/2022\/12\/Screenshot_20221216-110152_WhatsApp.jpg",428,517,false],"thumbnail":["https:\/\/www.correspondentevianopolino.com.br\/site\/wp-content\/uploads\/2022\/12\/Screenshot_20221216-110152_WhatsApp.jpg",428,517,false],"medium":["https:\/\/www.correspondentevianopolino.com.br\/site\/wp-content\/uploads\/2022\/12\/Screenshot_20221216-110152_WhatsApp-248x300.jpg",248,300,true],"medium_large":["https:\/\/www.correspondentevianopolino.com.br\/site\/wp-content\/uploads\/2022\/12\/Screenshot_20221216-110152_WhatsApp.jpg",428,517,false],"large":["https:\/\/www.correspondentevianopolino.com.br\/site\/wp-content\/uploads\/2022\/12\/Screenshot_20221216-110152_WhatsApp.jpg",428,517,false],"1536x1536":["https:\/\/www.correspondentevianopolino.com.br\/site\/wp-content\/uploads\/2022\/12\/Screenshot_20221216-110152_WhatsApp.jpg",428,517,false],"2048x2048":["https:\/\/www.correspondentevianopolino.com.br\/site\/wp-content\/uploads\/2022\/12\/Screenshot_20221216-110152_WhatsApp.jpg",428,517,false]},"uagb_author_info":{"display_name":"Ol\u00edvio Lemos","author_link":"https:\/\/www.correspondentevianopolino.com.br\/site\/author\/olivio\/"},"uagb_comment_info":0,"uagb_excerpt":"Os corpos dos irm\u00e3os Eduardo Pereira das Neves (18) e Leandro Ara\u00fajo Peixoto J\u00fanior (6), que faleceram no in\u00edcio da [&hellip;]","_links":{"self":[{"href":"https:\/\/www.correspondentevianopolino.com.br\/site\/wp-json\/wp\/v2\/posts\/81913","targetHints":{"allow":["GET"]}}],"collection":[{"href":"https:\/\/www.correspondentevianopolino.com.br\/site\/wp-json\/wp\/v2\/posts"}],"about":[{"href":"https:\/\/www.correspondentevianopolino.com.br\/site\/wp-json\/wp\/v2\/types\/post"}],"author":[{"embeddable":true,"href":"https:\/\/www.correspondentevianopolino.com.br\/site\/wp-json\/wp\/v2\/users\/2"}],"replies":[{"embeddable":true,"href":"https:\/\/www.correspondentevianopolino.com.br\/site\/wp-json\/wp\/v2\/comments?post=81913"}],"version-history":[{"count":0,"href":"https:\/\/www.correspondentevianopolino.com.br\/site\/wp-json\/wp\/v2\/posts\/81913\/revisions"}],"wp:featuredmedia":[{"embeddable":true,"href":"https:\/\/www.correspondentevianopolino.com.br\/site\/wp-json\/wp\/v2\/media\/81904"}],"wp:attachment":[{"href":"https:\/\/www.correspondentevianopolino.com.br\/site\/wp-json\/wp\/v2\/media?parent=81913"}],"wp:term":[{"taxonomy":"category","embeddable":true,"href":"https:\/\/www.correspondentevianopolino.com.br\/site\/wp-json\/wp\/v2\/categories?post=81913"},{"taxonomy":"post_tag","embeddable":true,"href":"https:\/\/www.correspondentevianopolino.com.br\/site\/wp-json\/wp\/v2\/tags?post=81913"}],"curies":[{"name":"wp","href":"https:\/\/api.w.org\/{rel}","templated":true}]}}