{"id":81966,"date":"2022-12-19T23:23:10","date_gmt":"2022-12-20T02:23:10","guid":{"rendered":"https:\/\/www.correspondentevianopolino.com.br\/site\/?p=81966"},"modified":"2022-12-28T17:20:28","modified_gmt":"2022-12-28T20:20:28","slug":"funcionarios-de-um-bercario-de-vianopolis-sao-acusados-de-maus-tratos-a-criancas","status":"publish","type":"post","link":"https:\/\/www.correspondentevianopolino.com.br\/site\/funcionarios-de-um-bercario-de-vianopolis-sao-acusados-de-maus-tratos-a-criancas\/","title":{"rendered":"PROPRIET\u00c1RIA E FUNCION\u00c1RIA DE UM BER\u00c7\u00c1RIO DE VIAN\u00d3POLIS S\u00c3O ACUSADAS DE MAUS TRATOS A CRIAN\u00c7AS"},"content":{"rendered":"\n<figure class=\"wp-block-image size-large is-resized\"><img decoding=\"async\" src=\"https:\/\/www.correspondentevianopolino.com.br\/site\/wp-content\/uploads\/2022\/12\/thumbnail-6-1-576x1024.jpg\" alt=\"\" class=\"wp-image-81927\" width=\"330\" height=\"585\" srcset=\"https:\/\/www.correspondentevianopolino.com.br\/site\/wp-content\/uploads\/2022\/12\/thumbnail-6-1-169x300.jpg 169w, https:\/\/www.correspondentevianopolino.com.br\/site\/wp-content\/uploads\/2022\/12\/thumbnail-6-1-120x213.jpg 120w, https:\/\/www.correspondentevianopolino.com.br\/site\/wp-content\/uploads\/2022\/12\/thumbnail-6-1-115x204.jpg 115w, https:\/\/www.correspondentevianopolino.com.br\/site\/wp-content\/uploads\/2022\/12\/thumbnail-6-1-107x190.jpg 107w\" sizes=\"(max-width: 330px) 100vw, 330px\" \/><\/figure>\n\n\n\n<p>Os pais de uma crian\u00e7a que sofreu maus tratos em um ber\u00e7\u00e1rio de Vian\u00f3polis durante uma sess\u00e3o de fotos realizada na semana passada, procuraram nossa reportagem na noite de ontem, 19\/12, informando que na data de hoje, 20\/12, v\u00e3o denunciar o que aconteceu no ber\u00e7\u00e1rio ao Delegado de Pol\u00edcia de Vian\u00f3polis, Bruno Barros, assim como ao Minist\u00e9rio P\u00fablico e ao Conselho Tutelar de Vian\u00f3polis.<\/p>\n\n\n\n<p>Em alguns v\u00eddeos que est\u00e3o sendo divulgados nas redes sociais \u00e9 poss\u00edvel ver atitudes reprov\u00e1veis da propriet\u00e1ria do ber\u00e7\u00e1rio e tamb\u00e9m de uma funcion\u00e1ria no momento em que as crian\u00e7as est\u00e3o agrupadas para que seja feita uma foto.<\/p>\n\n\n\n<p>Em certo momento, a propriet\u00e1ria do ber\u00e7\u00e1rio se utiliza de m\u00e9todos n\u00e3o indicados para fazer uma garotinha ficar quieta e tamb\u00e9m pega com os dois bra\u00e7os outra crian\u00e7a e a colocada sentada, de forma abrupta.<\/p>\n\n\n\n<p>Segundo os pais que procuraram nossa reportagem, os v\u00eddeos foram postados pela pr\u00f3pria dire\u00e7\u00e3o do ber\u00e7\u00e1rio no final da semana passada no grupo de WhatsApp de pais de crian\u00e7as que s\u00e3o levadas para o ber\u00e7\u00e1rio.<\/p>\n\n\n\n<p>Nossa reportagem n\u00e3o divulgar\u00e1 os v\u00eddeos, uma vez que n\u00e3o possui autoriza\u00e7\u00e3o dos pais das crian\u00e7as para assim proceder.<\/p>\n\n\n\n<p>Em diversos grupos de WhatsApp, o ocorrido no ber\u00e7\u00e1rio foi alvo de coment\u00e1rios reprovando as atitudes da propriet\u00e1ria e da funcion\u00e1ria do ber\u00e7\u00e1rio.<\/p>\n\n\n\n<p>Pelo que apurou nossa reportagem, como o promotor Lucas C\u00e9sar Costa Ferreira se encontra de recesso, o caso deve ser levado ao conhecimento da promotora plantonista, M\u00e1rcia Ferreira Gomes.<\/p>\n\n\n\n<p><strong>Mesmo n\u00e3o tendo divulgado o nome do ber\u00e7\u00e1rio e nem o nome das pessoas envolvidas, nossa reportagem abre espa\u00e7o caso a dire\u00e7\u00e3o da institui\u00e7\u00e3o queira se manifestar.<\/strong><\/p>\n\n\n\n<p><\/p>\n\n\n\n<p><\/p>\n\n\n\n<p><\/p>\n\n\n<figure class=\"wp-block-post-featured-image\"><img decoding=\"async\" width=\"949\" height=\"502\" src=\"https:\/\/www.correspondentevianopolino.com.br\/site\/wp-content\/uploads\/2022\/12\/Screenshot_20221219-231931_WhatsApp.jpg\" class=\"attachment-post-thumbnail size-post-thumbnail wp-post-image\" alt=\"\" style=\"object-fit:cover;\" srcset=\"https:\/\/www.correspondentevianopolino.com.br\/site\/wp-content\/uploads\/2022\/12\/Screenshot_20221219-231931_WhatsApp.jpg 949w, https:\/\/www.correspondentevianopolino.com.br\/site\/wp-content\/uploads\/2022\/12\/Screenshot_20221219-231931_WhatsApp-300x159.jpg 300w, https:\/\/www.correspondentevianopolino.com.br\/site\/wp-content\/uploads\/2022\/12\/Screenshot_20221219-231931_WhatsApp-465x246.jpg 465w, https:\/\/www.correspondentevianopolino.com.br\/site\/wp-content\/uploads\/2022\/12\/Screenshot_20221219-231931_WhatsApp-768x406.jpg 768w, https:\/\/www.correspondentevianopolino.com.br\/site\/wp-content\/uploads\/2022\/12\/Screenshot_20221219-231931_WhatsApp-390x205.jpg 390w, https:\/\/www.correspondentevianopolino.com.br\/site\/wp-content\/uploads\/2022\/12\/Screenshot_20221219-231931_WhatsApp-327x173.jpg 327w, https:\/\/www.correspondentevianopolino.com.br\/site\/wp-content\/uploads\/2022\/12\/Screenshot_20221219-231931_WhatsApp-386x204.jpg 386w, https:\/\/www.correspondentevianopolino.com.br\/site\/wp-content\/uploads\/2022\/12\/Screenshot_20221219-231931_WhatsApp-260x138.jpg 260w\" sizes=\"(max-width: 949px) 100vw, 949px\" \/><\/figure>","protected":false},"excerpt":{"rendered":"<p>Os pais de uma crian\u00e7a que sofreu maus tratos em um ber\u00e7\u00e1rio de Vian\u00f3polis durante uma sess\u00e3o de fotos realizada [&hellip;]<\/p>\n","protected":false},"author":2,"featured_media":81967,"comment_status":"open","ping_status":"closed","sticky":false,"template":"","format":"standard","meta":{"_uag_custom_page_level_css":"","site-sidebar-layout":"default","site-content-layout":"","ast-site-content-layout":"default","site-content-style":"default","site-sidebar-style":"default","ast-global-header-display":"","ast-banner-title-visibility":"","ast-main-header-display":"","ast-hfb-above-header-display":"","ast-hfb-below-header-display":"","ast-hfb-mobile-header-display":"","site-post-title":"","ast-breadcrumbs-content":"","ast-featured-img":"","footer-sml-layout":"","ast-disable-related-posts":"","theme-transparent-header-meta":"","adv-header-id-meta":"","stick-header-meta":"","header-above-stick-meta":"","header-main-stick-meta":"","header-below-stick-meta":"","astra-migrate-meta-layouts":"default","ast-page-background-enabled":"default","ast-page-background-meta":{"desktop":{"background-color":"var(--ast-global-color-4)","background-image":"","background-repeat":"repeat","background-position":"center center","background-size":"auto","background-attachment":"scroll","background-type":"","background-media":"","overlay-type":"","overlay-color":"","overlay-opacity":"","overlay-gradient":""},"tablet":{"background-color":"","background-image":"","background-repeat":"repeat","background-position":"center center","background-size":"auto","background-attachment":"scroll","background-type":"","background-media":"","overlay-type":"","overlay-color":"","overlay-opacity":"","overlay-gradient":""},"mobile":{"background-color":"","background-image":"","background-repeat":"repeat","background-position":"center center","background-size":"auto","background-attachment":"scroll","background-type":"","background-media":"","overlay-type":"","overlay-color":"","overlay-opacity":"","overlay-gradient":""}},"ast-content-background-meta":{"desktop":{"background-color":"var(--ast-global-color-5)","background-image":"","background-repeat":"repeat","background-position":"center center","background-size":"auto","background-attachment":"scroll","background-type":"","background-media":"","overlay-type":"","overlay-color":"","overlay-opacity":"","overlay-gradient":""},"tablet":{"background-color":"var(--ast-global-color-5)","background-image":"","background-repeat":"repeat","background-position":"center center","background-size":"auto","background-attachment":"scroll","background-type":"","background-media":"","overlay-type":"","overlay-color":"","overlay-opacity":"","overlay-gradient":""},"mobile":{"background-color":"var(--ast-global-color-5)","background-image":"","background-repeat":"repeat","background-position":"center center","background-size":"auto","background-attachment":"scroll","background-type":"","background-media":"","overlay-type":"","overlay-color":"","overlay-opacity":"","overlay-gradient":""}},"footnotes":""},"categories":[1],"tags":[],"class_list":["post-81966","post","type-post","status-publish","format-standard","has-post-thumbnail","hentry","category-ultimas"],"uagb_featured_image_src":{"full":["https:\/\/www.correspondentevianopolino.com.br\/site\/wp-content\/uploads\/2022\/12\/Screenshot_20221219-231931_WhatsApp.jpg",949,502,false],"thumbnail":["https:\/\/www.correspondentevianopolino.com.br\/site\/wp-content\/uploads\/2022\/12\/Screenshot_20221219-231931_WhatsApp-465x246.jpg",465,246,true],"medium":["https:\/\/www.correspondentevianopolino.com.br\/site\/wp-content\/uploads\/2022\/12\/Screenshot_20221219-231931_WhatsApp-300x159.jpg",300,159,true],"medium_large":["https:\/\/www.correspondentevianopolino.com.br\/site\/wp-content\/uploads\/2022\/12\/Screenshot_20221219-231931_WhatsApp-768x406.jpg",768,406,true],"large":["https:\/\/www.correspondentevianopolino.com.br\/site\/wp-content\/uploads\/2022\/12\/Screenshot_20221219-231931_WhatsApp.jpg",949,502,false],"1536x1536":["https:\/\/www.correspondentevianopolino.com.br\/site\/wp-content\/uploads\/2022\/12\/Screenshot_20221219-231931_WhatsApp.jpg",949,502,false],"2048x2048":["https:\/\/www.correspondentevianopolino.com.br\/site\/wp-content\/uploads\/2022\/12\/Screenshot_20221219-231931_WhatsApp.jpg",949,502,false]},"uagb_author_info":{"display_name":"Ol\u00edvio Lemos","author_link":"https:\/\/www.correspondentevianopolino.com.br\/site\/author\/olivio\/"},"uagb_comment_info":27,"uagb_excerpt":"Os pais de uma crian\u00e7a que sofreu maus tratos em um ber\u00e7\u00e1rio de Vian\u00f3polis durante uma sess\u00e3o de fotos realizada [&hellip;]","_links":{"self":[{"href":"https:\/\/www.correspondentevianopolino.com.br\/site\/wp-json\/wp\/v2\/posts\/81966","targetHints":{"allow":["GET"]}}],"collection":[{"href":"https:\/\/www.correspondentevianopolino.com.br\/site\/wp-json\/wp\/v2\/posts"}],"about":[{"href":"https:\/\/www.correspondentevianopolino.com.br\/site\/wp-json\/wp\/v2\/types\/post"}],"author":[{"embeddable":true,"href":"https:\/\/www.correspondentevianopolino.com.br\/site\/wp-json\/wp\/v2\/users\/2"}],"replies":[{"embeddable":true,"href":"https:\/\/www.correspondentevianopolino.com.br\/site\/wp-json\/wp\/v2\/comments?post=81966"}],"version-history":[{"count":0,"href":"https:\/\/www.correspondentevianopolino.com.br\/site\/wp-json\/wp\/v2\/posts\/81966\/revisions"}],"wp:featuredmedia":[{"embeddable":true,"href":"https:\/\/www.correspondentevianopolino.com.br\/site\/wp-json\/wp\/v2\/media\/81967"}],"wp:attachment":[{"href":"https:\/\/www.correspondentevianopolino.com.br\/site\/wp-json\/wp\/v2\/media?parent=81966"}],"wp:term":[{"taxonomy":"category","embeddable":true,"href":"https:\/\/www.correspondentevianopolino.com.br\/site\/wp-json\/wp\/v2\/categories?post=81966"},{"taxonomy":"post_tag","embeddable":true,"href":"https:\/\/www.correspondentevianopolino.com.br\/site\/wp-json\/wp\/v2\/tags?post=81966"}],"curies":[{"name":"wp","href":"https:\/\/api.w.org\/{rel}","templated":true}]}}