{"id":82151,"date":"2022-12-25T20:59:42","date_gmt":"2022-12-25T23:59:42","guid":{"rendered":"https:\/\/www.correspondentevianopolino.com.br\/site\/?p=82151"},"modified":"2022-12-28T16:16:43","modified_gmt":"2022-12-28T19:16:43","slug":"mortos-no-acidente-na-go-010-saida-para-luziania-sao-de-familias-tradicionais-de-vianopolis","status":"publish","type":"post","link":"https:\/\/www.correspondentevianopolino.com.br\/site\/mortos-no-acidente-na-go-010-saida-para-luziania-sao-de-familias-tradicionais-de-vianopolis\/","title":{"rendered":"MORTOS NO ACIDENTE NA GO-010, SA\u00cdDA PARA LUZI\u00c2NIA, S\u00c3O DE FAM\u00cdLIAS TRADICIONAIS DE VIAN\u00d3POLIS"},"content":{"rendered":"\n<figure class=\"wp-block-image size-large\"><img decoding=\"async\" width=\"1024\" height=\"1024\" src=\"https:\/\/www.correspondentevianopolino.com.br\/site\/wp-content\/uploads\/2022\/12\/IMG-20221223-WA0091-1024x1024.jpg\" alt=\"\" class=\"wp-image-82097\" srcset=\"https:\/\/www.correspondentevianopolino.com.br\/site\/wp-content\/uploads\/2022\/12\/IMG-20221223-WA0091-1024x1024.jpg 1024w, https:\/\/www.correspondentevianopolino.com.br\/site\/wp-content\/uploads\/2022\/12\/IMG-20221223-WA0091-300x300.jpg 300w, https:\/\/www.correspondentevianopolino.com.br\/site\/wp-content\/uploads\/2022\/12\/IMG-20221223-WA0091-465x465.jpg 465w, https:\/\/www.correspondentevianopolino.com.br\/site\/wp-content\/uploads\/2022\/12\/IMG-20221223-WA0091-768x767.jpg 768w, https:\/\/www.correspondentevianopolino.com.br\/site\/wp-content\/uploads\/2022\/12\/IMG-20221223-WA0091-310x310.jpg 310w, https:\/\/www.correspondentevianopolino.com.br\/site\/wp-content\/uploads\/2022\/12\/IMG-20221223-WA0091-213x213.jpg 213w, https:\/\/www.correspondentevianopolino.com.br\/site\/wp-content\/uploads\/2022\/12\/IMG-20221223-WA0091-204x204.jpg 204w, https:\/\/www.correspondentevianopolino.com.br\/site\/wp-content\/uploads\/2022\/12\/IMG-20221223-WA0091-190x190.jpg 190w, https:\/\/www.correspondentevianopolino.com.br\/site\/wp-content\/uploads\/2022\/12\/IMG-20221223-WA0091.jpg 1078w\" sizes=\"(max-width: 1024px) 100vw, 1024px\" \/><\/figure>\n\n\n\n<p><\/p>\n\n\n\n<p>Os mortos no acidente que aconteceu na tarde deste domingo, 25\/12, na Rodovia GO-010, sa\u00edda para Luzi\u00e2nia, s\u00e3o de fam\u00edlias tradicionais do munic\u00edpio de Vian\u00f3polis.<\/p>\n\n\n\n<p>Um ve\u00edculo Palio, de cor vermelha, que trafegava no sentido Bairro S\u00e3o Vicente\/Vian\u00f3polis, colidiu de frente com um ve\u00edculo Siena, placas de Valpara\u00edso de Goi\u00e1s, que seguia no sentido contr\u00e1rio.<\/p>\n\n\n\n<p>Jailson Vicente da Silva, filho de Lindolfo Vicente Filho (Lindolfo Preto), que era o condutor do ve\u00edculo, e Valdivino Vieira Machado, filho do saudoso Jos\u00e9 Vieira Machado (Z\u00e9 Boquinha), de fam\u00edlia da regi\u00e3o do Guarirobal, munic\u00edpio de Silv\u00e2nia, eram os dois ocupantes do Palio e faleceram no local do acidente.<\/p>\n\n\n\n<p>Valdivino era irm\u00e3o, dentre outros, de Carmelita Vieira Machado, cuidadora de idosos em Vian\u00f3polis.<\/p>\n\n\n\n<p>Jailson era primo, dentre outros, de Ivan Carlos da Silva, motorista da Prefeitura de Vian\u00f3polis, e de Leila Silva, hoje residindo em Orizona. Ele faleceu aos 38 anos de idade e estava trabalhando atualmente em uma fazenda nas proximidades de An\u00e1polis.<\/p>\n\n\n\n<p>No outro ve\u00edculo, viajam um casal e dois filhos, moradores de Valpara\u00edso de Goi\u00e1s.<\/p>\n\n\n\n<p>No choque, o homem e um dos filhos se feriram, foram atendidos no Hospital e Maternidade S\u00e3o Sebasti\u00e3o e, posteriormente, transferidos para o HUGO(Hospital de Urg\u00eancias de Goi\u00e2nia), para exames mais detalhados. No entanto, n\u00e3o correm risco de morte.<\/p>\n\n\n\n<p>A esposa do condutor do Siena e uma filha tamb\u00e9m foram atendidas no Hospital de Vian\u00f3polis pelo m\u00e9dico Lourival Lobo e liberadas em seguida.<\/p>\n\n\n\n<p>Os corpos de Jailson e Valdivino foram levados para o IML de An\u00e1polis.<\/p>\n\n\n\n<figure class=\"wp-block-image size-full\"><img decoding=\"async\" width=\"870\" height=\"900\" src=\"https:\/\/www.correspondentevianopolino.com.br\/site\/wp-content\/uploads\/2022\/12\/IMG-20221225-WA0233.jpg\" alt=\"\" class=\"wp-image-82154\" srcset=\"https:\/\/www.correspondentevianopolino.com.br\/site\/wp-content\/uploads\/2022\/12\/IMG-20221225-WA0233.jpg 870w, https:\/\/www.correspondentevianopolino.com.br\/site\/wp-content\/uploads\/2022\/12\/IMG-20221225-WA0233-290x300.jpg 290w, https:\/\/www.correspondentevianopolino.com.br\/site\/wp-content\/uploads\/2022\/12\/IMG-20221225-WA0233-465x481.jpg 465w, https:\/\/www.correspondentevianopolino.com.br\/site\/wp-content\/uploads\/2022\/12\/IMG-20221225-WA0233-768x794.jpg 768w, https:\/\/www.correspondentevianopolino.com.br\/site\/wp-content\/uploads\/2022\/12\/IMG-20221225-WA0233-300x310.jpg 300w, https:\/\/www.correspondentevianopolino.com.br\/site\/wp-content\/uploads\/2022\/12\/IMG-20221225-WA0233-206x213.jpg 206w, https:\/\/www.correspondentevianopolino.com.br\/site\/wp-content\/uploads\/2022\/12\/IMG-20221225-WA0233-197x204.jpg 197w, https:\/\/www.correspondentevianopolino.com.br\/site\/wp-content\/uploads\/2022\/12\/IMG-20221225-WA0233-184x190.jpg 184w\" sizes=\"(max-width: 870px) 100vw, 870px\" \/><\/figure>\n\n\n\n<p class=\"has-text-align-center\"><strong>NA FOTO ACIMA, VALDIVINO VIEIRA MACHADO<\/strong><\/p>\n\n\n\n<figure class=\"wp-block-image size-large\"><img decoding=\"async\" width=\"978\" height=\"1024\" src=\"https:\/\/www.correspondentevianopolino.com.br\/site\/wp-content\/uploads\/2022\/12\/Screenshot_20221225-204655_Facebook-978x1024.jpg\" alt=\"\" class=\"wp-image-82153\" srcset=\"https:\/\/www.correspondentevianopolino.com.br\/site\/wp-content\/uploads\/2022\/12\/Screenshot_20221225-204655_Facebook-978x1024.jpg 978w, https:\/\/www.correspondentevianopolino.com.br\/site\/wp-content\/uploads\/2022\/12\/Screenshot_20221225-204655_Facebook-286x300.jpg 286w, https:\/\/www.correspondentevianopolino.com.br\/site\/wp-content\/uploads\/2022\/12\/Screenshot_20221225-204655_Facebook-465x487.jpg 465w, https:\/\/www.correspondentevianopolino.com.br\/site\/wp-content\/uploads\/2022\/12\/Screenshot_20221225-204655_Facebook-768x804.jpg 768w, https:\/\/www.correspondentevianopolino.com.br\/site\/wp-content\/uploads\/2022\/12\/Screenshot_20221225-204655_Facebook-296x310.jpg 296w, https:\/\/www.correspondentevianopolino.com.br\/site\/wp-content\/uploads\/2022\/12\/Screenshot_20221225-204655_Facebook-203x213.jpg 203w, https:\/\/www.correspondentevianopolino.com.br\/site\/wp-content\/uploads\/2022\/12\/Screenshot_20221225-204655_Facebook-195x204.jpg 195w, https:\/\/www.correspondentevianopolino.com.br\/site\/wp-content\/uploads\/2022\/12\/Screenshot_20221225-204655_Facebook-181x190.jpg 181w, https:\/\/www.correspondentevianopolino.com.br\/site\/wp-content\/uploads\/2022\/12\/Screenshot_20221225-204655_Facebook.jpg 1080w\" sizes=\"(max-width: 978px) 100vw, 978px\" \/><\/figure>\n\n\n\n<p class=\"has-text-align-center\"><strong>NA FOTO ACIMA, JAILSON VICENTE DA SILVA<\/strong><\/p>\n\n\n<figure class=\"wp-block-post-featured-image\"><img decoding=\"async\" width=\"1524\" height=\"1328\" src=\"https:\/\/www.correspondentevianopolino.com.br\/site\/wp-content\/uploads\/2022\/12\/PhotoGrid_Plus_1672013090830.jpg\" class=\"attachment-post-thumbnail size-post-thumbnail wp-post-image\" alt=\"\" style=\"object-fit:cover;\" srcset=\"https:\/\/www.correspondentevianopolino.com.br\/site\/wp-content\/uploads\/2022\/12\/PhotoGrid_Plus_1672013090830.jpg 1524w, https:\/\/www.correspondentevianopolino.com.br\/site\/wp-content\/uploads\/2022\/12\/PhotoGrid_Plus_1672013090830-300x261.jpg 300w, https:\/\/www.correspondentevianopolino.com.br\/site\/wp-content\/uploads\/2022\/12\/PhotoGrid_Plus_1672013090830-1024x892.jpg 1024w, https:\/\/www.correspondentevianopolino.com.br\/site\/wp-content\/uploads\/2022\/12\/PhotoGrid_Plus_1672013090830-465x405.jpg 465w, https:\/\/www.correspondentevianopolino.com.br\/site\/wp-content\/uploads\/2022\/12\/PhotoGrid_Plus_1672013090830-768x669.jpg 768w, https:\/\/www.correspondentevianopolino.com.br\/site\/wp-content\/uploads\/2022\/12\/PhotoGrid_Plus_1672013090830-356x310.jpg 356w, https:\/\/www.correspondentevianopolino.com.br\/site\/wp-content\/uploads\/2022\/12\/PhotoGrid_Plus_1672013090830-244x213.jpg 244w, https:\/\/www.correspondentevianopolino.com.br\/site\/wp-content\/uploads\/2022\/12\/PhotoGrid_Plus_1672013090830-234x204.jpg 234w, https:\/\/www.correspondentevianopolino.com.br\/site\/wp-content\/uploads\/2022\/12\/PhotoGrid_Plus_1672013090830-218x190.jpg 218w\" sizes=\"(max-width: 1524px) 100vw, 1524px\" \/><\/figure>","protected":false},"excerpt":{"rendered":"<p>Os mortos no acidente que aconteceu na tarde deste domingo, 25\/12, na Rodovia GO-010, sa\u00edda para Luzi\u00e2nia, s\u00e3o de fam\u00edlias [&hellip;]<\/p>\n","protected":false},"author":2,"featured_media":82155,"comment_status":"open","ping_status":"closed","sticky":false,"template":"","format":"standard","meta":{"_uag_custom_page_level_css":"","site-sidebar-layout":"default","site-content-layout":"","ast-site-content-layout":"default","site-content-style":"default","site-sidebar-style":"default","ast-global-header-display":"","ast-banner-title-visibility":"","ast-main-header-display":"","ast-hfb-above-header-display":"","ast-hfb-below-header-display":"","ast-hfb-mobile-header-display":"","site-post-title":"","ast-breadcrumbs-content":"","ast-featured-img":"","footer-sml-layout":"","ast-disable-related-posts":"","theme-transparent-header-meta":"","adv-header-id-meta":"","stick-header-meta":"","header-above-stick-meta":"","header-main-stick-meta":"","header-below-stick-meta":"","astra-migrate-meta-layouts":"default","ast-page-background-enabled":"default","ast-page-background-meta":{"desktop":{"background-color":"var(--ast-global-color-4)","background-image":"","background-repeat":"repeat","background-position":"center center","background-size":"auto","background-attachment":"scroll","background-type":"","background-media":"","overlay-type":"","overlay-color":"","overlay-opacity":"","overlay-gradient":""},"tablet":{"background-color":"","background-image":"","background-repeat":"repeat","background-position":"center center","background-size":"auto","background-attachment":"scroll","background-type":"","background-media":"","overlay-type":"","overlay-color":"","overlay-opacity":"","overlay-gradient":""},"mobile":{"background-color":"","background-image":"","background-repeat":"repeat","background-position":"center center","background-size":"auto","background-attachment":"scroll","background-type":"","background-media":"","overlay-type":"","overlay-color":"","overlay-opacity":"","overlay-gradient":""}},"ast-content-background-meta":{"desktop":{"background-color":"var(--ast-global-color-5)","background-image":"","background-repeat":"repeat","background-position":"center center","background-size":"auto","background-attachment":"scroll","background-type":"","background-media":"","overlay-type":"","overlay-color":"","overlay-opacity":"","overlay-gradient":""},"tablet":{"background-color":"var(--ast-global-color-5)","background-image":"","background-repeat":"repeat","background-position":"center center","background-size":"auto","background-attachment":"scroll","background-type":"","background-media":"","overlay-type":"","overlay-color":"","overlay-opacity":"","overlay-gradient":""},"mobile":{"background-color":"var(--ast-global-color-5)","background-image":"","background-repeat":"repeat","background-position":"center center","background-size":"auto","background-attachment":"scroll","background-type":"","background-media":"","overlay-type":"","overlay-color":"","overlay-opacity":"","overlay-gradient":""}},"footnotes":""},"categories":[1],"tags":[],"class_list":["post-82151","post","type-post","status-publish","format-standard","has-post-thumbnail","hentry","category-ultimas","ColorsTitles-7e06bf"],"uagb_featured_image_src":{"full":["https:\/\/www.correspondentevianopolino.com.br\/site\/wp-content\/uploads\/2022\/12\/PhotoGrid_Plus_1672013090830.jpg",1524,1328,false],"thumbnail":["https:\/\/www.correspondentevianopolino.com.br\/site\/wp-content\/uploads\/2022\/12\/PhotoGrid_Plus_1672013090830-465x405.jpg",465,405,true],"medium":["https:\/\/www.correspondentevianopolino.com.br\/site\/wp-content\/uploads\/2022\/12\/PhotoGrid_Plus_1672013090830-300x261.jpg",300,261,true],"medium_large":["https:\/\/www.correspondentevianopolino.com.br\/site\/wp-content\/uploads\/2022\/12\/PhotoGrid_Plus_1672013090830-768x669.jpg",768,669,true],"large":["https:\/\/www.correspondentevianopolino.com.br\/site\/wp-content\/uploads\/2022\/12\/PhotoGrid_Plus_1672013090830-1024x892.jpg",775,675,true],"1536x1536":["https:\/\/www.correspondentevianopolino.com.br\/site\/wp-content\/uploads\/2022\/12\/PhotoGrid_Plus_1672013090830.jpg",1524,1328,false],"2048x2048":["https:\/\/www.correspondentevianopolino.com.br\/site\/wp-content\/uploads\/2022\/12\/PhotoGrid_Plus_1672013090830.jpg",1524,1328,false]},"uagb_author_info":{"display_name":"Ol\u00edvio Lemos","author_link":"https:\/\/www.correspondentevianopolino.com.br\/site\/author\/olivio\/"},"uagb_comment_info":1,"uagb_excerpt":"Os mortos no acidente que aconteceu na tarde deste domingo, 25\/12, na Rodovia GO-010, sa\u00edda para Luzi\u00e2nia, s\u00e3o de fam\u00edlias [&hellip;]","_links":{"self":[{"href":"https:\/\/www.correspondentevianopolino.com.br\/site\/wp-json\/wp\/v2\/posts\/82151","targetHints":{"allow":["GET"]}}],"collection":[{"href":"https:\/\/www.correspondentevianopolino.com.br\/site\/wp-json\/wp\/v2\/posts"}],"about":[{"href":"https:\/\/www.correspondentevianopolino.com.br\/site\/wp-json\/wp\/v2\/types\/post"}],"author":[{"embeddable":true,"href":"https:\/\/www.correspondentevianopolino.com.br\/site\/wp-json\/wp\/v2\/users\/2"}],"replies":[{"embeddable":true,"href":"https:\/\/www.correspondentevianopolino.com.br\/site\/wp-json\/wp\/v2\/comments?post=82151"}],"version-history":[{"count":0,"href":"https:\/\/www.correspondentevianopolino.com.br\/site\/wp-json\/wp\/v2\/posts\/82151\/revisions"}],"wp:featuredmedia":[{"embeddable":true,"href":"https:\/\/www.correspondentevianopolino.com.br\/site\/wp-json\/wp\/v2\/media\/82155"}],"wp:attachment":[{"href":"https:\/\/www.correspondentevianopolino.com.br\/site\/wp-json\/wp\/v2\/media?parent=82151"}],"wp:term":[{"taxonomy":"category","embeddable":true,"href":"https:\/\/www.correspondentevianopolino.com.br\/site\/wp-json\/wp\/v2\/categories?post=82151"},{"taxonomy":"post_tag","embeddable":true,"href":"https:\/\/www.correspondentevianopolino.com.br\/site\/wp-json\/wp\/v2\/tags?post=82151"}],"curies":[{"name":"wp","href":"https:\/\/api.w.org\/{rel}","templated":true}]}}