{"id":91272,"date":"2023-10-10T12:47:42","date_gmt":"2023-10-10T15:47:42","guid":{"rendered":"https:\/\/www.correspondentevianopolino.com.br\/site\/?p=91272"},"modified":"2023-10-10T18:20:57","modified_gmt":"2023-10-10T21:20:57","slug":"hoje-10-10-nas-radios-lider-e-rio-vermelho-fm-o-delegado-de-policia-bruno-barros-vai-falar-do-aumento-consideravel-de-casos-de-estupro-de-vulneraveis-em-vianopolis-7-homens-foram-presos-este-ano","status":"publish","type":"post","link":"https:\/\/www.correspondentevianopolino.com.br\/site\/hoje-10-10-nas-radios-lider-e-rio-vermelho-fm-o-delegado-de-policia-bruno-barros-vai-falar-do-aumento-consideravel-de-casos-de-estupro-de-vulneraveis-em-vianopolis-7-homens-foram-presos-este-ano\/","title":{"rendered":"DELEGADO DE VIAN\u00d3POLIS REVELA QUE A MAIORIA DOS CASOS DE ABUSOS SEXUAIS DE CRIAN\u00c7AS E ADOLESCENTES REGISTRADOS EM NOSSA CIDADE, TEVE A PARTICIPA\u00c7\u00c3O DE ABUSADORES DO SEIO FAMILIAR"},"content":{"rendered":"\n<figure class=\"wp-block-image size-full\"><img decoding=\"async\" width=\"576\" height=\"1024\" src=\"https:\/\/www.correspondentevianopolino.com.br\/site\/wp-content\/uploads\/2023\/10\/thumbnail-6-6-576x1024-1-2.jpg\" alt=\"\" class=\"wp-image-91273\" srcset=\"https:\/\/www.correspondentevianopolino.com.br\/site\/wp-content\/uploads\/2023\/10\/thumbnail-6-6-576x1024-1-2.jpg 576w, https:\/\/www.correspondentevianopolino.com.br\/site\/wp-content\/uploads\/2023\/10\/thumbnail-6-6-576x1024-1-2-169x300.jpg 169w, https:\/\/www.correspondentevianopolino.com.br\/site\/wp-content\/uploads\/2023\/10\/thumbnail-6-6-576x1024-1-2-465x827.jpg 465w, https:\/\/www.correspondentevianopolino.com.br\/site\/wp-content\/uploads\/2023\/10\/thumbnail-6-6-576x1024-1-2-174x310.jpg 174w, https:\/\/www.correspondentevianopolino.com.br\/site\/wp-content\/uploads\/2023\/10\/thumbnail-6-6-576x1024-1-2-120x213.jpg 120w, https:\/\/www.correspondentevianopolino.com.br\/site\/wp-content\/uploads\/2023\/10\/thumbnail-6-6-576x1024-1-2-115x204.jpg 115w, https:\/\/www.correspondentevianopolino.com.br\/site\/wp-content\/uploads\/2023\/10\/thumbnail-6-6-576x1024-1-2-107x190.jpg 107w\" sizes=\"(max-width: 576px) 100vw, 576px\" \/><\/figure>\n\n\n\n<p>O Delegado de Pol\u00edcia de Vian\u00f3polis, Bruno Barros concedeu hoje, 10\/10, entrevista especial ao Correspondente Vianopolino sobre o aumento consider\u00e1vel dos casos de abusos de crian\u00e7as e adolescentes em nosso munic\u00edpio.<\/p>\n\n\n\n<p>Bruno Barros apresentou diversos n\u00fameros de casos e disse que em Vian\u00f3polis, 7 homens foram presos, este ano, acusados de abuso sexual de vulner\u00e1vel.<\/p>\n\n\n\n<p>Segundo ele, a<strong> maioria dos casos teve a participa\u00e7\u00e3o de homens que fazem parte do c\u00edrculo familiar das crian\u00e7as e adolescentes.<\/strong><\/p>\n\n\n\n<p>Na entrevista, ele alertou que os pais devem ficar sempre atentos e orientar seus filhos a saberem identificar atitudes de pessoas que possam querer praticar abusos sexuais contra os mesmos.<\/p>\n\n\n\n<p class=\"has-text-align-center\"><\/p>\n\n\n\n<p><\/p>\n\n\n\n<p class=\"has-text-align-center\"><strong>E LEMBRE-SE: DENUNCIE&#8230;DIGA N\u00c3O \u00c0 VIOL\u00caNCIA SEXUAL CONTRA VULNER\u00c1VEL.<\/strong><\/p>\n\n\n\n<p>TELEFONES QUE PODEM RECEBER DEN\u00daNCIAS: <strong>100, 197 OU 64 9 84 07 40 99.<\/strong><\/p>\n\n\n<figure class=\"wp-block-post-featured-image\"><img decoding=\"async\" width=\"682\" height=\"927\" src=\"https:\/\/www.correspondentevianopolino.com.br\/site\/wp-content\/uploads\/2023\/10\/IMG-20231010-WA0224.jpg\" class=\"attachment-post-thumbnail size-post-thumbnail wp-post-image\" alt=\"\" style=\"object-fit:cover;\" srcset=\"https:\/\/www.correspondentevianopolino.com.br\/site\/wp-content\/uploads\/2023\/10\/IMG-20231010-WA0224.jpg 682w, https:\/\/www.correspondentevianopolino.com.br\/site\/wp-content\/uploads\/2023\/10\/IMG-20231010-WA0224-221x300.jpg 221w, https:\/\/www.correspondentevianopolino.com.br\/site\/wp-content\/uploads\/2023\/10\/IMG-20231010-WA0224-465x632.jpg 465w, https:\/\/www.correspondentevianopolino.com.br\/site\/wp-content\/uploads\/2023\/10\/IMG-20231010-WA0224-228x310.jpg 228w, https:\/\/www.correspondentevianopolino.com.br\/site\/wp-content\/uploads\/2023\/10\/IMG-20231010-WA0224-157x213.jpg 157w, https:\/\/www.correspondentevianopolino.com.br\/site\/wp-content\/uploads\/2023\/10\/IMG-20231010-WA0224-150x204.jpg 150w, https:\/\/www.correspondentevianopolino.com.br\/site\/wp-content\/uploads\/2023\/10\/IMG-20231010-WA0224-140x190.jpg 140w\" sizes=\"(max-width: 682px) 100vw, 682px\" \/><\/figure>","protected":false},"excerpt":{"rendered":"<p>O Delegado de Pol\u00edcia de Vian\u00f3polis, Bruno Barros concedeu hoje, 10\/10, entrevista especial ao Correspondente Vianopolino sobre o aumento consider\u00e1vel [&hellip;]<\/p>\n","protected":false},"author":2,"featured_media":91288,"comment_status":"open","ping_status":"closed","sticky":false,"template":"","format":"standard","meta":{"_uag_custom_page_level_css":"","site-sidebar-layout":"default","site-content-layout":"","ast-site-content-layout":"default","site-content-style":"default","site-sidebar-style":"default","ast-global-header-display":"","ast-banner-title-visibility":"","ast-main-header-display":"","ast-hfb-above-header-display":"","ast-hfb-below-header-display":"","ast-hfb-mobile-header-display":"","site-post-title":"","ast-breadcrumbs-content":"","ast-featured-img":"","footer-sml-layout":"","ast-disable-related-posts":"","theme-transparent-header-meta":"","adv-header-id-meta":"","stick-header-meta":"","header-above-stick-meta":"","header-main-stick-meta":"","header-below-stick-meta":"","astra-migrate-meta-layouts":"default","ast-page-background-enabled":"default","ast-page-background-meta":{"desktop":{"background-color":"var(--ast-global-color-4)","background-image":"","background-repeat":"repeat","background-position":"center center","background-size":"auto","background-attachment":"scroll","background-type":"","background-media":"","overlay-type":"","overlay-color":"","overlay-opacity":"","overlay-gradient":""},"tablet":{"background-color":"","background-image":"","background-repeat":"repeat","background-position":"center center","background-size":"auto","background-attachment":"scroll","background-type":"","background-media":"","overlay-type":"","overlay-color":"","overlay-opacity":"","overlay-gradient":""},"mobile":{"background-color":"","background-image":"","background-repeat":"repeat","background-position":"center center","background-size":"auto","background-attachment":"scroll","background-type":"","background-media":"","overlay-type":"","overlay-color":"","overlay-opacity":"","overlay-gradient":""}},"ast-content-background-meta":{"desktop":{"background-color":"var(--ast-global-color-5)","background-image":"","background-repeat":"repeat","background-position":"center center","background-size":"auto","background-attachment":"scroll","background-type":"","background-media":"","overlay-type":"","overlay-color":"","overlay-opacity":"","overlay-gradient":""},"tablet":{"background-color":"var(--ast-global-color-5)","background-image":"","background-repeat":"repeat","background-position":"center center","background-size":"auto","background-attachment":"scroll","background-type":"","background-media":"","overlay-type":"","overlay-color":"","overlay-opacity":"","overlay-gradient":""},"mobile":{"background-color":"var(--ast-global-color-5)","background-image":"","background-repeat":"repeat","background-position":"center center","background-size":"auto","background-attachment":"scroll","background-type":"","background-media":"","overlay-type":"","overlay-color":"","overlay-opacity":"","overlay-gradient":""}},"footnotes":""},"categories":[1],"tags":[],"class_list":["post-91272","post","type-post","status-publish","format-standard","has-post-thumbnail","hentry","category-ultimas"],"uagb_featured_image_src":{"full":["https:\/\/www.correspondentevianopolino.com.br\/site\/wp-content\/uploads\/2023\/10\/IMG-20231010-WA0224.jpg",682,927,false],"thumbnail":["https:\/\/www.correspondentevianopolino.com.br\/site\/wp-content\/uploads\/2023\/10\/IMG-20231010-WA0224-465x632.jpg",465,632,true],"medium":["https:\/\/www.correspondentevianopolino.com.br\/site\/wp-content\/uploads\/2023\/10\/IMG-20231010-WA0224-221x300.jpg",221,300,true],"medium_large":["https:\/\/www.correspondentevianopolino.com.br\/site\/wp-content\/uploads\/2023\/10\/IMG-20231010-WA0224.jpg",682,927,false],"large":["https:\/\/www.correspondentevianopolino.com.br\/site\/wp-content\/uploads\/2023\/10\/IMG-20231010-WA0224.jpg",497,675,false],"1536x1536":["https:\/\/www.correspondentevianopolino.com.br\/site\/wp-content\/uploads\/2023\/10\/IMG-20231010-WA0224.jpg",682,927,false],"2048x2048":["https:\/\/www.correspondentevianopolino.com.br\/site\/wp-content\/uploads\/2023\/10\/IMG-20231010-WA0224.jpg",682,927,false]},"uagb_author_info":{"display_name":"Ol\u00edvio Lemos","author_link":"https:\/\/www.correspondentevianopolino.com.br\/site\/author\/olivio\/"},"uagb_comment_info":6,"uagb_excerpt":"O Delegado de Pol\u00edcia de Vian\u00f3polis, Bruno Barros concedeu hoje, 10\/10, entrevista especial ao Correspondente Vianopolino sobre o aumento consider\u00e1vel [&hellip;]","_links":{"self":[{"href":"https:\/\/www.correspondentevianopolino.com.br\/site\/wp-json\/wp\/v2\/posts\/91272","targetHints":{"allow":["GET"]}}],"collection":[{"href":"https:\/\/www.correspondentevianopolino.com.br\/site\/wp-json\/wp\/v2\/posts"}],"about":[{"href":"https:\/\/www.correspondentevianopolino.com.br\/site\/wp-json\/wp\/v2\/types\/post"}],"author":[{"embeddable":true,"href":"https:\/\/www.correspondentevianopolino.com.br\/site\/wp-json\/wp\/v2\/users\/2"}],"replies":[{"embeddable":true,"href":"https:\/\/www.correspondentevianopolino.com.br\/site\/wp-json\/wp\/v2\/comments?post=91272"}],"version-history":[{"count":0,"href":"https:\/\/www.correspondentevianopolino.com.br\/site\/wp-json\/wp\/v2\/posts\/91272\/revisions"}],"wp:featuredmedia":[{"embeddable":true,"href":"https:\/\/www.correspondentevianopolino.com.br\/site\/wp-json\/wp\/v2\/media\/91288"}],"wp:attachment":[{"href":"https:\/\/www.correspondentevianopolino.com.br\/site\/wp-json\/wp\/v2\/media?parent=91272"}],"wp:term":[{"taxonomy":"category","embeddable":true,"href":"https:\/\/www.correspondentevianopolino.com.br\/site\/wp-json\/wp\/v2\/categories?post=91272"},{"taxonomy":"post_tag","embeddable":true,"href":"https:\/\/www.correspondentevianopolino.com.br\/site\/wp-json\/wp\/v2\/tags?post=91272"}],"curies":[{"name":"wp","href":"https:\/\/api.w.org\/{rel}","templated":true}]}}