{"id":91310,"date":"2023-10-13T13:06:38","date_gmt":"2023-10-13T16:06:38","guid":{"rendered":"https:\/\/www.correspondentevianopolino.com.br\/site\/?p=91310"},"modified":"2023-10-17T00:12:44","modified_gmt":"2023-10-17T03:12:44","slug":"homenagem","status":"publish","type":"post","link":"https:\/\/www.correspondentevianopolino.com.br\/site\/homenagem\/","title":{"rendered":"CONFIRA MAIS DE 160 FOTOS DE CRIAN\u00c7AS VIANOPOLINAS&#8230;DIA DAS CRIAN\u00c7AS&#8230;UM DIA ESPECIAL"},"content":{"rendered":"\n<figure class=\"wp-block-image size-large\"><img decoding=\"async\" width=\"819\" height=\"1024\" src=\"https:\/\/www.correspondentevianopolino.com.br\/site\/wp-content\/uploads\/2022\/11\/IMG-20231009-WA0102-819x1024.jpg\" alt=\"\" class=\"wp-image-91248\" srcset=\"https:\/\/www.correspondentevianopolino.com.br\/site\/wp-content\/uploads\/2022\/11\/IMG-20231009-WA0102-819x1024.jpg 819w, https:\/\/www.correspondentevianopolino.com.br\/site\/wp-content\/uploads\/2022\/11\/IMG-20231009-WA0102-240x300.jpg 240w, https:\/\/www.correspondentevianopolino.com.br\/site\/wp-content\/uploads\/2022\/11\/IMG-20231009-WA0102-465x581.jpg 465w, https:\/\/www.correspondentevianopolino.com.br\/site\/wp-content\/uploads\/2022\/11\/IMG-20231009-WA0102-768x960.jpg 768w, https:\/\/www.correspondentevianopolino.com.br\/site\/wp-content\/uploads\/2022\/11\/IMG-20231009-WA0102-248x310.jpg 248w, https:\/\/www.correspondentevianopolino.com.br\/site\/wp-content\/uploads\/2022\/11\/IMG-20231009-WA0102-170x213.jpg 170w, https:\/\/www.correspondentevianopolino.com.br\/site\/wp-content\/uploads\/2022\/11\/IMG-20231009-WA0102-163x204.jpg 163w, https:\/\/www.correspondentevianopolino.com.br\/site\/wp-content\/uploads\/2022\/11\/IMG-20231009-WA0102-152x190.jpg 152w, https:\/\/www.correspondentevianopolino.com.br\/site\/wp-content\/uploads\/2022\/11\/IMG-20231009-WA0102.jpg 1024w\" sizes=\"(max-width: 819px) 100vw, 819px\" \/><\/figure>\n\n\n\n<p>O Site do <strong>CORRESPONDENTE VIANOPOLINO<\/strong> presta homenagem a todas as crian\u00e7as de Vian\u00f3polis e regi\u00e3o, postando dezenas de fotos na passagem do <strong>DIA DAS CRIAN\u00c7AS.<\/strong><\/p>\n\n\n\n<p>S\u00e3o fotos de crian\u00e7as de Vian\u00f3polis ou filhos de fam\u00edlias de nosso munic\u00edpio.<\/p>\n\n\n\n<p><strong>As crian\u00e7as que est\u00e3o tendo suas fotos postadas no site, v\u00e3o concorrer a 02 BICICLETAS, sendo uma para um menino e outra para uma menina, de acordo com suas idades.<\/strong><\/p>\n\n\n\n<p><strong>OBSERVA\u00c7\u00c3O<\/strong>: O RESULTADO DO SORTEIO DOS PR\u00caMIOS SER\u00c1 DIVULGADO NO DOMINGO \u00c0 NOITE OU SEGUNDA-FEIRA PELA MANH\u00c3.<\/p>\n\n\n\n<figure class=\"wp-block-image size-full\"><img decoding=\"async\" width=\"1021\" height=\"377\" src=\"https:\/\/www.correspondentevianopolino.com.br\/site\/wp-content\/uploads\/2023\/10\/thumbnail.jpg\" alt=\"\" class=\"wp-image-91307\" srcset=\"https:\/\/www.correspondentevianopolino.com.br\/site\/wp-content\/uploads\/2023\/10\/thumbnail.jpg 1021w, https:\/\/www.correspondentevianopolino.com.br\/site\/wp-content\/uploads\/2023\/10\/thumbnail-300x111.jpg 300w, https:\/\/www.correspondentevianopolino.com.br\/site\/wp-content\/uploads\/2023\/10\/thumbnail-465x172.jpg 465w, https:\/\/www.correspondentevianopolino.com.br\/site\/wp-content\/uploads\/2023\/10\/thumbnail-768x284.jpg 768w, https:\/\/www.correspondentevianopolino.com.br\/site\/wp-content\/uploads\/2023\/10\/thumbnail-327x121.jpg 327w, https:\/\/www.correspondentevianopolino.com.br\/site\/wp-content\/uploads\/2023\/10\/thumbnail-389x144.jpg 389w, https:\/\/www.correspondentevianopolino.com.br\/site\/wp-content\/uploads\/2023\/10\/thumbnail-260x96.jpg 260w\" sizes=\"(max-width: 1021px) 100vw, 1021px\" \/><\/figure>\n\n\n\n<figure class=\"wp-block-image size-large is-resized\"><img decoding=\"async\" src=\"https:\/\/www.correspondentevianopolino.com.br\/site\/wp-content\/uploads\/2023\/10\/1000797337-576x1024.jpg\" alt=\"\" class=\"wp-image-91698\" width=\"439\" height=\"780\" srcset=\"https:\/\/www.correspondentevianopolino.com.br\/site\/wp-content\/uploads\/2023\/10\/1000797337-576x1024.jpg 576w, https:\/\/www.correspondentevianopolino.com.br\/site\/wp-content\/uploads\/2023\/10\/1000797337-169x300.jpg 169w, https:\/\/www.correspondentevianopolino.com.br\/site\/wp-content\/uploads\/2023\/10\/1000797337-465x827.jpg 465w, https:\/\/www.correspondentevianopolino.com.br\/site\/wp-content\/uploads\/2023\/10\/1000797337-768x1366.jpg 768w, https:\/\/www.correspondentevianopolino.com.br\/site\/wp-content\/uploads\/2023\/10\/1000797337-864x1536.jpg 864w, https:\/\/www.correspondentevianopolino.com.br\/site\/wp-content\/uploads\/2023\/10\/1000797337-174x310.jpg 174w, https:\/\/www.correspondentevianopolino.com.br\/site\/wp-content\/uploads\/2023\/10\/1000797337-120x213.jpg 120w, https:\/\/www.correspondentevianopolino.com.br\/site\/wp-content\/uploads\/2023\/10\/1000797337-115x204.jpg 115w, https:\/\/www.correspondentevianopolino.com.br\/site\/wp-content\/uploads\/2023\/10\/1000797337-107x190.jpg 107w, https:\/\/www.correspondentevianopolino.com.br\/site\/wp-content\/uploads\/2023\/10\/1000797337.jpg 899w\" sizes=\"(max-width: 439px) 100vw, 439px\" \/><\/figure>\n\n\n\n<p>NA FOTO ACIMA, DAVI SOARES CARDOSO,.FILHO DE MOIS\u00c9S SOARES DO NASCIMENTO E EDSONIA CARDOSO DOS SANTOS.<\/p>\n\n\n\n<figure class=\"wp-block-image size-full\"><img decoding=\"async\" width=\"768\" height=\"1024\" src=\"https:\/\/www.correspondentevianopolino.com.br\/site\/wp-content\/uploads\/2023\/10\/1000797339.jpg\" alt=\"\" class=\"wp-image-91695\" srcset=\"https:\/\/www.correspondentevianopolino.com.br\/site\/wp-content\/uploads\/2023\/10\/1000797339.jpg 768w, https:\/\/www.correspondentevianopolino.com.br\/site\/wp-content\/uploads\/2023\/10\/1000797339-225x300.jpg 225w, https:\/\/www.correspondentevianopolino.com.br\/site\/wp-content\/uploads\/2023\/10\/1000797339-465x620.jpg 465w, https:\/\/www.correspondentevianopolino.com.br\/site\/wp-content\/uploads\/2023\/10\/1000797339-233x310.jpg 233w, https:\/\/www.correspondentevianopolino.com.br\/site\/wp-content\/uploads\/2023\/10\/1000797339-160x213.jpg 160w, https:\/\/www.correspondentevianopolino.com.br\/site\/wp-content\/uploads\/2023\/10\/1000797339-153x204.jpg 153w, https:\/\/www.correspondentevianopolino.com.br\/site\/wp-content\/uploads\/2023\/10\/1000797339-143x190.jpg 143w\" sizes=\"(max-width: 768px) 100vw, 768px\" \/><\/figure>\n\n\n\n<p>NA FOTO ACIMA, ANA CEC\u00cdLIA  BATISTA SILVA, FILHA DE LINDOMAR FERREIRA DA SIL SILVA E GL\u00c1UCIA BATISTA DE MELO.<\/p>\n\n\n\n<p><\/p>\n\n\n\n<figure class=\"wp-block-image size-large is-resized\"><img decoding=\"async\" src=\"https:\/\/www.correspondentevianopolino.com.br\/site\/wp-content\/uploads\/2023\/10\/1000796854-768x1024.jpg\" alt=\"\" class=\"wp-image-91686\" width=\"368\" height=\"490\" srcset=\"https:\/\/www.correspondentevianopolino.com.br\/site\/wp-content\/uploads\/2023\/10\/1000796854-768x1024.jpg 768w, https:\/\/www.correspondentevianopolino.com.br\/site\/wp-content\/uploads\/2023\/10\/1000796854-225x300.jpg 225w, https:\/\/www.correspondentevianopolino.com.br\/site\/wp-content\/uploads\/2023\/10\/1000796854-465x620.jpg 465w, https:\/\/www.correspondentevianopolino.com.br\/site\/wp-content\/uploads\/2023\/10\/1000796854-1152x1536.jpg 1152w, https:\/\/www.correspondentevianopolino.com.br\/site\/wp-content\/uploads\/2023\/10\/1000796854-233x310.jpg 233w, https:\/\/www.correspondentevianopolino.com.br\/site\/wp-content\/uploads\/2023\/10\/1000796854-160x213.jpg 160w, https:\/\/www.correspondentevianopolino.com.br\/site\/wp-content\/uploads\/2023\/10\/1000796854-153x204.jpg 153w, https:\/\/www.correspondentevianopolino.com.br\/site\/wp-content\/uploads\/2023\/10\/1000796854-143x190.jpg 143w, https:\/\/www.correspondentevianopolino.com.br\/site\/wp-content\/uploads\/2023\/10\/1000796854.jpg 1200w\" sizes=\"(max-width: 368px) 100vw, 368px\" \/><\/figure>\n\n\n\n<p>NA FOTO ACIMA, ANA LUIZA DA SILVA E LUIZ FELIPE DA SILVA, FILHOS DE ROG\u00c9RIO ROBERTO DA SILVA E EDILAINE DA SILVA.<\/p>\n\n\n\n<figure class=\"wp-block-image size-large\"><img decoding=\"async\" width=\"576\" height=\"1024\" src=\"https:\/\/www.correspondentevianopolino.com.br\/site\/wp-content\/uploads\/2023\/10\/1000797200-576x1024.jpg\" alt=\"\" class=\"wp-image-91693\" srcset=\"https:\/\/www.correspondentevianopolino.com.br\/site\/wp-content\/uploads\/2023\/10\/1000797200-576x1024.jpg 576w, https:\/\/www.correspondentevianopolino.com.br\/site\/wp-content\/uploads\/2023\/10\/1000797200-169x300.jpg 169w, https:\/\/www.correspondentevianopolino.com.br\/site\/wp-content\/uploads\/2023\/10\/1000797200-465x827.jpg 465w, https:\/\/www.correspondentevianopolino.com.br\/site\/wp-content\/uploads\/2023\/10\/1000797200-174x310.jpg 174w, https:\/\/www.correspondentevianopolino.com.br\/site\/wp-content\/uploads\/2023\/10\/1000797200-120x213.jpg 120w, https:\/\/www.correspondentevianopolino.com.br\/site\/wp-content\/uploads\/2023\/10\/1000797200-115x204.jpg 115w, https:\/\/www.correspondentevianopolino.com.br\/site\/wp-content\/uploads\/2023\/10\/1000797200-107x190.jpg 107w, https:\/\/www.correspondentevianopolino.com.br\/site\/wp-content\/uploads\/2023\/10\/1000797200.jpg 720w\" sizes=\"(max-width: 576px) 100vw, 576px\" \/><\/figure>\n\n\n\n<p>NA FOTO ACIMA, HIAGO SERAFIM DA COSTA, FILHO DE HILMA SERAFIM DE MACEDO.<\/p>\n\n\n\n<figure class=\"wp-block-image size-large\"><img decoding=\"async\" width=\"688\" height=\"1024\" src=\"https:\/\/www.correspondentevianopolino.com.br\/site\/wp-content\/uploads\/2023\/10\/1000792840-688x1024.jpg\" alt=\"\" class=\"wp-image-91690\" srcset=\"https:\/\/www.correspondentevianopolino.com.br\/site\/wp-content\/uploads\/2023\/10\/1000792840-688x1024.jpg 688w, https:\/\/www.correspondentevianopolino.com.br\/site\/wp-content\/uploads\/2023\/10\/1000792840-202x300.jpg 202w, https:\/\/www.correspondentevianopolino.com.br\/site\/wp-content\/uploads\/2023\/10\/1000792840-465x692.jpg 465w, https:\/\/www.correspondentevianopolino.com.br\/site\/wp-content\/uploads\/2023\/10\/1000792840-768x1143.jpg 768w, https:\/\/www.correspondentevianopolino.com.br\/site\/wp-content\/uploads\/2023\/10\/1000792840-1032x1536.jpg 1032w, https:\/\/www.correspondentevianopolino.com.br\/site\/wp-content\/uploads\/2023\/10\/1000792840-208x310.jpg 208w, https:\/\/www.correspondentevianopolino.com.br\/site\/wp-content\/uploads\/2023\/10\/1000792840-143x213.jpg 143w, https:\/\/www.correspondentevianopolino.com.br\/site\/wp-content\/uploads\/2023\/10\/1000792840-137x204.jpg 137w, https:\/\/www.correspondentevianopolino.com.br\/site\/wp-content\/uploads\/2023\/10\/1000792840-128x190.jpg 128w, https:\/\/www.correspondentevianopolino.com.br\/site\/wp-content\/uploads\/2023\/10\/1000792840.jpg 1075w\" sizes=\"(max-width: 688px) 100vw, 688px\" \/><\/figure>\n\n\n\n<p>NA FOTO ACIMA, VIT\u00d3RIA MIKAELLY DE SOUZA, FILHA DE LEONARDO JO\u00c3O DE SOUZA E EDIV\u00c2NIA MARIA DE PAULA DE SOUZA.<\/p>\n\n\n\n<figure class=\"wp-block-image size-full\"><img decoding=\"async\" width=\"411\" height=\"698\" src=\"https:\/\/www.correspondentevianopolino.com.br\/site\/wp-content\/uploads\/2023\/10\/1000796852.jpg\" alt=\"\" class=\"wp-image-91687\" srcset=\"https:\/\/www.correspondentevianopolino.com.br\/site\/wp-content\/uploads\/2023\/10\/1000796852.jpg 411w, https:\/\/www.correspondentevianopolino.com.br\/site\/wp-content\/uploads\/2023\/10\/1000796852-177x300.jpg 177w, https:\/\/www.correspondentevianopolino.com.br\/site\/wp-content\/uploads\/2023\/10\/1000796852-183x310.jpg 183w, https:\/\/www.correspondentevianopolino.com.br\/site\/wp-content\/uploads\/2023\/10\/1000796852-125x213.jpg 125w, https:\/\/www.correspondentevianopolino.com.br\/site\/wp-content\/uploads\/2023\/10\/1000796852-120x204.jpg 120w, https:\/\/www.correspondentevianopolino.com.br\/site\/wp-content\/uploads\/2023\/10\/1000796852-112x190.jpg 112w\" sizes=\"(max-width: 411px) 100vw, 411px\" \/><\/figure>\n\n\n\n<p>NA FOTO ACIMA, KETLYN KIARA, FILHA DE MARCILENE QUIRINO E JONATAN PRIMO.<\/p>\n\n\n\n<figure class=\"wp-block-image size-large\"><img decoding=\"async\" width=\"768\" height=\"1024\" src=\"https:\/\/www.correspondentevianopolino.com.br\/site\/wp-content\/uploads\/2023\/10\/1000796830-768x1024.jpg\" alt=\"\" class=\"wp-image-91683\" srcset=\"https:\/\/www.correspondentevianopolino.com.br\/site\/wp-content\/uploads\/2023\/10\/1000796830-768x1024.jpg 768w, https:\/\/www.correspondentevianopolino.com.br\/site\/wp-content\/uploads\/2023\/10\/1000796830-225x300.jpg 225w, https:\/\/www.correspondentevianopolino.com.br\/site\/wp-content\/uploads\/2023\/10\/1000796830-465x620.jpg 465w, https:\/\/www.correspondentevianopolino.com.br\/site\/wp-content\/uploads\/2023\/10\/1000796830-233x310.jpg 233w, https:\/\/www.correspondentevianopolino.com.br\/site\/wp-content\/uploads\/2023\/10\/1000796830-160x213.jpg 160w, https:\/\/www.correspondentevianopolino.com.br\/site\/wp-content\/uploads\/2023\/10\/1000796830-153x204.jpg 153w, https:\/\/www.correspondentevianopolino.com.br\/site\/wp-content\/uploads\/2023\/10\/1000796830-143x190.jpg 143w, https:\/\/www.correspondentevianopolino.com.br\/site\/wp-content\/uploads\/2023\/10\/1000796830.jpg 960w\" sizes=\"(max-width: 768px) 100vw, 768px\" \/><\/figure>\n\n\n\n<p>NA FOTO ACIMA, HELOISA RODRIGUES DE OLIVEIRA, FILHA DE ROM\u00c1RIO NOGUEIRA DE OLIVEIRA E VANESSA RODRIGUES.<\/p>\n\n\n\n<figure class=\"wp-block-image size-large\"><img decoding=\"async\" width=\"449\" height=\"1024\" src=\"https:\/\/www.correspondentevianopolino.com.br\/site\/wp-content\/uploads\/2023\/10\/1000796544-449x1024.jpg\" alt=\"\" class=\"wp-image-91668\" srcset=\"https:\/\/www.correspondentevianopolino.com.br\/site\/wp-content\/uploads\/2023\/10\/1000796544-449x1024.jpg 449w, https:\/\/www.correspondentevianopolino.com.br\/site\/wp-content\/uploads\/2023\/10\/1000796544-132x300.jpg 132w, https:\/\/www.correspondentevianopolino.com.br\/site\/wp-content\/uploads\/2023\/10\/1000796544-465x1060.jpg 465w, https:\/\/www.correspondentevianopolino.com.br\/site\/wp-content\/uploads\/2023\/10\/1000796544-674x1536.jpg 674w, https:\/\/www.correspondentevianopolino.com.br\/site\/wp-content\/uploads\/2023\/10\/1000796544-136x310.jpg 136w, https:\/\/www.correspondentevianopolino.com.br\/site\/wp-content\/uploads\/2023\/10\/1000796544-93x213.jpg 93w, https:\/\/www.correspondentevianopolino.com.br\/site\/wp-content\/uploads\/2023\/10\/1000796544-90x204.jpg 90w, https:\/\/www.correspondentevianopolino.com.br\/site\/wp-content\/uploads\/2023\/10\/1000796544-83x190.jpg 83w, https:\/\/www.correspondentevianopolino.com.br\/site\/wp-content\/uploads\/2023\/10\/1000796544.jpg 702w\" sizes=\"(max-width: 449px) 100vw, 449px\" \/><\/figure>\n\n\n\n<p>NA FOTO ACIMA,<strong> MIGUEL DA SILVA SANTOS<\/strong>, FILHO DE KESLI KAUANE DA SILVA XAVIER E LEANDRO DA COSTA SANTOS.<\/p>\n\n\n\n<figure class=\"wp-block-image size-large\"><img decoding=\"async\" width=\"576\" height=\"1024\" src=\"https:\/\/www.correspondentevianopolino.com.br\/site\/wp-content\/uploads\/2023\/10\/1000796809-576x1024.jpg\" alt=\"\" class=\"wp-image-91681\" srcset=\"https:\/\/www.correspondentevianopolino.com.br\/site\/wp-content\/uploads\/2023\/10\/1000796809-576x1024.jpg 576w, https:\/\/www.correspondentevianopolino.com.br\/site\/wp-content\/uploads\/2023\/10\/1000796809-169x300.jpg 169w, https:\/\/www.correspondentevianopolino.com.br\/site\/wp-content\/uploads\/2023\/10\/1000796809-465x827.jpg 465w, https:\/\/www.correspondentevianopolino.com.br\/site\/wp-content\/uploads\/2023\/10\/1000796809-174x310.jpg 174w, https:\/\/www.correspondentevianopolino.com.br\/site\/wp-content\/uploads\/2023\/10\/1000796809-120x213.jpg 120w, https:\/\/www.correspondentevianopolino.com.br\/site\/wp-content\/uploads\/2023\/10\/1000796809-115x204.jpg 115w, https:\/\/www.correspondentevianopolino.com.br\/site\/wp-content\/uploads\/2023\/10\/1000796809-107x190.jpg 107w, https:\/\/www.correspondentevianopolino.com.br\/site\/wp-content\/uploads\/2023\/10\/1000796809.jpg 720w\" sizes=\"(max-width: 576px) 100vw, 576px\" \/><\/figure>\n\n\n\n<p>NA FOTO ACIMA, <strong>ALICE MOREIRA DE ARA\u00daJO,<\/strong> FILHA DE JO\u00c3O PAULO MOREIRA E ELIZAMARA RODRIGUES DE ARA\u00daJO.<\/p>\n\n\n\n<figure class=\"wp-block-image size-large\"><img decoding=\"async\" width=\"768\" height=\"1024\" src=\"https:\/\/www.correspondentevianopolino.com.br\/site\/wp-content\/uploads\/2023\/10\/1000796428-768x1024.jpg\" alt=\"\" class=\"wp-image-91670\" srcset=\"https:\/\/www.correspondentevianopolino.com.br\/site\/wp-content\/uploads\/2023\/10\/1000796428-768x1024.jpg 768w, https:\/\/www.correspondentevianopolino.com.br\/site\/wp-content\/uploads\/2023\/10\/1000796428-225x300.jpg 225w, https:\/\/www.correspondentevianopolino.com.br\/site\/wp-content\/uploads\/2023\/10\/1000796428-465x620.jpg 465w, https:\/\/www.correspondentevianopolino.com.br\/site\/wp-content\/uploads\/2023\/10\/1000796428-1152x1536.jpg 1152w, https:\/\/www.correspondentevianopolino.com.br\/site\/wp-content\/uploads\/2023\/10\/1000796428-233x310.jpg 233w, https:\/\/www.correspondentevianopolino.com.br\/site\/wp-content\/uploads\/2023\/10\/1000796428-160x213.jpg 160w, https:\/\/www.correspondentevianopolino.com.br\/site\/wp-content\/uploads\/2023\/10\/1000796428-153x204.jpg 153w, https:\/\/www.correspondentevianopolino.com.br\/site\/wp-content\/uploads\/2023\/10\/1000796428-143x190.jpg 143w, https:\/\/www.correspondentevianopolino.com.br\/site\/wp-content\/uploads\/2023\/10\/1000796428.jpg 1200w\" sizes=\"(max-width: 768px) 100vw, 768px\" \/><\/figure>\n\n\n\n<p>NA FOTO ACIMA, <strong>PEDRO AUGUSTO DE OLIVEIRA<\/strong>, FILHO DE GISELY VIEIRA DE ALMEIDA COSTA E CARLOS AUGUSTO DE OLIVEIRA.<\/p>\n\n\n\n<figure class=\"wp-block-image size-large\"><img decoding=\"async\" width=\"992\" height=\"1024\" src=\"https:\/\/www.correspondentevianopolino.com.br\/site\/wp-content\/uploads\/2023\/10\/1000796777-992x1024.jpg\" alt=\"\" class=\"wp-image-91674\" srcset=\"https:\/\/www.correspondentevianopolino.com.br\/site\/wp-content\/uploads\/2023\/10\/1000796777-992x1024.jpg 992w, https:\/\/www.correspondentevianopolino.com.br\/site\/wp-content\/uploads\/2023\/10\/1000796777-291x300.jpg 291w, https:\/\/www.correspondentevianopolino.com.br\/site\/wp-content\/uploads\/2023\/10\/1000796777-465x480.jpg 465w, https:\/\/www.correspondentevianopolino.com.br\/site\/wp-content\/uploads\/2023\/10\/1000796777-768x793.jpg 768w, https:\/\/www.correspondentevianopolino.com.br\/site\/wp-content\/uploads\/2023\/10\/1000796777-300x310.jpg 300w, https:\/\/www.correspondentevianopolino.com.br\/site\/wp-content\/uploads\/2023\/10\/1000796777-206x213.jpg 206w, https:\/\/www.correspondentevianopolino.com.br\/site\/wp-content\/uploads\/2023\/10\/1000796777-198x204.jpg 198w, https:\/\/www.correspondentevianopolino.com.br\/site\/wp-content\/uploads\/2023\/10\/1000796777-184x190.jpg 184w, https:\/\/www.correspondentevianopolino.com.br\/site\/wp-content\/uploads\/2023\/10\/1000796777.jpg 1080w\" sizes=\"(max-width: 992px) 100vw, 992px\" \/><\/figure>\n\n\n\n<p>NA FOTO ACIMA, <strong>NOAH FRANCISCO RODRIGUES FUHRMANN<\/strong>, FILHO DE DIOGO ROBERTO FUHRMANN E VAL\u00c9RIA RODRIGUES FUHRMANN. <\/p>\n\n\n\n\n\n<figure class=\"wp-block-image size-large\"><img decoding=\"async\" width=\"933\" height=\"1024\" src=\"https:\/\/www.correspondentevianopolino.com.br\/site\/wp-content\/uploads\/2023\/10\/1000796427-933x1024.jpg\" alt=\"\" class=\"wp-image-91666\" srcset=\"https:\/\/www.correspondentevianopolino.com.br\/site\/wp-content\/uploads\/2023\/10\/1000796427-933x1024.jpg 933w, https:\/\/www.correspondentevianopolino.com.br\/site\/wp-content\/uploads\/2023\/10\/1000796427-273x300.jpg 273w, https:\/\/www.correspondentevianopolino.com.br\/site\/wp-content\/uploads\/2023\/10\/1000796427-465x510.jpg 465w, https:\/\/www.correspondentevianopolino.com.br\/site\/wp-content\/uploads\/2023\/10\/1000796427-768x843.jpg 768w, https:\/\/www.correspondentevianopolino.com.br\/site\/wp-content\/uploads\/2023\/10\/1000796427-283x310.jpg 283w, https:\/\/www.correspondentevianopolino.com.br\/site\/wp-content\/uploads\/2023\/10\/1000796427-194x213.jpg 194w, https:\/\/www.correspondentevianopolino.com.br\/site\/wp-content\/uploads\/2023\/10\/1000796427-186x204.jpg 186w, https:\/\/www.correspondentevianopolino.com.br\/site\/wp-content\/uploads\/2023\/10\/1000796427-173x190.jpg 173w, https:\/\/www.correspondentevianopolino.com.br\/site\/wp-content\/uploads\/2023\/10\/1000796427.jpg 1080w\" sizes=\"(max-width: 933px) 100vw, 933px\" \/><\/figure>\n\n\n\n<p>NA FOTO ACIMA, <strong>ANA LUISA VIEIRA DE CASTRO, <\/strong>FILHA DE LORENA VIEIRA DE CASTRO E CLAYTON VIEIRA.<\/p>\n\n\n\n<figure class=\"wp-block-image size-large\"><img decoding=\"async\" width=\"1024\" height=\"765\" src=\"https:\/\/www.correspondentevianopolino.com.br\/site\/wp-content\/uploads\/2023\/10\/1000795662-1024x765.jpg\" alt=\"\" class=\"wp-image-91547\" srcset=\"https:\/\/www.correspondentevianopolino.com.br\/site\/wp-content\/uploads\/2023\/10\/1000795662-1024x765.jpg 1024w, https:\/\/www.correspondentevianopolino.com.br\/site\/wp-content\/uploads\/2023\/10\/1000795662-300x224.jpg 300w, https:\/\/www.correspondentevianopolino.com.br\/site\/wp-content\/uploads\/2023\/10\/1000795662-465x347.jpg 465w, https:\/\/www.correspondentevianopolino.com.br\/site\/wp-content\/uploads\/2023\/10\/1000795662-768x574.jpg 768w, https:\/\/www.correspondentevianopolino.com.br\/site\/wp-content\/uploads\/2023\/10\/1000795662-415x310.jpg 415w, https:\/\/www.correspondentevianopolino.com.br\/site\/wp-content\/uploads\/2023\/10\/1000795662-285x213.jpg 285w, https:\/\/www.correspondentevianopolino.com.br\/site\/wp-content\/uploads\/2023\/10\/1000795662-273x204.jpg 273w, https:\/\/www.correspondentevianopolino.com.br\/site\/wp-content\/uploads\/2023\/10\/1000795662-254x190.jpg 254w, https:\/\/www.correspondentevianopolino.com.br\/site\/wp-content\/uploads\/2023\/10\/1000795662.jpg 1080w\" sizes=\"(max-width: 1024px) 100vw, 1024px\" \/><\/figure>\n\n\n\n<p>NA FOTO ACIMA, <strong>HELO\u00cdSA FERNANDES DE AQUINO,<\/strong> FILHA DE LUAN COSTA DE AQUINO E NAYARA ALVES FERNANDES DE AQUINO.<\/p>\n\n\n\n<figure class=\"wp-block-image size-large\"><img decoding=\"async\" width=\"859\" height=\"1024\" src=\"https:\/\/www.correspondentevianopolino.com.br\/site\/wp-content\/uploads\/2023\/10\/1000796351-859x1024.jpg\" alt=\"\" class=\"wp-image-91656\" srcset=\"https:\/\/www.correspondentevianopolino.com.br\/site\/wp-content\/uploads\/2023\/10\/1000796351-859x1024.jpg 859w, https:\/\/www.correspondentevianopolino.com.br\/site\/wp-content\/uploads\/2023\/10\/1000796351-252x300.jpg 252w, https:\/\/www.correspondentevianopolino.com.br\/site\/wp-content\/uploads\/2023\/10\/1000796351-465x554.jpg 465w, https:\/\/www.correspondentevianopolino.com.br\/site\/wp-content\/uploads\/2023\/10\/1000796351-768x915.jpg 768w, https:\/\/www.correspondentevianopolino.com.br\/site\/wp-content\/uploads\/2023\/10\/1000796351-260x310.jpg 260w, https:\/\/www.correspondentevianopolino.com.br\/site\/wp-content\/uploads\/2023\/10\/1000796351-179x213.jpg 179w, https:\/\/www.correspondentevianopolino.com.br\/site\/wp-content\/uploads\/2023\/10\/1000796351-171x204.jpg 171w, https:\/\/www.correspondentevianopolino.com.br\/site\/wp-content\/uploads\/2023\/10\/1000796351-159x190.jpg 159w, https:\/\/www.correspondentevianopolino.com.br\/site\/wp-content\/uploads\/2023\/10\/1000796351.jpg 1080w\" sizes=\"(max-width: 859px) 100vw, 859px\" \/><\/figure>\n\n\n\n<p>NA FOTO ACIMA, <strong>ARTHUR CALISTRATO RIVA<\/strong>, FILHO DE FERNANDO RIVA E DE CAMILA REZENDE PORAZZI.<\/p>\n\n\n\n<figure class=\"wp-block-image size-large\"><img decoding=\"async\" width=\"576\" height=\"1024\" src=\"https:\/\/www.correspondentevianopolino.com.br\/site\/wp-content\/uploads\/2023\/10\/1000796308-576x1024.jpg\" alt=\"\" class=\"wp-image-91657\" srcset=\"https:\/\/www.correspondentevianopolino.com.br\/site\/wp-content\/uploads\/2023\/10\/1000796308-576x1024.jpg 576w, https:\/\/www.correspondentevianopolino.com.br\/site\/wp-content\/uploads\/2023\/10\/1000796308-169x300.jpg 169w, https:\/\/www.correspondentevianopolino.com.br\/site\/wp-content\/uploads\/2023\/10\/1000796308-465x827.jpg 465w, https:\/\/www.correspondentevianopolino.com.br\/site\/wp-content\/uploads\/2023\/10\/1000796308-768x1366.jpg 768w, https:\/\/www.correspondentevianopolino.com.br\/site\/wp-content\/uploads\/2023\/10\/1000796308-864x1536.jpg 864w, https:\/\/www.correspondentevianopolino.com.br\/site\/wp-content\/uploads\/2023\/10\/1000796308-174x310.jpg 174w, https:\/\/www.correspondentevianopolino.com.br\/site\/wp-content\/uploads\/2023\/10\/1000796308-120x213.jpg 120w, https:\/\/www.correspondentevianopolino.com.br\/site\/wp-content\/uploads\/2023\/10\/1000796308-115x204.jpg 115w, https:\/\/www.correspondentevianopolino.com.br\/site\/wp-content\/uploads\/2023\/10\/1000796308-107x190.jpg 107w, https:\/\/www.correspondentevianopolino.com.br\/site\/wp-content\/uploads\/2023\/10\/1000796308.jpg 899w\" sizes=\"(max-width: 576px) 100vw, 576px\" \/><\/figure>\n\n\n\n<p>NA FOTO ACIMA,<strong> FERNANDA MACHADO<\/strong> <strong>RIGAUL<\/strong>, FILHA DE FERNANDO DE OLIVEIRA RIGAUL E ROSANA MACHADO RIGAUL.<\/p>\n\n\n\n<figure class=\"wp-block-image size-large\"><img decoding=\"async\" width=\"384\" height=\"1024\" src=\"https:\/\/www.correspondentevianopolino.com.br\/site\/wp-content\/uploads\/2023\/10\/1000796198-384x1024.jpg\" alt=\"\" class=\"wp-image-91600\" srcset=\"https:\/\/www.correspondentevianopolino.com.br\/site\/wp-content\/uploads\/2023\/10\/1000796198-384x1024.jpg 384w, https:\/\/www.correspondentevianopolino.com.br\/site\/wp-content\/uploads\/2023\/10\/1000796198-113x300.jpg 113w, https:\/\/www.correspondentevianopolino.com.br\/site\/wp-content\/uploads\/2023\/10\/1000796198-465x1240.jpg 465w, https:\/\/www.correspondentevianopolino.com.br\/site\/wp-content\/uploads\/2023\/10\/1000796198-576x1536.jpg 576w, https:\/\/www.correspondentevianopolino.com.br\/site\/wp-content\/uploads\/2023\/10\/1000796198-116x310.jpg 116w, https:\/\/www.correspondentevianopolino.com.br\/site\/wp-content\/uploads\/2023\/10\/1000796198-80x213.jpg 80w, https:\/\/www.correspondentevianopolino.com.br\/site\/wp-content\/uploads\/2023\/10\/1000796198-77x204.jpg 77w, https:\/\/www.correspondentevianopolino.com.br\/site\/wp-content\/uploads\/2023\/10\/1000796198-71x190.jpg 71w, https:\/\/www.correspondentevianopolino.com.br\/site\/wp-content\/uploads\/2023\/10\/1000796198.jpg 600w\" sizes=\"(max-width: 384px) 100vw, 384px\" \/><\/figure>\n\n\n\n<p>NA FOTO ACIMA, <strong>ARTHUR SOUZA COTRIM ALMEIDA<\/strong>, FILHO DE RAIMORA DE SOUZA BUENO E CAIO C\u00c9SAR COTRIM BARBOSA.<\/p>\n\n\n\n<figure class=\"wp-block-image size-large is-resized\"><img decoding=\"async\" src=\"https:\/\/www.correspondentevianopolino.com.br\/site\/wp-content\/uploads\/2023\/10\/1000796195-485x1024.jpg\" alt=\"\" class=\"wp-image-91601\" width=\"368\" height=\"776\" srcset=\"https:\/\/www.correspondentevianopolino.com.br\/site\/wp-content\/uploads\/2023\/10\/1000796195-485x1024.jpg 485w, https:\/\/www.correspondentevianopolino.com.br\/site\/wp-content\/uploads\/2023\/10\/1000796195-142x300.jpg 142w, https:\/\/www.correspondentevianopolino.com.br\/site\/wp-content\/uploads\/2023\/10\/1000796195-465x982.jpg 465w, https:\/\/www.correspondentevianopolino.com.br\/site\/wp-content\/uploads\/2023\/10\/1000796195-728x1536.jpg 728w, https:\/\/www.correspondentevianopolino.com.br\/site\/wp-content\/uploads\/2023\/10\/1000796195-147x310.jpg 147w, https:\/\/www.correspondentevianopolino.com.br\/site\/wp-content\/uploads\/2023\/10\/1000796195-101x213.jpg 101w, https:\/\/www.correspondentevianopolino.com.br\/site\/wp-content\/uploads\/2023\/10\/1000796195-97x204.jpg 97w, https:\/\/www.correspondentevianopolino.com.br\/site\/wp-content\/uploads\/2023\/10\/1000796195-90x190.jpg 90w, https:\/\/www.correspondentevianopolino.com.br\/site\/wp-content\/uploads\/2023\/10\/1000796195.jpg 758w\" sizes=\"(max-width: 368px) 100vw, 368px\" \/><\/figure>\n\n\n\n<p>NA FOTO ACIMA, <strong>GABRIEL DE SOUZA SEVERINO LIMA<\/strong>, FILHO DE RAIMORA DE SOUZA BUENO E HAMILTON SILVA LIMA.<\/p>\n\n\n\n<figure class=\"wp-block-image size-large\"><img decoding=\"async\" width=\"605\" height=\"1024\" src=\"https:\/\/www.correspondentevianopolino.com.br\/site\/wp-content\/uploads\/2023\/10\/1000795511-1-605x1024.jpg\" alt=\"\" class=\"wp-image-91612\" srcset=\"https:\/\/www.correspondentevianopolino.com.br\/site\/wp-content\/uploads\/2023\/10\/1000795511-1-605x1024.jpg 605w, https:\/\/www.correspondentevianopolino.com.br\/site\/wp-content\/uploads\/2023\/10\/1000795511-1-177x300.jpg 177w, https:\/\/www.correspondentevianopolino.com.br\/site\/wp-content\/uploads\/2023\/10\/1000795511-1-465x787.jpg 465w, https:\/\/www.correspondentevianopolino.com.br\/site\/wp-content\/uploads\/2023\/10\/1000795511-1-768x1300.jpg 768w, https:\/\/www.correspondentevianopolino.com.br\/site\/wp-content\/uploads\/2023\/10\/1000795511-1-907x1536.jpg 907w, https:\/\/www.correspondentevianopolino.com.br\/site\/wp-content\/uploads\/2023\/10\/1000795511-1-183x310.jpg 183w, https:\/\/www.correspondentevianopolino.com.br\/site\/wp-content\/uploads\/2023\/10\/1000795511-1-126x213.jpg 126w, https:\/\/www.correspondentevianopolino.com.br\/site\/wp-content\/uploads\/2023\/10\/1000795511-1-120x204.jpg 120w, https:\/\/www.correspondentevianopolino.com.br\/site\/wp-content\/uploads\/2023\/10\/1000795511-1-112x190.jpg 112w, https:\/\/www.correspondentevianopolino.com.br\/site\/wp-content\/uploads\/2023\/10\/1000795511-1.jpg 945w\" sizes=\"(max-width: 605px) 100vw, 605px\" \/><\/figure>\n\n\n\n<p>NA FOTO ACIMA, <strong>PIETRO HENRIQUE NUNES MEIRELLES<\/strong>, FILHO DE MARCELLA NUNES DOS SANTOS.<\/p>\n\n\n\n<figure class=\"wp-block-image size-large\"><img decoding=\"async\" width=\"1019\" height=\"1024\" src=\"https:\/\/www.correspondentevianopolino.com.br\/site\/wp-content\/uploads\/2023\/10\/1000792762-1019x1024.jpg\" alt=\"\" class=\"wp-image-91295\" srcset=\"https:\/\/www.correspondentevianopolino.com.br\/site\/wp-content\/uploads\/2023\/10\/1000792762-1019x1024.jpg 1019w, https:\/\/www.correspondentevianopolino.com.br\/site\/wp-content\/uploads\/2023\/10\/1000792762-300x300.jpg 300w, https:\/\/www.correspondentevianopolino.com.br\/site\/wp-content\/uploads\/2023\/10\/1000792762-465x467.jpg 465w, https:\/\/www.correspondentevianopolino.com.br\/site\/wp-content\/uploads\/2023\/10\/1000792762-768x772.jpg 768w, https:\/\/www.correspondentevianopolino.com.br\/site\/wp-content\/uploads\/2023\/10\/1000792762-309x310.jpg 309w, https:\/\/www.correspondentevianopolino.com.br\/site\/wp-content\/uploads\/2023\/10\/1000792762-212x213.jpg 212w, https:\/\/www.correspondentevianopolino.com.br\/site\/wp-content\/uploads\/2023\/10\/1000792762-203x204.jpg 203w, https:\/\/www.correspondentevianopolino.com.br\/site\/wp-content\/uploads\/2023\/10\/1000792762-189x190.jpg 189w, https:\/\/www.correspondentevianopolino.com.br\/site\/wp-content\/uploads\/2023\/10\/1000792762.jpg 1080w\" sizes=\"(max-width: 1019px) 100vw, 1019px\" \/><\/figure>\n\n\n\n<p>NA FOTO ACIMA, <strong>SAMUEL CASTRO LEMOS<\/strong>, FILHO DE IZAC FORTUNATO DE CASTRO E AMANDA OLIVEIRA LEMOS.<\/p>\n\n\n\n<figure class=\"wp-block-image size-large\"><img decoding=\"async\" width=\"1003\" height=\"1024\" src=\"https:\/\/www.correspondentevianopolino.com.br\/site\/wp-content\/uploads\/2023\/10\/1000795655-1003x1024.jpg\" alt=\"\" class=\"wp-image-91544\" srcset=\"https:\/\/www.correspondentevianopolino.com.br\/site\/wp-content\/uploads\/2023\/10\/1000795655-1003x1024.jpg 1003w, https:\/\/www.correspondentevianopolino.com.br\/site\/wp-content\/uploads\/2023\/10\/1000795655-294x300.jpg 294w, https:\/\/www.correspondentevianopolino.com.br\/site\/wp-content\/uploads\/2023\/10\/1000795655-465x475.jpg 465w, https:\/\/www.correspondentevianopolino.com.br\/site\/wp-content\/uploads\/2023\/10\/1000795655-768x784.jpg 768w, https:\/\/www.correspondentevianopolino.com.br\/site\/wp-content\/uploads\/2023\/10\/1000795655-304x310.jpg 304w, https:\/\/www.correspondentevianopolino.com.br\/site\/wp-content\/uploads\/2023\/10\/1000795655-209x213.jpg 209w, https:\/\/www.correspondentevianopolino.com.br\/site\/wp-content\/uploads\/2023\/10\/1000795655-200x204.jpg 200w, https:\/\/www.correspondentevianopolino.com.br\/site\/wp-content\/uploads\/2023\/10\/1000795655-186x190.jpg 186w, https:\/\/www.correspondentevianopolino.com.br\/site\/wp-content\/uploads\/2023\/10\/1000795655.jpg 1080w\" sizes=\"(max-width: 1003px) 100vw, 1003px\" \/><\/figure>\n\n\n\n<p>NA FOTO ACIMA, <strong>THIAGO AUGUSTO SOARES DE SOUZA<\/strong> FILHO, FILHO DE THIAGO AUGUSTO SOARES DE SOUZA E FERNANDA DELFINO DE SOUZA.<\/p>\n\n\n\n<figure class=\"wp-block-image size-large\"><img decoding=\"async\" width=\"1024\" height=\"956\" src=\"https:\/\/www.correspondentevianopolino.com.br\/site\/wp-content\/uploads\/2023\/10\/1000795654-1024x956.jpg\" alt=\"\" class=\"wp-image-91546\" srcset=\"https:\/\/www.correspondentevianopolino.com.br\/site\/wp-content\/uploads\/2023\/10\/1000795654-1024x956.jpg 1024w, https:\/\/www.correspondentevianopolino.com.br\/site\/wp-content\/uploads\/2023\/10\/1000795654-300x280.jpg 300w, https:\/\/www.correspondentevianopolino.com.br\/site\/wp-content\/uploads\/2023\/10\/1000795654-465x434.jpg 465w, https:\/\/www.correspondentevianopolino.com.br\/site\/wp-content\/uploads\/2023\/10\/1000795654-768x717.jpg 768w, https:\/\/www.correspondentevianopolino.com.br\/site\/wp-content\/uploads\/2023\/10\/1000795654-332x310.jpg 332w, https:\/\/www.correspondentevianopolino.com.br\/site\/wp-content\/uploads\/2023\/10\/1000795654-228x213.jpg 228w, https:\/\/www.correspondentevianopolino.com.br\/site\/wp-content\/uploads\/2023\/10\/1000795654-219x204.jpg 219w, https:\/\/www.correspondentevianopolino.com.br\/site\/wp-content\/uploads\/2023\/10\/1000795654-204x190.jpg 204w, https:\/\/www.correspondentevianopolino.com.br\/site\/wp-content\/uploads\/2023\/10\/1000795654.jpg 1080w\" sizes=\"(max-width: 1024px) 100vw, 1024px\" \/><\/figure>\n\n\n\n<p>NA FOTO ACIMA, <strong>CEC\u00cdLIA DELFINO DE SOUZA E J\u00daLIA DELFINO DE SOUZA<\/strong>, FILHAS DE THIAGO AUGUSTO SOARES DE SOUZA E FERNANDA DELFINO DE SOUZA.<\/p>\n\n\n\n<figure class=\"wp-block-image size-large\"><img decoding=\"async\" width=\"547\" height=\"1024\" src=\"https:\/\/www.correspondentevianopolino.com.br\/site\/wp-content\/uploads\/2023\/10\/ANA-ESTER-DE-SOUZA-SILVA-FILHA-DE-LEANDRO-VIANA-DA-SILVA-E-ANA-RAQUEL-DE-SOUZA-SILVA.-547x1024.jpg\" alt=\"\" class=\"wp-image-91327\" srcset=\"https:\/\/www.correspondentevianopolino.com.br\/site\/wp-content\/uploads\/2023\/10\/ANA-ESTER-DE-SOUZA-SILVA-FILHA-DE-LEANDRO-VIANA-DA-SILVA-E-ANA-RAQUEL-DE-SOUZA-SILVA.-547x1024.jpg 547w, https:\/\/www.correspondentevianopolino.com.br\/site\/wp-content\/uploads\/2023\/10\/ANA-ESTER-DE-SOUZA-SILVA-FILHA-DE-LEANDRO-VIANA-DA-SILVA-E-ANA-RAQUEL-DE-SOUZA-SILVA.-160x300.jpg 160w, https:\/\/www.correspondentevianopolino.com.br\/site\/wp-content\/uploads\/2023\/10\/ANA-ESTER-DE-SOUZA-SILVA-FILHA-DE-LEANDRO-VIANA-DA-SILVA-E-ANA-RAQUEL-DE-SOUZA-SILVA.-465x871.jpg 465w, https:\/\/www.correspondentevianopolino.com.br\/site\/wp-content\/uploads\/2023\/10\/ANA-ESTER-DE-SOUZA-SILVA-FILHA-DE-LEANDRO-VIANA-DA-SILVA-E-ANA-RAQUEL-DE-SOUZA-SILVA.-768x1439.jpg 768w, https:\/\/www.correspondentevianopolino.com.br\/site\/wp-content\/uploads\/2023\/10\/ANA-ESTER-DE-SOUZA-SILVA-FILHA-DE-LEANDRO-VIANA-DA-SILVA-E-ANA-RAQUEL-DE-SOUZA-SILVA.-820x1536.jpg 820w, https:\/\/www.correspondentevianopolino.com.br\/site\/wp-content\/uploads\/2023\/10\/ANA-ESTER-DE-SOUZA-SILVA-FILHA-DE-LEANDRO-VIANA-DA-SILVA-E-ANA-RAQUEL-DE-SOUZA-SILVA.-165x310.jpg 165w, https:\/\/www.correspondentevianopolino.com.br\/site\/wp-content\/uploads\/2023\/10\/ANA-ESTER-DE-SOUZA-SILVA-FILHA-DE-LEANDRO-VIANA-DA-SILVA-E-ANA-RAQUEL-DE-SOUZA-SILVA.-114x213.jpg 114w, https:\/\/www.correspondentevianopolino.com.br\/site\/wp-content\/uploads\/2023\/10\/ANA-ESTER-DE-SOUZA-SILVA-FILHA-DE-LEANDRO-VIANA-DA-SILVA-E-ANA-RAQUEL-DE-SOUZA-SILVA.-109x204.jpg 109w, https:\/\/www.correspondentevianopolino.com.br\/site\/wp-content\/uploads\/2023\/10\/ANA-ESTER-DE-SOUZA-SILVA-FILHA-DE-LEANDRO-VIANA-DA-SILVA-E-ANA-RAQUEL-DE-SOUZA-SILVA.-101x190.jpg 101w, https:\/\/www.correspondentevianopolino.com.br\/site\/wp-content\/uploads\/2023\/10\/ANA-ESTER-DE-SOUZA-SILVA-FILHA-DE-LEANDRO-VIANA-DA-SILVA-E-ANA-RAQUEL-DE-SOUZA-SILVA..jpg 854w\" sizes=\"(max-width: 547px) 100vw, 547px\" \/><\/figure>\n\n\n\n<p>NA FOTO ACIMA, <strong>ANA ESTER DE SOUZA SILVA<\/strong>,FILHA DE LEANDRO VIANA DA SILVA E ANA RAQUEL DE SOUZA SILVA.<\/p>\n\n\n\n<figure class=\"wp-block-image size-large is-resized\"><img decoding=\"async\" src=\"https:\/\/www.correspondentevianopolino.com.br\/site\/wp-content\/uploads\/2023\/10\/DAVI-OLIVEIRA-768x1024.jpg\" alt=\"\" class=\"wp-image-91330\" width=\"768\" height=\"1024\" srcset=\"https:\/\/www.correspondentevianopolino.com.br\/site\/wp-content\/uploads\/2023\/10\/DAVI-OLIVEIRA-768x1024.jpg 768w, https:\/\/www.correspondentevianopolino.com.br\/site\/wp-content\/uploads\/2023\/10\/DAVI-OLIVEIRA-225x300.jpg 225w, https:\/\/www.correspondentevianopolino.com.br\/site\/wp-content\/uploads\/2023\/10\/DAVI-OLIVEIRA-465x620.jpg 465w, https:\/\/www.correspondentevianopolino.com.br\/site\/wp-content\/uploads\/2023\/10\/DAVI-OLIVEIRA-1152x1536.jpg 1152w, https:\/\/www.correspondentevianopolino.com.br\/site\/wp-content\/uploads\/2023\/10\/DAVI-OLIVEIRA-1536x2048.jpg 1536w, https:\/\/www.correspondentevianopolino.com.br\/site\/wp-content\/uploads\/2023\/10\/DAVI-OLIVEIRA-233x310.jpg 233w, https:\/\/www.correspondentevianopolino.com.br\/site\/wp-content\/uploads\/2023\/10\/DAVI-OLIVEIRA-160x213.jpg 160w, https:\/\/www.correspondentevianopolino.com.br\/site\/wp-content\/uploads\/2023\/10\/DAVI-OLIVEIRA-153x204.jpg 153w, https:\/\/www.correspondentevianopolino.com.br\/site\/wp-content\/uploads\/2023\/10\/DAVI-OLIVEIRA-143x190.jpg 143w, https:\/\/www.correspondentevianopolino.com.br\/site\/wp-content\/uploads\/2023\/10\/DAVI-OLIVEIRA-scaled.jpg 1920w\" sizes=\"(max-width: 768px) 100vw, 768px\" \/><\/figure>\n\n\n\n<p>NA FOTO ACIMA, <strong>DAVI OLIVEIRA <\/strong>,FILHO DE LUCAS EDUARDO DE OLIVEIRA JANU\u00c1RIO E JANE DE CASSIA GOMES.<\/p>\n\n\n\n<figure class=\"wp-block-image size-large\"><img decoding=\"async\" width=\"801\" height=\"1024\" src=\"https:\/\/www.correspondentevianopolino.com.br\/site\/wp-content\/uploads\/2023\/10\/1000795672-801x1024.jpg\" alt=\"\" class=\"wp-image-91552\" srcset=\"https:\/\/www.correspondentevianopolino.com.br\/site\/wp-content\/uploads\/2023\/10\/1000795672-801x1024.jpg 801w, https:\/\/www.correspondentevianopolino.com.br\/site\/wp-content\/uploads\/2023\/10\/1000795672-235x300.jpg 235w, https:\/\/www.correspondentevianopolino.com.br\/site\/wp-content\/uploads\/2023\/10\/1000795672-465x594.jpg 465w, https:\/\/www.correspondentevianopolino.com.br\/site\/wp-content\/uploads\/2023\/10\/1000795672-768x981.jpg 768w, https:\/\/www.correspondentevianopolino.com.br\/site\/wp-content\/uploads\/2023\/10\/1000795672-243x310.jpg 243w, https:\/\/www.correspondentevianopolino.com.br\/site\/wp-content\/uploads\/2023\/10\/1000795672-167x213.jpg 167w, https:\/\/www.correspondentevianopolino.com.br\/site\/wp-content\/uploads\/2023\/10\/1000795672-160x204.jpg 160w, https:\/\/www.correspondentevianopolino.com.br\/site\/wp-content\/uploads\/2023\/10\/1000795672-149x190.jpg 149w, https:\/\/www.correspondentevianopolino.com.br\/site\/wp-content\/uploads\/2023\/10\/1000795672.jpg 1080w\" sizes=\"(max-width: 801px) 100vw, 801px\" \/><\/figure>\n\n\n\n<p>NA FOTO ACIMA, <strong>THEO GON\u00c7ALVES VASCONCELOS DE ALMEIDA<\/strong>, FILHO DE VAGMAR VASCONCELOS DE ALMEIDA FILHO E YASMIM GON\u00c7ALVES FERNANDES.<\/p>\n\n\n\n<figure class=\"wp-block-image size-full\"><img decoding=\"async\" width=\"720\" height=\"812\" src=\"https:\/\/www.correspondentevianopolino.com.br\/site\/wp-content\/uploads\/2023\/10\/JOAO-HELIO-SOUZA-DE-JESUS.jpg\" alt=\"\" class=\"wp-image-91331\" srcset=\"https:\/\/www.correspondentevianopolino.com.br\/site\/wp-content\/uploads\/2023\/10\/JOAO-HELIO-SOUZA-DE-JESUS.jpg 720w, https:\/\/www.correspondentevianopolino.com.br\/site\/wp-content\/uploads\/2023\/10\/JOAO-HELIO-SOUZA-DE-JESUS-266x300.jpg 266w, https:\/\/www.correspondentevianopolino.com.br\/site\/wp-content\/uploads\/2023\/10\/JOAO-HELIO-SOUZA-DE-JESUS-465x524.jpg 465w, https:\/\/www.correspondentevianopolino.com.br\/site\/wp-content\/uploads\/2023\/10\/JOAO-HELIO-SOUZA-DE-JESUS-275x310.jpg 275w, https:\/\/www.correspondentevianopolino.com.br\/site\/wp-content\/uploads\/2023\/10\/JOAO-HELIO-SOUZA-DE-JESUS-189x213.jpg 189w, https:\/\/www.correspondentevianopolino.com.br\/site\/wp-content\/uploads\/2023\/10\/JOAO-HELIO-SOUZA-DE-JESUS-181x204.jpg 181w, https:\/\/www.correspondentevianopolino.com.br\/site\/wp-content\/uploads\/2023\/10\/JOAO-HELIO-SOUZA-DE-JESUS-168x190.jpg 168w\" sizes=\"(max-width: 720px) 100vw, 720px\" \/><\/figure>\n\n\n\n<p>NA FOTO ACIMA, <strong>JO\u00c3O H\u00c9LIO SOUZA DE JESUS<\/strong>, FILHO DE EDMAR SOUZA PEREIRA E LUZIA MARIA DE JESUS.<\/p>\n\n\n\n<p><\/p>\n\n\n\n<figure class=\"wp-block-image size-large\"><img decoding=\"async\" width=\"732\" height=\"1024\" src=\"https:\/\/www.correspondentevianopolino.com.br\/site\/wp-content\/uploads\/2023\/10\/1000794955-2-732x1024.jpg\" alt=\"\" class=\"wp-image-91386\" srcset=\"https:\/\/www.correspondentevianopolino.com.br\/site\/wp-content\/uploads\/2023\/10\/1000794955-2-732x1024.jpg 732w, https:\/\/www.correspondentevianopolino.com.br\/site\/wp-content\/uploads\/2023\/10\/1000794955-2-214x300.jpg 214w, https:\/\/www.correspondentevianopolino.com.br\/site\/wp-content\/uploads\/2023\/10\/1000794955-2-465x651.jpg 465w, https:\/\/www.correspondentevianopolino.com.br\/site\/wp-content\/uploads\/2023\/10\/1000794955-2-768x1075.jpg 768w, https:\/\/www.correspondentevianopolino.com.br\/site\/wp-content\/uploads\/2023\/10\/1000794955-2-1097x1536.jpg 1097w, https:\/\/www.correspondentevianopolino.com.br\/site\/wp-content\/uploads\/2023\/10\/1000794955-2-221x310.jpg 221w, https:\/\/www.correspondentevianopolino.com.br\/site\/wp-content\/uploads\/2023\/10\/1000794955-2-152x213.jpg 152w, https:\/\/www.correspondentevianopolino.com.br\/site\/wp-content\/uploads\/2023\/10\/1000794955-2-146x204.jpg 146w, https:\/\/www.correspondentevianopolino.com.br\/site\/wp-content\/uploads\/2023\/10\/1000794955-2-136x190.jpg 136w, https:\/\/www.correspondentevianopolino.com.br\/site\/wp-content\/uploads\/2023\/10\/1000794955-2.jpg 1143w\" sizes=\"(max-width: 732px) 100vw, 732px\" \/><\/figure>\n\n\n\n<p>NA FOTO ACIMA, ARTHUR COTRIM DE SOUZA, FILHO DE SAMUEL JOS\u00c9 DE SOUZA E SIMONE COTRIM DE PAULA.<\/p>\n\n\n\n<figure class=\"wp-block-image size-large\"><img decoding=\"async\" width=\"750\" height=\"1024\" src=\"https:\/\/www.correspondentevianopolino.com.br\/site\/wp-content\/uploads\/2023\/10\/thumbnail-1-750x1024.jpg\" alt=\"\" class=\"wp-image-91315\" srcset=\"https:\/\/www.correspondentevianopolino.com.br\/site\/wp-content\/uploads\/2023\/10\/thumbnail-1-750x1024.jpg 750w, https:\/\/www.correspondentevianopolino.com.br\/site\/wp-content\/uploads\/2023\/10\/thumbnail-1-220x300.jpg 220w, https:\/\/www.correspondentevianopolino.com.br\/site\/wp-content\/uploads\/2023\/10\/thumbnail-1-465x635.jpg 465w, https:\/\/www.correspondentevianopolino.com.br\/site\/wp-content\/uploads\/2023\/10\/thumbnail-1-768x1048.jpg 768w, https:\/\/www.correspondentevianopolino.com.br\/site\/wp-content\/uploads\/2023\/10\/thumbnail-1-227x310.jpg 227w, https:\/\/www.correspondentevianopolino.com.br\/site\/wp-content\/uploads\/2023\/10\/thumbnail-1-156x213.jpg 156w, https:\/\/www.correspondentevianopolino.com.br\/site\/wp-content\/uploads\/2023\/10\/thumbnail-1-149x204.jpg 149w, https:\/\/www.correspondentevianopolino.com.br\/site\/wp-content\/uploads\/2023\/10\/thumbnail-1-139x190.jpg 139w, https:\/\/www.correspondentevianopolino.com.br\/site\/wp-content\/uploads\/2023\/10\/thumbnail-1.jpg 1080w\" sizes=\"(max-width: 750px) 100vw, 750px\" \/><\/figure>\n\n\n\n<figure class=\"wp-block-image size-large\"><img decoding=\"async\" width=\"576\" height=\"1024\" src=\"https:\/\/www.correspondentevianopolino.com.br\/site\/wp-content\/uploads\/2023\/10\/CARLOS-EMANUEL-RODRIGUES-DOS-SANTOS-FILHO-DE-NOLMA-RODRIGUES-DE-SOUZA-E-CARLOS-FRANCISCO-DOS-SANTOS-576x1024.jpg\" alt=\"\" class=\"wp-image-91624\" srcset=\"https:\/\/www.correspondentevianopolino.com.br\/site\/wp-content\/uploads\/2023\/10\/CARLOS-EMANUEL-RODRIGUES-DOS-SANTOS-FILHO-DE-NOLMA-RODRIGUES-DE-SOUZA-E-CARLOS-FRANCISCO-DOS-SANTOS-576x1024.jpg 576w, https:\/\/www.correspondentevianopolino.com.br\/site\/wp-content\/uploads\/2023\/10\/CARLOS-EMANUEL-RODRIGUES-DOS-SANTOS-FILHO-DE-NOLMA-RODRIGUES-DE-SOUZA-E-CARLOS-FRANCISCO-DOS-SANTOS-169x300.jpg 169w, https:\/\/www.correspondentevianopolino.com.br\/site\/wp-content\/uploads\/2023\/10\/CARLOS-EMANUEL-RODRIGUES-DOS-SANTOS-FILHO-DE-NOLMA-RODRIGUES-DE-SOUZA-E-CARLOS-FRANCISCO-DOS-SANTOS-465x827.jpg 465w, https:\/\/www.correspondentevianopolino.com.br\/site\/wp-content\/uploads\/2023\/10\/CARLOS-EMANUEL-RODRIGUES-DOS-SANTOS-FILHO-DE-NOLMA-RODRIGUES-DE-SOUZA-E-CARLOS-FRANCISCO-DOS-SANTOS-768x1365.jpg 768w, https:\/\/www.correspondentevianopolino.com.br\/site\/wp-content\/uploads\/2023\/10\/CARLOS-EMANUEL-RODRIGUES-DOS-SANTOS-FILHO-DE-NOLMA-RODRIGUES-DE-SOUZA-E-CARLOS-FRANCISCO-DOS-SANTOS-864x1536.jpg 864w, https:\/\/www.correspondentevianopolino.com.br\/site\/wp-content\/uploads\/2023\/10\/CARLOS-EMANUEL-RODRIGUES-DOS-SANTOS-FILHO-DE-NOLMA-RODRIGUES-DE-SOUZA-E-CARLOS-FRANCISCO-DOS-SANTOS-174x310.jpg 174w, https:\/\/www.correspondentevianopolino.com.br\/site\/wp-content\/uploads\/2023\/10\/CARLOS-EMANUEL-RODRIGUES-DOS-SANTOS-FILHO-DE-NOLMA-RODRIGUES-DE-SOUZA-E-CARLOS-FRANCISCO-DOS-SANTOS-120x213.jpg 120w, https:\/\/www.correspondentevianopolino.com.br\/site\/wp-content\/uploads\/2023\/10\/CARLOS-EMANUEL-RODRIGUES-DOS-SANTOS-FILHO-DE-NOLMA-RODRIGUES-DE-SOUZA-E-CARLOS-FRANCISCO-DOS-SANTOS-115x204.jpg 115w, https:\/\/www.correspondentevianopolino.com.br\/site\/wp-content\/uploads\/2023\/10\/CARLOS-EMANUEL-RODRIGUES-DOS-SANTOS-FILHO-DE-NOLMA-RODRIGUES-DE-SOUZA-E-CARLOS-FRANCISCO-DOS-SANTOS-107x190.jpg 107w, https:\/\/www.correspondentevianopolino.com.br\/site\/wp-content\/uploads\/2023\/10\/CARLOS-EMANUEL-RODRIGUES-DOS-SANTOS-FILHO-DE-NOLMA-RODRIGUES-DE-SOUZA-E-CARLOS-FRANCISCO-DOS-SANTOS.jpg 900w\" sizes=\"(max-width: 576px) 100vw, 576px\" \/><\/figure>\n\n\n\n<p>NA FOTO ACIMA, <strong>CARLOS EMANUEL RODRIGUES DOS SANTOS FILHO<\/strong>, NOLMA RODRIGUES DE SOUZA E CARLOS FRANCISCO DOS SANTOS.<\/p>\n\n\n\n<figure class=\"wp-block-image size-large\"><img decoding=\"async\" width=\"576\" height=\"1024\" src=\"https:\/\/www.correspondentevianopolino.com.br\/site\/wp-content\/uploads\/2023\/10\/ELEONORA-NERES-DA-SILVA-BENTO-FILHA-DE-ABRAAO-NERES-BENTO-E-MARCIVANE-D-SILVA-576x1024.jpg\" alt=\"\" class=\"wp-image-91626\" srcset=\"https:\/\/www.correspondentevianopolino.com.br\/site\/wp-content\/uploads\/2023\/10\/ELEONORA-NERES-DA-SILVA-BENTO-FILHA-DE-ABRAAO-NERES-BENTO-E-MARCIVANE-D-SILVA-576x1024.jpg 576w, https:\/\/www.correspondentevianopolino.com.br\/site\/wp-content\/uploads\/2023\/10\/ELEONORA-NERES-DA-SILVA-BENTO-FILHA-DE-ABRAAO-NERES-BENTO-E-MARCIVANE-D-SILVA-169x300.jpg 169w, https:\/\/www.correspondentevianopolino.com.br\/site\/wp-content\/uploads\/2023\/10\/ELEONORA-NERES-DA-SILVA-BENTO-FILHA-DE-ABRAAO-NERES-BENTO-E-MARCIVANE-D-SILVA-465x827.jpg 465w, https:\/\/www.correspondentevianopolino.com.br\/site\/wp-content\/uploads\/2023\/10\/ELEONORA-NERES-DA-SILVA-BENTO-FILHA-DE-ABRAAO-NERES-BENTO-E-MARCIVANE-D-SILVA-768x1365.jpg 768w, https:\/\/www.correspondentevianopolino.com.br\/site\/wp-content\/uploads\/2023\/10\/ELEONORA-NERES-DA-SILVA-BENTO-FILHA-DE-ABRAAO-NERES-BENTO-E-MARCIVANE-D-SILVA-864x1536.jpg 864w, https:\/\/www.correspondentevianopolino.com.br\/site\/wp-content\/uploads\/2023\/10\/ELEONORA-NERES-DA-SILVA-BENTO-FILHA-DE-ABRAAO-NERES-BENTO-E-MARCIVANE-D-SILVA-174x310.jpg 174w, https:\/\/www.correspondentevianopolino.com.br\/site\/wp-content\/uploads\/2023\/10\/ELEONORA-NERES-DA-SILVA-BENTO-FILHA-DE-ABRAAO-NERES-BENTO-E-MARCIVANE-D-SILVA-120x213.jpg 120w, https:\/\/www.correspondentevianopolino.com.br\/site\/wp-content\/uploads\/2023\/10\/ELEONORA-NERES-DA-SILVA-BENTO-FILHA-DE-ABRAAO-NERES-BENTO-E-MARCIVANE-D-SILVA-115x204.jpg 115w, https:\/\/www.correspondentevianopolino.com.br\/site\/wp-content\/uploads\/2023\/10\/ELEONORA-NERES-DA-SILVA-BENTO-FILHA-DE-ABRAAO-NERES-BENTO-E-MARCIVANE-D-SILVA-107x190.jpg 107w, https:\/\/www.correspondentevianopolino.com.br\/site\/wp-content\/uploads\/2023\/10\/ELEONORA-NERES-DA-SILVA-BENTO-FILHA-DE-ABRAAO-NERES-BENTO-E-MARCIVANE-D-SILVA.jpg 900w\" sizes=\"(max-width: 576px) 100vw, 576px\" \/><\/figure>\n\n\n\n<p>NA FOTO ACIMA, <strong>ELEONORA NERES DA SILVA<\/strong>, FILHA DE ABRA\u00c2O NERES BENTO E MARCIVANE DA SILVA.<\/p>\n\n\n\n<figure class=\"wp-block-image size-large\"><img decoding=\"async\" width=\"1024\" height=\"786\" src=\"https:\/\/www.correspondentevianopolino.com.br\/site\/wp-content\/uploads\/2023\/10\/GRABRIELA-DO-CARMO-PERIN-FILHA-DE-LUCIENE-APARECIDA-DO-CARMO-PERIN-E-RICARDO-HENRIQUE-PERIN.-1024x786.jpg\" alt=\"\" class=\"wp-image-91628\" srcset=\"https:\/\/www.correspondentevianopolino.com.br\/site\/wp-content\/uploads\/2023\/10\/GRABRIELA-DO-CARMO-PERIN-FILHA-DE-LUCIENE-APARECIDA-DO-CARMO-PERIN-E-RICARDO-HENRIQUE-PERIN.-1024x786.jpg 1024w, https:\/\/www.correspondentevianopolino.com.br\/site\/wp-content\/uploads\/2023\/10\/GRABRIELA-DO-CARMO-PERIN-FILHA-DE-LUCIENE-APARECIDA-DO-CARMO-PERIN-E-RICARDO-HENRIQUE-PERIN.-300x230.jpg 300w, https:\/\/www.correspondentevianopolino.com.br\/site\/wp-content\/uploads\/2023\/10\/GRABRIELA-DO-CARMO-PERIN-FILHA-DE-LUCIENE-APARECIDA-DO-CARMO-PERIN-E-RICARDO-HENRIQUE-PERIN.-465x357.jpg 465w, https:\/\/www.correspondentevianopolino.com.br\/site\/wp-content\/uploads\/2023\/10\/GRABRIELA-DO-CARMO-PERIN-FILHA-DE-LUCIENE-APARECIDA-DO-CARMO-PERIN-E-RICARDO-HENRIQUE-PERIN.-768x590.jpg 768w, https:\/\/www.correspondentevianopolino.com.br\/site\/wp-content\/uploads\/2023\/10\/GRABRIELA-DO-CARMO-PERIN-FILHA-DE-LUCIENE-APARECIDA-DO-CARMO-PERIN-E-RICARDO-HENRIQUE-PERIN.-404x310.jpg 404w, https:\/\/www.correspondentevianopolino.com.br\/site\/wp-content\/uploads\/2023\/10\/GRABRIELA-DO-CARMO-PERIN-FILHA-DE-LUCIENE-APARECIDA-DO-CARMO-PERIN-E-RICARDO-HENRIQUE-PERIN.-277x213.jpg 277w, https:\/\/www.correspondentevianopolino.com.br\/site\/wp-content\/uploads\/2023\/10\/GRABRIELA-DO-CARMO-PERIN-FILHA-DE-LUCIENE-APARECIDA-DO-CARMO-PERIN-E-RICARDO-HENRIQUE-PERIN.-266x204.jpg 266w, https:\/\/www.correspondentevianopolino.com.br\/site\/wp-content\/uploads\/2023\/10\/GRABRIELA-DO-CARMO-PERIN-FILHA-DE-LUCIENE-APARECIDA-DO-CARMO-PERIN-E-RICARDO-HENRIQUE-PERIN.-248x190.jpg 248w, https:\/\/www.correspondentevianopolino.com.br\/site\/wp-content\/uploads\/2023\/10\/GRABRIELA-DO-CARMO-PERIN-FILHA-DE-LUCIENE-APARECIDA-DO-CARMO-PERIN-E-RICARDO-HENRIQUE-PERIN..jpg 1080w\" sizes=\"(max-width: 1024px) 100vw, 1024px\" \/><\/figure>\n\n\n\n<p>NA FOTO ACIMA, <strong>GABRIELA DO CARMO PERIN,<\/strong> FILHA DE LUCIENE APARECIDA DO CARMO PERIN E RICARDO HENRIQUE PERIN.<\/p>\n\n\n\n<figure class=\"wp-block-image size-large\"><img decoding=\"async\" width=\"768\" height=\"1024\" src=\"https:\/\/www.correspondentevianopolino.com.br\/site\/wp-content\/uploads\/2023\/10\/LAVINYA-768x1024.jpg\" alt=\"\" class=\"wp-image-91332\" srcset=\"https:\/\/www.correspondentevianopolino.com.br\/site\/wp-content\/uploads\/2023\/10\/LAVINYA-768x1024.jpg 768w, https:\/\/www.correspondentevianopolino.com.br\/site\/wp-content\/uploads\/2023\/10\/LAVINYA-225x300.jpg 225w, https:\/\/www.correspondentevianopolino.com.br\/site\/wp-content\/uploads\/2023\/10\/LAVINYA-465x620.jpg 465w, https:\/\/www.correspondentevianopolino.com.br\/site\/wp-content\/uploads\/2023\/10\/LAVINYA-1152x1536.jpg 1152w, https:\/\/www.correspondentevianopolino.com.br\/site\/wp-content\/uploads\/2023\/10\/LAVINYA-233x310.jpg 233w, https:\/\/www.correspondentevianopolino.com.br\/site\/wp-content\/uploads\/2023\/10\/LAVINYA-160x213.jpg 160w, https:\/\/www.correspondentevianopolino.com.br\/site\/wp-content\/uploads\/2023\/10\/LAVINYA-153x204.jpg 153w, https:\/\/www.correspondentevianopolino.com.br\/site\/wp-content\/uploads\/2023\/10\/LAVINYA-143x190.jpg 143w, https:\/\/www.correspondentevianopolino.com.br\/site\/wp-content\/uploads\/2023\/10\/LAVINYA.jpg 1200w\" sizes=\"(max-width: 768px) 100vw, 768px\" \/><\/figure>\n\n\n\n<p>NA FOTO ACIMA, <strong>LAV\u00cdNYA DOS SANTOS TEIXEIRA<\/strong> FILHA DE ADRIANO TEIXEIRA DE LIMA E LORRAINE RIBEIRO DOS SANTOS TEIXEIRA.<\/p>\n\n\n\n<figure class=\"wp-block-image size-large\"><img decoding=\"async\" width=\"576\" height=\"1024\" src=\"https:\/\/www.correspondentevianopolino.com.br\/site\/wp-content\/uploads\/2023\/10\/LIVIA-576x1024.jpg\" alt=\"\" class=\"wp-image-91333\" srcset=\"https:\/\/www.correspondentevianopolino.com.br\/site\/wp-content\/uploads\/2023\/10\/LIVIA-576x1024.jpg 576w, https:\/\/www.correspondentevianopolino.com.br\/site\/wp-content\/uploads\/2023\/10\/LIVIA-169x300.jpg 169w, https:\/\/www.correspondentevianopolino.com.br\/site\/wp-content\/uploads\/2023\/10\/LIVIA-465x827.jpg 465w, https:\/\/www.correspondentevianopolino.com.br\/site\/wp-content\/uploads\/2023\/10\/LIVIA-174x310.jpg 174w, https:\/\/www.correspondentevianopolino.com.br\/site\/wp-content\/uploads\/2023\/10\/LIVIA-120x213.jpg 120w, https:\/\/www.correspondentevianopolino.com.br\/site\/wp-content\/uploads\/2023\/10\/LIVIA-115x204.jpg 115w, https:\/\/www.correspondentevianopolino.com.br\/site\/wp-content\/uploads\/2023\/10\/LIVIA-107x190.jpg 107w, https:\/\/www.correspondentevianopolino.com.br\/site\/wp-content\/uploads\/2023\/10\/LIVIA.jpg 720w\" sizes=\"(max-width: 576px) 100vw, 576px\" \/><\/figure>\n\n\n\n<p>NA FATO ACIMA, <strong>L\u00cdVIA DOS SANTOS TEIXEIRA<\/strong> FILHA DE ADRIANO TEIXEIRA DE LIMA E LORRAINE RIBEIRO DOS SANTOS TEIXEIRA.<\/p>\n\n\n\n<figure class=\"wp-block-image size-large\"><img decoding=\"async\" width=\"648\" height=\"1024\" src=\"https:\/\/www.correspondentevianopolino.com.br\/site\/wp-content\/uploads\/2023\/10\/DAVI-DIVINO-DE-SOUZA-RODRIGUES-FILHO-DE-CELIO-JOSE-RODRIGUES-E-VALQUIRIA-NERI-DE-SOUZA-648x1024.jpg\" alt=\"\" class=\"wp-image-91335\" srcset=\"https:\/\/www.correspondentevianopolino.com.br\/site\/wp-content\/uploads\/2023\/10\/DAVI-DIVINO-DE-SOUZA-RODRIGUES-FILHO-DE-CELIO-JOSE-RODRIGUES-E-VALQUIRIA-NERI-DE-SOUZA-648x1024.jpg 648w, https:\/\/www.correspondentevianopolino.com.br\/site\/wp-content\/uploads\/2023\/10\/DAVI-DIVINO-DE-SOUZA-RODRIGUES-FILHO-DE-CELIO-JOSE-RODRIGUES-E-VALQUIRIA-NERI-DE-SOUZA-190x300.jpg 190w, https:\/\/www.correspondentevianopolino.com.br\/site\/wp-content\/uploads\/2023\/10\/DAVI-DIVINO-DE-SOUZA-RODRIGUES-FILHO-DE-CELIO-JOSE-RODRIGUES-E-VALQUIRIA-NERI-DE-SOUZA-465x734.jpg 465w, https:\/\/www.correspondentevianopolino.com.br\/site\/wp-content\/uploads\/2023\/10\/DAVI-DIVINO-DE-SOUZA-RODRIGUES-FILHO-DE-CELIO-JOSE-RODRIGUES-E-VALQUIRIA-NERI-DE-SOUZA-768x1213.jpg 768w, https:\/\/www.correspondentevianopolino.com.br\/site\/wp-content\/uploads\/2023\/10\/DAVI-DIVINO-DE-SOUZA-RODRIGUES-FILHO-DE-CELIO-JOSE-RODRIGUES-E-VALQUIRIA-NERI-DE-SOUZA-972x1536.jpg 972w, https:\/\/www.correspondentevianopolino.com.br\/site\/wp-content\/uploads\/2023\/10\/DAVI-DIVINO-DE-SOUZA-RODRIGUES-FILHO-DE-CELIO-JOSE-RODRIGUES-E-VALQUIRIA-NERI-DE-SOUZA-196x310.jpg 196w, https:\/\/www.correspondentevianopolino.com.br\/site\/wp-content\/uploads\/2023\/10\/DAVI-DIVINO-DE-SOUZA-RODRIGUES-FILHO-DE-CELIO-JOSE-RODRIGUES-E-VALQUIRIA-NERI-DE-SOUZA-135x213.jpg 135w, https:\/\/www.correspondentevianopolino.com.br\/site\/wp-content\/uploads\/2023\/10\/DAVI-DIVINO-DE-SOUZA-RODRIGUES-FILHO-DE-CELIO-JOSE-RODRIGUES-E-VALQUIRIA-NERI-DE-SOUZA-129x204.jpg 129w, https:\/\/www.correspondentevianopolino.com.br\/site\/wp-content\/uploads\/2023\/10\/DAVI-DIVINO-DE-SOUZA-RODRIGUES-FILHO-DE-CELIO-JOSE-RODRIGUES-E-VALQUIRIA-NERI-DE-SOUZA-120x190.jpg 120w, https:\/\/www.correspondentevianopolino.com.br\/site\/wp-content\/uploads\/2023\/10\/DAVI-DIVINO-DE-SOUZA-RODRIGUES-FILHO-DE-CELIO-JOSE-RODRIGUES-E-VALQUIRIA-NERI-DE-SOUZA.jpg 1013w\" sizes=\"(max-width: 648px) 100vw, 648px\" \/><\/figure>\n\n\n\n<p>NA FATO ACIMA, DAVI DIVINO DE SOUZA RODRIGUES,FILHO DE C\u00c9LIO JOS\u00c9 RODRIGUES E VALQU\u00cdRIA NERI DE SOUZA.<\/p>\n\n\n\n<figure class=\"wp-block-image size-full\"><img decoding=\"async\" width=\"720\" height=\"960\" src=\"https:\/\/www.correspondentevianopolino.com.br\/site\/wp-content\/uploads\/2023\/10\/THEO.jpg\" alt=\"\" class=\"wp-image-91336\" srcset=\"https:\/\/www.correspondentevianopolino.com.br\/site\/wp-content\/uploads\/2023\/10\/THEO.jpg 720w, https:\/\/www.correspondentevianopolino.com.br\/site\/wp-content\/uploads\/2023\/10\/THEO-225x300.jpg 225w, https:\/\/www.correspondentevianopolino.com.br\/site\/wp-content\/uploads\/2023\/10\/THEO-465x620.jpg 465w, https:\/\/www.correspondentevianopolino.com.br\/site\/wp-content\/uploads\/2023\/10\/THEO-233x310.jpg 233w, https:\/\/www.correspondentevianopolino.com.br\/site\/wp-content\/uploads\/2023\/10\/THEO-160x213.jpg 160w, https:\/\/www.correspondentevianopolino.com.br\/site\/wp-content\/uploads\/2023\/10\/THEO-153x204.jpg 153w, https:\/\/www.correspondentevianopolino.com.br\/site\/wp-content\/uploads\/2023\/10\/THEO-143x190.jpg 143w\" sizes=\"(max-width: 720px) 100vw, 720px\" \/><\/figure>\n\n\n\n<p>NA FOTO ACIMA , <strong>TH\u00c9O HENRIQUE DA COSTA REZENDE,<\/strong> FILHO DE LUCAS HENRIQUE DA COSTA DA SILVA E KAROLAYNE APARECIDA ALVES REZENDE.<\/p>\n\n\n\n<figure class=\"wp-block-image size-large\"><img decoding=\"async\" width=\"1024\" height=\"991\" src=\"https:\/\/www.correspondentevianopolino.com.br\/site\/wp-content\/uploads\/2023\/10\/1000792763-1024x991.jpg\" alt=\"\" class=\"wp-image-91293\" srcset=\"https:\/\/www.correspondentevianopolino.com.br\/site\/wp-content\/uploads\/2023\/10\/1000792763-1024x991.jpg 1024w, https:\/\/www.correspondentevianopolino.com.br\/site\/wp-content\/uploads\/2023\/10\/1000792763-300x290.jpg 300w, https:\/\/www.correspondentevianopolino.com.br\/site\/wp-content\/uploads\/2023\/10\/1000792763-465x450.jpg 465w, https:\/\/www.correspondentevianopolino.com.br\/site\/wp-content\/uploads\/2023\/10\/1000792763-768x743.jpg 768w, https:\/\/www.correspondentevianopolino.com.br\/site\/wp-content\/uploads\/2023\/10\/1000792763-320x310.jpg 320w, https:\/\/www.correspondentevianopolino.com.br\/site\/wp-content\/uploads\/2023\/10\/1000792763-220x213.jpg 220w, https:\/\/www.correspondentevianopolino.com.br\/site\/wp-content\/uploads\/2023\/10\/1000792763-211x204.jpg 211w, https:\/\/www.correspondentevianopolino.com.br\/site\/wp-content\/uploads\/2023\/10\/1000792763-196x190.jpg 196w, https:\/\/www.correspondentevianopolino.com.br\/site\/wp-content\/uploads\/2023\/10\/1000792763.jpg 1080w\" sizes=\"(max-width: 1024px) 100vw, 1024px\" \/><\/figure>\n\n\n\n<p>NA FOTO ACIMA, <strong>AYLA LEMOS GRELLMANN,<\/strong> FILHA DE OL\u00cdVIO LEMOS PEREIRA NETO E KETLYN GRELLMANN.<\/p>\n\n\n\n<figure class=\"wp-block-image size-full\"><img decoding=\"async\" width=\"480\" height=\"480\" src=\"https:\/\/www.correspondentevianopolino.com.br\/site\/wp-content\/uploads\/2023\/10\/thumbnail-27.jpg\" alt=\"\" class=\"wp-image-91316\" srcset=\"https:\/\/www.correspondentevianopolino.com.br\/site\/wp-content\/uploads\/2023\/10\/thumbnail-27.jpg 480w, https:\/\/www.correspondentevianopolino.com.br\/site\/wp-content\/uploads\/2023\/10\/thumbnail-27-300x300.jpg 300w, https:\/\/www.correspondentevianopolino.com.br\/site\/wp-content\/uploads\/2023\/10\/thumbnail-27-465x465.jpg 465w, https:\/\/www.correspondentevianopolino.com.br\/site\/wp-content\/uploads\/2023\/10\/thumbnail-27-310x310.jpg 310w, https:\/\/www.correspondentevianopolino.com.br\/site\/wp-content\/uploads\/2023\/10\/thumbnail-27-213x213.jpg 213w, https:\/\/www.correspondentevianopolino.com.br\/site\/wp-content\/uploads\/2023\/10\/thumbnail-27-204x204.jpg 204w, https:\/\/www.correspondentevianopolino.com.br\/site\/wp-content\/uploads\/2023\/10\/thumbnail-27-190x190.jpg 190w\" sizes=\"(max-width: 480px) 100vw, 480px\" \/><\/figure>\n\n\n\n<p><\/p>\n\n\n\n<figure class=\"wp-block-image size-large\"><img decoding=\"async\" width=\"768\" height=\"1024\" src=\"https:\/\/www.correspondentevianopolino.com.br\/site\/wp-content\/uploads\/2023\/10\/PAULA-CRISTINA-SANTOS-MOREIRA-FILHA-ELIENE-SANTOS-E-PAULO-BATISTA-MOREIRA.-768x1024.jpg\" alt=\"\" class=\"wp-image-91630\" srcset=\"https:\/\/www.correspondentevianopolino.com.br\/site\/wp-content\/uploads\/2023\/10\/PAULA-CRISTINA-SANTOS-MOREIRA-FILHA-ELIENE-SANTOS-E-PAULO-BATISTA-MOREIRA.-768x1024.jpg 768w, https:\/\/www.correspondentevianopolino.com.br\/site\/wp-content\/uploads\/2023\/10\/PAULA-CRISTINA-SANTOS-MOREIRA-FILHA-ELIENE-SANTOS-E-PAULO-BATISTA-MOREIRA.-225x300.jpg 225w, https:\/\/www.correspondentevianopolino.com.br\/site\/wp-content\/uploads\/2023\/10\/PAULA-CRISTINA-SANTOS-MOREIRA-FILHA-ELIENE-SANTOS-E-PAULO-BATISTA-MOREIRA.-465x620.jpg 465w, https:\/\/www.correspondentevianopolino.com.br\/site\/wp-content\/uploads\/2023\/10\/PAULA-CRISTINA-SANTOS-MOREIRA-FILHA-ELIENE-SANTOS-E-PAULO-BATISTA-MOREIRA.-233x310.jpg 233w, https:\/\/www.correspondentevianopolino.com.br\/site\/wp-content\/uploads\/2023\/10\/PAULA-CRISTINA-SANTOS-MOREIRA-FILHA-ELIENE-SANTOS-E-PAULO-BATISTA-MOREIRA.-160x213.jpg 160w, https:\/\/www.correspondentevianopolino.com.br\/site\/wp-content\/uploads\/2023\/10\/PAULA-CRISTINA-SANTOS-MOREIRA-FILHA-ELIENE-SANTOS-E-PAULO-BATISTA-MOREIRA.-153x204.jpg 153w, https:\/\/www.correspondentevianopolino.com.br\/site\/wp-content\/uploads\/2023\/10\/PAULA-CRISTINA-SANTOS-MOREIRA-FILHA-ELIENE-SANTOS-E-PAULO-BATISTA-MOREIRA.-143x190.jpg 143w, https:\/\/www.correspondentevianopolino.com.br\/site\/wp-content\/uploads\/2023\/10\/PAULA-CRISTINA-SANTOS-MOREIRA-FILHA-ELIENE-SANTOS-E-PAULO-BATISTA-MOREIRA..jpg 960w\" sizes=\"(max-width: 768px) 100vw, 768px\" \/><\/figure>\n\n\n\n<p>NA FOTO ACIMA, <strong>PAULA CRISTINA SANTOS MOREIRA,<\/strong> FILHA DE ELIENE SANTOS E PAULO BATISTA MOREIRA.<\/p>\n\n\n\n<figure class=\"wp-block-image size-large\"><img decoding=\"async\" width=\"576\" height=\"1024\" src=\"https:\/\/www.correspondentevianopolino.com.br\/site\/wp-content\/uploads\/2023\/10\/LUAN-HENRIQUE-AMARAL-DOS-SANTOS-FILHO-DE-OTONIEL-SANTOS-E-SLVA-E-CREUZA-AMARAL-DE-SOUZA-576x1024.jpg\" alt=\"\" class=\"wp-image-91632\" srcset=\"https:\/\/www.correspondentevianopolino.com.br\/site\/wp-content\/uploads\/2023\/10\/LUAN-HENRIQUE-AMARAL-DOS-SANTOS-FILHO-DE-OTONIEL-SANTOS-E-SLVA-E-CREUZA-AMARAL-DE-SOUZA-576x1024.jpg 576w, https:\/\/www.correspondentevianopolino.com.br\/site\/wp-content\/uploads\/2023\/10\/LUAN-HENRIQUE-AMARAL-DOS-SANTOS-FILHO-DE-OTONIEL-SANTOS-E-SLVA-E-CREUZA-AMARAL-DE-SOUZA-169x300.jpg 169w, https:\/\/www.correspondentevianopolino.com.br\/site\/wp-content\/uploads\/2023\/10\/LUAN-HENRIQUE-AMARAL-DOS-SANTOS-FILHO-DE-OTONIEL-SANTOS-E-SLVA-E-CREUZA-AMARAL-DE-SOUZA-465x827.jpg 465w, https:\/\/www.correspondentevianopolino.com.br\/site\/wp-content\/uploads\/2023\/10\/LUAN-HENRIQUE-AMARAL-DOS-SANTOS-FILHO-DE-OTONIEL-SANTOS-E-SLVA-E-CREUZA-AMARAL-DE-SOUZA-768x1365.jpg 768w, https:\/\/www.correspondentevianopolino.com.br\/site\/wp-content\/uploads\/2023\/10\/LUAN-HENRIQUE-AMARAL-DOS-SANTOS-FILHO-DE-OTONIEL-SANTOS-E-SLVA-E-CREUZA-AMARAL-DE-SOUZA-864x1536.jpg 864w, https:\/\/www.correspondentevianopolino.com.br\/site\/wp-content\/uploads\/2023\/10\/LUAN-HENRIQUE-AMARAL-DOS-SANTOS-FILHO-DE-OTONIEL-SANTOS-E-SLVA-E-CREUZA-AMARAL-DE-SOUZA-174x310.jpg 174w, https:\/\/www.correspondentevianopolino.com.br\/site\/wp-content\/uploads\/2023\/10\/LUAN-HENRIQUE-AMARAL-DOS-SANTOS-FILHO-DE-OTONIEL-SANTOS-E-SLVA-E-CREUZA-AMARAL-DE-SOUZA-120x213.jpg 120w, https:\/\/www.correspondentevianopolino.com.br\/site\/wp-content\/uploads\/2023\/10\/LUAN-HENRIQUE-AMARAL-DOS-SANTOS-FILHO-DE-OTONIEL-SANTOS-E-SLVA-E-CREUZA-AMARAL-DE-SOUZA-115x204.jpg 115w, https:\/\/www.correspondentevianopolino.com.br\/site\/wp-content\/uploads\/2023\/10\/LUAN-HENRIQUE-AMARAL-DOS-SANTOS-FILHO-DE-OTONIEL-SANTOS-E-SLVA-E-CREUZA-AMARAL-DE-SOUZA-107x190.jpg 107w, https:\/\/www.correspondentevianopolino.com.br\/site\/wp-content\/uploads\/2023\/10\/LUAN-HENRIQUE-AMARAL-DOS-SANTOS-FILHO-DE-OTONIEL-SANTOS-E-SLVA-E-CREUZA-AMARAL-DE-SOUZA.jpg 900w\" sizes=\"(max-width: 576px) 100vw, 576px\" \/><\/figure>\n\n\n\n<p>NA FOTO ACIMA, <strong>LUAN HENRIQUE AMARAL DOS SANTOS<\/strong>, FILHO DE OTONIEL SANTOS E SILVA E CREUZA AMARAL DE SOUZA.<\/p>\n\n\n\n<figure class=\"wp-block-image size-large\"><img decoding=\"async\" width=\"574\" height=\"1024\" src=\"https:\/\/www.correspondentevianopolino.com.br\/site\/wp-content\/uploads\/2023\/10\/GUSTAVO-MONTEIRO-DO-SANTOS-FILHO-DE-DIVANIO-FRANCISCO-MONTEIRO-E-PATRICIA-CLEMENTE-DO-SANTOS-574x1024.jpg\" alt=\"\" class=\"wp-image-91634\" srcset=\"https:\/\/www.correspondentevianopolino.com.br\/site\/wp-content\/uploads\/2023\/10\/GUSTAVO-MONTEIRO-DO-SANTOS-FILHO-DE-DIVANIO-FRANCISCO-MONTEIRO-E-PATRICIA-CLEMENTE-DO-SANTOS-574x1024.jpg 574w, https:\/\/www.correspondentevianopolino.com.br\/site\/wp-content\/uploads\/2023\/10\/GUSTAVO-MONTEIRO-DO-SANTOS-FILHO-DE-DIVANIO-FRANCISCO-MONTEIRO-E-PATRICIA-CLEMENTE-DO-SANTOS-168x300.jpg 168w, https:\/\/www.correspondentevianopolino.com.br\/site\/wp-content\/uploads\/2023\/10\/GUSTAVO-MONTEIRO-DO-SANTOS-FILHO-DE-DIVANIO-FRANCISCO-MONTEIRO-E-PATRICIA-CLEMENTE-DO-SANTOS-465x829.jpg 465w, https:\/\/www.correspondentevianopolino.com.br\/site\/wp-content\/uploads\/2023\/10\/GUSTAVO-MONTEIRO-DO-SANTOS-FILHO-DE-DIVANIO-FRANCISCO-MONTEIRO-E-PATRICIA-CLEMENTE-DO-SANTOS-768x1370.jpg 768w, https:\/\/www.correspondentevianopolino.com.br\/site\/wp-content\/uploads\/2023\/10\/GUSTAVO-MONTEIRO-DO-SANTOS-FILHO-DE-DIVANIO-FRANCISCO-MONTEIRO-E-PATRICIA-CLEMENTE-DO-SANTOS-861x1536.jpg 861w, https:\/\/www.correspondentevianopolino.com.br\/site\/wp-content\/uploads\/2023\/10\/GUSTAVO-MONTEIRO-DO-SANTOS-FILHO-DE-DIVANIO-FRANCISCO-MONTEIRO-E-PATRICIA-CLEMENTE-DO-SANTOS-174x310.jpg 174w, https:\/\/www.correspondentevianopolino.com.br\/site\/wp-content\/uploads\/2023\/10\/GUSTAVO-MONTEIRO-DO-SANTOS-FILHO-DE-DIVANIO-FRANCISCO-MONTEIRO-E-PATRICIA-CLEMENTE-DO-SANTOS-119x213.jpg 119w, https:\/\/www.correspondentevianopolino.com.br\/site\/wp-content\/uploads\/2023\/10\/GUSTAVO-MONTEIRO-DO-SANTOS-FILHO-DE-DIVANIO-FRANCISCO-MONTEIRO-E-PATRICIA-CLEMENTE-DO-SANTOS-114x204.jpg 114w, https:\/\/www.correspondentevianopolino.com.br\/site\/wp-content\/uploads\/2023\/10\/GUSTAVO-MONTEIRO-DO-SANTOS-FILHO-DE-DIVANIO-FRANCISCO-MONTEIRO-E-PATRICIA-CLEMENTE-DO-SANTOS-107x190.jpg 107w, https:\/\/www.correspondentevianopolino.com.br\/site\/wp-content\/uploads\/2023\/10\/GUSTAVO-MONTEIRO-DO-SANTOS-FILHO-DE-DIVANIO-FRANCISCO-MONTEIRO-E-PATRICIA-CLEMENTE-DO-SANTOS.jpg 897w\" sizes=\"(max-width: 574px) 100vw, 574px\" \/><\/figure>\n\n\n\n<p>NA FOTO ACIMA, <strong>GUSTAVO MONTEIRO DOS SANTOS,<\/strong> FILHO DE DIV\u00c2NIO FRANCISCO MONTEIRO E PATR\u00cdCIA CLEMENTE DOS SANTOS.<\/p>\n\n\n\n<figure class=\"wp-block-image size-large\"><img decoding=\"async\" width=\"771\" height=\"1024\" src=\"https:\/\/www.correspondentevianopolino.com.br\/site\/wp-content\/uploads\/2023\/10\/JOAO-LUCAS-ELIAS-RIBERIO-FILHO-DE-JOAO-PAULO-RIBEIRO-LEANDRO-E-JAQUELINE-ELIAS-PAMEIRA-771x1024.jpeg\" alt=\"\" class=\"wp-image-91338\" srcset=\"https:\/\/www.correspondentevianopolino.com.br\/site\/wp-content\/uploads\/2023\/10\/JOAO-LUCAS-ELIAS-RIBERIO-FILHO-DE-JOAO-PAULO-RIBEIRO-LEANDRO-E-JAQUELINE-ELIAS-PAMEIRA-771x1024.jpeg 771w, https:\/\/www.correspondentevianopolino.com.br\/site\/wp-content\/uploads\/2023\/10\/JOAO-LUCAS-ELIAS-RIBERIO-FILHO-DE-JOAO-PAULO-RIBEIRO-LEANDRO-E-JAQUELINE-ELIAS-PAMEIRA-226x300.jpeg 226w, https:\/\/www.correspondentevianopolino.com.br\/site\/wp-content\/uploads\/2023\/10\/JOAO-LUCAS-ELIAS-RIBERIO-FILHO-DE-JOAO-PAULO-RIBEIRO-LEANDRO-E-JAQUELINE-ELIAS-PAMEIRA-465x618.jpeg 465w, https:\/\/www.correspondentevianopolino.com.br\/site\/wp-content\/uploads\/2023\/10\/JOAO-LUCAS-ELIAS-RIBERIO-FILHO-DE-JOAO-PAULO-RIBEIRO-LEANDRO-E-JAQUELINE-ELIAS-PAMEIRA-768x1021.jpeg 768w, https:\/\/www.correspondentevianopolino.com.br\/site\/wp-content\/uploads\/2023\/10\/JOAO-LUCAS-ELIAS-RIBERIO-FILHO-DE-JOAO-PAULO-RIBEIRO-LEANDRO-E-JAQUELINE-ELIAS-PAMEIRA-1156x1536.jpeg 1156w, https:\/\/www.correspondentevianopolino.com.br\/site\/wp-content\/uploads\/2023\/10\/JOAO-LUCAS-ELIAS-RIBERIO-FILHO-DE-JOAO-PAULO-RIBEIRO-LEANDRO-E-JAQUELINE-ELIAS-PAMEIRA-233x310.jpeg 233w, https:\/\/www.correspondentevianopolino.com.br\/site\/wp-content\/uploads\/2023\/10\/JOAO-LUCAS-ELIAS-RIBERIO-FILHO-DE-JOAO-PAULO-RIBEIRO-LEANDRO-E-JAQUELINE-ELIAS-PAMEIRA-160x213.jpeg 160w, https:\/\/www.correspondentevianopolino.com.br\/site\/wp-content\/uploads\/2023\/10\/JOAO-LUCAS-ELIAS-RIBERIO-FILHO-DE-JOAO-PAULO-RIBEIRO-LEANDRO-E-JAQUELINE-ELIAS-PAMEIRA-154x204.jpeg 154w, https:\/\/www.correspondentevianopolino.com.br\/site\/wp-content\/uploads\/2023\/10\/JOAO-LUCAS-ELIAS-RIBERIO-FILHO-DE-JOAO-PAULO-RIBEIRO-LEANDRO-E-JAQUELINE-ELIAS-PAMEIRA-143x190.jpeg 143w, https:\/\/www.correspondentevianopolino.com.br\/site\/wp-content\/uploads\/2023\/10\/JOAO-LUCAS-ELIAS-RIBERIO-FILHO-DE-JOAO-PAULO-RIBEIRO-LEANDRO-E-JAQUELINE-ELIAS-PAMEIRA.jpeg 1204w\" sizes=\"(max-width: 771px) 100vw, 771px\" \/><\/figure>\n\n\n\n<p>NA FOTO ACIMA, <strong>JO\u00c3O LUCAS ELIAS RIBEIRO<\/strong> ,FILHO DE JO\u00c3O PAULO RIBEIRO LEANDRO E JAQUELINE ELIAS PALMEIRA.<\/p>\n\n\n\n<figure class=\"wp-block-image size-large\"><img decoding=\"async\" width=\"684\" height=\"1024\" src=\"https:\/\/www.correspondentevianopolino.com.br\/site\/wp-content\/uploads\/2023\/10\/MIGUEL-MOREIRA-SANCHES-SOARES-DIOGO-SANCHES-SOARES-ANA-PAULA-DOS-SANTOS-MOREIRA-684x1024.jpeg\" alt=\"\" class=\"wp-image-91344\" srcset=\"https:\/\/www.correspondentevianopolino.com.br\/site\/wp-content\/uploads\/2023\/10\/MIGUEL-MOREIRA-SANCHES-SOARES-DIOGO-SANCHES-SOARES-ANA-PAULA-DOS-SANTOS-MOREIRA-684x1024.jpeg 684w, https:\/\/www.correspondentevianopolino.com.br\/site\/wp-content\/uploads\/2023\/10\/MIGUEL-MOREIRA-SANCHES-SOARES-DIOGO-SANCHES-SOARES-ANA-PAULA-DOS-SANTOS-MOREIRA-200x300.jpeg 200w, https:\/\/www.correspondentevianopolino.com.br\/site\/wp-content\/uploads\/2023\/10\/MIGUEL-MOREIRA-SANCHES-SOARES-DIOGO-SANCHES-SOARES-ANA-PAULA-DOS-SANTOS-MOREIRA-465x697.jpeg 465w, https:\/\/www.correspondentevianopolino.com.br\/site\/wp-content\/uploads\/2023\/10\/MIGUEL-MOREIRA-SANCHES-SOARES-DIOGO-SANCHES-SOARES-ANA-PAULA-DOS-SANTOS-MOREIRA-768x1151.jpeg 768w, https:\/\/www.correspondentevianopolino.com.br\/site\/wp-content\/uploads\/2023\/10\/MIGUEL-MOREIRA-SANCHES-SOARES-DIOGO-SANCHES-SOARES-ANA-PAULA-DOS-SANTOS-MOREIRA-1025x1536.jpeg 1025w, https:\/\/www.correspondentevianopolino.com.br\/site\/wp-content\/uploads\/2023\/10\/MIGUEL-MOREIRA-SANCHES-SOARES-DIOGO-SANCHES-SOARES-ANA-PAULA-DOS-SANTOS-MOREIRA-207x310.jpeg 207w, https:\/\/www.correspondentevianopolino.com.br\/site\/wp-content\/uploads\/2023\/10\/MIGUEL-MOREIRA-SANCHES-SOARES-DIOGO-SANCHES-SOARES-ANA-PAULA-DOS-SANTOS-MOREIRA-142x213.jpeg 142w, https:\/\/www.correspondentevianopolino.com.br\/site\/wp-content\/uploads\/2023\/10\/MIGUEL-MOREIRA-SANCHES-SOARES-DIOGO-SANCHES-SOARES-ANA-PAULA-DOS-SANTOS-MOREIRA-136x204.jpeg 136w, https:\/\/www.correspondentevianopolino.com.br\/site\/wp-content\/uploads\/2023\/10\/MIGUEL-MOREIRA-SANCHES-SOARES-DIOGO-SANCHES-SOARES-ANA-PAULA-DOS-SANTOS-MOREIRA-127x190.jpeg 127w, https:\/\/www.correspondentevianopolino.com.br\/site\/wp-content\/uploads\/2023\/10\/MIGUEL-MOREIRA-SANCHES-SOARES-DIOGO-SANCHES-SOARES-ANA-PAULA-DOS-SANTOS-MOREIRA.jpeg 1068w\" sizes=\"(max-width: 684px) 100vw, 684px\" \/><\/figure>\n\n\n\n<p>NA FOTO ACIMA, <strong>MIGUEL MOREIRA SANCHES SOARES<\/strong> , FILHO DE DIOGO SANCHES SOARES E ANA PAULA DOS SANTOS MOREIRA .<\/p>\n\n\n\n<figure class=\"wp-block-image size-large is-resized\"><img decoding=\"async\" src=\"https:\/\/www.correspondentevianopolino.com.br\/site\/wp-content\/uploads\/2023\/10\/LARISSA-EMANNUELLY-PEREIRA-BRAGA-FILHA-DE-WESLEY-SANTOS-E-CASSIA-KENIA-PEREIRA-BRAGA-DE-OLIVEIRA-460x1024.jpg\" alt=\"\" class=\"wp-image-91346\" width=\"480\" height=\"1069\" srcset=\"https:\/\/www.correspondentevianopolino.com.br\/site\/wp-content\/uploads\/2023\/10\/LARISSA-EMANNUELLY-PEREIRA-BRAGA-FILHA-DE-WESLEY-SANTOS-E-CASSIA-KENIA-PEREIRA-BRAGA-DE-OLIVEIRA-460x1024.jpg 460w, https:\/\/www.correspondentevianopolino.com.br\/site\/wp-content\/uploads\/2023\/10\/LARISSA-EMANNUELLY-PEREIRA-BRAGA-FILHA-DE-WESLEY-SANTOS-E-CASSIA-KENIA-PEREIRA-BRAGA-DE-OLIVEIRA-135x300.jpg 135w, https:\/\/www.correspondentevianopolino.com.br\/site\/wp-content\/uploads\/2023\/10\/LARISSA-EMANNUELLY-PEREIRA-BRAGA-FILHA-DE-WESLEY-SANTOS-E-CASSIA-KENIA-PEREIRA-BRAGA-DE-OLIVEIRA-465x1035.jpg 465w, https:\/\/www.correspondentevianopolino.com.br\/site\/wp-content\/uploads\/2023\/10\/LARISSA-EMANNUELLY-PEREIRA-BRAGA-FILHA-DE-WESLEY-SANTOS-E-CASSIA-KENIA-PEREIRA-BRAGA-DE-OLIVEIRA-139x310.jpg 139w, https:\/\/www.correspondentevianopolino.com.br\/site\/wp-content\/uploads\/2023\/10\/LARISSA-EMANNUELLY-PEREIRA-BRAGA-FILHA-DE-WESLEY-SANTOS-E-CASSIA-KENIA-PEREIRA-BRAGA-DE-OLIVEIRA-96x213.jpg 96w, https:\/\/www.correspondentevianopolino.com.br\/site\/wp-content\/uploads\/2023\/10\/LARISSA-EMANNUELLY-PEREIRA-BRAGA-FILHA-DE-WESLEY-SANTOS-E-CASSIA-KENIA-PEREIRA-BRAGA-DE-OLIVEIRA-92x204.jpg 92w, https:\/\/www.correspondentevianopolino.com.br\/site\/wp-content\/uploads\/2023\/10\/LARISSA-EMANNUELLY-PEREIRA-BRAGA-FILHA-DE-WESLEY-SANTOS-E-CASSIA-KENIA-PEREIRA-BRAGA-DE-OLIVEIRA-85x190.jpg 85w, https:\/\/www.correspondentevianopolino.com.br\/site\/wp-content\/uploads\/2023\/10\/LARISSA-EMANNUELLY-PEREIRA-BRAGA-FILHA-DE-WESLEY-SANTOS-E-CASSIA-KENIA-PEREIRA-BRAGA-DE-OLIVEIRA.jpg 575w\" sizes=\"(max-width: 480px) 100vw, 480px\" \/><\/figure>\n\n\n\n<p>NA FOTO ACIMA, <strong>LARISSA EMANNUELLY PEREIRA BRAGA SANTOS<\/strong> , FILHA DE WESLEY SANTOS E CASSIA K\u00caNIA PEREIRA DE OLIVEIRA .<\/p>\n\n\n\n<figure class=\"wp-block-image size-large\"><img decoding=\"async\" width=\"1016\" height=\"1024\" src=\"https:\/\/www.correspondentevianopolino.com.br\/site\/wp-content\/uploads\/2023\/10\/1000792767-1016x1024.jpg\" alt=\"\" class=\"wp-image-91292\" srcset=\"https:\/\/www.correspondentevianopolino.com.br\/site\/wp-content\/uploads\/2023\/10\/1000792767-1016x1024.jpg 1016w, https:\/\/www.correspondentevianopolino.com.br\/site\/wp-content\/uploads\/2023\/10\/1000792767-298x300.jpg 298w, https:\/\/www.correspondentevianopolino.com.br\/site\/wp-content\/uploads\/2023\/10\/1000792767-465x468.jpg 465w, https:\/\/www.correspondentevianopolino.com.br\/site\/wp-content\/uploads\/2023\/10\/1000792767-768x774.jpg 768w, https:\/\/www.correspondentevianopolino.com.br\/site\/wp-content\/uploads\/2023\/10\/1000792767-308x310.jpg 308w, https:\/\/www.correspondentevianopolino.com.br\/site\/wp-content\/uploads\/2023\/10\/1000792767-211x213.jpg 211w, https:\/\/www.correspondentevianopolino.com.br\/site\/wp-content\/uploads\/2023\/10\/1000792767-203x204.jpg 203w, https:\/\/www.correspondentevianopolino.com.br\/site\/wp-content\/uploads\/2023\/10\/1000792767-189x190.jpg 189w, https:\/\/www.correspondentevianopolino.com.br\/site\/wp-content\/uploads\/2023\/10\/1000792767.jpg 1080w\" sizes=\"(max-width: 1016px) 100vw, 1016px\" \/><\/figure>\n\n\n\n<p>NA FOTO ACIMA, <strong>CAIO LEMOS GRELLMANN<\/strong>, FILHO DE OL\u00cdVIO LEMOS PEREIRA NETO E KETLYN GRELLMANN.<\/p>\n\n\n\n<figure class=\"wp-block-image size-large\"><img decoding=\"async\" width=\"576\" height=\"1024\" src=\"https:\/\/www.correspondentevianopolino.com.br\/site\/wp-content\/uploads\/2023\/10\/VITORIA-APARECIDA-GONCALVEZ-DE-SOUZA-FILHA-DE-NOELMA-RODRIGUES-DE-SOUZA-E-LEANDRO-GONCALVES-DE-SOUZA-1-576x1024.jpg\" alt=\"\" class=\"wp-image-91636\" srcset=\"https:\/\/www.correspondentevianopolino.com.br\/site\/wp-content\/uploads\/2023\/10\/VITORIA-APARECIDA-GONCALVEZ-DE-SOUZA-FILHA-DE-NOELMA-RODRIGUES-DE-SOUZA-E-LEANDRO-GONCALVES-DE-SOUZA-1-576x1024.jpg 576w, https:\/\/www.correspondentevianopolino.com.br\/site\/wp-content\/uploads\/2023\/10\/VITORIA-APARECIDA-GONCALVEZ-DE-SOUZA-FILHA-DE-NOELMA-RODRIGUES-DE-SOUZA-E-LEANDRO-GONCALVES-DE-SOUZA-1-169x300.jpg 169w, https:\/\/www.correspondentevianopolino.com.br\/site\/wp-content\/uploads\/2023\/10\/VITORIA-APARECIDA-GONCALVEZ-DE-SOUZA-FILHA-DE-NOELMA-RODRIGUES-DE-SOUZA-E-LEANDRO-GONCALVES-DE-SOUZA-1-465x827.jpg 465w, https:\/\/www.correspondentevianopolino.com.br\/site\/wp-content\/uploads\/2023\/10\/VITORIA-APARECIDA-GONCALVEZ-DE-SOUZA-FILHA-DE-NOELMA-RODRIGUES-DE-SOUZA-E-LEANDRO-GONCALVES-DE-SOUZA-1-768x1365.jpg 768w, https:\/\/www.correspondentevianopolino.com.br\/site\/wp-content\/uploads\/2023\/10\/VITORIA-APARECIDA-GONCALVEZ-DE-SOUZA-FILHA-DE-NOELMA-RODRIGUES-DE-SOUZA-E-LEANDRO-GONCALVES-DE-SOUZA-1-864x1536.jpg 864w, https:\/\/www.correspondentevianopolino.com.br\/site\/wp-content\/uploads\/2023\/10\/VITORIA-APARECIDA-GONCALVEZ-DE-SOUZA-FILHA-DE-NOELMA-RODRIGUES-DE-SOUZA-E-LEANDRO-GONCALVES-DE-SOUZA-1-174x310.jpg 174w, https:\/\/www.correspondentevianopolino.com.br\/site\/wp-content\/uploads\/2023\/10\/VITORIA-APARECIDA-GONCALVEZ-DE-SOUZA-FILHA-DE-NOELMA-RODRIGUES-DE-SOUZA-E-LEANDRO-GONCALVES-DE-SOUZA-1-120x213.jpg 120w, https:\/\/www.correspondentevianopolino.com.br\/site\/wp-content\/uploads\/2023\/10\/VITORIA-APARECIDA-GONCALVEZ-DE-SOUZA-FILHA-DE-NOELMA-RODRIGUES-DE-SOUZA-E-LEANDRO-GONCALVES-DE-SOUZA-1-115x204.jpg 115w, https:\/\/www.correspondentevianopolino.com.br\/site\/wp-content\/uploads\/2023\/10\/VITORIA-APARECIDA-GONCALVEZ-DE-SOUZA-FILHA-DE-NOELMA-RODRIGUES-DE-SOUZA-E-LEANDRO-GONCALVES-DE-SOUZA-1-107x190.jpg 107w, https:\/\/www.correspondentevianopolino.com.br\/site\/wp-content\/uploads\/2023\/10\/VITORIA-APARECIDA-GONCALVEZ-DE-SOUZA-FILHA-DE-NOELMA-RODRIGUES-DE-SOUZA-E-LEANDRO-GONCALVES-DE-SOUZA-1.jpg 900w\" sizes=\"(max-width: 576px) 100vw, 576px\" \/><\/figure>\n\n\n\n<p>NA FOTO ACIMA, <strong>VIT\u00d3RIA APARECIDA GON\u00c7ALVES DE SOUZA<\/strong>, FILHA DE NOELMA RODRIGUES DE SOUZA E LEANDRO GON\u00c7ALVES DE SOUZA.<\/p>\n\n\n\n<figure class=\"wp-block-image size-large\"><img decoding=\"async\" width=\"576\" height=\"1024\" src=\"https:\/\/www.correspondentevianopolino.com.br\/site\/wp-content\/uploads\/2023\/10\/MARIA-ALICE-DE-SIQUEIRA-CASTRO-FILHA-DE-LIZANDRA-DE-CASTRO-SOARES-E-DOMIRIO-BERTOLDO-DE-SIQUEIRA-JUNIOR-576x1024.jpg\" alt=\"\" class=\"wp-image-91641\" srcset=\"https:\/\/www.correspondentevianopolino.com.br\/site\/wp-content\/uploads\/2023\/10\/MARIA-ALICE-DE-SIQUEIRA-CASTRO-FILHA-DE-LIZANDRA-DE-CASTRO-SOARES-E-DOMIRIO-BERTOLDO-DE-SIQUEIRA-JUNIOR-576x1024.jpg 576w, https:\/\/www.correspondentevianopolino.com.br\/site\/wp-content\/uploads\/2023\/10\/MARIA-ALICE-DE-SIQUEIRA-CASTRO-FILHA-DE-LIZANDRA-DE-CASTRO-SOARES-E-DOMIRIO-BERTOLDO-DE-SIQUEIRA-JUNIOR-169x300.jpg 169w, https:\/\/www.correspondentevianopolino.com.br\/site\/wp-content\/uploads\/2023\/10\/MARIA-ALICE-DE-SIQUEIRA-CASTRO-FILHA-DE-LIZANDRA-DE-CASTRO-SOARES-E-DOMIRIO-BERTOLDO-DE-SIQUEIRA-JUNIOR-465x827.jpg 465w, https:\/\/www.correspondentevianopolino.com.br\/site\/wp-content\/uploads\/2023\/10\/MARIA-ALICE-DE-SIQUEIRA-CASTRO-FILHA-DE-LIZANDRA-DE-CASTRO-SOARES-E-DOMIRIO-BERTOLDO-DE-SIQUEIRA-JUNIOR-768x1366.jpg 768w, https:\/\/www.correspondentevianopolino.com.br\/site\/wp-content\/uploads\/2023\/10\/MARIA-ALICE-DE-SIQUEIRA-CASTRO-FILHA-DE-LIZANDRA-DE-CASTRO-SOARES-E-DOMIRIO-BERTOLDO-DE-SIQUEIRA-JUNIOR-864x1536.jpg 864w, https:\/\/www.correspondentevianopolino.com.br\/site\/wp-content\/uploads\/2023\/10\/MARIA-ALICE-DE-SIQUEIRA-CASTRO-FILHA-DE-LIZANDRA-DE-CASTRO-SOARES-E-DOMIRIO-BERTOLDO-DE-SIQUEIRA-JUNIOR-174x310.jpg 174w, https:\/\/www.correspondentevianopolino.com.br\/site\/wp-content\/uploads\/2023\/10\/MARIA-ALICE-DE-SIQUEIRA-CASTRO-FILHA-DE-LIZANDRA-DE-CASTRO-SOARES-E-DOMIRIO-BERTOLDO-DE-SIQUEIRA-JUNIOR-120x213.jpg 120w, https:\/\/www.correspondentevianopolino.com.br\/site\/wp-content\/uploads\/2023\/10\/MARIA-ALICE-DE-SIQUEIRA-CASTRO-FILHA-DE-LIZANDRA-DE-CASTRO-SOARES-E-DOMIRIO-BERTOLDO-DE-SIQUEIRA-JUNIOR-115x204.jpg 115w, https:\/\/www.correspondentevianopolino.com.br\/site\/wp-content\/uploads\/2023\/10\/MARIA-ALICE-DE-SIQUEIRA-CASTRO-FILHA-DE-LIZANDRA-DE-CASTRO-SOARES-E-DOMIRIO-BERTOLDO-DE-SIQUEIRA-JUNIOR-107x190.jpg 107w, https:\/\/www.correspondentevianopolino.com.br\/site\/wp-content\/uploads\/2023\/10\/MARIA-ALICE-DE-SIQUEIRA-CASTRO-FILHA-DE-LIZANDRA-DE-CASTRO-SOARES-E-DOMIRIO-BERTOLDO-DE-SIQUEIRA-JUNIOR.jpg 899w\" sizes=\"(max-width: 576px) 100vw, 576px\" \/><\/figure>\n\n\n\n<p>NA FOTO ACIMA, <strong>MARIA ALICE DE SIQUEIRA CASTRO, <\/strong>FILHA DE LIZANDRA DE CASTRO SOARES E DOMIRIO BERTOLDO DE SIQUEIRA J\u00daNIOR.<\/p>\n\n\n\n<figure class=\"wp-block-image size-large\"><img decoding=\"async\" width=\"768\" height=\"1024\" src=\"https:\/\/www.correspondentevianopolino.com.br\/site\/wp-content\/uploads\/2023\/10\/1000796292-768x1024.jpg\" alt=\"\" class=\"wp-image-91642\" srcset=\"https:\/\/www.correspondentevianopolino.com.br\/site\/wp-content\/uploads\/2023\/10\/1000796292-768x1024.jpg 768w, https:\/\/www.correspondentevianopolino.com.br\/site\/wp-content\/uploads\/2023\/10\/1000796292-225x300.jpg 225w, https:\/\/www.correspondentevianopolino.com.br\/site\/wp-content\/uploads\/2023\/10\/1000796292-465x620.jpg 465w, https:\/\/www.correspondentevianopolino.com.br\/site\/wp-content\/uploads\/2023\/10\/1000796292-1152x1536.jpg 1152w, https:\/\/www.correspondentevianopolino.com.br\/site\/wp-content\/uploads\/2023\/10\/1000796292-233x310.jpg 233w, https:\/\/www.correspondentevianopolino.com.br\/site\/wp-content\/uploads\/2023\/10\/1000796292-160x213.jpg 160w, https:\/\/www.correspondentevianopolino.com.br\/site\/wp-content\/uploads\/2023\/10\/1000796292-153x204.jpg 153w, https:\/\/www.correspondentevianopolino.com.br\/site\/wp-content\/uploads\/2023\/10\/1000796292-143x190.jpg 143w, https:\/\/www.correspondentevianopolino.com.br\/site\/wp-content\/uploads\/2023\/10\/1000796292.jpg 1200w\" sizes=\"(max-width: 768px) 100vw, 768px\" \/><\/figure>\n\n\n\n<p>NA FOTO ACIMA, <strong>ANA BEATRIZ SOUZA NASCIMENTO<\/strong>, FILHA DE CARLOS FRANCISCO DO NASCIMENTO E IVANETE DE SOUZA BARBOSA.<\/p>\n\n\n\n<figure class=\"wp-block-image size-full\"><img decoding=\"async\" width=\"720\" height=\"814\" src=\"https:\/\/www.correspondentevianopolino.com.br\/site\/wp-content\/uploads\/2023\/10\/1000796300.jpg\" alt=\"\" class=\"wp-image-91644\" srcset=\"https:\/\/www.correspondentevianopolino.com.br\/site\/wp-content\/uploads\/2023\/10\/1000796300.jpg 720w, https:\/\/www.correspondentevianopolino.com.br\/site\/wp-content\/uploads\/2023\/10\/1000796300-265x300.jpg 265w, https:\/\/www.correspondentevianopolino.com.br\/site\/wp-content\/uploads\/2023\/10\/1000796300-465x526.jpg 465w, https:\/\/www.correspondentevianopolino.com.br\/site\/wp-content\/uploads\/2023\/10\/1000796300-274x310.jpg 274w, https:\/\/www.correspondentevianopolino.com.br\/site\/wp-content\/uploads\/2023\/10\/1000796300-188x213.jpg 188w, https:\/\/www.correspondentevianopolino.com.br\/site\/wp-content\/uploads\/2023\/10\/1000796300-180x204.jpg 180w, https:\/\/www.correspondentevianopolino.com.br\/site\/wp-content\/uploads\/2023\/10\/1000796300-168x190.jpg 168w\" sizes=\"(max-width: 720px) 100vw, 720px\" \/><\/figure>\n\n\n\n<p>NA FOTO ACIMA, <strong>KAIQUE MIGUEL<\/strong>, FILHO DE MARCILENE QUIRINO E JONATAN PRIMO.<\/p>\n\n\n\n<figure class=\"wp-block-image size-large\"><img decoding=\"async\" width=\"1024\" height=\"563\" src=\"https:\/\/www.correspondentevianopolino.com.br\/site\/wp-content\/uploads\/2023\/10\/1000794001-1024x563.jpg\" alt=\"\" class=\"wp-image-91309\" srcset=\"https:\/\/www.correspondentevianopolino.com.br\/site\/wp-content\/uploads\/2023\/10\/1000794001-1024x563.jpg 1024w, https:\/\/www.correspondentevianopolino.com.br\/site\/wp-content\/uploads\/2023\/10\/1000794001-300x165.jpg 300w, https:\/\/www.correspondentevianopolino.com.br\/site\/wp-content\/uploads\/2023\/10\/1000794001-465x256.jpg 465w, https:\/\/www.correspondentevianopolino.com.br\/site\/wp-content\/uploads\/2023\/10\/1000794001-768x422.jpg 768w, https:\/\/www.correspondentevianopolino.com.br\/site\/wp-content\/uploads\/2023\/10\/1000794001-327x180.jpg 327w, https:\/\/www.correspondentevianopolino.com.br\/site\/wp-content\/uploads\/2023\/10\/1000794001-371x204.jpg 371w, https:\/\/www.correspondentevianopolino.com.br\/site\/wp-content\/uploads\/2023\/10\/1000794001-260x143.jpg 260w, https:\/\/www.correspondentevianopolino.com.br\/site\/wp-content\/uploads\/2023\/10\/1000794001.jpg 1280w\" sizes=\"(max-width: 1024px) 100vw, 1024px\" \/><\/figure>\n\n\n\n<figure class=\"wp-block-image size-full\"><img decoding=\"async\" width=\"720\" height=\"738\" src=\"https:\/\/www.correspondentevianopolino.com.br\/site\/wp-content\/uploads\/2023\/10\/1000794795.jpg\" alt=\"\" class=\"wp-image-91378\" srcset=\"https:\/\/www.correspondentevianopolino.com.br\/site\/wp-content\/uploads\/2023\/10\/1000794795.jpg 720w, https:\/\/www.correspondentevianopolino.com.br\/site\/wp-content\/uploads\/2023\/10\/1000794795-293x300.jpg 293w, https:\/\/www.correspondentevianopolino.com.br\/site\/wp-content\/uploads\/2023\/10\/1000794795-465x477.jpg 465w, https:\/\/www.correspondentevianopolino.com.br\/site\/wp-content\/uploads\/2023\/10\/1000794795-302x310.jpg 302w, https:\/\/www.correspondentevianopolino.com.br\/site\/wp-content\/uploads\/2023\/10\/1000794795-208x213.jpg 208w, https:\/\/www.correspondentevianopolino.com.br\/site\/wp-content\/uploads\/2023\/10\/1000794795-199x204.jpg 199w, https:\/\/www.correspondentevianopolino.com.br\/site\/wp-content\/uploads\/2023\/10\/1000794795-185x190.jpg 185w\" sizes=\"(max-width: 720px) 100vw, 720px\" \/><\/figure>\n\n\n\n<p>NA FOTO ACIMA, JOAQUIM NETO BARBOSA DA CRUZ CASTRO, FILHO DE SEBASTI\u00c3O VIEIRA DE CASTRO E MARCILENE BARBOSA DA CRUZ CASTRO.<\/p>\n\n\n\n<figure class=\"wp-block-image size-full\"><img decoding=\"async\" width=\"719\" height=\"797\" src=\"https:\/\/www.correspondentevianopolino.com.br\/site\/wp-content\/uploads\/2023\/10\/CLARICY-EDUARDA-PREIRA-BRAGA.jpg\" alt=\"\" class=\"wp-image-91349\" srcset=\"https:\/\/www.correspondentevianopolino.com.br\/site\/wp-content\/uploads\/2023\/10\/CLARICY-EDUARDA-PREIRA-BRAGA.jpg 719w, https:\/\/www.correspondentevianopolino.com.br\/site\/wp-content\/uploads\/2023\/10\/CLARICY-EDUARDA-PREIRA-BRAGA-271x300.jpg 271w, https:\/\/www.correspondentevianopolino.com.br\/site\/wp-content\/uploads\/2023\/10\/CLARICY-EDUARDA-PREIRA-BRAGA-465x515.jpg 465w, https:\/\/www.correspondentevianopolino.com.br\/site\/wp-content\/uploads\/2023\/10\/CLARICY-EDUARDA-PREIRA-BRAGA-280x310.jpg 280w, https:\/\/www.correspondentevianopolino.com.br\/site\/wp-content\/uploads\/2023\/10\/CLARICY-EDUARDA-PREIRA-BRAGA-192x213.jpg 192w, https:\/\/www.correspondentevianopolino.com.br\/site\/wp-content\/uploads\/2023\/10\/CLARICY-EDUARDA-PREIRA-BRAGA-184x204.jpg 184w, https:\/\/www.correspondentevianopolino.com.br\/site\/wp-content\/uploads\/2023\/10\/CLARICY-EDUARDA-PREIRA-BRAGA-171x190.jpg 171w\" sizes=\"(max-width: 719px) 100vw, 719px\" \/><\/figure>\n\n\n\n<p>NA FOTO ACIMA , <strong>CLARICY EDUARDA PEREIRA SANTOS<\/strong>, FILHA DE WESLEY SANTOS E CASSIA K\u00caNIA PEREIRA BRAGA DE OLIVEIRA .<\/p>\n\n\n\n<figure class=\"wp-block-image size-large\"><img decoding=\"async\" width=\"460\" height=\"1024\" src=\"https:\/\/www.correspondentevianopolino.com.br\/site\/wp-content\/uploads\/2023\/10\/BRYAN-LUIZ-PEREIRA-BRAGA-460x1024.jpg\" alt=\"\" class=\"wp-image-91350\" srcset=\"https:\/\/www.correspondentevianopolino.com.br\/site\/wp-content\/uploads\/2023\/10\/BRYAN-LUIZ-PEREIRA-BRAGA-460x1024.jpg 460w, https:\/\/www.correspondentevianopolino.com.br\/site\/wp-content\/uploads\/2023\/10\/BRYAN-LUIZ-PEREIRA-BRAGA-135x300.jpg 135w, https:\/\/www.correspondentevianopolino.com.br\/site\/wp-content\/uploads\/2023\/10\/BRYAN-LUIZ-PEREIRA-BRAGA-465x1035.jpg 465w, https:\/\/www.correspondentevianopolino.com.br\/site\/wp-content\/uploads\/2023\/10\/BRYAN-LUIZ-PEREIRA-BRAGA-690x1536.jpg 690w, https:\/\/www.correspondentevianopolino.com.br\/site\/wp-content\/uploads\/2023\/10\/BRYAN-LUIZ-PEREIRA-BRAGA-139x310.jpg 139w, https:\/\/www.correspondentevianopolino.com.br\/site\/wp-content\/uploads\/2023\/10\/BRYAN-LUIZ-PEREIRA-BRAGA-96x213.jpg 96w, https:\/\/www.correspondentevianopolino.com.br\/site\/wp-content\/uploads\/2023\/10\/BRYAN-LUIZ-PEREIRA-BRAGA-92x204.jpg 92w, https:\/\/www.correspondentevianopolino.com.br\/site\/wp-content\/uploads\/2023\/10\/BRYAN-LUIZ-PEREIRA-BRAGA-85x190.jpg 85w, https:\/\/www.correspondentevianopolino.com.br\/site\/wp-content\/uploads\/2023\/10\/BRYAN-LUIZ-PEREIRA-BRAGA.jpg 719w\" sizes=\"(max-width: 460px) 100vw, 460px\" \/><\/figure>\n\n\n\n<p>NA FOTO ACIMA , <strong>BRYAN LUIZ PEREIRA BRAGA SANTOS<\/strong>, FILHO DE  WESLEY SANTOS  E CASSIA K\u00caNIA PEREIRA BRAGA DE OLIVEIRA .<\/p>\n\n\n\n<figure class=\"wp-block-image size-full\"><img decoding=\"async\" width=\"363\" height=\"954\" src=\"https:\/\/www.correspondentevianopolino.com.br\/site\/wp-content\/uploads\/2023\/10\/THIAGO-JUNIOR.jpg\" alt=\"\" class=\"wp-image-91351\" srcset=\"https:\/\/www.correspondentevianopolino.com.br\/site\/wp-content\/uploads\/2023\/10\/THIAGO-JUNIOR.jpg 363w, https:\/\/www.correspondentevianopolino.com.br\/site\/wp-content\/uploads\/2023\/10\/THIAGO-JUNIOR-114x300.jpg 114w, https:\/\/www.correspondentevianopolino.com.br\/site\/wp-content\/uploads\/2023\/10\/THIAGO-JUNIOR-118x310.jpg 118w, https:\/\/www.correspondentevianopolino.com.br\/site\/wp-content\/uploads\/2023\/10\/THIAGO-JUNIOR-81x213.jpg 81w, https:\/\/www.correspondentevianopolino.com.br\/site\/wp-content\/uploads\/2023\/10\/THIAGO-JUNIOR-78x204.jpg 78w, https:\/\/www.correspondentevianopolino.com.br\/site\/wp-content\/uploads\/2023\/10\/THIAGO-JUNIOR-72x190.jpg 72w\" sizes=\"(max-width: 363px) 100vw, 363px\" \/><\/figure>\n\n\n\n<p>NA FOTO ACIMA , <strong>THIAGO PEREIRA BRAGA <\/strong>, FILHO DE WESLEY SANTOS E CASSIA K\u00caNIA PEREIRA  BRAGA DE OLIVEIRA .<\/p>\n\n\n\n<figure class=\"wp-block-image size-large\"><img decoding=\"async\" width=\"816\" height=\"1024\" src=\"https:\/\/www.correspondentevianopolino.com.br\/site\/wp-content\/uploads\/2023\/10\/JOAO-LUCAS-RODRIGUES-SUZANE-RODRGUES-DA-SILVA-E-PATRICK-RODRIGUES-NUNES-816x1024.jpg\" alt=\"\" class=\"wp-image-91352\" srcset=\"https:\/\/www.correspondentevianopolino.com.br\/site\/wp-content\/uploads\/2023\/10\/JOAO-LUCAS-RODRIGUES-SUZANE-RODRGUES-DA-SILVA-E-PATRICK-RODRIGUES-NUNES-816x1024.jpg 816w, https:\/\/www.correspondentevianopolino.com.br\/site\/wp-content\/uploads\/2023\/10\/JOAO-LUCAS-RODRIGUES-SUZANE-RODRGUES-DA-SILVA-E-PATRICK-RODRIGUES-NUNES-239x300.jpg 239w, https:\/\/www.correspondentevianopolino.com.br\/site\/wp-content\/uploads\/2023\/10\/JOAO-LUCAS-RODRIGUES-SUZANE-RODRGUES-DA-SILVA-E-PATRICK-RODRIGUES-NUNES-465x583.jpg 465w, https:\/\/www.correspondentevianopolino.com.br\/site\/wp-content\/uploads\/2023\/10\/JOAO-LUCAS-RODRIGUES-SUZANE-RODRGUES-DA-SILVA-E-PATRICK-RODRIGUES-NUNES-768x964.jpg 768w, https:\/\/www.correspondentevianopolino.com.br\/site\/wp-content\/uploads\/2023\/10\/JOAO-LUCAS-RODRIGUES-SUZANE-RODRGUES-DA-SILVA-E-PATRICK-RODRIGUES-NUNES-247x310.jpg 247w, https:\/\/www.correspondentevianopolino.com.br\/site\/wp-content\/uploads\/2023\/10\/JOAO-LUCAS-RODRIGUES-SUZANE-RODRGUES-DA-SILVA-E-PATRICK-RODRIGUES-NUNES-170x213.jpg 170w, https:\/\/www.correspondentevianopolino.com.br\/site\/wp-content\/uploads\/2023\/10\/JOAO-LUCAS-RODRIGUES-SUZANE-RODRGUES-DA-SILVA-E-PATRICK-RODRIGUES-NUNES-163x204.jpg 163w, https:\/\/www.correspondentevianopolino.com.br\/site\/wp-content\/uploads\/2023\/10\/JOAO-LUCAS-RODRIGUES-SUZANE-RODRGUES-DA-SILVA-E-PATRICK-RODRIGUES-NUNES-151x190.jpg 151w, https:\/\/www.correspondentevianopolino.com.br\/site\/wp-content\/uploads\/2023\/10\/JOAO-LUCAS-RODRIGUES-SUZANE-RODRGUES-DA-SILVA-E-PATRICK-RODRIGUES-NUNES.jpg 828w\" sizes=\"(max-width: 816px) 100vw, 816px\" \/><\/figure>\n\n\n\n<p>NA FOTO ACIMA, <strong>JO\u00c3O LUCAS RODRIGUES NUNES<\/strong> ,FILHO DE PATRICK RODRIGUES NUNES E SUZANE RODRIGUES DA SILVA .<\/p>\n\n\n\n<figure class=\"wp-block-image size-large\"><img decoding=\"async\" width=\"768\" height=\"1024\" src=\"https:\/\/www.correspondentevianopolino.com.br\/site\/wp-content\/uploads\/2023\/10\/PAULO-HENRIQUE-SOARES-BARBOSA-768x1024.jpg\" alt=\"\" class=\"wp-image-91353\" srcset=\"https:\/\/www.correspondentevianopolino.com.br\/site\/wp-content\/uploads\/2023\/10\/PAULO-HENRIQUE-SOARES-BARBOSA-768x1024.jpg 768w, https:\/\/www.correspondentevianopolino.com.br\/site\/wp-content\/uploads\/2023\/10\/PAULO-HENRIQUE-SOARES-BARBOSA-225x300.jpg 225w, https:\/\/www.correspondentevianopolino.com.br\/site\/wp-content\/uploads\/2023\/10\/PAULO-HENRIQUE-SOARES-BARBOSA-465x620.jpg 465w, https:\/\/www.correspondentevianopolino.com.br\/site\/wp-content\/uploads\/2023\/10\/PAULO-HENRIQUE-SOARES-BARBOSA-1152x1536.jpg 1152w, https:\/\/www.correspondentevianopolino.com.br\/site\/wp-content\/uploads\/2023\/10\/PAULO-HENRIQUE-SOARES-BARBOSA-233x310.jpg 233w, https:\/\/www.correspondentevianopolino.com.br\/site\/wp-content\/uploads\/2023\/10\/PAULO-HENRIQUE-SOARES-BARBOSA-160x213.jpg 160w, https:\/\/www.correspondentevianopolino.com.br\/site\/wp-content\/uploads\/2023\/10\/PAULO-HENRIQUE-SOARES-BARBOSA-153x204.jpg 153w, https:\/\/www.correspondentevianopolino.com.br\/site\/wp-content\/uploads\/2023\/10\/PAULO-HENRIQUE-SOARES-BARBOSA-143x190.jpg 143w, https:\/\/www.correspondentevianopolino.com.br\/site\/wp-content\/uploads\/2023\/10\/PAULO-HENRIQUE-SOARES-BARBOSA.jpg 1200w\" sizes=\"(max-width: 768px) 100vw, 768px\" \/><\/figure>\n\n\n\n<p>NA FOTO ACIMA , <strong>PAULO HENRIQUE SOARES BARBOSA<\/strong> ,FILHO DE PEDRO HENRIQUE E RAFIZA SOARES .<\/p>\n\n\n\n<figure class=\"wp-block-image size-large\"><img decoding=\"async\" width=\"1024\" height=\"576\" src=\"https:\/\/www.correspondentevianopolino.com.br\/site\/wp-content\/uploads\/2023\/10\/1000793191-1024x576.jpg\" alt=\"\" class=\"wp-image-91308\" srcset=\"https:\/\/www.correspondentevianopolino.com.br\/site\/wp-content\/uploads\/2023\/10\/1000793191-1024x576.jpg 1024w, https:\/\/www.correspondentevianopolino.com.br\/site\/wp-content\/uploads\/2023\/10\/1000793191-300x169.jpg 300w, https:\/\/www.correspondentevianopolino.com.br\/site\/wp-content\/uploads\/2023\/10\/1000793191-465x261.jpg 465w, https:\/\/www.correspondentevianopolino.com.br\/site\/wp-content\/uploads\/2023\/10\/1000793191-768x432.jpg 768w, https:\/\/www.correspondentevianopolino.com.br\/site\/wp-content\/uploads\/2023\/10\/1000793191-1536x864.jpg 1536w, https:\/\/www.correspondentevianopolino.com.br\/site\/wp-content\/uploads\/2023\/10\/1000793191-327x184.jpg 327w, https:\/\/www.correspondentevianopolino.com.br\/site\/wp-content\/uploads\/2023\/10\/1000793191-363x204.jpg 363w, https:\/\/www.correspondentevianopolino.com.br\/site\/wp-content\/uploads\/2023\/10\/1000793191-260x146.jpg 260w, https:\/\/www.correspondentevianopolino.com.br\/site\/wp-content\/uploads\/2023\/10\/1000793191.jpg 1599w\" sizes=\"(max-width: 1024px) 100vw, 1024px\" \/><\/figure>\n\n\n\n<figure class=\"wp-block-image size-large\"><img decoding=\"async\" width=\"514\" height=\"1024\" src=\"https:\/\/www.correspondentevianopolino.com.br\/site\/wp-content\/uploads\/2023\/10\/1000796298-514x1024.jpg\" alt=\"\" class=\"wp-image-91645\" srcset=\"https:\/\/www.correspondentevianopolino.com.br\/site\/wp-content\/uploads\/2023\/10\/1000796298-514x1024.jpg 514w, https:\/\/www.correspondentevianopolino.com.br\/site\/wp-content\/uploads\/2023\/10\/1000796298-151x300.jpg 151w, https:\/\/www.correspondentevianopolino.com.br\/site\/wp-content\/uploads\/2023\/10\/1000796298-465x926.jpg 465w, https:\/\/www.correspondentevianopolino.com.br\/site\/wp-content\/uploads\/2023\/10\/1000796298-156x310.jpg 156w, https:\/\/www.correspondentevianopolino.com.br\/site\/wp-content\/uploads\/2023\/10\/1000796298-107x213.jpg 107w, https:\/\/www.correspondentevianopolino.com.br\/site\/wp-content\/uploads\/2023\/10\/1000796298-102x204.jpg 102w, https:\/\/www.correspondentevianopolino.com.br\/site\/wp-content\/uploads\/2023\/10\/1000796298-95x190.jpg 95w, https:\/\/www.correspondentevianopolino.com.br\/site\/wp-content\/uploads\/2023\/10\/1000796298.jpg 686w\" sizes=\"(max-width: 514px) 100vw, 514px\" \/><\/figure>\n\n\n\n<p>NA FOTO ACIMA, <strong>MARIA CLARA DE FREITAS SILVA,<\/strong> FILHA DE LUCIANO APARECIDO DA SILVA E DANIELA DE FREITAS.<\/p>\n\n\n\n<figure class=\"wp-block-image size-large\"><img decoding=\"async\" width=\"461\" height=\"1024\" src=\"https:\/\/www.correspondentevianopolino.com.br\/site\/wp-content\/uploads\/2023\/10\/1000796314-461x1024.jpg\" alt=\"\" class=\"wp-image-91648\" srcset=\"https:\/\/www.correspondentevianopolino.com.br\/site\/wp-content\/uploads\/2023\/10\/1000796314-461x1024.jpg 461w, https:\/\/www.correspondentevianopolino.com.br\/site\/wp-content\/uploads\/2023\/10\/1000796314-135x300.jpg 135w, https:\/\/www.correspondentevianopolino.com.br\/site\/wp-content\/uploads\/2023\/10\/1000796314-465x1033.jpg 465w, https:\/\/www.correspondentevianopolino.com.br\/site\/wp-content\/uploads\/2023\/10\/1000796314-691x1536.jpg 691w, https:\/\/www.correspondentevianopolino.com.br\/site\/wp-content\/uploads\/2023\/10\/1000796314-140x310.jpg 140w, https:\/\/www.correspondentevianopolino.com.br\/site\/wp-content\/uploads\/2023\/10\/1000796314-96x213.jpg 96w, https:\/\/www.correspondentevianopolino.com.br\/site\/wp-content\/uploads\/2023\/10\/1000796314-92x204.jpg 92w, https:\/\/www.correspondentevianopolino.com.br\/site\/wp-content\/uploads\/2023\/10\/1000796314-86x190.jpg 86w, https:\/\/www.correspondentevianopolino.com.br\/site\/wp-content\/uploads\/2023\/10\/1000796314.jpg 720w\" sizes=\"(max-width: 461px) 100vw, 461px\" \/><\/figure>\n\n\n\n<p>NA FOTO ACIMA, <strong>JOS\u00c9 EMANUEL RODRIGUES,<\/strong> FILHO DE MAIARA GEOVANA RODRIGUES E EDMAR DONIZETE VIEIRA.<\/p>\n\n\n\n<figure class=\"wp-block-image size-large\"><img decoding=\"async\" width=\"461\" height=\"1024\" src=\"https:\/\/www.correspondentevianopolino.com.br\/site\/wp-content\/uploads\/2023\/10\/1000796311-461x1024.jpg\" alt=\"\" class=\"wp-image-91649\" srcset=\"https:\/\/www.correspondentevianopolino.com.br\/site\/wp-content\/uploads\/2023\/10\/1000796311-461x1024.jpg 461w, https:\/\/www.correspondentevianopolino.com.br\/site\/wp-content\/uploads\/2023\/10\/1000796311-135x300.jpg 135w, https:\/\/www.correspondentevianopolino.com.br\/site\/wp-content\/uploads\/2023\/10\/1000796311-465x1033.jpg 465w, https:\/\/www.correspondentevianopolino.com.br\/site\/wp-content\/uploads\/2023\/10\/1000796311-140x310.jpg 140w, https:\/\/www.correspondentevianopolino.com.br\/site\/wp-content\/uploads\/2023\/10\/1000796311-96x213.jpg 96w, https:\/\/www.correspondentevianopolino.com.br\/site\/wp-content\/uploads\/2023\/10\/1000796311-92x204.jpg 92w, https:\/\/www.correspondentevianopolino.com.br\/site\/wp-content\/uploads\/2023\/10\/1000796311-86x190.jpg 86w, https:\/\/www.correspondentevianopolino.com.br\/site\/wp-content\/uploads\/2023\/10\/1000796311.jpg 576w\" sizes=\"(max-width: 461px) 100vw, 461px\" \/><\/figure>\n\n\n\n<p>NA FOTO ACIMA, <strong>CATARINA VIEIRA RODRIGUES,<\/strong> FILHA DE MAIARA GEOVANA RODRIGUES E EDMAR DONIZETE VIEIRA.<\/p>\n\n\n\n<figure class=\"wp-block-image size-large\"><img decoding=\"async\" width=\"522\" height=\"1024\" src=\"https:\/\/www.correspondentevianopolino.com.br\/site\/wp-content\/uploads\/2023\/10\/1000796325-522x1024.jpg\" alt=\"\" class=\"wp-image-91651\" srcset=\"https:\/\/www.correspondentevianopolino.com.br\/site\/wp-content\/uploads\/2023\/10\/1000796325-522x1024.jpg 522w, https:\/\/www.correspondentevianopolino.com.br\/site\/wp-content\/uploads\/2023\/10\/1000796325-153x300.jpg 153w, https:\/\/www.correspondentevianopolino.com.br\/site\/wp-content\/uploads\/2023\/10\/1000796325-465x912.jpg 465w, https:\/\/www.correspondentevianopolino.com.br\/site\/wp-content\/uploads\/2023\/10\/1000796325-158x310.jpg 158w, https:\/\/www.correspondentevianopolino.com.br\/site\/wp-content\/uploads\/2023\/10\/1000796325-109x213.jpg 109w, https:\/\/www.correspondentevianopolino.com.br\/site\/wp-content\/uploads\/2023\/10\/1000796325-104x204.jpg 104w, https:\/\/www.correspondentevianopolino.com.br\/site\/wp-content\/uploads\/2023\/10\/1000796325-97x190.jpg 97w, https:\/\/www.correspondentevianopolino.com.br\/site\/wp-content\/uploads\/2023\/10\/1000796325.jpg 544w\" sizes=\"(max-width: 522px) 100vw, 522px\" \/><\/figure>\n\n\n\n<p>NA FOTO ACIMA, <strong>MARIA ALICE QUIRINO,<\/strong> FILHA DE MARCILENE QUIRINO E JONATAN PRIMO.<\/p>\n\n\n\n<figure class=\"wp-block-image size-large\"><img decoding=\"async\" width=\"480\" height=\"1024\" src=\"https:\/\/www.correspondentevianopolino.com.br\/site\/wp-content\/uploads\/2023\/10\/IZABEL-DE-OLIVEIRA-480x1024.jpg\" alt=\"\" class=\"wp-image-91354\" srcset=\"https:\/\/www.correspondentevianopolino.com.br\/site\/wp-content\/uploads\/2023\/10\/IZABEL-DE-OLIVEIRA-480x1024.jpg 480w, https:\/\/www.correspondentevianopolino.com.br\/site\/wp-content\/uploads\/2023\/10\/IZABEL-DE-OLIVEIRA-141x300.jpg 141w, https:\/\/www.correspondentevianopolino.com.br\/site\/wp-content\/uploads\/2023\/10\/IZABEL-DE-OLIVEIRA-465x992.jpg 465w, https:\/\/www.correspondentevianopolino.com.br\/site\/wp-content\/uploads\/2023\/10\/IZABEL-DE-OLIVEIRA-720x1536.jpg 720w, https:\/\/www.correspondentevianopolino.com.br\/site\/wp-content\/uploads\/2023\/10\/IZABEL-DE-OLIVEIRA-145x310.jpg 145w, https:\/\/www.correspondentevianopolino.com.br\/site\/wp-content\/uploads\/2023\/10\/IZABEL-DE-OLIVEIRA-100x213.jpg 100w, https:\/\/www.correspondentevianopolino.com.br\/site\/wp-content\/uploads\/2023\/10\/IZABEL-DE-OLIVEIRA-96x204.jpg 96w, https:\/\/www.correspondentevianopolino.com.br\/site\/wp-content\/uploads\/2023\/10\/IZABEL-DE-OLIVEIRA-89x190.jpg 89w, https:\/\/www.correspondentevianopolino.com.br\/site\/wp-content\/uploads\/2023\/10\/IZABEL-DE-OLIVEIRA.jpg 750w\" sizes=\"(max-width: 480px) 100vw, 480px\" \/><\/figure>\n\n\n\n<p>NA FOTO ACIMA, <strong>IZABEL DE OLIVEIRA<\/strong> , FILHA DE J\u00daLIO C\u00c9SAR DE OLIVEIRA PINHEIRO E LARA ALVES DE OLIVEIRA .<\/p>\n\n\n\n<figure class=\"wp-block-image size-large\"><img decoding=\"async\" width=\"731\" height=\"1024\" src=\"https:\/\/www.correspondentevianopolino.com.br\/site\/wp-content\/uploads\/2023\/10\/BEATRIZ-CARDOSO-DE-MELO-731x1024.jpg\" alt=\"\" class=\"wp-image-91355\" srcset=\"https:\/\/www.correspondentevianopolino.com.br\/site\/wp-content\/uploads\/2023\/10\/BEATRIZ-CARDOSO-DE-MELO-731x1024.jpg 731w, https:\/\/www.correspondentevianopolino.com.br\/site\/wp-content\/uploads\/2023\/10\/BEATRIZ-CARDOSO-DE-MELO-214x300.jpg 214w, https:\/\/www.correspondentevianopolino.com.br\/site\/wp-content\/uploads\/2023\/10\/BEATRIZ-CARDOSO-DE-MELO-465x651.jpg 465w, https:\/\/www.correspondentevianopolino.com.br\/site\/wp-content\/uploads\/2023\/10\/BEATRIZ-CARDOSO-DE-MELO-768x1076.jpg 768w, https:\/\/www.correspondentevianopolino.com.br\/site\/wp-content\/uploads\/2023\/10\/BEATRIZ-CARDOSO-DE-MELO-221x310.jpg 221w, https:\/\/www.correspondentevianopolino.com.br\/site\/wp-content\/uploads\/2023\/10\/BEATRIZ-CARDOSO-DE-MELO-152x213.jpg 152w, https:\/\/www.correspondentevianopolino.com.br\/site\/wp-content\/uploads\/2023\/10\/BEATRIZ-CARDOSO-DE-MELO-146x204.jpg 146w, https:\/\/www.correspondentevianopolino.com.br\/site\/wp-content\/uploads\/2023\/10\/BEATRIZ-CARDOSO-DE-MELO-136x190.jpg 136w, https:\/\/www.correspondentevianopolino.com.br\/site\/wp-content\/uploads\/2023\/10\/BEATRIZ-CARDOSO-DE-MELO.jpg 914w\" sizes=\"(max-width: 731px) 100vw, 731px\" \/><\/figure>\n\n\n\n<p>NA FOTO ACIMA, <strong>BEATRIZ CARDOSO DE MELO<\/strong>, FILHA DE CLAUDIOMAR DIVINO DE MELO E MARLENE DE F\u00c1TIMA CARDOSO .<\/p>\n\n\n\n<p>NA FOTO ACIMA ,<strong>EVELYN ALLAN FREITAS VALVERDE<\/strong>, FILHA DE MATHEUS EDUARDO GON\u00c7ALVES DA SILVA VALVERDE E K\u00caNIA FREITAS SILVA.<\/p>\n\n\n\n<p>NA FOTO ACIMA, <strong>VIN\u00cdCIUS GON\u00c7ALVES DA SILVA<\/strong>, FILHO DE JOSENEI BEZERRA DA SILVA E EDIENE FRANCISCA GON\u00c7ALVES .<\/p>\n\n\n\n<figure class=\"wp-block-image size-full\"><img decoding=\"async\" width=\"1024\" height=\"682\" src=\"https:\/\/www.correspondentevianopolino.com.br\/site\/wp-content\/uploads\/2023\/10\/ANA-SOPHIA-GOMES-DE-ABREU-LUISA-GOMES-CAIXETA.jpg\" alt=\"\" class=\"wp-image-91358\" srcset=\"https:\/\/www.correspondentevianopolino.com.br\/site\/wp-content\/uploads\/2023\/10\/ANA-SOPHIA-GOMES-DE-ABREU-LUISA-GOMES-CAIXETA.jpg 1024w, https:\/\/www.correspondentevianopolino.com.br\/site\/wp-content\/uploads\/2023\/10\/ANA-SOPHIA-GOMES-DE-ABREU-LUISA-GOMES-CAIXETA-300x200.jpg 300w, https:\/\/www.correspondentevianopolino.com.br\/site\/wp-content\/uploads\/2023\/10\/ANA-SOPHIA-GOMES-DE-ABREU-LUISA-GOMES-CAIXETA-465x310.jpg 465w, https:\/\/www.correspondentevianopolino.com.br\/site\/wp-content\/uploads\/2023\/10\/ANA-SOPHIA-GOMES-DE-ABREU-LUISA-GOMES-CAIXETA-768x512.jpg 768w, https:\/\/www.correspondentevianopolino.com.br\/site\/wp-content\/uploads\/2023\/10\/ANA-SOPHIA-GOMES-DE-ABREU-LUISA-GOMES-CAIXETA-320x213.jpg 320w, https:\/\/www.correspondentevianopolino.com.br\/site\/wp-content\/uploads\/2023\/10\/ANA-SOPHIA-GOMES-DE-ABREU-LUISA-GOMES-CAIXETA-306x204.jpg 306w, https:\/\/www.correspondentevianopolino.com.br\/site\/wp-content\/uploads\/2023\/10\/ANA-SOPHIA-GOMES-DE-ABREU-LUISA-GOMES-CAIXETA-260x173.jpg 260w\" sizes=\"(max-width: 1024px) 100vw, 1024px\" \/><\/figure>\n\n\n\n<p>NA FOTO ACIMA, <strong>ANA SOPHIA GOMES DE ABREU<\/strong>, FILHA DE DINAIR FELIPE DE ABREU E LU\u00cdSA GOMES CAIXETA .<\/p>\n\n\n\n<p><\/p>\n\n\n\n<figure class=\"wp-block-image size-large\"><img decoding=\"async\" width=\"819\" height=\"1024\" src=\"https:\/\/www.correspondentevianopolino.com.br\/site\/wp-content\/uploads\/2023\/10\/1000794734-819x1024.png\" alt=\"\" class=\"wp-image-91370\" srcset=\"https:\/\/www.correspondentevianopolino.com.br\/site\/wp-content\/uploads\/2023\/10\/1000794734-819x1024.png 819w, https:\/\/www.correspondentevianopolino.com.br\/site\/wp-content\/uploads\/2023\/10\/1000794734-240x300.png 240w, https:\/\/www.correspondentevianopolino.com.br\/site\/wp-content\/uploads\/2023\/10\/1000794734-465x581.png 465w, https:\/\/www.correspondentevianopolino.com.br\/site\/wp-content\/uploads\/2023\/10\/1000794734-768x960.png 768w, https:\/\/www.correspondentevianopolino.com.br\/site\/wp-content\/uploads\/2023\/10\/1000794734-248x310.png 248w, https:\/\/www.correspondentevianopolino.com.br\/site\/wp-content\/uploads\/2023\/10\/1000794734-170x213.png 170w, https:\/\/www.correspondentevianopolino.com.br\/site\/wp-content\/uploads\/2023\/10\/1000794734-163x204.png 163w, https:\/\/www.correspondentevianopolino.com.br\/site\/wp-content\/uploads\/2023\/10\/1000794734-152x190.png 152w, https:\/\/www.correspondentevianopolino.com.br\/site\/wp-content\/uploads\/2023\/10\/1000794734.png 1024w\" sizes=\"(max-width: 819px) 100vw, 819px\" \/><\/figure>\n\n\n\n<figure class=\"wp-block-image size-large\"><img decoding=\"async\" width=\"767\" height=\"1024\" src=\"https:\/\/www.correspondentevianopolino.com.br\/site\/wp-content\/uploads\/2023\/10\/1000796339-767x1024.jpg\" alt=\"\" class=\"wp-image-91652\" srcset=\"https:\/\/www.correspondentevianopolino.com.br\/site\/wp-content\/uploads\/2023\/10\/1000796339-767x1024.jpg 767w, https:\/\/www.correspondentevianopolino.com.br\/site\/wp-content\/uploads\/2023\/10\/1000796339-225x300.jpg 225w, https:\/\/www.correspondentevianopolino.com.br\/site\/wp-content\/uploads\/2023\/10\/1000796339-465x621.jpg 465w, https:\/\/www.correspondentevianopolino.com.br\/site\/wp-content\/uploads\/2023\/10\/1000796339-768x1025.jpg 768w, https:\/\/www.correspondentevianopolino.com.br\/site\/wp-content\/uploads\/2023\/10\/1000796339-232x310.jpg 232w, https:\/\/www.correspondentevianopolino.com.br\/site\/wp-content\/uploads\/2023\/10\/1000796339-160x213.jpg 160w, https:\/\/www.correspondentevianopolino.com.br\/site\/wp-content\/uploads\/2023\/10\/1000796339-153x204.jpg 153w, https:\/\/www.correspondentevianopolino.com.br\/site\/wp-content\/uploads\/2023\/10\/1000796339-142x190.jpg 142w, https:\/\/www.correspondentevianopolino.com.br\/site\/wp-content\/uploads\/2023\/10\/1000796339.jpg 959w\" sizes=\"(max-width: 767px) 100vw, 767px\" \/><\/figure>\n\n\n\n<p>NA FOTO ACIMA, <strong>ANA J\u00daLIA CAIXETA DA SILVA<\/strong>, FILHA DE MARIA LAURA CAIXETA BARBOSA E ANT\u00d4NIO RICARDO GON\u00c7ALVES.<\/p>\n\n\n\n<figure class=\"wp-block-image size-large\"><img decoding=\"async\" width=\"768\" height=\"1024\" src=\"https:\/\/www.correspondentevianopolino.com.br\/site\/wp-content\/uploads\/2023\/10\/1000796342-768x1024.jpg\" alt=\"\" class=\"wp-image-91653\" srcset=\"https:\/\/www.correspondentevianopolino.com.br\/site\/wp-content\/uploads\/2023\/10\/1000796342-768x1024.jpg 768w, https:\/\/www.correspondentevianopolino.com.br\/site\/wp-content\/uploads\/2023\/10\/1000796342-225x300.jpg 225w, https:\/\/www.correspondentevianopolino.com.br\/site\/wp-content\/uploads\/2023\/10\/1000796342-465x620.jpg 465w, https:\/\/www.correspondentevianopolino.com.br\/site\/wp-content\/uploads\/2023\/10\/1000796342-233x310.jpg 233w, https:\/\/www.correspondentevianopolino.com.br\/site\/wp-content\/uploads\/2023\/10\/1000796342-160x213.jpg 160w, https:\/\/www.correspondentevianopolino.com.br\/site\/wp-content\/uploads\/2023\/10\/1000796342-153x204.jpg 153w, https:\/\/www.correspondentevianopolino.com.br\/site\/wp-content\/uploads\/2023\/10\/1000796342-143x190.jpg 143w, https:\/\/www.correspondentevianopolino.com.br\/site\/wp-content\/uploads\/2023\/10\/1000796342.jpg 774w\" sizes=\"(max-width: 768px) 100vw, 768px\" \/><\/figure>\n\n\n\n<p>NA FOTO ACIMA, <strong>JOS\u00c9 RICARDO CAIXETA GON\u00c7ALVES<\/strong>, FILHO DE MARIA LAURA CAIXETA BARBOSA E ANT\u00d4NIO RICARDO GON\u00c7ALVES.<\/p>\n\n\n\n<figure class=\"wp-block-image size-full\"><img decoding=\"async\" width=\"720\" height=\"720\" src=\"https:\/\/www.correspondentevianopolino.com.br\/site\/wp-content\/uploads\/2023\/10\/ARTHUR-MIGUEL-PINHEIRO-DOS-SANTOS-FILHO-DE-FABRICIA-MATOS-JARDIM-E-ANDERSON-PINHEIRO-DOS-SANTOS-1.jpg\" alt=\"\" class=\"wp-image-91359\" srcset=\"https:\/\/www.correspondentevianopolino.com.br\/site\/wp-content\/uploads\/2023\/10\/ARTHUR-MIGUEL-PINHEIRO-DOS-SANTOS-FILHO-DE-FABRICIA-MATOS-JARDIM-E-ANDERSON-PINHEIRO-DOS-SANTOS-1.jpg 720w, https:\/\/www.correspondentevianopolino.com.br\/site\/wp-content\/uploads\/2023\/10\/ARTHUR-MIGUEL-PINHEIRO-DOS-SANTOS-FILHO-DE-FABRICIA-MATOS-JARDIM-E-ANDERSON-PINHEIRO-DOS-SANTOS-1-300x300.jpg 300w, https:\/\/www.correspondentevianopolino.com.br\/site\/wp-content\/uploads\/2023\/10\/ARTHUR-MIGUEL-PINHEIRO-DOS-SANTOS-FILHO-DE-FABRICIA-MATOS-JARDIM-E-ANDERSON-PINHEIRO-DOS-SANTOS-1-465x465.jpg 465w, https:\/\/www.correspondentevianopolino.com.br\/site\/wp-content\/uploads\/2023\/10\/ARTHUR-MIGUEL-PINHEIRO-DOS-SANTOS-FILHO-DE-FABRICIA-MATOS-JARDIM-E-ANDERSON-PINHEIRO-DOS-SANTOS-1-310x310.jpg 310w, https:\/\/www.correspondentevianopolino.com.br\/site\/wp-content\/uploads\/2023\/10\/ARTHUR-MIGUEL-PINHEIRO-DOS-SANTOS-FILHO-DE-FABRICIA-MATOS-JARDIM-E-ANDERSON-PINHEIRO-DOS-SANTOS-1-213x213.jpg 213w, https:\/\/www.correspondentevianopolino.com.br\/site\/wp-content\/uploads\/2023\/10\/ARTHUR-MIGUEL-PINHEIRO-DOS-SANTOS-FILHO-DE-FABRICIA-MATOS-JARDIM-E-ANDERSON-PINHEIRO-DOS-SANTOS-1-204x204.jpg 204w, https:\/\/www.correspondentevianopolino.com.br\/site\/wp-content\/uploads\/2023\/10\/ARTHUR-MIGUEL-PINHEIRO-DOS-SANTOS-FILHO-DE-FABRICIA-MATOS-JARDIM-E-ANDERSON-PINHEIRO-DOS-SANTOS-1-190x190.jpg 190w\" sizes=\"(max-width: 720px) 100vw, 720px\" \/><\/figure>\n\n\n\n<p>NA FOTO ACIMA,<strong>ARTHUR MIGUEL PINHEIRO DOS SANTOS<\/strong>, FILHO DE ANDERSON PINHEIRO DOS SANTOS E FABRICIA MATOS JARDIM .<\/p>\n\n\n\n<figure class=\"wp-block-image size-large\"><img decoding=\"async\" width=\"713\" height=\"1024\" src=\"https:\/\/www.correspondentevianopolino.com.br\/site\/wp-content\/uploads\/2023\/10\/LAVINYA-PINHEIRO-MATOS-FILHA-DE-FABRICIA-MATOS-JARDIM-E-ANDERSON-PINHEIRO-DOS-SANTOS-713x1024.jpg\" alt=\"\" class=\"wp-image-91360\" srcset=\"https:\/\/www.correspondentevianopolino.com.br\/site\/wp-content\/uploads\/2023\/10\/LAVINYA-PINHEIRO-MATOS-FILHA-DE-FABRICIA-MATOS-JARDIM-E-ANDERSON-PINHEIRO-DOS-SANTOS-713x1024.jpg 713w, https:\/\/www.correspondentevianopolino.com.br\/site\/wp-content\/uploads\/2023\/10\/LAVINYA-PINHEIRO-MATOS-FILHA-DE-FABRICIA-MATOS-JARDIM-E-ANDERSON-PINHEIRO-DOS-SANTOS-209x300.jpg 209w, https:\/\/www.correspondentevianopolino.com.br\/site\/wp-content\/uploads\/2023\/10\/LAVINYA-PINHEIRO-MATOS-FILHA-DE-FABRICIA-MATOS-JARDIM-E-ANDERSON-PINHEIRO-DOS-SANTOS-465x668.jpg 465w, https:\/\/www.correspondentevianopolino.com.br\/site\/wp-content\/uploads\/2023\/10\/LAVINYA-PINHEIRO-MATOS-FILHA-DE-FABRICIA-MATOS-JARDIM-E-ANDERSON-PINHEIRO-DOS-SANTOS-216x310.jpg 216w, https:\/\/www.correspondentevianopolino.com.br\/site\/wp-content\/uploads\/2023\/10\/LAVINYA-PINHEIRO-MATOS-FILHA-DE-FABRICIA-MATOS-JARDIM-E-ANDERSON-PINHEIRO-DOS-SANTOS-148x213.jpg 148w, https:\/\/www.correspondentevianopolino.com.br\/site\/wp-content\/uploads\/2023\/10\/LAVINYA-PINHEIRO-MATOS-FILHA-DE-FABRICIA-MATOS-JARDIM-E-ANDERSON-PINHEIRO-DOS-SANTOS-142x204.jpg 142w, https:\/\/www.correspondentevianopolino.com.br\/site\/wp-content\/uploads\/2023\/10\/LAVINYA-PINHEIRO-MATOS-FILHA-DE-FABRICIA-MATOS-JARDIM-E-ANDERSON-PINHEIRO-DOS-SANTOS-132x190.jpg 132w, https:\/\/www.correspondentevianopolino.com.br\/site\/wp-content\/uploads\/2023\/10\/LAVINYA-PINHEIRO-MATOS-FILHA-DE-FABRICIA-MATOS-JARDIM-E-ANDERSON-PINHEIRO-DOS-SANTOS.jpg 750w\" sizes=\"(max-width: 713px) 100vw, 713px\" \/><\/figure>\n\n\n\n<p>NA FOTO ACIMA, <strong>LAVINIYA PINHEIRO MATOS<\/strong> , FILHA DE ANDERSON PINHEIRO DOS SANTOS E FABRICIA MATOS JARDIM .<\/p>\n\n\n\n<figure class=\"wp-block-image size-large\"><img decoding=\"async\" width=\"664\" height=\"1024\" src=\"https:\/\/www.correspondentevianopolino.com.br\/site\/wp-content\/uploads\/2023\/10\/LUIS-HENRIQUE-DE-OLIVEIRA-SILVA-FILHO-DE-CLAILSOM-BARBOSA-DA-SILVA-E-ALINE-CRISTINA-DE-PAULA-OLIVEIRA.-1-664x1024.jpg\" alt=\"\" class=\"wp-image-91361\" srcset=\"https:\/\/www.correspondentevianopolino.com.br\/site\/wp-content\/uploads\/2023\/10\/LUIS-HENRIQUE-DE-OLIVEIRA-SILVA-FILHO-DE-CLAILSOM-BARBOSA-DA-SILVA-E-ALINE-CRISTINA-DE-PAULA-OLIVEIRA.-1-664x1024.jpg 664w, https:\/\/www.correspondentevianopolino.com.br\/site\/wp-content\/uploads\/2023\/10\/LUIS-HENRIQUE-DE-OLIVEIRA-SILVA-FILHO-DE-CLAILSOM-BARBOSA-DA-SILVA-E-ALINE-CRISTINA-DE-PAULA-OLIVEIRA.-1-195x300.jpg 195w, https:\/\/www.correspondentevianopolino.com.br\/site\/wp-content\/uploads\/2023\/10\/LUIS-HENRIQUE-DE-OLIVEIRA-SILVA-FILHO-DE-CLAILSOM-BARBOSA-DA-SILVA-E-ALINE-CRISTINA-DE-PAULA-OLIVEIRA.-1-465x717.jpg 465w, https:\/\/www.correspondentevianopolino.com.br\/site\/wp-content\/uploads\/2023\/10\/LUIS-HENRIQUE-DE-OLIVEIRA-SILVA-FILHO-DE-CLAILSOM-BARBOSA-DA-SILVA-E-ALINE-CRISTINA-DE-PAULA-OLIVEIRA.-1-768x1184.jpg 768w, https:\/\/www.correspondentevianopolino.com.br\/site\/wp-content\/uploads\/2023\/10\/LUIS-HENRIQUE-DE-OLIVEIRA-SILVA-FILHO-DE-CLAILSOM-BARBOSA-DA-SILVA-E-ALINE-CRISTINA-DE-PAULA-OLIVEIRA.-1-996x1536.jpg 996w, https:\/\/www.correspondentevianopolino.com.br\/site\/wp-content\/uploads\/2023\/10\/LUIS-HENRIQUE-DE-OLIVEIRA-SILVA-FILHO-DE-CLAILSOM-BARBOSA-DA-SILVA-E-ALINE-CRISTINA-DE-PAULA-OLIVEIRA.-1-201x310.jpg 201w, https:\/\/www.correspondentevianopolino.com.br\/site\/wp-content\/uploads\/2023\/10\/LUIS-HENRIQUE-DE-OLIVEIRA-SILVA-FILHO-DE-CLAILSOM-BARBOSA-DA-SILVA-E-ALINE-CRISTINA-DE-PAULA-OLIVEIRA.-1-138x213.jpg 138w, https:\/\/www.correspondentevianopolino.com.br\/site\/wp-content\/uploads\/2023\/10\/LUIS-HENRIQUE-DE-OLIVEIRA-SILVA-FILHO-DE-CLAILSOM-BARBOSA-DA-SILVA-E-ALINE-CRISTINA-DE-PAULA-OLIVEIRA.-1-132x204.jpg 132w, https:\/\/www.correspondentevianopolino.com.br\/site\/wp-content\/uploads\/2023\/10\/LUIS-HENRIQUE-DE-OLIVEIRA-SILVA-FILHO-DE-CLAILSOM-BARBOSA-DA-SILVA-E-ALINE-CRISTINA-DE-PAULA-OLIVEIRA.-1-123x190.jpg 123w, https:\/\/www.correspondentevianopolino.com.br\/site\/wp-content\/uploads\/2023\/10\/LUIS-HENRIQUE-DE-OLIVEIRA-SILVA-FILHO-DE-CLAILSOM-BARBOSA-DA-SILVA-E-ALINE-CRISTINA-DE-PAULA-OLIVEIRA.-1.jpg 1038w\" sizes=\"(max-width: 664px) 100vw, 664px\" \/><\/figure>\n\n\n\n<p>NA FOTO ACIMA, <strong>LUIS HENRIQUE DE OLIVEIRA SILVA<\/strong> , FILHO DE CLAILSOM BARBOSA DA SILVA E ALINE CRISTINA DE PAULA OLIVEIRA .<\/p>\n\n\n\n<figure class=\"wp-block-image size-large\"><img decoding=\"async\" width=\"629\" height=\"1024\" src=\"https:\/\/www.correspondentevianopolino.com.br\/site\/wp-content\/uploads\/2023\/10\/JOAO-GABRIEL-FARIAS-ANDRADE-MAICON-MESQUITA-ANDRADE-629x1024.jpg\" alt=\"\" class=\"wp-image-91362\" srcset=\"https:\/\/www.correspondentevianopolino.com.br\/site\/wp-content\/uploads\/2023\/10\/JOAO-GABRIEL-FARIAS-ANDRADE-MAICON-MESQUITA-ANDRADE-629x1024.jpg 629w, https:\/\/www.correspondentevianopolino.com.br\/site\/wp-content\/uploads\/2023\/10\/JOAO-GABRIEL-FARIAS-ANDRADE-MAICON-MESQUITA-ANDRADE-184x300.jpg 184w, https:\/\/www.correspondentevianopolino.com.br\/site\/wp-content\/uploads\/2023\/10\/JOAO-GABRIEL-FARIAS-ANDRADE-MAICON-MESQUITA-ANDRADE-465x757.jpg 465w, https:\/\/www.correspondentevianopolino.com.br\/site\/wp-content\/uploads\/2023\/10\/JOAO-GABRIEL-FARIAS-ANDRADE-MAICON-MESQUITA-ANDRADE-768x1250.jpg 768w, https:\/\/www.correspondentevianopolino.com.br\/site\/wp-content\/uploads\/2023\/10\/JOAO-GABRIEL-FARIAS-ANDRADE-MAICON-MESQUITA-ANDRADE-944x1536.jpg 944w, https:\/\/www.correspondentevianopolino.com.br\/site\/wp-content\/uploads\/2023\/10\/JOAO-GABRIEL-FARIAS-ANDRADE-MAICON-MESQUITA-ANDRADE-190x310.jpg 190w, https:\/\/www.correspondentevianopolino.com.br\/site\/wp-content\/uploads\/2023\/10\/JOAO-GABRIEL-FARIAS-ANDRADE-MAICON-MESQUITA-ANDRADE-131x213.jpg 131w, https:\/\/www.correspondentevianopolino.com.br\/site\/wp-content\/uploads\/2023\/10\/JOAO-GABRIEL-FARIAS-ANDRADE-MAICON-MESQUITA-ANDRADE-125x204.jpg 125w, https:\/\/www.correspondentevianopolino.com.br\/site\/wp-content\/uploads\/2023\/10\/JOAO-GABRIEL-FARIAS-ANDRADE-MAICON-MESQUITA-ANDRADE-117x190.jpg 117w, https:\/\/www.correspondentevianopolino.com.br\/site\/wp-content\/uploads\/2023\/10\/JOAO-GABRIEL-FARIAS-ANDRADE-MAICON-MESQUITA-ANDRADE.jpg 983w\" sizes=\"(max-width: 629px) 100vw, 629px\" \/><\/figure>\n\n\n\n<p>NA FOTO ACIMA , <strong>JO\u00c3O GABRIEL FARIAS ANDRADE<\/strong>, FILHO DE MAICON MESQUITA ANDRADE E VALERIANA SANTOS FARIAS .<\/p>\n\n\n\n<figure class=\"wp-block-image size-large\"><img decoding=\"async\" width=\"576\" height=\"1024\" src=\"https:\/\/www.correspondentevianopolino.com.br\/site\/wp-content\/uploads\/2023\/10\/OTAVIO-NETO-VERISSIMO-DE-CASTRO-E-HEITOR-DE-CASTRO-CAZUZA--576x1024.jpg\" alt=\"\" class=\"wp-image-91363\" srcset=\"https:\/\/www.correspondentevianopolino.com.br\/site\/wp-content\/uploads\/2023\/10\/OTAVIO-NETO-VERISSIMO-DE-CASTRO-E-HEITOR-DE-CASTRO-CAZUZA--576x1024.jpg 576w, https:\/\/www.correspondentevianopolino.com.br\/site\/wp-content\/uploads\/2023\/10\/OTAVIO-NETO-VERISSIMO-DE-CASTRO-E-HEITOR-DE-CASTRO-CAZUZA--169x300.jpg 169w, https:\/\/www.correspondentevianopolino.com.br\/site\/wp-content\/uploads\/2023\/10\/OTAVIO-NETO-VERISSIMO-DE-CASTRO-E-HEITOR-DE-CASTRO-CAZUZA--465x827.jpg 465w, https:\/\/www.correspondentevianopolino.com.br\/site\/wp-content\/uploads\/2023\/10\/OTAVIO-NETO-VERISSIMO-DE-CASTRO-E-HEITOR-DE-CASTRO-CAZUZA--174x310.jpg 174w, https:\/\/www.correspondentevianopolino.com.br\/site\/wp-content\/uploads\/2023\/10\/OTAVIO-NETO-VERISSIMO-DE-CASTRO-E-HEITOR-DE-CASTRO-CAZUZA--120x213.jpg 120w, https:\/\/www.correspondentevianopolino.com.br\/site\/wp-content\/uploads\/2023\/10\/OTAVIO-NETO-VERISSIMO-DE-CASTRO-E-HEITOR-DE-CASTRO-CAZUZA--115x204.jpg 115w, https:\/\/www.correspondentevianopolino.com.br\/site\/wp-content\/uploads\/2023\/10\/OTAVIO-NETO-VERISSIMO-DE-CASTRO-E-HEITOR-DE-CASTRO-CAZUZA--107x190.jpg 107w, https:\/\/www.correspondentevianopolino.com.br\/site\/wp-content\/uploads\/2023\/10\/OTAVIO-NETO-VERISSIMO-DE-CASTRO-E-HEITOR-DE-CASTRO-CAZUZA-.jpg 720w\" sizes=\"(max-width: 576px) 100vw, 576px\" \/><\/figure>\n\n\n\n<p>NA FOTO ACIMA, <strong>OT\u00c1VIO NETO VER\u00cdSSIMO DE CASTRO<\/strong> E <strong>HEITOR DE CASTRO CAZUZA<\/strong>, FILHOS DE RORICLEI LUCAS PUTZ CAZUZA E THAYN\u00c1 CRISTINA DE CASTRO .<\/p>\n\n\n\n<figure class=\"wp-block-image size-full\"><img decoding=\"async\" width=\"849\" height=\"1024\" src=\"https:\/\/www.correspondentevianopolino.com.br\/site\/wp-content\/uploads\/2023\/10\/1000794181.jpg\" alt=\"\" class=\"wp-image-91325\" srcset=\"https:\/\/www.correspondentevianopolino.com.br\/site\/wp-content\/uploads\/2023\/10\/1000794181.jpg 849w, https:\/\/www.correspondentevianopolino.com.br\/site\/wp-content\/uploads\/2023\/10\/1000794181-249x300.jpg 249w, https:\/\/www.correspondentevianopolino.com.br\/site\/wp-content\/uploads\/2023\/10\/1000794181-465x561.jpg 465w, https:\/\/www.correspondentevianopolino.com.br\/site\/wp-content\/uploads\/2023\/10\/1000794181-768x926.jpg 768w, https:\/\/www.correspondentevianopolino.com.br\/site\/wp-content\/uploads\/2023\/10\/1000794181-257x310.jpg 257w, https:\/\/www.correspondentevianopolino.com.br\/site\/wp-content\/uploads\/2023\/10\/1000794181-177x213.jpg 177w, https:\/\/www.correspondentevianopolino.com.br\/site\/wp-content\/uploads\/2023\/10\/1000794181-169x204.jpg 169w, https:\/\/www.correspondentevianopolino.com.br\/site\/wp-content\/uploads\/2023\/10\/1000794181-158x190.jpg 158w\" sizes=\"(max-width: 849px) 100vw, 849px\" \/><\/figure>\n\n\n\n<figure class=\"wp-block-image size-large\"><img decoding=\"async\" width=\"576\" height=\"1024\" src=\"https:\/\/www.correspondentevianopolino.com.br\/site\/wp-content\/uploads\/2023\/10\/MARIA-LUIZA-DE-CASTRO-SOUZA-E-GAEL-DE-CASTRO-SOUZA-THAIS-DE-CASRO-576x1024.jpg\" alt=\"\" class=\"wp-image-91364\" srcset=\"https:\/\/www.correspondentevianopolino.com.br\/site\/wp-content\/uploads\/2023\/10\/MARIA-LUIZA-DE-CASTRO-SOUZA-E-GAEL-DE-CASTRO-SOUZA-THAIS-DE-CASRO-576x1024.jpg 576w, https:\/\/www.correspondentevianopolino.com.br\/site\/wp-content\/uploads\/2023\/10\/MARIA-LUIZA-DE-CASTRO-SOUZA-E-GAEL-DE-CASTRO-SOUZA-THAIS-DE-CASRO-169x300.jpg 169w, https:\/\/www.correspondentevianopolino.com.br\/site\/wp-content\/uploads\/2023\/10\/MARIA-LUIZA-DE-CASTRO-SOUZA-E-GAEL-DE-CASTRO-SOUZA-THAIS-DE-CASRO-465x827.jpg 465w, https:\/\/www.correspondentevianopolino.com.br\/site\/wp-content\/uploads\/2023\/10\/MARIA-LUIZA-DE-CASTRO-SOUZA-E-GAEL-DE-CASTRO-SOUZA-THAIS-DE-CASRO-768x1366.jpg 768w, https:\/\/www.correspondentevianopolino.com.br\/site\/wp-content\/uploads\/2023\/10\/MARIA-LUIZA-DE-CASTRO-SOUZA-E-GAEL-DE-CASTRO-SOUZA-THAIS-DE-CASRO-864x1536.jpg 864w, https:\/\/www.correspondentevianopolino.com.br\/site\/wp-content\/uploads\/2023\/10\/MARIA-LUIZA-DE-CASTRO-SOUZA-E-GAEL-DE-CASTRO-SOUZA-THAIS-DE-CASRO-174x310.jpg 174w, https:\/\/www.correspondentevianopolino.com.br\/site\/wp-content\/uploads\/2023\/10\/MARIA-LUIZA-DE-CASTRO-SOUZA-E-GAEL-DE-CASTRO-SOUZA-THAIS-DE-CASRO-120x213.jpg 120w, https:\/\/www.correspondentevianopolino.com.br\/site\/wp-content\/uploads\/2023\/10\/MARIA-LUIZA-DE-CASTRO-SOUZA-E-GAEL-DE-CASTRO-SOUZA-THAIS-DE-CASRO-115x204.jpg 115w, https:\/\/www.correspondentevianopolino.com.br\/site\/wp-content\/uploads\/2023\/10\/MARIA-LUIZA-DE-CASTRO-SOUZA-E-GAEL-DE-CASTRO-SOUZA-THAIS-DE-CASRO-107x190.jpg 107w, https:\/\/www.correspondentevianopolino.com.br\/site\/wp-content\/uploads\/2023\/10\/MARIA-LUIZA-DE-CASTRO-SOUZA-E-GAEL-DE-CASTRO-SOUZA-THAIS-DE-CASRO.jpg 899w\" sizes=\"(max-width: 576px) 100vw, 576px\" \/><\/figure>\n\n\n\n<p>NA FOTO ACIMA ,<strong>MARIA LUIZA DE CASTRO SOUZA<\/strong>  E <strong>GAEL DE CASTRO SOUZA<\/strong>, FILHOS DE RAINE JUNIOR RODRIGUES DE SOUZA E THAIS DE CASTRO .<\/p>\n\n\n\n<figure class=\"wp-block-image size-large\"><img decoding=\"async\" width=\"576\" height=\"1024\" src=\"https:\/\/www.correspondentevianopolino.com.br\/site\/wp-content\/uploads\/2023\/10\/JOAO-ARTHUR-GONCALVES-CAIANA-FILHO-DE-MARCIANA-LEITE-PAIXAO-E-JOAO-BOSCO-GONCALVES-2-576x1024.jpg\" alt=\"\" class=\"wp-image-91376\" srcset=\"https:\/\/www.correspondentevianopolino.com.br\/site\/wp-content\/uploads\/2023\/10\/JOAO-ARTHUR-GONCALVES-CAIANA-FILHO-DE-MARCIANA-LEITE-PAIXAO-E-JOAO-BOSCO-GONCALVES-2-576x1024.jpg 576w, https:\/\/www.correspondentevianopolino.com.br\/site\/wp-content\/uploads\/2023\/10\/JOAO-ARTHUR-GONCALVES-CAIANA-FILHO-DE-MARCIANA-LEITE-PAIXAO-E-JOAO-BOSCO-GONCALVES-2-169x300.jpg 169w, https:\/\/www.correspondentevianopolino.com.br\/site\/wp-content\/uploads\/2023\/10\/JOAO-ARTHUR-GONCALVES-CAIANA-FILHO-DE-MARCIANA-LEITE-PAIXAO-E-JOAO-BOSCO-GONCALVES-2-465x827.jpg 465w, https:\/\/www.correspondentevianopolino.com.br\/site\/wp-content\/uploads\/2023\/10\/JOAO-ARTHUR-GONCALVES-CAIANA-FILHO-DE-MARCIANA-LEITE-PAIXAO-E-JOAO-BOSCO-GONCALVES-2-768x1366.jpg 768w, https:\/\/www.correspondentevianopolino.com.br\/site\/wp-content\/uploads\/2023\/10\/JOAO-ARTHUR-GONCALVES-CAIANA-FILHO-DE-MARCIANA-LEITE-PAIXAO-E-JOAO-BOSCO-GONCALVES-2-864x1536.jpg 864w, https:\/\/www.correspondentevianopolino.com.br\/site\/wp-content\/uploads\/2023\/10\/JOAO-ARTHUR-GONCALVES-CAIANA-FILHO-DE-MARCIANA-LEITE-PAIXAO-E-JOAO-BOSCO-GONCALVES-2-174x310.jpg 174w, https:\/\/www.correspondentevianopolino.com.br\/site\/wp-content\/uploads\/2023\/10\/JOAO-ARTHUR-GONCALVES-CAIANA-FILHO-DE-MARCIANA-LEITE-PAIXAO-E-JOAO-BOSCO-GONCALVES-2-120x213.jpg 120w, https:\/\/www.correspondentevianopolino.com.br\/site\/wp-content\/uploads\/2023\/10\/JOAO-ARTHUR-GONCALVES-CAIANA-FILHO-DE-MARCIANA-LEITE-PAIXAO-E-JOAO-BOSCO-GONCALVES-2-115x204.jpg 115w, https:\/\/www.correspondentevianopolino.com.br\/site\/wp-content\/uploads\/2023\/10\/JOAO-ARTHUR-GONCALVES-CAIANA-FILHO-DE-MARCIANA-LEITE-PAIXAO-E-JOAO-BOSCO-GONCALVES-2-107x190.jpg 107w, https:\/\/www.correspondentevianopolino.com.br\/site\/wp-content\/uploads\/2023\/10\/JOAO-ARTHUR-GONCALVES-CAIANA-FILHO-DE-MARCIANA-LEITE-PAIXAO-E-JOAO-BOSCO-GONCALVES-2.jpg 899w\" sizes=\"(max-width: 576px) 100vw, 576px\" \/><\/figure>\n\n\n\n<p>NA FOTO ACIMA, <strong>JO\u00c3O ARTHUR GON\u00c7ALVES CAIANA<\/strong> ,FILHO DE MARCIANA LEITE PAIX\u00c3O E JO\u00c3O BOSCO GON\u00c7ALVES.<\/p>\n\n\n\n<figure class=\"wp-block-image size-large\"><img decoding=\"async\" width=\"576\" height=\"1024\" src=\"https:\/\/www.correspondentevianopolino.com.br\/site\/wp-content\/uploads\/2023\/10\/1000795561-576x1024.jpg\" alt=\"\" class=\"wp-image-91394\" srcset=\"https:\/\/www.correspondentevianopolino.com.br\/site\/wp-content\/uploads\/2023\/10\/1000795561-576x1024.jpg 576w, https:\/\/www.correspondentevianopolino.com.br\/site\/wp-content\/uploads\/2023\/10\/1000795561-169x300.jpg 169w, https:\/\/www.correspondentevianopolino.com.br\/site\/wp-content\/uploads\/2023\/10\/1000795561-465x827.jpg 465w, https:\/\/www.correspondentevianopolino.com.br\/site\/wp-content\/uploads\/2023\/10\/1000795561-174x310.jpg 174w, https:\/\/www.correspondentevianopolino.com.br\/site\/wp-content\/uploads\/2023\/10\/1000795561-120x213.jpg 120w, https:\/\/www.correspondentevianopolino.com.br\/site\/wp-content\/uploads\/2023\/10\/1000795561-115x204.jpg 115w, https:\/\/www.correspondentevianopolino.com.br\/site\/wp-content\/uploads\/2023\/10\/1000795561-107x190.jpg 107w, https:\/\/www.correspondentevianopolino.com.br\/site\/wp-content\/uploads\/2023\/10\/1000795561.jpg 720w\" sizes=\"(max-width: 576px) 100vw, 576px\" \/><\/figure>\n\n\n\n<p>NA FOTO ACIMA,<strong> BERNARDO CAIXETA LE\u00c3O<\/strong>, FILHO DE DIEGO FERREIRA LE\u00c3O E SUEIDY ANT\u00d4NIA CAIXETA DE SOUZA.<\/p>\n\n\n\n<figure class=\"wp-block-image size-large\"><img decoding=\"async\" width=\"768\" height=\"1024\" src=\"https:\/\/www.correspondentevianopolino.com.br\/site\/wp-content\/uploads\/2023\/10\/1000795556-768x1024.jpg\" alt=\"\" class=\"wp-image-91395\" srcset=\"https:\/\/www.correspondentevianopolino.com.br\/site\/wp-content\/uploads\/2023\/10\/1000795556-768x1024.jpg 768w, https:\/\/www.correspondentevianopolino.com.br\/site\/wp-content\/uploads\/2023\/10\/1000795556-225x300.jpg 225w, https:\/\/www.correspondentevianopolino.com.br\/site\/wp-content\/uploads\/2023\/10\/1000795556-465x620.jpg 465w, https:\/\/www.correspondentevianopolino.com.br\/site\/wp-content\/uploads\/2023\/10\/1000795556-233x310.jpg 233w, https:\/\/www.correspondentevianopolino.com.br\/site\/wp-content\/uploads\/2023\/10\/1000795556-160x213.jpg 160w, https:\/\/www.correspondentevianopolino.com.br\/site\/wp-content\/uploads\/2023\/10\/1000795556-153x204.jpg 153w, https:\/\/www.correspondentevianopolino.com.br\/site\/wp-content\/uploads\/2023\/10\/1000795556-143x190.jpg 143w, https:\/\/www.correspondentevianopolino.com.br\/site\/wp-content\/uploads\/2023\/10\/1000795556.jpg 1125w\" sizes=\"(max-width: 768px) 100vw, 768px\" \/><\/figure>\n\n\n\n<p>NA FOTO ACIMA, <strong>HELENA ISIS GOMES DA SILVA<\/strong>, FILHA DE DANIELLE GOMES COTRIM E VITOR PEREIRA DA SILVA.<\/p>\n\n\n\n<figure class=\"wp-block-image size-large\"><img decoding=\"async\" width=\"685\" height=\"1024\" src=\"https:\/\/www.correspondentevianopolino.com.br\/site\/wp-content\/uploads\/2023\/10\/1000795553-685x1024.jpg\" alt=\"\" class=\"wp-image-91397\" srcset=\"https:\/\/www.correspondentevianopolino.com.br\/site\/wp-content\/uploads\/2023\/10\/1000795553-685x1024.jpg 685w, https:\/\/www.correspondentevianopolino.com.br\/site\/wp-content\/uploads\/2023\/10\/1000795553-201x300.jpg 201w, https:\/\/www.correspondentevianopolino.com.br\/site\/wp-content\/uploads\/2023\/10\/1000795553-465x695.jpg 465w, https:\/\/www.correspondentevianopolino.com.br\/site\/wp-content\/uploads\/2023\/10\/1000795553-207x310.jpg 207w, https:\/\/www.correspondentevianopolino.com.br\/site\/wp-content\/uploads\/2023\/10\/1000795553-143x213.jpg 143w, https:\/\/www.correspondentevianopolino.com.br\/site\/wp-content\/uploads\/2023\/10\/1000795553-137x204.jpg 137w, https:\/\/www.correspondentevianopolino.com.br\/site\/wp-content\/uploads\/2023\/10\/1000795553-127x190.jpg 127w, https:\/\/www.correspondentevianopolino.com.br\/site\/wp-content\/uploads\/2023\/10\/1000795553.jpg 720w\" sizes=\"(max-width: 685px) 100vw, 685px\" \/><\/figure>\n\n\n\n<p>NA FOTO ACIMA, <strong>WEVERTON DA SILVA SERAFIM<\/strong>, FILHO DE HILMA SERAFIM DE MACEDO E WELLIGTON DA SILVA FERNANDES.<\/p>\n\n\n\n<figure class=\"wp-block-image size-large\"><img decoding=\"async\" width=\"898\" height=\"1024\" src=\"https:\/\/www.correspondentevianopolino.com.br\/site\/wp-content\/uploads\/2023\/10\/1000794359-898x1024.jpg\" alt=\"\" class=\"wp-image-91340\" srcset=\"https:\/\/www.correspondentevianopolino.com.br\/site\/wp-content\/uploads\/2023\/10\/1000794359-898x1024.jpg 898w, https:\/\/www.correspondentevianopolino.com.br\/site\/wp-content\/uploads\/2023\/10\/1000794359-263x300.jpg 263w, https:\/\/www.correspondentevianopolino.com.br\/site\/wp-content\/uploads\/2023\/10\/1000794359-465x530.jpg 465w, https:\/\/www.correspondentevianopolino.com.br\/site\/wp-content\/uploads\/2023\/10\/1000794359-768x876.jpg 768w, https:\/\/www.correspondentevianopolino.com.br\/site\/wp-content\/uploads\/2023\/10\/1000794359-272x310.jpg 272w, https:\/\/www.correspondentevianopolino.com.br\/site\/wp-content\/uploads\/2023\/10\/1000794359-187x213.jpg 187w, https:\/\/www.correspondentevianopolino.com.br\/site\/wp-content\/uploads\/2023\/10\/1000794359-179x204.jpg 179w, https:\/\/www.correspondentevianopolino.com.br\/site\/wp-content\/uploads\/2023\/10\/1000794359-167x190.jpg 167w, https:\/\/www.correspondentevianopolino.com.br\/site\/wp-content\/uploads\/2023\/10\/1000794359.jpg 1080w\" sizes=\"(max-width: 898px) 100vw, 898px\" \/><\/figure>\n\n\n\n<figure class=\"wp-block-image size-large\"><img decoding=\"async\" width=\"768\" height=\"1024\" src=\"https:\/\/www.correspondentevianopolino.com.br\/site\/wp-content\/uploads\/2023\/10\/1000795550-768x1024.jpg\" alt=\"\" class=\"wp-image-91398\" srcset=\"https:\/\/www.correspondentevianopolino.com.br\/site\/wp-content\/uploads\/2023\/10\/1000795550-768x1024.jpg 768w, https:\/\/www.correspondentevianopolino.com.br\/site\/wp-content\/uploads\/2023\/10\/1000795550-225x300.jpg 225w, https:\/\/www.correspondentevianopolino.com.br\/site\/wp-content\/uploads\/2023\/10\/1000795550-465x620.jpg 465w, https:\/\/www.correspondentevianopolino.com.br\/site\/wp-content\/uploads\/2023\/10\/1000795550-1152x1536.jpg 1152w, https:\/\/www.correspondentevianopolino.com.br\/site\/wp-content\/uploads\/2023\/10\/1000795550-233x310.jpg 233w, https:\/\/www.correspondentevianopolino.com.br\/site\/wp-content\/uploads\/2023\/10\/1000795550-160x213.jpg 160w, https:\/\/www.correspondentevianopolino.com.br\/site\/wp-content\/uploads\/2023\/10\/1000795550-153x204.jpg 153w, https:\/\/www.correspondentevianopolino.com.br\/site\/wp-content\/uploads\/2023\/10\/1000795550-143x190.jpg 143w, https:\/\/www.correspondentevianopolino.com.br\/site\/wp-content\/uploads\/2023\/10\/1000795550.jpg 1200w\" sizes=\"(max-width: 768px) 100vw, 768px\" \/><\/figure>\n\n\n\n<p>NA FOTO ACIMA, ISADORA <strong>THAYNA FERNANDES SERAFIM,<\/strong> FILHA DE HILMA SERAFIM DE MACEDO E WELLINGTON DA SILVA FERNANDES.<\/p>\n\n\n\n<figure class=\"wp-block-image size-large\"><img decoding=\"async\" width=\"576\" height=\"1024\" src=\"https:\/\/www.correspondentevianopolino.com.br\/site\/wp-content\/uploads\/2023\/10\/1000795547-576x1024.jpg\" alt=\"\" class=\"wp-image-91399\" srcset=\"https:\/\/www.correspondentevianopolino.com.br\/site\/wp-content\/uploads\/2023\/10\/1000795547-576x1024.jpg 576w, https:\/\/www.correspondentevianopolino.com.br\/site\/wp-content\/uploads\/2023\/10\/1000795547-169x300.jpg 169w, https:\/\/www.correspondentevianopolino.com.br\/site\/wp-content\/uploads\/2023\/10\/1000795547-465x827.jpg 465w, https:\/\/www.correspondentevianopolino.com.br\/site\/wp-content\/uploads\/2023\/10\/1000795547-768x1365.jpg 768w, https:\/\/www.correspondentevianopolino.com.br\/site\/wp-content\/uploads\/2023\/10\/1000795547-174x310.jpg 174w, https:\/\/www.correspondentevianopolino.com.br\/site\/wp-content\/uploads\/2023\/10\/1000795547-120x213.jpg 120w, https:\/\/www.correspondentevianopolino.com.br\/site\/wp-content\/uploads\/2023\/10\/1000795547-115x204.jpg 115w, https:\/\/www.correspondentevianopolino.com.br\/site\/wp-content\/uploads\/2023\/10\/1000795547-107x190.jpg 107w, https:\/\/www.correspondentevianopolino.com.br\/site\/wp-content\/uploads\/2023\/10\/1000795547.jpg 828w\" sizes=\"(max-width: 576px) 100vw, 576px\" \/><\/figure>\n\n\n\n<p>NA FOTO ACIMA, <strong>ANA VIT\u00d3RIA DA SILVA MIRANDA<\/strong>, FILHA DE FERNANDA HELLEM DE SOUZA SILVA E RUSIVEL FERREIRA DE MIRANDA.<\/p>\n\n\n\n<p><\/p>\n\n\n\n<p><\/p>\n\n\n\n<p><\/p>\n\n\n\n<figure class=\"wp-block-image size-large is-resized\"><img decoding=\"async\" src=\"https:\/\/www.correspondentevianopolino.com.br\/site\/wp-content\/uploads\/2023\/10\/1000794312-1024x672.jpg\" alt=\"\" class=\"wp-image-91339\" width=\"840\" height=\"551\" srcset=\"https:\/\/www.correspondentevianopolino.com.br\/site\/wp-content\/uploads\/2023\/10\/1000794312-1024x672.jpg 1024w, https:\/\/www.correspondentevianopolino.com.br\/site\/wp-content\/uploads\/2023\/10\/1000794312-300x197.jpg 300w, https:\/\/www.correspondentevianopolino.com.br\/site\/wp-content\/uploads\/2023\/10\/1000794312-465x305.jpg 465w, https:\/\/www.correspondentevianopolino.com.br\/site\/wp-content\/uploads\/2023\/10\/1000794312-768x504.jpg 768w, https:\/\/www.correspondentevianopolino.com.br\/site\/wp-content\/uploads\/2023\/10\/1000794312-324x213.jpg 324w, https:\/\/www.correspondentevianopolino.com.br\/site\/wp-content\/uploads\/2023\/10\/1000794312-311x204.jpg 311w, https:\/\/www.correspondentevianopolino.com.br\/site\/wp-content\/uploads\/2023\/10\/1000794312-260x171.jpg 260w, https:\/\/www.correspondentevianopolino.com.br\/site\/wp-content\/uploads\/2023\/10\/1000794312.jpg 1080w\" sizes=\"(max-width: 840px) 100vw, 840px\" \/><\/figure>\n\n\n\n<figure class=\"wp-block-image size-large\"><img decoding=\"async\" width=\"542\" height=\"1024\" src=\"https:\/\/www.correspondentevianopolino.com.br\/site\/wp-content\/uploads\/2023\/10\/1000795544-542x1024.jpg\" alt=\"\" class=\"wp-image-91400\" srcset=\"https:\/\/www.correspondentevianopolino.com.br\/site\/wp-content\/uploads\/2023\/10\/1000795544-542x1024.jpg 542w, https:\/\/www.correspondentevianopolino.com.br\/site\/wp-content\/uploads\/2023\/10\/1000795544-159x300.jpg 159w, https:\/\/www.correspondentevianopolino.com.br\/site\/wp-content\/uploads\/2023\/10\/1000795544-465x879.jpg 465w, https:\/\/www.correspondentevianopolino.com.br\/site\/wp-content\/uploads\/2023\/10\/1000795544-164x310.jpg 164w, https:\/\/www.correspondentevianopolino.com.br\/site\/wp-content\/uploads\/2023\/10\/1000795544-113x213.jpg 113w, https:\/\/www.correspondentevianopolino.com.br\/site\/wp-content\/uploads\/2023\/10\/1000795544-108x204.jpg 108w, https:\/\/www.correspondentevianopolino.com.br\/site\/wp-content\/uploads\/2023\/10\/1000795544-100x190.jpg 100w, https:\/\/www.correspondentevianopolino.com.br\/site\/wp-content\/uploads\/2023\/10\/1000795544.jpg 677w\" sizes=\"(max-width: 542px) 100vw, 542px\" \/><\/figure>\n\n\n\n<p>NA FOTO ACIMA, <strong>EVELLYN VIT\u00d3RIA OLIVEIRA CORREIA<\/strong>, FILHA DE VINICIUS CARLOS CORREIA OLIVEIRA E NAYARA LUCILIA RESPLANDES OLIVEIRA CORREIA.<\/p>\n\n\n\n<p><\/p>\n\n\n\n<figure class=\"wp-block-image size-large\"><img decoding=\"async\" width=\"636\" height=\"1024\" src=\"https:\/\/www.correspondentevianopolino.com.br\/site\/wp-content\/uploads\/2023\/10\/1000795535-636x1024.jpg\" alt=\"\" class=\"wp-image-91403\" srcset=\"https:\/\/www.correspondentevianopolino.com.br\/site\/wp-content\/uploads\/2023\/10\/1000795535-636x1024.jpg 636w, https:\/\/www.correspondentevianopolino.com.br\/site\/wp-content\/uploads\/2023\/10\/1000795535-186x300.jpg 186w, https:\/\/www.correspondentevianopolino.com.br\/site\/wp-content\/uploads\/2023\/10\/1000795535-465x749.jpg 465w, https:\/\/www.correspondentevianopolino.com.br\/site\/wp-content\/uploads\/2023\/10\/1000795535-192x310.jpg 192w, https:\/\/www.correspondentevianopolino.com.br\/site\/wp-content\/uploads\/2023\/10\/1000795535-132x213.jpg 132w, https:\/\/www.correspondentevianopolino.com.br\/site\/wp-content\/uploads\/2023\/10\/1000795535-127x204.jpg 127w, https:\/\/www.correspondentevianopolino.com.br\/site\/wp-content\/uploads\/2023\/10\/1000795535-118x190.jpg 118w, https:\/\/www.correspondentevianopolino.com.br\/site\/wp-content\/uploads\/2023\/10\/1000795535.jpg 720w\" sizes=\"(max-width: 636px) 100vw, 636px\" \/><\/figure>\n\n\n\n<p>NA FOTO ACIMA, <strong>DEBORAH VALENTINA E HADASSA HELO\u00cdSA<\/strong>, FILHAS DE FLAVIANO DUARTE SILVA E J\u00c9SSICA XAVIER DOS SANTOS.<\/p>\n\n\n\n<figure class=\"wp-block-image size-large\"><img decoding=\"async\" width=\"768\" height=\"1024\" src=\"https:\/\/www.correspondentevianopolino.com.br\/site\/wp-content\/uploads\/2023\/10\/1000795517-768x1024.jpg\" alt=\"\" class=\"wp-image-91404\" srcset=\"https:\/\/www.correspondentevianopolino.com.br\/site\/wp-content\/uploads\/2023\/10\/1000795517-768x1024.jpg 768w, https:\/\/www.correspondentevianopolino.com.br\/site\/wp-content\/uploads\/2023\/10\/1000795517-225x300.jpg 225w, https:\/\/www.correspondentevianopolino.com.br\/site\/wp-content\/uploads\/2023\/10\/1000795517-465x620.jpg 465w, https:\/\/www.correspondentevianopolino.com.br\/site\/wp-content\/uploads\/2023\/10\/1000795517-1152x1536.jpg 1152w, https:\/\/www.correspondentevianopolino.com.br\/site\/wp-content\/uploads\/2023\/10\/1000795517-233x310.jpg 233w, https:\/\/www.correspondentevianopolino.com.br\/site\/wp-content\/uploads\/2023\/10\/1000795517-160x213.jpg 160w, https:\/\/www.correspondentevianopolino.com.br\/site\/wp-content\/uploads\/2023\/10\/1000795517-153x204.jpg 153w, https:\/\/www.correspondentevianopolino.com.br\/site\/wp-content\/uploads\/2023\/10\/1000795517-143x190.jpg 143w, https:\/\/www.correspondentevianopolino.com.br\/site\/wp-content\/uploads\/2023\/10\/1000795517.jpg 1200w\" sizes=\"(max-width: 768px) 100vw, 768px\" \/><\/figure>\n\n\n\n<p>NA FOTO ACIMA, <strong>ANA BEATRIZ PEREIRA DOS SANTOS<\/strong>, FILHA DE CL\u00c1UDIO JOS\u00c9 PEREIRA E ADRIANA DINIZ DOS SANTOS.<\/p>\n\n\n\n<figure class=\"wp-block-image size-full\"><img decoding=\"async\" width=\"1021\" height=\"377\" src=\"https:\/\/www.correspondentevianopolino.com.br\/site\/wp-content\/uploads\/2023\/10\/thumbnail.jpg\" alt=\"\" class=\"wp-image-91307\" srcset=\"https:\/\/www.correspondentevianopolino.com.br\/site\/wp-content\/uploads\/2023\/10\/thumbnail.jpg 1021w, https:\/\/www.correspondentevianopolino.com.br\/site\/wp-content\/uploads\/2023\/10\/thumbnail-300x111.jpg 300w, https:\/\/www.correspondentevianopolino.com.br\/site\/wp-content\/uploads\/2023\/10\/thumbnail-465x172.jpg 465w, https:\/\/www.correspondentevianopolino.com.br\/site\/wp-content\/uploads\/2023\/10\/thumbnail-768x284.jpg 768w, https:\/\/www.correspondentevianopolino.com.br\/site\/wp-content\/uploads\/2023\/10\/thumbnail-327x121.jpg 327w, https:\/\/www.correspondentevianopolino.com.br\/site\/wp-content\/uploads\/2023\/10\/thumbnail-389x144.jpg 389w, https:\/\/www.correspondentevianopolino.com.br\/site\/wp-content\/uploads\/2023\/10\/thumbnail-260x96.jpg 260w\" sizes=\"(max-width: 1021px) 100vw, 1021px\" \/><\/figure>\n\n\n\n<figure class=\"wp-block-image size-full\"><img decoding=\"async\" width=\"768\" height=\"1024\" src=\"https:\/\/www.correspondentevianopolino.com.br\/site\/wp-content\/uploads\/2023\/10\/1000795299.jpg\" alt=\"\" class=\"wp-image-91408\" srcset=\"https:\/\/www.correspondentevianopolino.com.br\/site\/wp-content\/uploads\/2023\/10\/1000795299.jpg 768w, https:\/\/www.correspondentevianopolino.com.br\/site\/wp-content\/uploads\/2023\/10\/1000795299-225x300.jpg 225w, https:\/\/www.correspondentevianopolino.com.br\/site\/wp-content\/uploads\/2023\/10\/1000795299-465x620.jpg 465w, https:\/\/www.correspondentevianopolino.com.br\/site\/wp-content\/uploads\/2023\/10\/1000795299-233x310.jpg 233w, https:\/\/www.correspondentevianopolino.com.br\/site\/wp-content\/uploads\/2023\/10\/1000795299-160x213.jpg 160w, https:\/\/www.correspondentevianopolino.com.br\/site\/wp-content\/uploads\/2023\/10\/1000795299-153x204.jpg 153w, https:\/\/www.correspondentevianopolino.com.br\/site\/wp-content\/uploads\/2023\/10\/1000795299-143x190.jpg 143w\" sizes=\"(max-width: 768px) 100vw, 768px\" \/><\/figure>\n\n\n\n<p>NA FOTO ACIMA, <strong>ISABELLE DE SOUZA VIEIRA<\/strong>, FILHA DE ALEXANDRE APARECIDO VIEIRA E CLEICE DE SOUZA BASTOS VIEIRA.<\/p>\n\n\n\n<figure class=\"wp-block-image size-large\"><img decoding=\"async\" width=\"1024\" height=\"683\" src=\"https:\/\/www.correspondentevianopolino.com.br\/site\/wp-content\/uploads\/2023\/10\/1000795508-1024x683.jpg\" alt=\"\" class=\"wp-image-91409\" srcset=\"https:\/\/www.correspondentevianopolino.com.br\/site\/wp-content\/uploads\/2023\/10\/1000795508-1024x683.jpg 1024w, https:\/\/www.correspondentevianopolino.com.br\/site\/wp-content\/uploads\/2023\/10\/1000795508-300x200.jpg 300w, https:\/\/www.correspondentevianopolino.com.br\/site\/wp-content\/uploads\/2023\/10\/1000795508-465x310.jpg 465w, https:\/\/www.correspondentevianopolino.com.br\/site\/wp-content\/uploads\/2023\/10\/1000795508-768x512.jpg 768w, https:\/\/www.correspondentevianopolino.com.br\/site\/wp-content\/uploads\/2023\/10\/1000795508-319x213.jpg 319w, https:\/\/www.correspondentevianopolino.com.br\/site\/wp-content\/uploads\/2023\/10\/1000795508-306x204.jpg 306w, https:\/\/www.correspondentevianopolino.com.br\/site\/wp-content\/uploads\/2023\/10\/1000795508-260x173.jpg 260w, https:\/\/www.correspondentevianopolino.com.br\/site\/wp-content\/uploads\/2023\/10\/1000795508.jpg 1280w\" sizes=\"(max-width: 1024px) 100vw, 1024px\" \/><\/figure>\n\n\n\n<p>NA FOTO ACIMA, <strong>MANUELLA SOUZA SOARES,<\/strong> FILHA DE FERNANDO DE CASTRO SOARES E ERIKA ROSA DE SOUZA.<\/p>\n\n\n\n<figure class=\"wp-block-image size-full\"><img decoding=\"async\" width=\"720\" height=\"720\" src=\"https:\/\/www.correspondentevianopolino.com.br\/site\/wp-content\/uploads\/2023\/10\/1000795505.jpg\" alt=\"\" class=\"wp-image-91411\" srcset=\"https:\/\/www.correspondentevianopolino.com.br\/site\/wp-content\/uploads\/2023\/10\/1000795505.jpg 720w, https:\/\/www.correspondentevianopolino.com.br\/site\/wp-content\/uploads\/2023\/10\/1000795505-300x300.jpg 300w, https:\/\/www.correspondentevianopolino.com.br\/site\/wp-content\/uploads\/2023\/10\/1000795505-465x465.jpg 465w, https:\/\/www.correspondentevianopolino.com.br\/site\/wp-content\/uploads\/2023\/10\/1000795505-310x310.jpg 310w, https:\/\/www.correspondentevianopolino.com.br\/site\/wp-content\/uploads\/2023\/10\/1000795505-213x213.jpg 213w, https:\/\/www.correspondentevianopolino.com.br\/site\/wp-content\/uploads\/2023\/10\/1000795505-204x204.jpg 204w, https:\/\/www.correspondentevianopolino.com.br\/site\/wp-content\/uploads\/2023\/10\/1000795505-190x190.jpg 190w\" sizes=\"(max-width: 720px) 100vw, 720px\" \/><\/figure>\n\n\n\n<p>NA FOTO ACIMA, <strong>ISABELLA THAINA DA SILVA FERNANDES<\/strong>, FILHA DE LEILA DA SILVA FERNANDES E JEFFERSON CARLOS MIRANDA CLEMENTE.<\/p>\n\n\n\n<figure class=\"wp-block-image size-large\"><img decoding=\"async\" width=\"750\" height=\"1024\" src=\"https:\/\/www.correspondentevianopolino.com.br\/site\/wp-content\/uploads\/2023\/10\/IMG-20231010-WA0486-750x1024.jpg\" alt=\"\" class=\"wp-image-91305\" srcset=\"https:\/\/www.correspondentevianopolino.com.br\/site\/wp-content\/uploads\/2023\/10\/IMG-20231010-WA0486-750x1024.jpg 750w, https:\/\/www.correspondentevianopolino.com.br\/site\/wp-content\/uploads\/2023\/10\/IMG-20231010-WA0486-220x300.jpg 220w, https:\/\/www.correspondentevianopolino.com.br\/site\/wp-content\/uploads\/2023\/10\/IMG-20231010-WA0486-465x635.jpg 465w, https:\/\/www.correspondentevianopolino.com.br\/site\/wp-content\/uploads\/2023\/10\/IMG-20231010-WA0486-768x1048.jpg 768w, https:\/\/www.correspondentevianopolino.com.br\/site\/wp-content\/uploads\/2023\/10\/IMG-20231010-WA0486-227x310.jpg 227w, https:\/\/www.correspondentevianopolino.com.br\/site\/wp-content\/uploads\/2023\/10\/IMG-20231010-WA0486-156x213.jpg 156w, https:\/\/www.correspondentevianopolino.com.br\/site\/wp-content\/uploads\/2023\/10\/IMG-20231010-WA0486-149x204.jpg 149w, https:\/\/www.correspondentevianopolino.com.br\/site\/wp-content\/uploads\/2023\/10\/IMG-20231010-WA0486-139x190.jpg 139w, https:\/\/www.correspondentevianopolino.com.br\/site\/wp-content\/uploads\/2023\/10\/IMG-20231010-WA0486.jpg 1080w\" sizes=\"(max-width: 750px) 100vw, 750px\" \/><\/figure>\n\n\n\n<figure class=\"wp-block-image size-large\"><img decoding=\"async\" width=\"684\" height=\"1024\" src=\"https:\/\/www.correspondentevianopolino.com.br\/site\/wp-content\/uploads\/2023\/10\/1000795501-684x1024.jpg\" alt=\"\" class=\"wp-image-91412\" srcset=\"https:\/\/www.correspondentevianopolino.com.br\/site\/wp-content\/uploads\/2023\/10\/1000795501-684x1024.jpg 684w, https:\/\/www.correspondentevianopolino.com.br\/site\/wp-content\/uploads\/2023\/10\/1000795501-200x300.jpg 200w, https:\/\/www.correspondentevianopolino.com.br\/site\/wp-content\/uploads\/2023\/10\/1000795501-465x697.jpg 465w, https:\/\/www.correspondentevianopolino.com.br\/site\/wp-content\/uploads\/2023\/10\/1000795501-768x1151.jpg 768w, https:\/\/www.correspondentevianopolino.com.br\/site\/wp-content\/uploads\/2023\/10\/1000795501-1025x1536.jpg 1025w, https:\/\/www.correspondentevianopolino.com.br\/site\/wp-content\/uploads\/2023\/10\/1000795501-207x310.jpg 207w, https:\/\/www.correspondentevianopolino.com.br\/site\/wp-content\/uploads\/2023\/10\/1000795501-142x213.jpg 142w, https:\/\/www.correspondentevianopolino.com.br\/site\/wp-content\/uploads\/2023\/10\/1000795501-136x204.jpg 136w, https:\/\/www.correspondentevianopolino.com.br\/site\/wp-content\/uploads\/2023\/10\/1000795501-127x190.jpg 127w, https:\/\/www.correspondentevianopolino.com.br\/site\/wp-content\/uploads\/2023\/10\/1000795501.jpg 1068w\" sizes=\"(max-width: 684px) 100vw, 684px\" \/><\/figure>\n\n\n\n<p>NA FOTO ACIMA, <strong>ARAM RODRIGUES LEITE,<\/strong> FILHO DE RONALDO DA SILVA LEITE E MAYARA MELO RODRIGUES.<\/p>\n\n\n\n<figure class=\"wp-block-image size-large\"><img decoding=\"async\" width=\"967\" height=\"1024\" src=\"https:\/\/www.correspondentevianopolino.com.br\/site\/wp-content\/uploads\/2023\/10\/1000795497-967x1024.jpg\" alt=\"\" class=\"wp-image-91413\" srcset=\"https:\/\/www.correspondentevianopolino.com.br\/site\/wp-content\/uploads\/2023\/10\/1000795497-967x1024.jpg 967w, https:\/\/www.correspondentevianopolino.com.br\/site\/wp-content\/uploads\/2023\/10\/1000795497-283x300.jpg 283w, https:\/\/www.correspondentevianopolino.com.br\/site\/wp-content\/uploads\/2023\/10\/1000795497-465x493.jpg 465w, https:\/\/www.correspondentevianopolino.com.br\/site\/wp-content\/uploads\/2023\/10\/1000795497-768x814.jpg 768w, https:\/\/www.correspondentevianopolino.com.br\/site\/wp-content\/uploads\/2023\/10\/1000795497-1450x1536.jpg 1450w, https:\/\/www.correspondentevianopolino.com.br\/site\/wp-content\/uploads\/2023\/10\/1000795497-1933x2048.jpg 1933w, https:\/\/www.correspondentevianopolino.com.br\/site\/wp-content\/uploads\/2023\/10\/1000795497-293x310.jpg 293w, https:\/\/www.correspondentevianopolino.com.br\/site\/wp-content\/uploads\/2023\/10\/1000795497-201x213.jpg 201w, https:\/\/www.correspondentevianopolino.com.br\/site\/wp-content\/uploads\/2023\/10\/1000795497-193x204.jpg 193w, https:\/\/www.correspondentevianopolino.com.br\/site\/wp-content\/uploads\/2023\/10\/1000795497-179x190.jpg 179w\" sizes=\"(max-width: 967px) 100vw, 967px\" \/><\/figure>\n\n\n\n<p>NA FOTO ACIMA,<strong> ASAF RODRIGUES LEITE,<\/strong> FILHO DE RONALDO DA SILVA LEITE E MAYARA MELO RODRIGUES.<\/p>\n\n\n\n<figure class=\"wp-block-image size-large is-resized\"><img decoding=\"async\" src=\"https:\/\/www.correspondentevianopolino.com.br\/site\/wp-content\/uploads\/2023\/10\/1000795494-683x1024.jpg\" alt=\"\" class=\"wp-image-91414\" width=\"269\" height=\"402\" srcset=\"https:\/\/www.correspondentevianopolino.com.br\/site\/wp-content\/uploads\/2023\/10\/1000795494-683x1024.jpg 683w, https:\/\/www.correspondentevianopolino.com.br\/site\/wp-content\/uploads\/2023\/10\/1000795494-200x300.jpg 200w, https:\/\/www.correspondentevianopolino.com.br\/site\/wp-content\/uploads\/2023\/10\/1000795494-465x697.jpg 465w, https:\/\/www.correspondentevianopolino.com.br\/site\/wp-content\/uploads\/2023\/10\/1000795494-768x1151.jpg 768w, https:\/\/www.correspondentevianopolino.com.br\/site\/wp-content\/uploads\/2023\/10\/1000795494-207x310.jpg 207w, https:\/\/www.correspondentevianopolino.com.br\/site\/wp-content\/uploads\/2023\/10\/1000795494-142x213.jpg 142w, https:\/\/www.correspondentevianopolino.com.br\/site\/wp-content\/uploads\/2023\/10\/1000795494-136x204.jpg 136w, https:\/\/www.correspondentevianopolino.com.br\/site\/wp-content\/uploads\/2023\/10\/1000795494-127x190.jpg 127w, https:\/\/www.correspondentevianopolino.com.br\/site\/wp-content\/uploads\/2023\/10\/1000795494.jpg 854w\" sizes=\"(max-width: 269px) 100vw, 269px\" \/><\/figure>\n\n\n\n<p>NA FOTO ACIMA, <strong>ARTHUR MARTINS<\/strong>, FILHO DE LILIANE MONTEIRO E JULIANO MARTINS.<\/p>\n\n\n\n<figure class=\"wp-block-image size-large\"><img decoding=\"async\" width=\"589\" height=\"1024\" src=\"https:\/\/www.correspondentevianopolino.com.br\/site\/wp-content\/uploads\/2023\/10\/1000795491-589x1024.jpg\" alt=\"\" class=\"wp-image-91415\" srcset=\"https:\/\/www.correspondentevianopolino.com.br\/site\/wp-content\/uploads\/2023\/10\/1000795491-589x1024.jpg 589w, https:\/\/www.correspondentevianopolino.com.br\/site\/wp-content\/uploads\/2023\/10\/1000795491-172x300.jpg 172w, https:\/\/www.correspondentevianopolino.com.br\/site\/wp-content\/uploads\/2023\/10\/1000795491-465x809.jpg 465w, https:\/\/www.correspondentevianopolino.com.br\/site\/wp-content\/uploads\/2023\/10\/1000795491-768x1336.jpg 768w, https:\/\/www.correspondentevianopolino.com.br\/site\/wp-content\/uploads\/2023\/10\/1000795491-883x1536.jpg 883w, https:\/\/www.correspondentevianopolino.com.br\/site\/wp-content\/uploads\/2023\/10\/1000795491-178x310.jpg 178w, https:\/\/www.correspondentevianopolino.com.br\/site\/wp-content\/uploads\/2023\/10\/1000795491-122x213.jpg 122w, https:\/\/www.correspondentevianopolino.com.br\/site\/wp-content\/uploads\/2023\/10\/1000795491-117x204.jpg 117w, https:\/\/www.correspondentevianopolino.com.br\/site\/wp-content\/uploads\/2023\/10\/1000795491-109x190.jpg 109w, https:\/\/www.correspondentevianopolino.com.br\/site\/wp-content\/uploads\/2023\/10\/1000795491.jpg 919w\" sizes=\"(max-width: 589px) 100vw, 589px\" \/><\/figure>\n\n\n\n<p>NA FOTO ACIMA,<strong> LAURA MONTEIRO<\/strong>, FILHA DE DANIEL MONTEIRO E VIRGINIA MONTEIRO.<\/p>\n\n\n\n<figure class=\"wp-block-image size-full\"><img decoding=\"async\" width=\"480\" height=\"480\" src=\"https:\/\/www.correspondentevianopolino.com.br\/site\/wp-content\/uploads\/2023\/10\/thumbnail-27.jpg\" alt=\"\" class=\"wp-image-91316\" srcset=\"https:\/\/www.correspondentevianopolino.com.br\/site\/wp-content\/uploads\/2023\/10\/thumbnail-27.jpg 480w, https:\/\/www.correspondentevianopolino.com.br\/site\/wp-content\/uploads\/2023\/10\/thumbnail-27-300x300.jpg 300w, https:\/\/www.correspondentevianopolino.com.br\/site\/wp-content\/uploads\/2023\/10\/thumbnail-27-465x465.jpg 465w, https:\/\/www.correspondentevianopolino.com.br\/site\/wp-content\/uploads\/2023\/10\/thumbnail-27-310x310.jpg 310w, https:\/\/www.correspondentevianopolino.com.br\/site\/wp-content\/uploads\/2023\/10\/thumbnail-27-213x213.jpg 213w, https:\/\/www.correspondentevianopolino.com.br\/site\/wp-content\/uploads\/2023\/10\/thumbnail-27-204x204.jpg 204w, https:\/\/www.correspondentevianopolino.com.br\/site\/wp-content\/uploads\/2023\/10\/thumbnail-27-190x190.jpg 190w\" sizes=\"(max-width: 480px) 100vw, 480px\" \/><\/figure>\n\n\n\n<figure class=\"wp-block-image size-large\"><img decoding=\"async\" width=\"768\" height=\"1024\" src=\"https:\/\/www.correspondentevianopolino.com.br\/site\/wp-content\/uploads\/2023\/10\/1000795485-768x1024.jpg\" alt=\"\" class=\"wp-image-91417\" srcset=\"https:\/\/www.correspondentevianopolino.com.br\/site\/wp-content\/uploads\/2023\/10\/1000795485-768x1024.jpg 768w, https:\/\/www.correspondentevianopolino.com.br\/site\/wp-content\/uploads\/2023\/10\/1000795485-225x300.jpg 225w, https:\/\/www.correspondentevianopolino.com.br\/site\/wp-content\/uploads\/2023\/10\/1000795485-465x620.jpg 465w, https:\/\/www.correspondentevianopolino.com.br\/site\/wp-content\/uploads\/2023\/10\/1000795485-1152x1536.jpg 1152w, https:\/\/www.correspondentevianopolino.com.br\/site\/wp-content\/uploads\/2023\/10\/1000795485-233x310.jpg 233w, https:\/\/www.correspondentevianopolino.com.br\/site\/wp-content\/uploads\/2023\/10\/1000795485-160x213.jpg 160w, https:\/\/www.correspondentevianopolino.com.br\/site\/wp-content\/uploads\/2023\/10\/1000795485-153x204.jpg 153w, https:\/\/www.correspondentevianopolino.com.br\/site\/wp-content\/uploads\/2023\/10\/1000795485-143x190.jpg 143w, https:\/\/www.correspondentevianopolino.com.br\/site\/wp-content\/uploads\/2023\/10\/1000795485.jpg 1200w\" sizes=\"(max-width: 768px) 100vw, 768px\" \/><\/figure>\n\n\n\n<p>NA FOTO ACIMA, <strong>GABRIELLA OLIVEIRA COSTA<\/strong>, FILHA DE GISELY VIEIRA DE ALMEIDA COSTA E CARLOS AUGUSTO DE OLIVEIRA.<\/p>\n\n\n\n<figure class=\"wp-block-image size-large\"><img decoding=\"async\" width=\"1024\" height=\"1024\" src=\"https:\/\/www.correspondentevianopolino.com.br\/site\/wp-content\/uploads\/2023\/10\/1000795482-1024x1024.jpg\" alt=\"\" class=\"wp-image-91418\" srcset=\"https:\/\/www.correspondentevianopolino.com.br\/site\/wp-content\/uploads\/2023\/10\/1000795482-1024x1024.jpg 1024w, https:\/\/www.correspondentevianopolino.com.br\/site\/wp-content\/uploads\/2023\/10\/1000795482-300x300.jpg 300w, https:\/\/www.correspondentevianopolino.com.br\/site\/wp-content\/uploads\/2023\/10\/1000795482-465x465.jpg 465w, https:\/\/www.correspondentevianopolino.com.br\/site\/wp-content\/uploads\/2023\/10\/1000795482-768x768.jpg 768w, https:\/\/www.correspondentevianopolino.com.br\/site\/wp-content\/uploads\/2023\/10\/1000795482-1536x1536.jpg 1536w, https:\/\/www.correspondentevianopolino.com.br\/site\/wp-content\/uploads\/2023\/10\/1000795482-310x310.jpg 310w, https:\/\/www.correspondentevianopolino.com.br\/site\/wp-content\/uploads\/2023\/10\/1000795482-213x213.jpg 213w, https:\/\/www.correspondentevianopolino.com.br\/site\/wp-content\/uploads\/2023\/10\/1000795482-204x204.jpg 204w, https:\/\/www.correspondentevianopolino.com.br\/site\/wp-content\/uploads\/2023\/10\/1000795482-190x190.jpg 190w, https:\/\/www.correspondentevianopolino.com.br\/site\/wp-content\/uploads\/2023\/10\/1000795482.jpg 1599w\" sizes=\"(max-width: 1024px) 100vw, 1024px\" \/><\/figure>\n\n\n\n<p>NA FOTO ACIMA, <strong>MIRELLA DE SOUZA GON\u00c7ALVES<\/strong>, FILHA DE MAXIMILIANO VIEIRA GON\u00c7ALVES E ANT\u00d4NIA VALDIANA HON\u00d3RIO DE SOUZA.<\/p>\n\n\n\n<figure class=\"wp-block-image size-large\"><img decoding=\"async\" width=\"768\" height=\"1024\" src=\"https:\/\/www.correspondentevianopolino.com.br\/site\/wp-content\/uploads\/2023\/10\/1000795479-768x1024.jpg\" alt=\"\" class=\"wp-image-91419\" srcset=\"https:\/\/www.correspondentevianopolino.com.br\/site\/wp-content\/uploads\/2023\/10\/1000795479-768x1024.jpg 768w, https:\/\/www.correspondentevianopolino.com.br\/site\/wp-content\/uploads\/2023\/10\/1000795479-225x300.jpg 225w, https:\/\/www.correspondentevianopolino.com.br\/site\/wp-content\/uploads\/2023\/10\/1000795479-465x620.jpg 465w, https:\/\/www.correspondentevianopolino.com.br\/site\/wp-content\/uploads\/2023\/10\/1000795479-233x310.jpg 233w, https:\/\/www.correspondentevianopolino.com.br\/site\/wp-content\/uploads\/2023\/10\/1000795479-160x213.jpg 160w, https:\/\/www.correspondentevianopolino.com.br\/site\/wp-content\/uploads\/2023\/10\/1000795479-153x204.jpg 153w, https:\/\/www.correspondentevianopolino.com.br\/site\/wp-content\/uploads\/2023\/10\/1000795479-143x190.jpg 143w, https:\/\/www.correspondentevianopolino.com.br\/site\/wp-content\/uploads\/2023\/10\/1000795479.jpg 960w\" sizes=\"(max-width: 768px) 100vw, 768px\" \/><\/figure>\n\n\n\n<p>NA FOTO ACIMA, <strong>MARIA VIT\u00d3RIA FERREIRA MENDES<\/strong>, FILHA DE BETO J\u00daNIOR COTRIM SILVA E BEATRIZ MENDES GON\u00c7ALVES.<\/p>\n\n\n\n<figure class=\"wp-block-image size-large\"><img decoding=\"async\" width=\"768\" height=\"1024\" src=\"https:\/\/www.correspondentevianopolino.com.br\/site\/wp-content\/uploads\/2023\/10\/1000795466-768x1024.jpg\" alt=\"\" class=\"wp-image-91420\" srcset=\"https:\/\/www.correspondentevianopolino.com.br\/site\/wp-content\/uploads\/2023\/10\/1000795466-768x1024.jpg 768w, https:\/\/www.correspondentevianopolino.com.br\/site\/wp-content\/uploads\/2023\/10\/1000795466-225x300.jpg 225w, https:\/\/www.correspondentevianopolino.com.br\/site\/wp-content\/uploads\/2023\/10\/1000795466-465x620.jpg 465w, https:\/\/www.correspondentevianopolino.com.br\/site\/wp-content\/uploads\/2023\/10\/1000795466-1152x1536.jpg 1152w, https:\/\/www.correspondentevianopolino.com.br\/site\/wp-content\/uploads\/2023\/10\/1000795466-233x310.jpg 233w, https:\/\/www.correspondentevianopolino.com.br\/site\/wp-content\/uploads\/2023\/10\/1000795466-160x213.jpg 160w, https:\/\/www.correspondentevianopolino.com.br\/site\/wp-content\/uploads\/2023\/10\/1000795466-153x204.jpg 153w, https:\/\/www.correspondentevianopolino.com.br\/site\/wp-content\/uploads\/2023\/10\/1000795466-143x190.jpg 143w, https:\/\/www.correspondentevianopolino.com.br\/site\/wp-content\/uploads\/2023\/10\/1000795466.jpg 1200w\" sizes=\"(max-width: 768px) 100vw, 768px\" \/><\/figure>\n\n\n\n<p>NA FOTO ACIMA, <strong>ELIZA VIT\u00d3RIA MARQUES MELO<\/strong>, FILHA DE MAYLSON MELO RODRIGUES E JOYCE LORRAINE MARQUES.<\/p>\n\n\n\n<figure class=\"wp-block-image size-large\"><img decoding=\"async\" width=\"1024\" height=\"563\" src=\"https:\/\/www.correspondentevianopolino.com.br\/site\/wp-content\/uploads\/2023\/10\/1000794001-1024x563.jpg\" alt=\"\" class=\"wp-image-91309\" srcset=\"https:\/\/www.correspondentevianopolino.com.br\/site\/wp-content\/uploads\/2023\/10\/1000794001-1024x563.jpg 1024w, https:\/\/www.correspondentevianopolino.com.br\/site\/wp-content\/uploads\/2023\/10\/1000794001-300x165.jpg 300w, https:\/\/www.correspondentevianopolino.com.br\/site\/wp-content\/uploads\/2023\/10\/1000794001-465x256.jpg 465w, https:\/\/www.correspondentevianopolino.com.br\/site\/wp-content\/uploads\/2023\/10\/1000794001-768x422.jpg 768w, https:\/\/www.correspondentevianopolino.com.br\/site\/wp-content\/uploads\/2023\/10\/1000794001-327x180.jpg 327w, https:\/\/www.correspondentevianopolino.com.br\/site\/wp-content\/uploads\/2023\/10\/1000794001-371x204.jpg 371w, https:\/\/www.correspondentevianopolino.com.br\/site\/wp-content\/uploads\/2023\/10\/1000794001-260x143.jpg 260w, https:\/\/www.correspondentevianopolino.com.br\/site\/wp-content\/uploads\/2023\/10\/1000794001.jpg 1280w\" sizes=\"(max-width: 1024px) 100vw, 1024px\" \/><\/figure>\n\n\n\n<figure class=\"wp-block-image size-full\"><img decoding=\"async\" width=\"576\" height=\"755\" src=\"https:\/\/www.correspondentevianopolino.com.br\/site\/wp-content\/uploads\/2023\/10\/1000795463.jpg\" alt=\"\" class=\"wp-image-91422\" srcset=\"https:\/\/www.correspondentevianopolino.com.br\/site\/wp-content\/uploads\/2023\/10\/1000795463.jpg 576w, https:\/\/www.correspondentevianopolino.com.br\/site\/wp-content\/uploads\/2023\/10\/1000795463-229x300.jpg 229w, https:\/\/www.correspondentevianopolino.com.br\/site\/wp-content\/uploads\/2023\/10\/1000795463-465x610.jpg 465w, https:\/\/www.correspondentevianopolino.com.br\/site\/wp-content\/uploads\/2023\/10\/1000795463-237x310.jpg 237w, https:\/\/www.correspondentevianopolino.com.br\/site\/wp-content\/uploads\/2023\/10\/1000795463-163x213.jpg 163w, https:\/\/www.correspondentevianopolino.com.br\/site\/wp-content\/uploads\/2023\/10\/1000795463-156x204.jpg 156w, https:\/\/www.correspondentevianopolino.com.br\/site\/wp-content\/uploads\/2023\/10\/1000795463-145x190.jpg 145w\" sizes=\"(max-width: 576px) 100vw, 576px\" \/><\/figure>\n\n\n\n<p>NA FOTO ACIMA, <strong>LUIZA FERNANDES FERREIRA GUIMAR\u00c3ES<\/strong>, FILHA DE ALESSANDRA FERNANDES DE PAULA SILVA E RODRIGO FERREIRA GUIMAR\u00c3ES.<\/p>\n\n\n\n<figure class=\"wp-block-image size-full\"><img decoding=\"async\" width=\"574\" height=\"1020\" src=\"https:\/\/www.correspondentevianopolino.com.br\/site\/wp-content\/uploads\/2023\/10\/1000795458.jpg\" alt=\"\" class=\"wp-image-91423\" srcset=\"https:\/\/www.correspondentevianopolino.com.br\/site\/wp-content\/uploads\/2023\/10\/1000795458.jpg 574w, https:\/\/www.correspondentevianopolino.com.br\/site\/wp-content\/uploads\/2023\/10\/1000795458-169x300.jpg 169w, https:\/\/www.correspondentevianopolino.com.br\/site\/wp-content\/uploads\/2023\/10\/1000795458-465x826.jpg 465w, https:\/\/www.correspondentevianopolino.com.br\/site\/wp-content\/uploads\/2023\/10\/1000795458-174x310.jpg 174w, https:\/\/www.correspondentevianopolino.com.br\/site\/wp-content\/uploads\/2023\/10\/1000795458-120x213.jpg 120w, https:\/\/www.correspondentevianopolino.com.br\/site\/wp-content\/uploads\/2023\/10\/1000795458-115x204.jpg 115w, https:\/\/www.correspondentevianopolino.com.br\/site\/wp-content\/uploads\/2023\/10\/1000795458-107x190.jpg 107w\" sizes=\"(max-width: 574px) 100vw, 574px\" \/><\/figure>\n\n\n\n<p>NA FOTO ACIMA, <strong>EVELYN ALLAN FREITAS VALVERDE<\/strong>, FILHA DE K\u00caNIA FREITAS SILVA E MATHEUS EDUARDO GON\u00c7ALVES SILVA VALVERDE.<\/p>\n\n\n\n<figure class=\"wp-block-image size-large\"><img decoding=\"async\" width=\"768\" height=\"1024\" src=\"https:\/\/www.correspondentevianopolino.com.br\/site\/wp-content\/uploads\/2023\/10\/1000795445-768x1024.jpg\" alt=\"\" class=\"wp-image-91425\" srcset=\"https:\/\/www.correspondentevianopolino.com.br\/site\/wp-content\/uploads\/2023\/10\/1000795445-768x1024.jpg 768w, https:\/\/www.correspondentevianopolino.com.br\/site\/wp-content\/uploads\/2023\/10\/1000795445-225x300.jpg 225w, https:\/\/www.correspondentevianopolino.com.br\/site\/wp-content\/uploads\/2023\/10\/1000795445-465x620.jpg 465w, https:\/\/www.correspondentevianopolino.com.br\/site\/wp-content\/uploads\/2023\/10\/1000795445-1152x1536.jpg 1152w, https:\/\/www.correspondentevianopolino.com.br\/site\/wp-content\/uploads\/2023\/10\/1000795445-233x310.jpg 233w, https:\/\/www.correspondentevianopolino.com.br\/site\/wp-content\/uploads\/2023\/10\/1000795445-160x213.jpg 160w, https:\/\/www.correspondentevianopolino.com.br\/site\/wp-content\/uploads\/2023\/10\/1000795445-153x204.jpg 153w, https:\/\/www.correspondentevianopolino.com.br\/site\/wp-content\/uploads\/2023\/10\/1000795445-143x190.jpg 143w, https:\/\/www.correspondentevianopolino.com.br\/site\/wp-content\/uploads\/2023\/10\/1000795445.jpg 1200w\" sizes=\"(max-width: 768px) 100vw, 768px\" \/><\/figure>\n\n\n\n<p>NA FOTO ACIMA, <strong>DAVI LUCCA ALVES LEMES DE ARA\u00daJO<\/strong>, FILHO DE NAT\u00c1LIA SANTOS E DANIEL VICTOR LEMES DE ARA\u00daJO.<\/p>\n\n\n\n<figure class=\"wp-block-image size-large\"><img decoding=\"async\" width=\"768\" height=\"1024\" src=\"https:\/\/www.correspondentevianopolino.com.br\/site\/wp-content\/uploads\/2023\/10\/1000795442-768x1024.jpg\" alt=\"\" class=\"wp-image-91426\" srcset=\"https:\/\/www.correspondentevianopolino.com.br\/site\/wp-content\/uploads\/2023\/10\/1000795442-768x1024.jpg 768w, https:\/\/www.correspondentevianopolino.com.br\/site\/wp-content\/uploads\/2023\/10\/1000795442-225x300.jpg 225w, https:\/\/www.correspondentevianopolino.com.br\/site\/wp-content\/uploads\/2023\/10\/1000795442-465x620.jpg 465w, https:\/\/www.correspondentevianopolino.com.br\/site\/wp-content\/uploads\/2023\/10\/1000795442-233x310.jpg 233w, https:\/\/www.correspondentevianopolino.com.br\/site\/wp-content\/uploads\/2023\/10\/1000795442-160x213.jpg 160w, https:\/\/www.correspondentevianopolino.com.br\/site\/wp-content\/uploads\/2023\/10\/1000795442-153x204.jpg 153w, https:\/\/www.correspondentevianopolino.com.br\/site\/wp-content\/uploads\/2023\/10\/1000795442-143x190.jpg 143w, https:\/\/www.correspondentevianopolino.com.br\/site\/wp-content\/uploads\/2023\/10\/1000795442.jpg 867w\" sizes=\"(max-width: 768px) 100vw, 768px\" \/><\/figure>\n\n\n\n<p>NA FOTO ACIMA, <strong>LEONARDO SILVA CARDOSO<\/strong>, FILHO DE MARIA APARECIDA AUXILIADORA DA SILVA.<\/p>\n\n\n\n<figure class=\"wp-block-image size-large\"><img decoding=\"async\" width=\"1024\" height=\"576\" src=\"https:\/\/www.correspondentevianopolino.com.br\/site\/wp-content\/uploads\/2023\/10\/1000793191-1024x576.jpg\" alt=\"\" class=\"wp-image-91308\" srcset=\"https:\/\/www.correspondentevianopolino.com.br\/site\/wp-content\/uploads\/2023\/10\/1000793191-1024x576.jpg 1024w, https:\/\/www.correspondentevianopolino.com.br\/site\/wp-content\/uploads\/2023\/10\/1000793191-300x169.jpg 300w, https:\/\/www.correspondentevianopolino.com.br\/site\/wp-content\/uploads\/2023\/10\/1000793191-465x261.jpg 465w, https:\/\/www.correspondentevianopolino.com.br\/site\/wp-content\/uploads\/2023\/10\/1000793191-768x432.jpg 768w, https:\/\/www.correspondentevianopolino.com.br\/site\/wp-content\/uploads\/2023\/10\/1000793191-1536x864.jpg 1536w, https:\/\/www.correspondentevianopolino.com.br\/site\/wp-content\/uploads\/2023\/10\/1000793191-327x184.jpg 327w, https:\/\/www.correspondentevianopolino.com.br\/site\/wp-content\/uploads\/2023\/10\/1000793191-363x204.jpg 363w, https:\/\/www.correspondentevianopolino.com.br\/site\/wp-content\/uploads\/2023\/10\/1000793191-260x146.jpg 260w, https:\/\/www.correspondentevianopolino.com.br\/site\/wp-content\/uploads\/2023\/10\/1000793191.jpg 1599w\" sizes=\"(max-width: 1024px) 100vw, 1024px\" \/><\/figure>\n\n\n\n<figure class=\"wp-block-image size-large\"><img decoding=\"async\" width=\"768\" height=\"1024\" src=\"https:\/\/www.correspondentevianopolino.com.br\/site\/wp-content\/uploads\/2023\/10\/1000795439-768x1024.jpg\" alt=\"\" class=\"wp-image-91427\" srcset=\"https:\/\/www.correspondentevianopolino.com.br\/site\/wp-content\/uploads\/2023\/10\/1000795439-768x1024.jpg 768w, https:\/\/www.correspondentevianopolino.com.br\/site\/wp-content\/uploads\/2023\/10\/1000795439-225x300.jpg 225w, https:\/\/www.correspondentevianopolino.com.br\/site\/wp-content\/uploads\/2023\/10\/1000795439-465x620.jpg 465w, https:\/\/www.correspondentevianopolino.com.br\/site\/wp-content\/uploads\/2023\/10\/1000795439-233x310.jpg 233w, https:\/\/www.correspondentevianopolino.com.br\/site\/wp-content\/uploads\/2023\/10\/1000795439-160x213.jpg 160w, https:\/\/www.correspondentevianopolino.com.br\/site\/wp-content\/uploads\/2023\/10\/1000795439-153x204.jpg 153w, https:\/\/www.correspondentevianopolino.com.br\/site\/wp-content\/uploads\/2023\/10\/1000795439-143x190.jpg 143w, https:\/\/www.correspondentevianopolino.com.br\/site\/wp-content\/uploads\/2023\/10\/1000795439.jpg 867w\" sizes=\"(max-width: 768px) 100vw, 768px\" \/><\/figure>\n\n\n\n<p>NA FOTO ACIMA, <strong>LUCAS GABRIEL SILVA CARDOSO<\/strong>, FILHO DE MARIA APARECIDA AUXILIADORA DA SILVA.<\/p>\n\n\n\n<figure class=\"wp-block-image size-large\"><img decoding=\"async\" width=\"461\" height=\"1024\" src=\"https:\/\/www.correspondentevianopolino.com.br\/site\/wp-content\/uploads\/2023\/10\/1000795430-461x1024.jpg\" alt=\"\" class=\"wp-image-91428\" srcset=\"https:\/\/www.correspondentevianopolino.com.br\/site\/wp-content\/uploads\/2023\/10\/1000795430-461x1024.jpg 461w, https:\/\/www.correspondentevianopolino.com.br\/site\/wp-content\/uploads\/2023\/10\/1000795430-135x300.jpg 135w, https:\/\/www.correspondentevianopolino.com.br\/site\/wp-content\/uploads\/2023\/10\/1000795430-465x1032.jpg 465w, https:\/\/www.correspondentevianopolino.com.br\/site\/wp-content\/uploads\/2023\/10\/1000795430-692x1536.jpg 692w, https:\/\/www.correspondentevianopolino.com.br\/site\/wp-content\/uploads\/2023\/10\/1000795430-140x310.jpg 140w, https:\/\/www.correspondentevianopolino.com.br\/site\/wp-content\/uploads\/2023\/10\/1000795430-96x213.jpg 96w, https:\/\/www.correspondentevianopolino.com.br\/site\/wp-content\/uploads\/2023\/10\/1000795430-92x204.jpg 92w, https:\/\/www.correspondentevianopolino.com.br\/site\/wp-content\/uploads\/2023\/10\/1000795430-86x190.jpg 86w, https:\/\/www.correspondentevianopolino.com.br\/site\/wp-content\/uploads\/2023\/10\/1000795430.jpg 721w\" sizes=\"(max-width: 461px) 100vw, 461px\" \/><\/figure>\n\n\n\n<p>NA FOTO ACIMA, <strong>HELENA ARA\u00daJO LE\u00c3O BENTO<\/strong>, FILHA DE PEDRO MIGUEL LE\u00c3O E DINAIR ARA\u00daJO LE\u00c3O.<\/p>\n\n\n\n<figure class=\"wp-block-image size-large\"><img decoding=\"async\" width=\"768\" height=\"1024\" src=\"https:\/\/www.correspondentevianopolino.com.br\/site\/wp-content\/uploads\/2023\/10\/1000795423-768x1024.jpg\" alt=\"\" class=\"wp-image-91430\" srcset=\"https:\/\/www.correspondentevianopolino.com.br\/site\/wp-content\/uploads\/2023\/10\/1000795423-768x1024.jpg 768w, https:\/\/www.correspondentevianopolino.com.br\/site\/wp-content\/uploads\/2023\/10\/1000795423-225x300.jpg 225w, https:\/\/www.correspondentevianopolino.com.br\/site\/wp-content\/uploads\/2023\/10\/1000795423-465x620.jpg 465w, https:\/\/www.correspondentevianopolino.com.br\/site\/wp-content\/uploads\/2023\/10\/1000795423-1152x1536.jpg 1152w, https:\/\/www.correspondentevianopolino.com.br\/site\/wp-content\/uploads\/2023\/10\/1000795423-233x310.jpg 233w, https:\/\/www.correspondentevianopolino.com.br\/site\/wp-content\/uploads\/2023\/10\/1000795423-160x213.jpg 160w, https:\/\/www.correspondentevianopolino.com.br\/site\/wp-content\/uploads\/2023\/10\/1000795423-153x204.jpg 153w, https:\/\/www.correspondentevianopolino.com.br\/site\/wp-content\/uploads\/2023\/10\/1000795423-143x190.jpg 143w, https:\/\/www.correspondentevianopolino.com.br\/site\/wp-content\/uploads\/2023\/10\/1000795423.jpg 1200w\" sizes=\"(max-width: 768px) 100vw, 768px\" \/><\/figure>\n\n\n\n<p>NA FOTO ACIMA, <strong>VINICIUS GON\u00c7ALVES DA SILVA<\/strong>, FILHO DE JOSENEI BEZERRA DA SILVA E EDIENE FRANCISCA GON\u00c7ALVES.<\/p>\n\n\n\n<figure class=\"wp-block-image size-large\"><img decoding=\"async\" width=\"576\" height=\"1024\" src=\"https:\/\/www.correspondentevianopolino.com.br\/site\/wp-content\/uploads\/2023\/10\/1000795421-576x1024.jpg\" alt=\"\" class=\"wp-image-91431\" srcset=\"https:\/\/www.correspondentevianopolino.com.br\/site\/wp-content\/uploads\/2023\/10\/1000795421-576x1024.jpg 576w, https:\/\/www.correspondentevianopolino.com.br\/site\/wp-content\/uploads\/2023\/10\/1000795421-169x300.jpg 169w, https:\/\/www.correspondentevianopolino.com.br\/site\/wp-content\/uploads\/2023\/10\/1000795421-465x827.jpg 465w, https:\/\/www.correspondentevianopolino.com.br\/site\/wp-content\/uploads\/2023\/10\/1000795421-174x310.jpg 174w, https:\/\/www.correspondentevianopolino.com.br\/site\/wp-content\/uploads\/2023\/10\/1000795421-120x213.jpg 120w, https:\/\/www.correspondentevianopolino.com.br\/site\/wp-content\/uploads\/2023\/10\/1000795421-115x204.jpg 115w, https:\/\/www.correspondentevianopolino.com.br\/site\/wp-content\/uploads\/2023\/10\/1000795421-107x190.jpg 107w, https:\/\/www.correspondentevianopolino.com.br\/site\/wp-content\/uploads\/2023\/10\/1000795421.jpg 720w\" sizes=\"(max-width: 576px) 100vw, 576px\" \/><\/figure>\n\n\n\n<p>NA FOTO ACIMA, <strong>OT\u00c1VIO SOUZA CARRIJO,<\/strong> FILHO DE FERNANDO MELO CARRIJO E R\u00cdSIA MARIA DE SOUZA.<\/p>\n\n\n\n<figure class=\"wp-block-image size-large\"><img decoding=\"async\" width=\"819\" height=\"1024\" src=\"https:\/\/www.correspondentevianopolino.com.br\/site\/wp-content\/uploads\/2023\/10\/1000794734-819x1024.png\" alt=\"\" class=\"wp-image-91370\" srcset=\"https:\/\/www.correspondentevianopolino.com.br\/site\/wp-content\/uploads\/2023\/10\/1000794734-819x1024.png 819w, https:\/\/www.correspondentevianopolino.com.br\/site\/wp-content\/uploads\/2023\/10\/1000794734-240x300.png 240w, https:\/\/www.correspondentevianopolino.com.br\/site\/wp-content\/uploads\/2023\/10\/1000794734-465x581.png 465w, https:\/\/www.correspondentevianopolino.com.br\/site\/wp-content\/uploads\/2023\/10\/1000794734-768x960.png 768w, https:\/\/www.correspondentevianopolino.com.br\/site\/wp-content\/uploads\/2023\/10\/1000794734-248x310.png 248w, https:\/\/www.correspondentevianopolino.com.br\/site\/wp-content\/uploads\/2023\/10\/1000794734-170x213.png 170w, https:\/\/www.correspondentevianopolino.com.br\/site\/wp-content\/uploads\/2023\/10\/1000794734-163x204.png 163w, https:\/\/www.correspondentevianopolino.com.br\/site\/wp-content\/uploads\/2023\/10\/1000794734-152x190.png 152w, https:\/\/www.correspondentevianopolino.com.br\/site\/wp-content\/uploads\/2023\/10\/1000794734.png 1024w\" sizes=\"(max-width: 819px) 100vw, 819px\" \/><\/figure>\n\n\n\n<p><\/p>\n\n\n\n<figure class=\"wp-block-image size-large\"><img decoding=\"async\" width=\"1024\" height=\"1024\" src=\"https:\/\/www.correspondentevianopolino.com.br\/site\/wp-content\/uploads\/2023\/10\/1000795197-1024x1024.jpg\" alt=\"\" class=\"wp-image-91433\" srcset=\"https:\/\/www.correspondentevianopolino.com.br\/site\/wp-content\/uploads\/2023\/10\/1000795197-1024x1024.jpg 1024w, https:\/\/www.correspondentevianopolino.com.br\/site\/wp-content\/uploads\/2023\/10\/1000795197-300x300.jpg 300w, https:\/\/www.correspondentevianopolino.com.br\/site\/wp-content\/uploads\/2023\/10\/1000795197-465x465.jpg 465w, https:\/\/www.correspondentevianopolino.com.br\/site\/wp-content\/uploads\/2023\/10\/1000795197-768x768.jpg 768w, https:\/\/www.correspondentevianopolino.com.br\/site\/wp-content\/uploads\/2023\/10\/1000795197-310x310.jpg 310w, https:\/\/www.correspondentevianopolino.com.br\/site\/wp-content\/uploads\/2023\/10\/1000795197-213x213.jpg 213w, https:\/\/www.correspondentevianopolino.com.br\/site\/wp-content\/uploads\/2023\/10\/1000795197-204x204.jpg 204w, https:\/\/www.correspondentevianopolino.com.br\/site\/wp-content\/uploads\/2023\/10\/1000795197-190x190.jpg 190w, https:\/\/www.correspondentevianopolino.com.br\/site\/wp-content\/uploads\/2023\/10\/1000795197.jpg 1080w\" sizes=\"(max-width: 1024px) 100vw, 1024px\" \/><\/figure>\n\n\n\n<p>NA FOTO ACIMA, <strong>MARIA LUIZA ALVES<\/strong>, FILHA DE JOYCE RODRIGUES ALVES.<\/p>\n\n\n\n<figure class=\"wp-block-image size-large\"><img decoding=\"async\" width=\"576\" height=\"1024\" src=\"https:\/\/www.correspondentevianopolino.com.br\/site\/wp-content\/uploads\/2023\/10\/1000795407-576x1024.jpg\" alt=\"\" class=\"wp-image-91434\" srcset=\"https:\/\/www.correspondentevianopolino.com.br\/site\/wp-content\/uploads\/2023\/10\/1000795407-576x1024.jpg 576w, https:\/\/www.correspondentevianopolino.com.br\/site\/wp-content\/uploads\/2023\/10\/1000795407-169x300.jpg 169w, https:\/\/www.correspondentevianopolino.com.br\/site\/wp-content\/uploads\/2023\/10\/1000795407-465x827.jpg 465w, https:\/\/www.correspondentevianopolino.com.br\/site\/wp-content\/uploads\/2023\/10\/1000795407-768x1366.jpg 768w, https:\/\/www.correspondentevianopolino.com.br\/site\/wp-content\/uploads\/2023\/10\/1000795407-864x1536.jpg 864w, https:\/\/www.correspondentevianopolino.com.br\/site\/wp-content\/uploads\/2023\/10\/1000795407-174x310.jpg 174w, https:\/\/www.correspondentevianopolino.com.br\/site\/wp-content\/uploads\/2023\/10\/1000795407-120x213.jpg 120w, https:\/\/www.correspondentevianopolino.com.br\/site\/wp-content\/uploads\/2023\/10\/1000795407-115x204.jpg 115w, https:\/\/www.correspondentevianopolino.com.br\/site\/wp-content\/uploads\/2023\/10\/1000795407-107x190.jpg 107w, https:\/\/www.correspondentevianopolino.com.br\/site\/wp-content\/uploads\/2023\/10\/1000795407.jpg 899w\" sizes=\"(max-width: 576px) 100vw, 576px\" \/><\/figure>\n\n\n\n<p>NA FOTO ACIMA,<strong> LAVINNY DA SILVA PAIVA MARCIEL PEREIRA<\/strong>, FILHA DE POLIANNA DA SILVA PAIVA DE ABREU.<\/p>\n\n\n\n<figure class=\"wp-block-image size-full\"><img decoding=\"async\" width=\"720\" height=\"963\" src=\"https:\/\/www.correspondentevianopolino.com.br\/site\/wp-content\/uploads\/2023\/10\/1000795404.jpg\" alt=\"\" class=\"wp-image-91436\" srcset=\"https:\/\/www.correspondentevianopolino.com.br\/site\/wp-content\/uploads\/2023\/10\/1000795404.jpg 720w, https:\/\/www.correspondentevianopolino.com.br\/site\/wp-content\/uploads\/2023\/10\/1000795404-224x300.jpg 224w, https:\/\/www.correspondentevianopolino.com.br\/site\/wp-content\/uploads\/2023\/10\/1000795404-465x622.jpg 465w, https:\/\/www.correspondentevianopolino.com.br\/site\/wp-content\/uploads\/2023\/10\/1000795404-232x310.jpg 232w, https:\/\/www.correspondentevianopolino.com.br\/site\/wp-content\/uploads\/2023\/10\/1000795404-159x213.jpg 159w, https:\/\/www.correspondentevianopolino.com.br\/site\/wp-content\/uploads\/2023\/10\/1000795404-153x204.jpg 153w, https:\/\/www.correspondentevianopolino.com.br\/site\/wp-content\/uploads\/2023\/10\/1000795404-142x190.jpg 142w\" sizes=\"(max-width: 720px) 100vw, 720px\" \/><\/figure>\n\n\n\n<p>NA FOTO ACIMA, <strong>ALICE PARREIRA SOUTO,<\/strong> FILHA DE NARA DOS SANTOS PARREIRA E ALLEF RIBEIRO SOUTO.<\/p>\n\n\n\n<figure class=\"wp-block-image size-large\"><img decoding=\"async\" width=\"611\" height=\"1024\" src=\"https:\/\/www.correspondentevianopolino.com.br\/site\/wp-content\/uploads\/2023\/10\/1000795401-611x1024.jpg\" alt=\"\" class=\"wp-image-91437\" srcset=\"https:\/\/www.correspondentevianopolino.com.br\/site\/wp-content\/uploads\/2023\/10\/1000795401-611x1024.jpg 611w, https:\/\/www.correspondentevianopolino.com.br\/site\/wp-content\/uploads\/2023\/10\/1000795401-179x300.jpg 179w, https:\/\/www.correspondentevianopolino.com.br\/site\/wp-content\/uploads\/2023\/10\/1000795401-465x780.jpg 465w, https:\/\/www.correspondentevianopolino.com.br\/site\/wp-content\/uploads\/2023\/10\/1000795401-185x310.jpg 185w, https:\/\/www.correspondentevianopolino.com.br\/site\/wp-content\/uploads\/2023\/10\/1000795401-127x213.jpg 127w, https:\/\/www.correspondentevianopolino.com.br\/site\/wp-content\/uploads\/2023\/10\/1000795401-122x204.jpg 122w, https:\/\/www.correspondentevianopolino.com.br\/site\/wp-content\/uploads\/2023\/10\/1000795401-113x190.jpg 113w, https:\/\/www.correspondentevianopolino.com.br\/site\/wp-content\/uploads\/2023\/10\/1000795401.jpg 720w\" sizes=\"(max-width: 611px) 100vw, 611px\" \/><\/figure>\n\n\n\n<p>NA FOTO ACIMA, <strong>APOLLO PARREIRA SOUTO,<\/strong> FILHO DE NARA DOS SANTOS PARREIRA E ALLEF RIBEIRO SOUTO.<\/p>\n\n\n\n<figure class=\"wp-block-image size-full\"><img decoding=\"async\" width=\"1021\" height=\"377\" src=\"https:\/\/www.correspondentevianopolino.com.br\/site\/wp-content\/uploads\/2023\/10\/thumbnail.jpg\" alt=\"\" class=\"wp-image-91307\" srcset=\"https:\/\/www.correspondentevianopolino.com.br\/site\/wp-content\/uploads\/2023\/10\/thumbnail.jpg 1021w, https:\/\/www.correspondentevianopolino.com.br\/site\/wp-content\/uploads\/2023\/10\/thumbnail-300x111.jpg 300w, https:\/\/www.correspondentevianopolino.com.br\/site\/wp-content\/uploads\/2023\/10\/thumbnail-465x172.jpg 465w, https:\/\/www.correspondentevianopolino.com.br\/site\/wp-content\/uploads\/2023\/10\/thumbnail-768x284.jpg 768w, https:\/\/www.correspondentevianopolino.com.br\/site\/wp-content\/uploads\/2023\/10\/thumbnail-327x121.jpg 327w, https:\/\/www.correspondentevianopolino.com.br\/site\/wp-content\/uploads\/2023\/10\/thumbnail-389x144.jpg 389w, https:\/\/www.correspondentevianopolino.com.br\/site\/wp-content\/uploads\/2023\/10\/thumbnail-260x96.jpg 260w\" sizes=\"(max-width: 1021px) 100vw, 1021px\" \/><\/figure>\n\n\n\n<figure class=\"wp-block-image size-large\"><img decoding=\"async\" width=\"574\" height=\"1024\" src=\"https:\/\/www.correspondentevianopolino.com.br\/site\/wp-content\/uploads\/2023\/10\/1000795398-574x1024.jpg\" alt=\"\" class=\"wp-image-91438\" srcset=\"https:\/\/www.correspondentevianopolino.com.br\/site\/wp-content\/uploads\/2023\/10\/1000795398-574x1024.jpg 574w, https:\/\/www.correspondentevianopolino.com.br\/site\/wp-content\/uploads\/2023\/10\/1000795398-168x300.jpg 168w, https:\/\/www.correspondentevianopolino.com.br\/site\/wp-content\/uploads\/2023\/10\/1000795398-465x829.jpg 465w, https:\/\/www.correspondentevianopolino.com.br\/site\/wp-content\/uploads\/2023\/10\/1000795398-768x1370.jpg 768w, https:\/\/www.correspondentevianopolino.com.br\/site\/wp-content\/uploads\/2023\/10\/1000795398-861x1536.jpg 861w, https:\/\/www.correspondentevianopolino.com.br\/site\/wp-content\/uploads\/2023\/10\/1000795398-174x310.jpg 174w, https:\/\/www.correspondentevianopolino.com.br\/site\/wp-content\/uploads\/2023\/10\/1000795398-119x213.jpg 119w, https:\/\/www.correspondentevianopolino.com.br\/site\/wp-content\/uploads\/2023\/10\/1000795398-114x204.jpg 114w, https:\/\/www.correspondentevianopolino.com.br\/site\/wp-content\/uploads\/2023\/10\/1000795398-107x190.jpg 107w, https:\/\/www.correspondentevianopolino.com.br\/site\/wp-content\/uploads\/2023\/10\/1000795398.jpg 897w\" sizes=\"(max-width: 574px) 100vw, 574px\" \/><\/figure>\n\n\n\n<p>NA FOTO ACIMA, <strong>AL\u00cdCIA RIBEIRO DE ASSIS DA SILVA,<\/strong> FILHA DE GABRIELE TIM\u00d3TEO DA SILVA E F\u00c1BIO ASSIS RIBEIRO.<\/p>\n\n\n\n<figure class=\"wp-block-image size-full\"><img decoding=\"async\" width=\"576\" height=\"770\" src=\"https:\/\/www.correspondentevianopolino.com.br\/site\/wp-content\/uploads\/2023\/10\/1000795395.jpg\" alt=\"\" class=\"wp-image-91439\" srcset=\"https:\/\/www.correspondentevianopolino.com.br\/site\/wp-content\/uploads\/2023\/10\/1000795395.jpg 576w, https:\/\/www.correspondentevianopolino.com.br\/site\/wp-content\/uploads\/2023\/10\/1000795395-224x300.jpg 224w, https:\/\/www.correspondentevianopolino.com.br\/site\/wp-content\/uploads\/2023\/10\/1000795395-465x622.jpg 465w, https:\/\/www.correspondentevianopolino.com.br\/site\/wp-content\/uploads\/2023\/10\/1000795395-232x310.jpg 232w, https:\/\/www.correspondentevianopolino.com.br\/site\/wp-content\/uploads\/2023\/10\/1000795395-159x213.jpg 159w, https:\/\/www.correspondentevianopolino.com.br\/site\/wp-content\/uploads\/2023\/10\/1000795395-153x204.jpg 153w, https:\/\/www.correspondentevianopolino.com.br\/site\/wp-content\/uploads\/2023\/10\/1000795395-142x190.jpg 142w\" sizes=\"(max-width: 576px) 100vw, 576px\" \/><\/figure>\n\n\n\n<p>NA FOTO ACIMA, <strong>YURI GABRIEL DE SOUZA<\/strong>, FILHO DE ANA CL\u00c1UDIA COUTO DE SOUZA.<\/p>\n\n\n\n<figure class=\"wp-block-image size-large\"><img decoding=\"async\" width=\"648\" height=\"1024\" src=\"https:\/\/www.correspondentevianopolino.com.br\/site\/wp-content\/uploads\/2023\/10\/1000795390-648x1024.jpg\" alt=\"\" class=\"wp-image-91441\" srcset=\"https:\/\/www.correspondentevianopolino.com.br\/site\/wp-content\/uploads\/2023\/10\/1000795390-648x1024.jpg 648w, https:\/\/www.correspondentevianopolino.com.br\/site\/wp-content\/uploads\/2023\/10\/1000795390-190x300.jpg 190w, https:\/\/www.correspondentevianopolino.com.br\/site\/wp-content\/uploads\/2023\/10\/1000795390-465x734.jpg 465w, https:\/\/www.correspondentevianopolino.com.br\/site\/wp-content\/uploads\/2023\/10\/1000795390-768x1213.jpg 768w, https:\/\/www.correspondentevianopolino.com.br\/site\/wp-content\/uploads\/2023\/10\/1000795390-972x1536.jpg 972w, https:\/\/www.correspondentevianopolino.com.br\/site\/wp-content\/uploads\/2023\/10\/1000795390-196x310.jpg 196w, https:\/\/www.correspondentevianopolino.com.br\/site\/wp-content\/uploads\/2023\/10\/1000795390-135x213.jpg 135w, https:\/\/www.correspondentevianopolino.com.br\/site\/wp-content\/uploads\/2023\/10\/1000795390-129x204.jpg 129w, https:\/\/www.correspondentevianopolino.com.br\/site\/wp-content\/uploads\/2023\/10\/1000795390-120x190.jpg 120w, https:\/\/www.correspondentevianopolino.com.br\/site\/wp-content\/uploads\/2023\/10\/1000795390.jpg 1013w\" sizes=\"(max-width: 648px) 100vw, 648px\" \/><\/figure>\n\n\n\n<p>NA FOTO ACIMA, <strong>ISABELLA VICT\u00d3RIA SILVA RIBEIRO<\/strong>, FILHA DE N\u00c1DIA RAQUEL DA SILVA E AGUIN\u00c9RIO RIBEIRO.<\/p>\n\n\n\n<figure class=\"wp-block-image size-large\"><img decoding=\"async\" width=\"576\" height=\"1024\" src=\"https:\/\/www.correspondentevianopolino.com.br\/site\/wp-content\/uploads\/2023\/10\/IMG-20231011-WA0089-576x1024.jpg\" alt=\"\" class=\"wp-image-91443\" srcset=\"https:\/\/www.correspondentevianopolino.com.br\/site\/wp-content\/uploads\/2023\/10\/IMG-20231011-WA0089-576x1024.jpg 576w, https:\/\/www.correspondentevianopolino.com.br\/site\/wp-content\/uploads\/2023\/10\/IMG-20231011-WA0089-169x300.jpg 169w, https:\/\/www.correspondentevianopolino.com.br\/site\/wp-content\/uploads\/2023\/10\/IMG-20231011-WA0089-465x827.jpg 465w, https:\/\/www.correspondentevianopolino.com.br\/site\/wp-content\/uploads\/2023\/10\/IMG-20231011-WA0089-174x310.jpg 174w, https:\/\/www.correspondentevianopolino.com.br\/site\/wp-content\/uploads\/2023\/10\/IMG-20231011-WA0089-120x213.jpg 120w, https:\/\/www.correspondentevianopolino.com.br\/site\/wp-content\/uploads\/2023\/10\/IMG-20231011-WA0089-115x204.jpg 115w, https:\/\/www.correspondentevianopolino.com.br\/site\/wp-content\/uploads\/2023\/10\/IMG-20231011-WA0089-107x190.jpg 107w, https:\/\/www.correspondentevianopolino.com.br\/site\/wp-content\/uploads\/2023\/10\/IMG-20231011-WA0089.jpg 720w\" sizes=\"(max-width: 576px) 100vw, 576px\" \/><\/figure>\n\n\n\n<p>NA FOTO ACIMA, <strong>EMILY CRISTINA XAVIER<\/strong> ARA\u00daJO, FILHA DE LORRAINE XAVIER CORR\u00caA E ADRIANO ARA\u00daJO DE OLIVEIRA.<\/p>\n\n\n\n<figure class=\"wp-block-image size-large\"><img decoding=\"async\" width=\"750\" height=\"1024\" src=\"https:\/\/www.correspondentevianopolino.com.br\/site\/wp-content\/uploads\/2023\/10\/thumbnail-1-750x1024.jpg\" alt=\"\" class=\"wp-image-91315\" srcset=\"https:\/\/www.correspondentevianopolino.com.br\/site\/wp-content\/uploads\/2023\/10\/thumbnail-1-750x1024.jpg 750w, https:\/\/www.correspondentevianopolino.com.br\/site\/wp-content\/uploads\/2023\/10\/thumbnail-1-220x300.jpg 220w, https:\/\/www.correspondentevianopolino.com.br\/site\/wp-content\/uploads\/2023\/10\/thumbnail-1-465x635.jpg 465w, https:\/\/www.correspondentevianopolino.com.br\/site\/wp-content\/uploads\/2023\/10\/thumbnail-1-768x1048.jpg 768w, https:\/\/www.correspondentevianopolino.com.br\/site\/wp-content\/uploads\/2023\/10\/thumbnail-1-227x310.jpg 227w, https:\/\/www.correspondentevianopolino.com.br\/site\/wp-content\/uploads\/2023\/10\/thumbnail-1-156x213.jpg 156w, https:\/\/www.correspondentevianopolino.com.br\/site\/wp-content\/uploads\/2023\/10\/thumbnail-1-149x204.jpg 149w, https:\/\/www.correspondentevianopolino.com.br\/site\/wp-content\/uploads\/2023\/10\/thumbnail-1-139x190.jpg 139w, https:\/\/www.correspondentevianopolino.com.br\/site\/wp-content\/uploads\/2023\/10\/thumbnail-1.jpg 1080w\" sizes=\"(max-width: 750px) 100vw, 750px\" \/><\/figure>\n\n\n\n<p><\/p>\n\n\n\n<figure class=\"wp-block-image size-large\"><img decoding=\"async\" width=\"618\" height=\"1024\" src=\"https:\/\/www.correspondentevianopolino.com.br\/site\/wp-content\/uploads\/2023\/10\/1000795371-618x1024.jpg\" alt=\"\" class=\"wp-image-91444\" srcset=\"https:\/\/www.correspondentevianopolino.com.br\/site\/wp-content\/uploads\/2023\/10\/1000795371-618x1024.jpg 618w, https:\/\/www.correspondentevianopolino.com.br\/site\/wp-content\/uploads\/2023\/10\/1000795371-181x300.jpg 181w, https:\/\/www.correspondentevianopolino.com.br\/site\/wp-content\/uploads\/2023\/10\/1000795371-465x770.jpg 465w, https:\/\/www.correspondentevianopolino.com.br\/site\/wp-content\/uploads\/2023\/10\/1000795371-768x1272.jpg 768w, https:\/\/www.correspondentevianopolino.com.br\/site\/wp-content\/uploads\/2023\/10\/1000795371-187x310.jpg 187w, https:\/\/www.correspondentevianopolino.com.br\/site\/wp-content\/uploads\/2023\/10\/1000795371-129x213.jpg 129w, https:\/\/www.correspondentevianopolino.com.br\/site\/wp-content\/uploads\/2023\/10\/1000795371-123x204.jpg 123w, https:\/\/www.correspondentevianopolino.com.br\/site\/wp-content\/uploads\/2023\/10\/1000795371-115x190.jpg 115w, https:\/\/www.correspondentevianopolino.com.br\/site\/wp-content\/uploads\/2023\/10\/1000795371.jpg 773w\" sizes=\"(max-width: 618px) 100vw, 618px\" \/><\/figure>\n\n\n\n<p>NA FOTO ACIMA, <strong>EMANUELLY FERNANDES VALVERDE<\/strong>, FILHA DE LARIANE FERNANDES DA SILVA E REGINALDO DE SOUZA VALVERDE.<\/p>\n\n\n\n<figure class=\"wp-block-image size-large\"><img decoding=\"async\" width=\"624\" height=\"1024\" src=\"https:\/\/www.correspondentevianopolino.com.br\/site\/wp-content\/uploads\/2023\/10\/1000795368-624x1024.jpg\" alt=\"\" class=\"wp-image-91445\" srcset=\"https:\/\/www.correspondentevianopolino.com.br\/site\/wp-content\/uploads\/2023\/10\/1000795368-624x1024.jpg 624w, https:\/\/www.correspondentevianopolino.com.br\/site\/wp-content\/uploads\/2023\/10\/1000795368-183x300.jpg 183w, https:\/\/www.correspondentevianopolino.com.br\/site\/wp-content\/uploads\/2023\/10\/1000795368-465x763.jpg 465w, https:\/\/www.correspondentevianopolino.com.br\/site\/wp-content\/uploads\/2023\/10\/1000795368-768x1260.jpg 768w, https:\/\/www.correspondentevianopolino.com.br\/site\/wp-content\/uploads\/2023\/10\/1000795368-189x310.jpg 189w, https:\/\/www.correspondentevianopolino.com.br\/site\/wp-content\/uploads\/2023\/10\/1000795368-130x213.jpg 130w, https:\/\/www.correspondentevianopolino.com.br\/site\/wp-content\/uploads\/2023\/10\/1000795368-124x204.jpg 124w, https:\/\/www.correspondentevianopolino.com.br\/site\/wp-content\/uploads\/2023\/10\/1000795368-116x190.jpg 116w, https:\/\/www.correspondentevianopolino.com.br\/site\/wp-content\/uploads\/2023\/10\/1000795368.jpg 780w\" sizes=\"(max-width: 624px) 100vw, 624px\" \/><\/figure>\n\n\n\n<p>NA FOTO ACIMA, <strong>ANNA ALICE FERNANDES VALVERDE<\/strong>, FILHA DE LARIANE FERNANDES DA SILVA E REGINALDO DE SOUZA VALVERDE.<\/p>\n\n\n\n<figure class=\"wp-block-image size-large\"><img decoding=\"async\" width=\"615\" height=\"1024\" src=\"https:\/\/www.correspondentevianopolino.com.br\/site\/wp-content\/uploads\/2023\/10\/1000795365-615x1024.jpg\" alt=\"\" class=\"wp-image-91446\" srcset=\"https:\/\/www.correspondentevianopolino.com.br\/site\/wp-content\/uploads\/2023\/10\/1000795365-615x1024.jpg 615w, https:\/\/www.correspondentevianopolino.com.br\/site\/wp-content\/uploads\/2023\/10\/1000795365-180x300.jpg 180w, https:\/\/www.correspondentevianopolino.com.br\/site\/wp-content\/uploads\/2023\/10\/1000795365-465x774.jpg 465w, https:\/\/www.correspondentevianopolino.com.br\/site\/wp-content\/uploads\/2023\/10\/1000795365-768x1278.jpg 768w, https:\/\/www.correspondentevianopolino.com.br\/site\/wp-content\/uploads\/2023\/10\/1000795365-186x310.jpg 186w, https:\/\/www.correspondentevianopolino.com.br\/site\/wp-content\/uploads\/2023\/10\/1000795365-128x213.jpg 128w, https:\/\/www.correspondentevianopolino.com.br\/site\/wp-content\/uploads\/2023\/10\/1000795365-123x204.jpg 123w, https:\/\/www.correspondentevianopolino.com.br\/site\/wp-content\/uploads\/2023\/10\/1000795365-114x190.jpg 114w, https:\/\/www.correspondentevianopolino.com.br\/site\/wp-content\/uploads\/2023\/10\/1000795365.jpg 769w\" sizes=\"(max-width: 615px) 100vw, 615px\" \/><\/figure>\n\n\n\n<p>NA FOTO ACIMA, <strong>JAYDSON DANIEL FERNANDES ARA\u00daJO<\/strong>, FILHO DE LARIANE FERNANDES DA SILVA E OSMAR ARA\u00daJO DOS SANTOS.<\/p>\n\n\n\n<figure class=\"wp-block-image size-full\"><img decoding=\"async\" width=\"405\" height=\"720\" src=\"https:\/\/www.correspondentevianopolino.com.br\/site\/wp-content\/uploads\/2023\/10\/1000795363.jpg\" alt=\"\" class=\"wp-image-91448\" srcset=\"https:\/\/www.correspondentevianopolino.com.br\/site\/wp-content\/uploads\/2023\/10\/1000795363.jpg 405w, https:\/\/www.correspondentevianopolino.com.br\/site\/wp-content\/uploads\/2023\/10\/1000795363-169x300.jpg 169w, https:\/\/www.correspondentevianopolino.com.br\/site\/wp-content\/uploads\/2023\/10\/1000795363-174x310.jpg 174w, https:\/\/www.correspondentevianopolino.com.br\/site\/wp-content\/uploads\/2023\/10\/1000795363-120x213.jpg 120w, https:\/\/www.correspondentevianopolino.com.br\/site\/wp-content\/uploads\/2023\/10\/1000795363-115x204.jpg 115w, https:\/\/www.correspondentevianopolino.com.br\/site\/wp-content\/uploads\/2023\/10\/1000795363-107x190.jpg 107w\" sizes=\"(max-width: 405px) 100vw, 405px\" \/><\/figure>\n\n\n\n<p>NA FOTO ACIMA, <strong>HYORRANA FERNANDES VALVERD<\/strong>E, FILHA DE LARIANE FERNANDES DA SILVA E REGINALDO DE SOUZA VALVERDE.<\/p>\n\n\n\n<figure class=\"wp-block-image size-full\"><img decoding=\"async\" width=\"480\" height=\"480\" src=\"https:\/\/www.correspondentevianopolino.com.br\/site\/wp-content\/uploads\/2023\/10\/thumbnail-27.jpg\" alt=\"\" class=\"wp-image-91316\" srcset=\"https:\/\/www.correspondentevianopolino.com.br\/site\/wp-content\/uploads\/2023\/10\/thumbnail-27.jpg 480w, https:\/\/www.correspondentevianopolino.com.br\/site\/wp-content\/uploads\/2023\/10\/thumbnail-27-300x300.jpg 300w, https:\/\/www.correspondentevianopolino.com.br\/site\/wp-content\/uploads\/2023\/10\/thumbnail-27-465x465.jpg 465w, https:\/\/www.correspondentevianopolino.com.br\/site\/wp-content\/uploads\/2023\/10\/thumbnail-27-310x310.jpg 310w, https:\/\/www.correspondentevianopolino.com.br\/site\/wp-content\/uploads\/2023\/10\/thumbnail-27-213x213.jpg 213w, https:\/\/www.correspondentevianopolino.com.br\/site\/wp-content\/uploads\/2023\/10\/thumbnail-27-204x204.jpg 204w, https:\/\/www.correspondentevianopolino.com.br\/site\/wp-content\/uploads\/2023\/10\/thumbnail-27-190x190.jpg 190w\" sizes=\"(max-width: 480px) 100vw, 480px\" \/><\/figure>\n\n\n\n<figure class=\"wp-block-image size-large\"><img decoding=\"async\" width=\"478\" height=\"1024\" src=\"https:\/\/www.correspondentevianopolino.com.br\/site\/wp-content\/uploads\/2023\/10\/1000795358-478x1024.jpg\" alt=\"\" class=\"wp-image-91449\" srcset=\"https:\/\/www.correspondentevianopolino.com.br\/site\/wp-content\/uploads\/2023\/10\/1000795358-478x1024.jpg 478w, https:\/\/www.correspondentevianopolino.com.br\/site\/wp-content\/uploads\/2023\/10\/1000795358-140x300.jpg 140w, https:\/\/www.correspondentevianopolino.com.br\/site\/wp-content\/uploads\/2023\/10\/1000795358-465x996.jpg 465w, https:\/\/www.correspondentevianopolino.com.br\/site\/wp-content\/uploads\/2023\/10\/1000795358-717x1536.jpg 717w, https:\/\/www.correspondentevianopolino.com.br\/site\/wp-content\/uploads\/2023\/10\/1000795358-145x310.jpg 145w, https:\/\/www.correspondentevianopolino.com.br\/site\/wp-content\/uploads\/2023\/10\/1000795358-99x213.jpg 99w, https:\/\/www.correspondentevianopolino.com.br\/site\/wp-content\/uploads\/2023\/10\/1000795358-95x204.jpg 95w, https:\/\/www.correspondentevianopolino.com.br\/site\/wp-content\/uploads\/2023\/10\/1000795358-89x190.jpg 89w, https:\/\/www.correspondentevianopolino.com.br\/site\/wp-content\/uploads\/2023\/10\/1000795358.jpg 747w\" sizes=\"(max-width: 478px) 100vw, 478px\" \/><\/figure>\n\n\n\n<p>NA FOTO ACIMA,<strong> MATEUS CAIXETA DA SILVA DOS SANTOS<\/strong>, FILHO DE PEDRO HENRIQUE DA SILVA DOS SANTOS E MARIA LAURA BARBOSA.<\/p>\n\n\n\n<figure class=\"wp-block-image size-large\"><img decoding=\"async\" width=\"768\" height=\"1024\" src=\"https:\/\/www.correspondentevianopolino.com.br\/site\/wp-content\/uploads\/2023\/10\/1000795341-768x1024.jpg\" alt=\"\" class=\"wp-image-91450\" srcset=\"https:\/\/www.correspondentevianopolino.com.br\/site\/wp-content\/uploads\/2023\/10\/1000795341-768x1024.jpg 768w, https:\/\/www.correspondentevianopolino.com.br\/site\/wp-content\/uploads\/2023\/10\/1000795341-225x300.jpg 225w, https:\/\/www.correspondentevianopolino.com.br\/site\/wp-content\/uploads\/2023\/10\/1000795341-465x620.jpg 465w, https:\/\/www.correspondentevianopolino.com.br\/site\/wp-content\/uploads\/2023\/10\/1000795341-1152x1536.jpg 1152w, https:\/\/www.correspondentevianopolino.com.br\/site\/wp-content\/uploads\/2023\/10\/1000795341-233x310.jpg 233w, https:\/\/www.correspondentevianopolino.com.br\/site\/wp-content\/uploads\/2023\/10\/1000795341-160x213.jpg 160w, https:\/\/www.correspondentevianopolino.com.br\/site\/wp-content\/uploads\/2023\/10\/1000795341-153x204.jpg 153w, https:\/\/www.correspondentevianopolino.com.br\/site\/wp-content\/uploads\/2023\/10\/1000795341-143x190.jpg 143w, https:\/\/www.correspondentevianopolino.com.br\/site\/wp-content\/uploads\/2023\/10\/1000795341.jpg 1200w\" sizes=\"(max-width: 768px) 100vw, 768px\" \/><\/figure>\n\n\n\n<p>NA FOTO ACIMA, <strong>PEDRO HENRIQUE CARDOSO OLIVEIRA<\/strong>, FILHO DE CLAUDEIR SOUZA DE OLIVEIRA E VIT\u00d3RIA DALVA MOREIRA CARDOSO.<\/p>\n\n\n\n<figure class=\"wp-block-image size-large\"><img decoding=\"async\" width=\"576\" height=\"1024\" src=\"https:\/\/www.correspondentevianopolino.com.br\/site\/wp-content\/uploads\/2023\/10\/1000795338-576x1024.jpg\" alt=\"\" class=\"wp-image-91451\" srcset=\"https:\/\/www.correspondentevianopolino.com.br\/site\/wp-content\/uploads\/2023\/10\/1000795338-576x1024.jpg 576w, https:\/\/www.correspondentevianopolino.com.br\/site\/wp-content\/uploads\/2023\/10\/1000795338-169x300.jpg 169w, https:\/\/www.correspondentevianopolino.com.br\/site\/wp-content\/uploads\/2023\/10\/1000795338-465x827.jpg 465w, https:\/\/www.correspondentevianopolino.com.br\/site\/wp-content\/uploads\/2023\/10\/1000795338-768x1365.jpg 768w, https:\/\/www.correspondentevianopolino.com.br\/site\/wp-content\/uploads\/2023\/10\/1000795338-174x310.jpg 174w, https:\/\/www.correspondentevianopolino.com.br\/site\/wp-content\/uploads\/2023\/10\/1000795338-120x213.jpg 120w, https:\/\/www.correspondentevianopolino.com.br\/site\/wp-content\/uploads\/2023\/10\/1000795338-115x204.jpg 115w, https:\/\/www.correspondentevianopolino.com.br\/site\/wp-content\/uploads\/2023\/10\/1000795338-107x190.jpg 107w, https:\/\/www.correspondentevianopolino.com.br\/site\/wp-content\/uploads\/2023\/10\/1000795338.jpg 828w\" sizes=\"(max-width: 576px) 100vw, 576px\" \/><\/figure>\n\n\n\n<p>NA FOTO ACIMA, <strong>ELO\u00c1 CARDOSO OLIVEIRA<\/strong>, FILHA DE CLAUDEIR SOUZA DE OLIVEIRA E VIT\u00d3RIA DALVA MOREIRA CARDOSO.<\/p>\n\n\n\n<figure class=\"wp-block-image size-large\"><img decoding=\"async\" width=\"743\" height=\"1024\" src=\"https:\/\/www.correspondentevianopolino.com.br\/site\/wp-content\/uploads\/2023\/10\/1000795335-743x1024.jpg\" alt=\"\" class=\"wp-image-91452\" srcset=\"https:\/\/www.correspondentevianopolino.com.br\/site\/wp-content\/uploads\/2023\/10\/1000795335-743x1024.jpg 743w, https:\/\/www.correspondentevianopolino.com.br\/site\/wp-content\/uploads\/2023\/10\/1000795335-218x300.jpg 218w, https:\/\/www.correspondentevianopolino.com.br\/site\/wp-content\/uploads\/2023\/10\/1000795335-465x641.jpg 465w, https:\/\/www.correspondentevianopolino.com.br\/site\/wp-content\/uploads\/2023\/10\/1000795335-768x1058.jpg 768w, https:\/\/www.correspondentevianopolino.com.br\/site\/wp-content\/uploads\/2023\/10\/1000795335-225x310.jpg 225w, https:\/\/www.correspondentevianopolino.com.br\/site\/wp-content\/uploads\/2023\/10\/1000795335-155x213.jpg 155w, https:\/\/www.correspondentevianopolino.com.br\/site\/wp-content\/uploads\/2023\/10\/1000795335-148x204.jpg 148w, https:\/\/www.correspondentevianopolino.com.br\/site\/wp-content\/uploads\/2023\/10\/1000795335-138x190.jpg 138w, https:\/\/www.correspondentevianopolino.com.br\/site\/wp-content\/uploads\/2023\/10\/1000795335.jpg 906w\" sizes=\"(max-width: 743px) 100vw, 743px\" \/><\/figure>\n\n\n\n<p>NA FOTO ACIMA, <strong>J\u00daLIO C\u00c9SAR \u00c1VILA<\/strong>, FILHO DE LA\u00c9RCIO FELIPE \u00c1VILA E EDILENE DE F\u00c1TIMA SILVA \u00c1VILA.<\/p>\n\n\n\n<figure class=\"wp-block-image size-large\"><img decoding=\"async\" width=\"1024\" height=\"563\" src=\"https:\/\/www.correspondentevianopolino.com.br\/site\/wp-content\/uploads\/2023\/10\/1000794001-1024x563.jpg\" alt=\"\" class=\"wp-image-91309\" srcset=\"https:\/\/www.correspondentevianopolino.com.br\/site\/wp-content\/uploads\/2023\/10\/1000794001-1024x563.jpg 1024w, https:\/\/www.correspondentevianopolino.com.br\/site\/wp-content\/uploads\/2023\/10\/1000794001-300x165.jpg 300w, https:\/\/www.correspondentevianopolino.com.br\/site\/wp-content\/uploads\/2023\/10\/1000794001-465x256.jpg 465w, https:\/\/www.correspondentevianopolino.com.br\/site\/wp-content\/uploads\/2023\/10\/1000794001-768x422.jpg 768w, https:\/\/www.correspondentevianopolino.com.br\/site\/wp-content\/uploads\/2023\/10\/1000794001-327x180.jpg 327w, https:\/\/www.correspondentevianopolino.com.br\/site\/wp-content\/uploads\/2023\/10\/1000794001-371x204.jpg 371w, https:\/\/www.correspondentevianopolino.com.br\/site\/wp-content\/uploads\/2023\/10\/1000794001-260x143.jpg 260w, https:\/\/www.correspondentevianopolino.com.br\/site\/wp-content\/uploads\/2023\/10\/1000794001.jpg 1280w\" sizes=\"(max-width: 1024px) 100vw, 1024px\" \/><\/figure>\n\n\n\n<figure class=\"wp-block-image size-large\"><img decoding=\"async\" width=\"767\" height=\"1024\" src=\"https:\/\/www.correspondentevianopolino.com.br\/site\/wp-content\/uploads\/2023\/10\/1000795332-767x1024.jpg\" alt=\"\" class=\"wp-image-91453\" srcset=\"https:\/\/www.correspondentevianopolino.com.br\/site\/wp-content\/uploads\/2023\/10\/1000795332-767x1024.jpg 767w, https:\/\/www.correspondentevianopolino.com.br\/site\/wp-content\/uploads\/2023\/10\/1000795332-225x300.jpg 225w, https:\/\/www.correspondentevianopolino.com.br\/site\/wp-content\/uploads\/2023\/10\/1000795332-465x621.jpg 465w, https:\/\/www.correspondentevianopolino.com.br\/site\/wp-content\/uploads\/2023\/10\/1000795332-768x1026.jpg 768w, https:\/\/www.correspondentevianopolino.com.br\/site\/wp-content\/uploads\/2023\/10\/1000795332-232x310.jpg 232w, https:\/\/www.correspondentevianopolino.com.br\/site\/wp-content\/uploads\/2023\/10\/1000795332-159x213.jpg 159w, https:\/\/www.correspondentevianopolino.com.br\/site\/wp-content\/uploads\/2023\/10\/1000795332-153x204.jpg 153w, https:\/\/www.correspondentevianopolino.com.br\/site\/wp-content\/uploads\/2023\/10\/1000795332-142x190.jpg 142w, https:\/\/www.correspondentevianopolino.com.br\/site\/wp-content\/uploads\/2023\/10\/1000795332.jpg 962w\" sizes=\"(max-width: 767px) 100vw, 767px\" \/><\/figure>\n\n\n\n<p>NA FOTO ACIMA, <strong>ANA J\u00daLIA \u00c1VILA<\/strong>, FILHA DE LA\u00c9RCIO FELIPE \u00c1VILA E EDILENE DE F\u00c1TIMA SILVA \u00c1VILA.<\/p>\n\n\n\n<figure class=\"wp-block-image size-large\"><img decoding=\"async\" width=\"682\" height=\"1024\" src=\"https:\/\/www.correspondentevianopolino.com.br\/site\/wp-content\/uploads\/2023\/10\/1000795329-682x1024.jpg\" alt=\"\" class=\"wp-image-91454\" srcset=\"https:\/\/www.correspondentevianopolino.com.br\/site\/wp-content\/uploads\/2023\/10\/1000795329-682x1024.jpg 682w, https:\/\/www.correspondentevianopolino.com.br\/site\/wp-content\/uploads\/2023\/10\/1000795329-200x300.jpg 200w, https:\/\/www.correspondentevianopolino.com.br\/site\/wp-content\/uploads\/2023\/10\/1000795329-465x698.jpg 465w, https:\/\/www.correspondentevianopolino.com.br\/site\/wp-content\/uploads\/2023\/10\/1000795329-768x1153.jpg 768w, https:\/\/www.correspondentevianopolino.com.br\/site\/wp-content\/uploads\/2023\/10\/1000795329-1023x1536.jpg 1023w, https:\/\/www.correspondentevianopolino.com.br\/site\/wp-content\/uploads\/2023\/10\/1000795329-207x310.jpg 207w, https:\/\/www.correspondentevianopolino.com.br\/site\/wp-content\/uploads\/2023\/10\/1000795329-142x213.jpg 142w, https:\/\/www.correspondentevianopolino.com.br\/site\/wp-content\/uploads\/2023\/10\/1000795329-136x204.jpg 136w, https:\/\/www.correspondentevianopolino.com.br\/site\/wp-content\/uploads\/2023\/10\/1000795329-127x190.jpg 127w, https:\/\/www.correspondentevianopolino.com.br\/site\/wp-content\/uploads\/2023\/10\/1000795329.jpg 1066w\" sizes=\"(max-width: 682px) 100vw, 682px\" \/><\/figure>\n\n\n\n<p>NA FOTO ACIMA, <strong>HELENA MOREIRA BARBOSA CAETANO<\/strong>, FILHA DE LEONTINO CAETANO DE SOUZA NETO E RAFAELA MORGANA MOREIRA BARBOSA.<\/p>\n\n\n\n<figure class=\"wp-block-image size-large\"><img decoding=\"async\" width=\"668\" height=\"1024\" src=\"https:\/\/www.correspondentevianopolino.com.br\/site\/wp-content\/uploads\/2023\/10\/1000795326-668x1024.jpg\" alt=\"\" class=\"wp-image-91455\" srcset=\"https:\/\/www.correspondentevianopolino.com.br\/site\/wp-content\/uploads\/2023\/10\/1000795326-668x1024.jpg 668w, https:\/\/www.correspondentevianopolino.com.br\/site\/wp-content\/uploads\/2023\/10\/1000795326-196x300.jpg 196w, https:\/\/www.correspondentevianopolino.com.br\/site\/wp-content\/uploads\/2023\/10\/1000795326-465x712.jpg 465w, https:\/\/www.correspondentevianopolino.com.br\/site\/wp-content\/uploads\/2023\/10\/1000795326-768x1176.jpg 768w, https:\/\/www.correspondentevianopolino.com.br\/site\/wp-content\/uploads\/2023\/10\/1000795326-1003x1536.jpg 1003w, https:\/\/www.correspondentevianopolino.com.br\/site\/wp-content\/uploads\/2023\/10\/1000795326-202x310.jpg 202w, https:\/\/www.correspondentevianopolino.com.br\/site\/wp-content\/uploads\/2023\/10\/1000795326-139x213.jpg 139w, https:\/\/www.correspondentevianopolino.com.br\/site\/wp-content\/uploads\/2023\/10\/1000795326-133x204.jpg 133w, https:\/\/www.correspondentevianopolino.com.br\/site\/wp-content\/uploads\/2023\/10\/1000795326-124x190.jpg 124w, https:\/\/www.correspondentevianopolino.com.br\/site\/wp-content\/uploads\/2023\/10\/1000795326.jpg 1038w\" sizes=\"(max-width: 668px) 100vw, 668px\" \/><\/figure>\n\n\n\n<p>NA FOTO ACIMA, <strong>SOPHIA COTRIM DA SILVA<\/strong>, FILHA DE ANDR\u00caINA DE SOUZA COTRIM.<\/p>\n\n\n\n<figure class=\"wp-block-image size-large\"><img decoding=\"async\" width=\"461\" height=\"1024\" src=\"https:\/\/www.correspondentevianopolino.com.br\/site\/wp-content\/uploads\/2023\/10\/1000795324-461x1024.jpg\" alt=\"\" class=\"wp-image-91457\" srcset=\"https:\/\/www.correspondentevianopolino.com.br\/site\/wp-content\/uploads\/2023\/10\/1000795324-461x1024.jpg 461w, https:\/\/www.correspondentevianopolino.com.br\/site\/wp-content\/uploads\/2023\/10\/1000795324-135x300.jpg 135w, https:\/\/www.correspondentevianopolino.com.br\/site\/wp-content\/uploads\/2023\/10\/1000795324-465x1033.jpg 465w, https:\/\/www.correspondentevianopolino.com.br\/site\/wp-content\/uploads\/2023\/10\/1000795324-140x310.jpg 140w, https:\/\/www.correspondentevianopolino.com.br\/site\/wp-content\/uploads\/2023\/10\/1000795324-96x213.jpg 96w, https:\/\/www.correspondentevianopolino.com.br\/site\/wp-content\/uploads\/2023\/10\/1000795324-92x204.jpg 92w, https:\/\/www.correspondentevianopolino.com.br\/site\/wp-content\/uploads\/2023\/10\/1000795324-86x190.jpg 86w, https:\/\/www.correspondentevianopolino.com.br\/site\/wp-content\/uploads\/2023\/10\/1000795324.jpg 576w\" sizes=\"(max-width: 461px) 100vw, 461px\" \/><\/figure>\n\n\n\n<p>NA FOTO ACIMA, <strong>CARLOS EDUARDO MOREIRA DA SILVA,<\/strong> FILHO DE LEANDRO MOREIRA DA SILVA E ELZA S\u00c9RGIO DA SILVA.<\/p>\n\n\n\n<figure class=\"wp-block-image size-large\"><img decoding=\"async\" width=\"1024\" height=\"576\" src=\"https:\/\/www.correspondentevianopolino.com.br\/site\/wp-content\/uploads\/2023\/10\/1000793191-1024x576.jpg\" alt=\"\" class=\"wp-image-91308\" srcset=\"https:\/\/www.correspondentevianopolino.com.br\/site\/wp-content\/uploads\/2023\/10\/1000793191-1024x576.jpg 1024w, https:\/\/www.correspondentevianopolino.com.br\/site\/wp-content\/uploads\/2023\/10\/1000793191-300x169.jpg 300w, https:\/\/www.correspondentevianopolino.com.br\/site\/wp-content\/uploads\/2023\/10\/1000793191-465x261.jpg 465w, https:\/\/www.correspondentevianopolino.com.br\/site\/wp-content\/uploads\/2023\/10\/1000793191-768x432.jpg 768w, https:\/\/www.correspondentevianopolino.com.br\/site\/wp-content\/uploads\/2023\/10\/1000793191-1536x864.jpg 1536w, https:\/\/www.correspondentevianopolino.com.br\/site\/wp-content\/uploads\/2023\/10\/1000793191-327x184.jpg 327w, https:\/\/www.correspondentevianopolino.com.br\/site\/wp-content\/uploads\/2023\/10\/1000793191-363x204.jpg 363w, https:\/\/www.correspondentevianopolino.com.br\/site\/wp-content\/uploads\/2023\/10\/1000793191-260x146.jpg 260w, https:\/\/www.correspondentevianopolino.com.br\/site\/wp-content\/uploads\/2023\/10\/1000793191.jpg 1599w\" sizes=\"(max-width: 1024px) 100vw, 1024px\" \/><\/figure>\n\n\n\n<figure class=\"wp-block-image size-large\"><img decoding=\"async\" width=\"576\" height=\"1024\" src=\"https:\/\/www.correspondentevianopolino.com.br\/site\/wp-content\/uploads\/2023\/10\/1000795322-576x1024.jpg\" alt=\"\" class=\"wp-image-91458\" srcset=\"https:\/\/www.correspondentevianopolino.com.br\/site\/wp-content\/uploads\/2023\/10\/1000795322-576x1024.jpg 576w, https:\/\/www.correspondentevianopolino.com.br\/site\/wp-content\/uploads\/2023\/10\/1000795322-169x300.jpg 169w, https:\/\/www.correspondentevianopolino.com.br\/site\/wp-content\/uploads\/2023\/10\/1000795322-465x827.jpg 465w, https:\/\/www.correspondentevianopolino.com.br\/site\/wp-content\/uploads\/2023\/10\/1000795322-174x310.jpg 174w, https:\/\/www.correspondentevianopolino.com.br\/site\/wp-content\/uploads\/2023\/10\/1000795322-120x213.jpg 120w, https:\/\/www.correspondentevianopolino.com.br\/site\/wp-content\/uploads\/2023\/10\/1000795322-115x204.jpg 115w, https:\/\/www.correspondentevianopolino.com.br\/site\/wp-content\/uploads\/2023\/10\/1000795322-107x190.jpg 107w, https:\/\/www.correspondentevianopolino.com.br\/site\/wp-content\/uploads\/2023\/10\/1000795322.jpg 720w\" sizes=\"(max-width: 576px) 100vw, 576px\" \/><\/figure>\n\n\n\n<p>NA FOTO ACIMA,<strong> ANA LUIZA MOREIRA DA SILVA,<\/strong> FILHA DE LEANDRO MOREIRA DA SILVA E ELZA S\u00c9RGIO DA SILVA.<\/p>\n\n\n\n<figure class=\"wp-block-image size-full\"><img decoding=\"async\" width=\"720\" height=\"960\" src=\"https:\/\/www.correspondentevianopolino.com.br\/site\/wp-content\/uploads\/2023\/10\/1000795315.jpg\" alt=\"\" class=\"wp-image-91459\" srcset=\"https:\/\/www.correspondentevianopolino.com.br\/site\/wp-content\/uploads\/2023\/10\/1000795315.jpg 720w, https:\/\/www.correspondentevianopolino.com.br\/site\/wp-content\/uploads\/2023\/10\/1000795315-225x300.jpg 225w, https:\/\/www.correspondentevianopolino.com.br\/site\/wp-content\/uploads\/2023\/10\/1000795315-465x620.jpg 465w, https:\/\/www.correspondentevianopolino.com.br\/site\/wp-content\/uploads\/2023\/10\/1000795315-233x310.jpg 233w, https:\/\/www.correspondentevianopolino.com.br\/site\/wp-content\/uploads\/2023\/10\/1000795315-160x213.jpg 160w, https:\/\/www.correspondentevianopolino.com.br\/site\/wp-content\/uploads\/2023\/10\/1000795315-153x204.jpg 153w, https:\/\/www.correspondentevianopolino.com.br\/site\/wp-content\/uploads\/2023\/10\/1000795315-143x190.jpg 143w\" sizes=\"(max-width: 720px) 100vw, 720px\" \/><\/figure>\n\n\n\n<p>NA FOTO ACIMA, <strong>ISABELLA MOREIRA CAIXETA,<\/strong> FILHA DE K\u00caNIA REGINA MOREIRA CAIXETA.<\/p>\n\n\n\n<figure class=\"wp-block-image size-large\"><img decoding=\"async\" width=\"683\" height=\"1024\" src=\"https:\/\/www.correspondentevianopolino.com.br\/site\/wp-content\/uploads\/2023\/10\/1000795309-683x1024.jpg\" alt=\"\" class=\"wp-image-91460\" srcset=\"https:\/\/www.correspondentevianopolino.com.br\/site\/wp-content\/uploads\/2023\/10\/1000795309-683x1024.jpg 683w, https:\/\/www.correspondentevianopolino.com.br\/site\/wp-content\/uploads\/2023\/10\/1000795309-200x300.jpg 200w, https:\/\/www.correspondentevianopolino.com.br\/site\/wp-content\/uploads\/2023\/10\/1000795309-465x698.jpg 465w, https:\/\/www.correspondentevianopolino.com.br\/site\/wp-content\/uploads\/2023\/10\/1000795309-768x1152.jpg 768w, https:\/\/www.correspondentevianopolino.com.br\/site\/wp-content\/uploads\/2023\/10\/1000795309-1024x1536.jpg 1024w, https:\/\/www.correspondentevianopolino.com.br\/site\/wp-content\/uploads\/2023\/10\/1000795309-207x310.jpg 207w, https:\/\/www.correspondentevianopolino.com.br\/site\/wp-content\/uploads\/2023\/10\/1000795309-142x213.jpg 142w, https:\/\/www.correspondentevianopolino.com.br\/site\/wp-content\/uploads\/2023\/10\/1000795309-136x204.jpg 136w, https:\/\/www.correspondentevianopolino.com.br\/site\/wp-content\/uploads\/2023\/10\/1000795309-127x190.jpg 127w, https:\/\/www.correspondentevianopolino.com.br\/site\/wp-content\/uploads\/2023\/10\/1000795309.jpg 1066w\" sizes=\"(max-width: 683px) 100vw, 683px\" \/><\/figure>\n\n\n\n<p>NA FOTO ACIMA, <strong>ANA J\u00daLIA GON\u00c7ALVES DA SILV<\/strong>A, FILHA DE GERALDINA APARECIDA GON\u00c7ALVES(CIDINHA) E MAURINHO JARDEL MORAES DA SILVA.<\/p>\n\n\n\n<figure class=\"wp-block-image size-large is-resized\"><img decoding=\"async\" src=\"https:\/\/www.correspondentevianopolino.com.br\/site\/wp-content\/uploads\/2023\/10\/1000795306-576x1024.jpg\" alt=\"\" class=\"wp-image-91461\" width=\"576\" height=\"1024\" srcset=\"https:\/\/www.correspondentevianopolino.com.br\/site\/wp-content\/uploads\/2023\/10\/1000795306-576x1024.jpg 576w, https:\/\/www.correspondentevianopolino.com.br\/site\/wp-content\/uploads\/2023\/10\/1000795306-169x300.jpg 169w, https:\/\/www.correspondentevianopolino.com.br\/site\/wp-content\/uploads\/2023\/10\/1000795306-465x827.jpg 465w, https:\/\/www.correspondentevianopolino.com.br\/site\/wp-content\/uploads\/2023\/10\/1000795306-768x1365.jpg 768w, https:\/\/www.correspondentevianopolino.com.br\/site\/wp-content\/uploads\/2023\/10\/1000795306-864x1536.jpg 864w, https:\/\/www.correspondentevianopolino.com.br\/site\/wp-content\/uploads\/2023\/10\/1000795306-174x310.jpg 174w, https:\/\/www.correspondentevianopolino.com.br\/site\/wp-content\/uploads\/2023\/10\/1000795306-120x213.jpg 120w, https:\/\/www.correspondentevianopolino.com.br\/site\/wp-content\/uploads\/2023\/10\/1000795306-115x204.jpg 115w, https:\/\/www.correspondentevianopolino.com.br\/site\/wp-content\/uploads\/2023\/10\/1000795306-107x190.jpg 107w, https:\/\/www.correspondentevianopolino.com.br\/site\/wp-content\/uploads\/2023\/10\/1000795306.jpg 900w\" sizes=\"(max-width: 576px) 100vw, 576px\" \/><\/figure>\n\n\n\n<p>NA FOTO ACIMA,<strong> JORDANA SANTOS DUARTE<\/strong>, FILHA DE GIOVANE DOS SANTOS DUARTE E DALILA PIRES DOS SANTOS.<\/p>\n\n\n\n<figure class=\"wp-block-image size-large\"><img decoding=\"async\" width=\"819\" height=\"1024\" src=\"https:\/\/www.correspondentevianopolino.com.br\/site\/wp-content\/uploads\/2023\/10\/1000794734-819x1024.png\" alt=\"\" class=\"wp-image-91370\" srcset=\"https:\/\/www.correspondentevianopolino.com.br\/site\/wp-content\/uploads\/2023\/10\/1000794734-819x1024.png 819w, https:\/\/www.correspondentevianopolino.com.br\/site\/wp-content\/uploads\/2023\/10\/1000794734-240x300.png 240w, https:\/\/www.correspondentevianopolino.com.br\/site\/wp-content\/uploads\/2023\/10\/1000794734-465x581.png 465w, https:\/\/www.correspondentevianopolino.com.br\/site\/wp-content\/uploads\/2023\/10\/1000794734-768x960.png 768w, https:\/\/www.correspondentevianopolino.com.br\/site\/wp-content\/uploads\/2023\/10\/1000794734-248x310.png 248w, https:\/\/www.correspondentevianopolino.com.br\/site\/wp-content\/uploads\/2023\/10\/1000794734-170x213.png 170w, https:\/\/www.correspondentevianopolino.com.br\/site\/wp-content\/uploads\/2023\/10\/1000794734-163x204.png 163w, https:\/\/www.correspondentevianopolino.com.br\/site\/wp-content\/uploads\/2023\/10\/1000794734-152x190.png 152w, https:\/\/www.correspondentevianopolino.com.br\/site\/wp-content\/uploads\/2023\/10\/1000794734.png 1024w\" sizes=\"(max-width: 819px) 100vw, 819px\" \/><\/figure>\n\n\n\n<figure class=\"wp-block-image size-large\"><img decoding=\"async\" width=\"819\" height=\"1024\" src=\"https:\/\/www.correspondentevianopolino.com.br\/site\/wp-content\/uploads\/2023\/10\/1000795303-819x1024.jpg\" alt=\"\" class=\"wp-image-91462\" srcset=\"https:\/\/www.correspondentevianopolino.com.br\/site\/wp-content\/uploads\/2023\/10\/1000795303-819x1024.jpg 819w, https:\/\/www.correspondentevianopolino.com.br\/site\/wp-content\/uploads\/2023\/10\/1000795303-240x300.jpg 240w, https:\/\/www.correspondentevianopolino.com.br\/site\/wp-content\/uploads\/2023\/10\/1000795303-465x581.jpg 465w, https:\/\/www.correspondentevianopolino.com.br\/site\/wp-content\/uploads\/2023\/10\/1000795303-768x960.jpg 768w, https:\/\/www.correspondentevianopolino.com.br\/site\/wp-content\/uploads\/2023\/10\/1000795303-1229x1536.jpg 1229w, https:\/\/www.correspondentevianopolino.com.br\/site\/wp-content\/uploads\/2023\/10\/1000795303-248x310.jpg 248w, https:\/\/www.correspondentevianopolino.com.br\/site\/wp-content\/uploads\/2023\/10\/1000795303-170x213.jpg 170w, https:\/\/www.correspondentevianopolino.com.br\/site\/wp-content\/uploads\/2023\/10\/1000795303-163x204.jpg 163w, https:\/\/www.correspondentevianopolino.com.br\/site\/wp-content\/uploads\/2023\/10\/1000795303-152x190.jpg 152w, https:\/\/www.correspondentevianopolino.com.br\/site\/wp-content\/uploads\/2023\/10\/1000795303.jpg 1280w\" sizes=\"(max-width: 819px) 100vw, 819px\" \/><\/figure>\n\n\n\n<p>NA FOTO ACIMA, <strong>JO\u00c3O MIGUEL FERREIRA SANTOS<\/strong>, FILHO DE PAULO VICTOR FERREIRA DA SILVA E ANA CAROLINA SANTOS DE OLIVEIRA.<\/p>\n\n\n\n<p>NA FOTO ACIMA, <strong>DAVI DIVINO DE SOUZA RODRIGUES,<\/strong> FILHO DE C\u00c9LIO JOS\u00c9 RODRIGUES E VALQU\u00cdRIA NERI DE SOUZA.<\/p>\n\n\n\n<figure class=\"wp-block-image size-large\"><img decoding=\"async\" width=\"521\" height=\"1024\" src=\"https:\/\/www.correspondentevianopolino.com.br\/site\/wp-content\/uploads\/2023\/10\/1000795295-521x1024.jpg\" alt=\"\" class=\"wp-image-91464\" srcset=\"https:\/\/www.correspondentevianopolino.com.br\/site\/wp-content\/uploads\/2023\/10\/1000795295-521x1024.jpg 521w, https:\/\/www.correspondentevianopolino.com.br\/site\/wp-content\/uploads\/2023\/10\/1000795295-153x300.jpg 153w, https:\/\/www.correspondentevianopolino.com.br\/site\/wp-content\/uploads\/2023\/10\/1000795295-465x913.jpg 465w, https:\/\/www.correspondentevianopolino.com.br\/site\/wp-content\/uploads\/2023\/10\/1000795295-158x310.jpg 158w, https:\/\/www.correspondentevianopolino.com.br\/site\/wp-content\/uploads\/2023\/10\/1000795295-108x213.jpg 108w, https:\/\/www.correspondentevianopolino.com.br\/site\/wp-content\/uploads\/2023\/10\/1000795295-104x204.jpg 104w, https:\/\/www.correspondentevianopolino.com.br\/site\/wp-content\/uploads\/2023\/10\/1000795295-97x190.jpg 97w, https:\/\/www.correspondentevianopolino.com.br\/site\/wp-content\/uploads\/2023\/10\/1000795295.jpg 534w\" sizes=\"(max-width: 521px) 100vw, 521px\" \/><\/figure>\n\n\n\n<p>NA FOTO ACIMA,<strong> SABRINY VIEIRA DIAS DA SILVA<\/strong>, FILHA DE VALTESSON VIEIRA DA SILVA E FABIANA DIAS DE ARA\u00daJO.<\/p>\n\n\n\n<figure class=\"wp-block-image size-large is-resized\"><img decoding=\"async\" src=\"https:\/\/www.correspondentevianopolino.com.br\/site\/wp-content\/uploads\/2023\/10\/1000795290-593x1024.jpg\" alt=\"\" class=\"wp-image-91466\" width=\"593\" height=\"1024\" srcset=\"https:\/\/www.correspondentevianopolino.com.br\/site\/wp-content\/uploads\/2023\/10\/1000795290-593x1024.jpg 593w, https:\/\/www.correspondentevianopolino.com.br\/site\/wp-content\/uploads\/2023\/10\/1000795290-174x300.jpg 174w, https:\/\/www.correspondentevianopolino.com.br\/site\/wp-content\/uploads\/2023\/10\/1000795290-465x803.jpg 465w, https:\/\/www.correspondentevianopolino.com.br\/site\/wp-content\/uploads\/2023\/10\/1000795290-768x1327.jpg 768w, https:\/\/www.correspondentevianopolino.com.br\/site\/wp-content\/uploads\/2023\/10\/1000795290-179x310.jpg 179w, https:\/\/www.correspondentevianopolino.com.br\/site\/wp-content\/uploads\/2023\/10\/1000795290-123x213.jpg 123w, https:\/\/www.correspondentevianopolino.com.br\/site\/wp-content\/uploads\/2023\/10\/1000795290-118x204.jpg 118w, https:\/\/www.correspondentevianopolino.com.br\/site\/wp-content\/uploads\/2023\/10\/1000795290-110x190.jpg 110w, https:\/\/www.correspondentevianopolino.com.br\/site\/wp-content\/uploads\/2023\/10\/1000795290.jpg 790w\" sizes=\"(max-width: 593px) 100vw, 593px\" \/><\/figure>\n\n\n\n<p>NA FOTO ACIMA, <strong>VIT\u00d3RIA DE SOUZA BARBOSA<\/strong>, FILHA DE ADEITO LUIZ BARBOSA E ALESSANDRA DE SOUZA SILVA BARBOSA.<\/p>\n\n\n\n<figure class=\"wp-block-image size-full\"><img decoding=\"async\" width=\"849\" height=\"1024\" src=\"https:\/\/www.correspondentevianopolino.com.br\/site\/wp-content\/uploads\/2023\/10\/1000794181.jpg\" alt=\"\" class=\"wp-image-91325\" srcset=\"https:\/\/www.correspondentevianopolino.com.br\/site\/wp-content\/uploads\/2023\/10\/1000794181.jpg 849w, https:\/\/www.correspondentevianopolino.com.br\/site\/wp-content\/uploads\/2023\/10\/1000794181-249x300.jpg 249w, https:\/\/www.correspondentevianopolino.com.br\/site\/wp-content\/uploads\/2023\/10\/1000794181-465x561.jpg 465w, https:\/\/www.correspondentevianopolino.com.br\/site\/wp-content\/uploads\/2023\/10\/1000794181-768x926.jpg 768w, https:\/\/www.correspondentevianopolino.com.br\/site\/wp-content\/uploads\/2023\/10\/1000794181-257x310.jpg 257w, https:\/\/www.correspondentevianopolino.com.br\/site\/wp-content\/uploads\/2023\/10\/1000794181-177x213.jpg 177w, https:\/\/www.correspondentevianopolino.com.br\/site\/wp-content\/uploads\/2023\/10\/1000794181-169x204.jpg 169w, https:\/\/www.correspondentevianopolino.com.br\/site\/wp-content\/uploads\/2023\/10\/1000794181-158x190.jpg 158w\" sizes=\"(max-width: 849px) 100vw, 849px\" \/><\/figure>\n\n\n\n<figure class=\"wp-block-image size-large\"><img decoding=\"async\" width=\"576\" height=\"1024\" src=\"https:\/\/www.correspondentevianopolino.com.br\/site\/wp-content\/uploads\/2023\/10\/1000795286-576x1024.jpg\" alt=\"\" class=\"wp-image-91467\" srcset=\"https:\/\/www.correspondentevianopolino.com.br\/site\/wp-content\/uploads\/2023\/10\/1000795286-576x1024.jpg 576w, https:\/\/www.correspondentevianopolino.com.br\/site\/wp-content\/uploads\/2023\/10\/1000795286-169x300.jpg 169w, https:\/\/www.correspondentevianopolino.com.br\/site\/wp-content\/uploads\/2023\/10\/1000795286-465x827.jpg 465w, https:\/\/www.correspondentevianopolino.com.br\/site\/wp-content\/uploads\/2023\/10\/1000795286-768x1366.jpg 768w, https:\/\/www.correspondentevianopolino.com.br\/site\/wp-content\/uploads\/2023\/10\/1000795286-864x1536.jpg 864w, https:\/\/www.correspondentevianopolino.com.br\/site\/wp-content\/uploads\/2023\/10\/1000795286-174x310.jpg 174w, https:\/\/www.correspondentevianopolino.com.br\/site\/wp-content\/uploads\/2023\/10\/1000795286-120x213.jpg 120w, https:\/\/www.correspondentevianopolino.com.br\/site\/wp-content\/uploads\/2023\/10\/1000795286-115x204.jpg 115w, https:\/\/www.correspondentevianopolino.com.br\/site\/wp-content\/uploads\/2023\/10\/1000795286-107x190.jpg 107w, https:\/\/www.correspondentevianopolino.com.br\/site\/wp-content\/uploads\/2023\/10\/1000795286.jpg 899w\" sizes=\"(max-width: 576px) 100vw, 576px\" \/><\/figure>\n\n\n\n<p>NA FOTO ACIMA,<strong> JO\u00c3O PAULO FERREIRA,<\/strong> FILHO DE PAULO ROBERTO IN\u00c1CIO FERREIRA E LUC\u00c9LIA LA\u00cdS FERREIRA.<\/p>\n\n\n\n<figure class=\"wp-block-image size-large\"><img decoding=\"async\" width=\"768\" height=\"1024\" src=\"https:\/\/www.correspondentevianopolino.com.br\/site\/wp-content\/uploads\/2023\/10\/1000795279-768x1024.jpg\" alt=\"\" class=\"wp-image-91468\" srcset=\"https:\/\/www.correspondentevianopolino.com.br\/site\/wp-content\/uploads\/2023\/10\/1000795279-768x1024.jpg 768w, https:\/\/www.correspondentevianopolino.com.br\/site\/wp-content\/uploads\/2023\/10\/1000795279-225x300.jpg 225w, https:\/\/www.correspondentevianopolino.com.br\/site\/wp-content\/uploads\/2023\/10\/1000795279-465x620.jpg 465w, https:\/\/www.correspondentevianopolino.com.br\/site\/wp-content\/uploads\/2023\/10\/1000795279-1152x1536.jpg 1152w, https:\/\/www.correspondentevianopolino.com.br\/site\/wp-content\/uploads\/2023\/10\/1000795279-233x310.jpg 233w, https:\/\/www.correspondentevianopolino.com.br\/site\/wp-content\/uploads\/2023\/10\/1000795279-160x213.jpg 160w, https:\/\/www.correspondentevianopolino.com.br\/site\/wp-content\/uploads\/2023\/10\/1000795279-153x204.jpg 153w, https:\/\/www.correspondentevianopolino.com.br\/site\/wp-content\/uploads\/2023\/10\/1000795279-143x190.jpg 143w, https:\/\/www.correspondentevianopolino.com.br\/site\/wp-content\/uploads\/2023\/10\/1000795279.jpg 1200w\" sizes=\"(max-width: 768px) 100vw, 768px\" \/><\/figure>\n\n\n\n<p>NA FOTO ACIMA, <strong>J\u00daLIA RODRIGUES LE\u00c3O BENTO,<\/strong> FILHA DE CARLOS AUGUSTO RODRIGUES DA SILVA E MARIA RITA LE\u00c3O BENTO.<\/p>\n\n\n\n<figure class=\"wp-block-image size-full\"><img decoding=\"async\" width=\"581\" height=\"581\" src=\"https:\/\/www.correspondentevianopolino.com.br\/site\/wp-content\/uploads\/2023\/10\/1000795274.jpg\" alt=\"\" class=\"wp-image-91469\" srcset=\"https:\/\/www.correspondentevianopolino.com.br\/site\/wp-content\/uploads\/2023\/10\/1000795274.jpg 581w, https:\/\/www.correspondentevianopolino.com.br\/site\/wp-content\/uploads\/2023\/10\/1000795274-300x300.jpg 300w, https:\/\/www.correspondentevianopolino.com.br\/site\/wp-content\/uploads\/2023\/10\/1000795274-465x465.jpg 465w, https:\/\/www.correspondentevianopolino.com.br\/site\/wp-content\/uploads\/2023\/10\/1000795274-310x310.jpg 310w, https:\/\/www.correspondentevianopolino.com.br\/site\/wp-content\/uploads\/2023\/10\/1000795274-213x213.jpg 213w, https:\/\/www.correspondentevianopolino.com.br\/site\/wp-content\/uploads\/2023\/10\/1000795274-204x204.jpg 204w, https:\/\/www.correspondentevianopolino.com.br\/site\/wp-content\/uploads\/2023\/10\/1000795274-190x190.jpg 190w\" sizes=\"(max-width: 581px) 100vw, 581px\" \/><\/figure>\n\n\n\n<p>NA FOTO ACIMA, <strong>IN\u00c1CIO RODRIGUES DO NASCIMENTO<\/strong>, FILHO DE S\u00c9RGIO RODRIGUES LOIOLA E ELICL\u00c9A PEREIRA DO NASCIMENTO.<\/p>\n\n\n\n<figure class=\"wp-block-image size-large\"><img decoding=\"async\" width=\"768\" height=\"1024\" src=\"https:\/\/www.correspondentevianopolino.com.br\/site\/wp-content\/uploads\/2023\/10\/1000795268-768x1024.jpg\" alt=\"\" class=\"wp-image-91470\" srcset=\"https:\/\/www.correspondentevianopolino.com.br\/site\/wp-content\/uploads\/2023\/10\/1000795268-768x1024.jpg 768w, https:\/\/www.correspondentevianopolino.com.br\/site\/wp-content\/uploads\/2023\/10\/1000795268-225x300.jpg 225w, https:\/\/www.correspondentevianopolino.com.br\/site\/wp-content\/uploads\/2023\/10\/1000795268-465x620.jpg 465w, https:\/\/www.correspondentevianopolino.com.br\/site\/wp-content\/uploads\/2023\/10\/1000795268-233x310.jpg 233w, https:\/\/www.correspondentevianopolino.com.br\/site\/wp-content\/uploads\/2023\/10\/1000795268-160x213.jpg 160w, https:\/\/www.correspondentevianopolino.com.br\/site\/wp-content\/uploads\/2023\/10\/1000795268-153x204.jpg 153w, https:\/\/www.correspondentevianopolino.com.br\/site\/wp-content\/uploads\/2023\/10\/1000795268-143x190.jpg 143w, https:\/\/www.correspondentevianopolino.com.br\/site\/wp-content\/uploads\/2023\/10\/1000795268.jpg 780w\" sizes=\"(max-width: 768px) 100vw, 768px\" \/><\/figure>\n\n\n\n<p>NA FOTO ACIMA, <strong>ANNY SOFIA DE FREITAS AQUINO,<\/strong> FILHA DE PAULO JOAQUIM DA SILVA E SEBASTIANA DIVINA LINO.<\/p>\n\n\n\n<figure class=\"wp-block-image size-large\"><img decoding=\"async\" width=\"898\" height=\"1024\" src=\"https:\/\/www.correspondentevianopolino.com.br\/site\/wp-content\/uploads\/2023\/10\/1000794359-898x1024.jpg\" alt=\"\" class=\"wp-image-91340\" srcset=\"https:\/\/www.correspondentevianopolino.com.br\/site\/wp-content\/uploads\/2023\/10\/1000794359-898x1024.jpg 898w, https:\/\/www.correspondentevianopolino.com.br\/site\/wp-content\/uploads\/2023\/10\/1000794359-263x300.jpg 263w, https:\/\/www.correspondentevianopolino.com.br\/site\/wp-content\/uploads\/2023\/10\/1000794359-465x530.jpg 465w, https:\/\/www.correspondentevianopolino.com.br\/site\/wp-content\/uploads\/2023\/10\/1000794359-768x876.jpg 768w, https:\/\/www.correspondentevianopolino.com.br\/site\/wp-content\/uploads\/2023\/10\/1000794359-272x310.jpg 272w, https:\/\/www.correspondentevianopolino.com.br\/site\/wp-content\/uploads\/2023\/10\/1000794359-187x213.jpg 187w, https:\/\/www.correspondentevianopolino.com.br\/site\/wp-content\/uploads\/2023\/10\/1000794359-179x204.jpg 179w, https:\/\/www.correspondentevianopolino.com.br\/site\/wp-content\/uploads\/2023\/10\/1000794359-167x190.jpg 167w, https:\/\/www.correspondentevianopolino.com.br\/site\/wp-content\/uploads\/2023\/10\/1000794359.jpg 1080w\" sizes=\"(max-width: 898px) 100vw, 898px\" \/><\/figure>\n\n\n\n<figure class=\"wp-block-image size-large\"><img decoding=\"async\" width=\"770\" height=\"1024\" src=\"https:\/\/www.correspondentevianopolino.com.br\/site\/wp-content\/uploads\/2023\/10\/1000794457-770x1024.jpg\" alt=\"\" class=\"wp-image-91471\" srcset=\"https:\/\/www.correspondentevianopolino.com.br\/site\/wp-content\/uploads\/2023\/10\/1000794457-770x1024.jpg 770w, https:\/\/www.correspondentevianopolino.com.br\/site\/wp-content\/uploads\/2023\/10\/1000794457-226x300.jpg 226w, https:\/\/www.correspondentevianopolino.com.br\/site\/wp-content\/uploads\/2023\/10\/1000794457-465x618.jpg 465w, https:\/\/www.correspondentevianopolino.com.br\/site\/wp-content\/uploads\/2023\/10\/1000794457-768x1021.jpg 768w, https:\/\/www.correspondentevianopolino.com.br\/site\/wp-content\/uploads\/2023\/10\/1000794457-1156x1536.jpg 1156w, https:\/\/www.correspondentevianopolino.com.br\/site\/wp-content\/uploads\/2023\/10\/1000794457-233x310.jpg 233w, https:\/\/www.correspondentevianopolino.com.br\/site\/wp-content\/uploads\/2023\/10\/1000794457-160x213.jpg 160w, https:\/\/www.correspondentevianopolino.com.br\/site\/wp-content\/uploads\/2023\/10\/1000794457-153x204.jpg 153w, https:\/\/www.correspondentevianopolino.com.br\/site\/wp-content\/uploads\/2023\/10\/1000794457-143x190.jpg 143w, https:\/\/www.correspondentevianopolino.com.br\/site\/wp-content\/uploads\/2023\/10\/1000794457.jpg 1170w\" sizes=\"(max-width: 770px) 100vw, 770px\" \/><\/figure>\n\n\n\n<p>NA FOTO ACIMA, <strong>LUIS CARLOS SANTANA CAIXETA FILHO,<\/strong> FILHO DE LUIS CARLOS SANTANA CAIXETA E DE LARA STEFANY PRIETO GUIMAR\u00c3ES.<\/p>\n\n\n\n<p>NA FOTO ACIMA, <strong>JO\u00c3O LUCAS RODRIGUES NUNES<\/strong>, FILHO DE SUZANE RODRIGUES DA SILVA E PATRICK RODRIGUES NUNES.<\/p>\n\n\n\n<p><\/p>\n\n\n\n<p>NA FOTO ACIMA, <strong>BRYAN LUIZ PEREIRA BRAGA SANTOS,<\/strong> FILHO DE WESLEY SANTOS E C\u00c1SSIA K\u00caNIA PEREIRA BRAGA DE OLIVEIRA.<\/p>\n\n\n\n<figure class=\"wp-block-image size-large\"><img decoding=\"async\" width=\"1024\" height=\"672\" src=\"https:\/\/www.correspondentevianopolino.com.br\/site\/wp-content\/uploads\/2023\/10\/1000794312-1024x672.jpg\" alt=\"\" class=\"wp-image-91339\" srcset=\"https:\/\/www.correspondentevianopolino.com.br\/site\/wp-content\/uploads\/2023\/10\/1000794312-1024x672.jpg 1024w, https:\/\/www.correspondentevianopolino.com.br\/site\/wp-content\/uploads\/2023\/10\/1000794312-300x197.jpg 300w, https:\/\/www.correspondentevianopolino.com.br\/site\/wp-content\/uploads\/2023\/10\/1000794312-465x305.jpg 465w, https:\/\/www.correspondentevianopolino.com.br\/site\/wp-content\/uploads\/2023\/10\/1000794312-768x504.jpg 768w, https:\/\/www.correspondentevianopolino.com.br\/site\/wp-content\/uploads\/2023\/10\/1000794312-324x213.jpg 324w, https:\/\/www.correspondentevianopolino.com.br\/site\/wp-content\/uploads\/2023\/10\/1000794312-311x204.jpg 311w, https:\/\/www.correspondentevianopolino.com.br\/site\/wp-content\/uploads\/2023\/10\/1000794312-260x171.jpg 260w, https:\/\/www.correspondentevianopolino.com.br\/site\/wp-content\/uploads\/2023\/10\/1000794312.jpg 1080w\" sizes=\"(max-width: 1024px) 100vw, 1024px\" \/><\/figure>\n\n\n\n<p>NA FOTO ACIMA, <strong>THIAGO J\u00daNIOR PEREIRA BRAGA<\/strong>, FILHO DE WESLEY SANTOS E C\u00c1SSIA K\u00caNIA PEREIRA BRAGA DE OLIVEIRA.<\/p>\n\n\n\n<p>NA FOTO ACIMA, <strong>CLARICY PEREIRA BRAGA,<\/strong> FILHA DE WESLEY SANTOS E C\u00c1SSIA K\u00caNIA PEREIRA BRAGA DE OLIVEIRA.<\/p>\n\n\n\n<figure class=\"wp-block-image size-large\"><img decoding=\"async\" width=\"498\" height=\"1024\" src=\"https:\/\/www.correspondentevianopolino.com.br\/site\/wp-content\/uploads\/2023\/10\/1000795247-498x1024.jpg\" alt=\"\" class=\"wp-image-91478\" srcset=\"https:\/\/www.correspondentevianopolino.com.br\/site\/wp-content\/uploads\/2023\/10\/1000795247-498x1024.jpg 498w, https:\/\/www.correspondentevianopolino.com.br\/site\/wp-content\/uploads\/2023\/10\/1000795247-146x300.jpg 146w, https:\/\/www.correspondentevianopolino.com.br\/site\/wp-content\/uploads\/2023\/10\/1000795247-465x956.jpg 465w, https:\/\/www.correspondentevianopolino.com.br\/site\/wp-content\/uploads\/2023\/10\/1000795247-151x310.jpg 151w, https:\/\/www.correspondentevianopolino.com.br\/site\/wp-content\/uploads\/2023\/10\/1000795247-104x213.jpg 104w, https:\/\/www.correspondentevianopolino.com.br\/site\/wp-content\/uploads\/2023\/10\/1000795247-99x204.jpg 99w, https:\/\/www.correspondentevianopolino.com.br\/site\/wp-content\/uploads\/2023\/10\/1000795247-92x190.jpg 92w, https:\/\/www.correspondentevianopolino.com.br\/site\/wp-content\/uploads\/2023\/10\/1000795247.jpg 720w\" sizes=\"(max-width: 498px) 100vw, 498px\" \/><\/figure>\n\n\n\n<p>NA FOTO ACIMA, <strong>ANDERSON LEANDRO DE SOUZA,<\/strong> FILHO DE DANIELA LEANDRO DE OLIVEIRA E AILTON JOS\u00c9 DE SOUZA.<\/p>\n\n\n\n<figure class=\"wp-block-image size-large\"><img decoding=\"async\" width=\"1024\" height=\"683\" src=\"https:\/\/www.correspondentevianopolino.com.br\/site\/wp-content\/uploads\/2023\/10\/1000795240-1024x683.jpg\" alt=\"\" class=\"wp-image-91479\" srcset=\"https:\/\/www.correspondentevianopolino.com.br\/site\/wp-content\/uploads\/2023\/10\/1000795240-1024x683.jpg 1024w, https:\/\/www.correspondentevianopolino.com.br\/site\/wp-content\/uploads\/2023\/10\/1000795240-300x200.jpg 300w, https:\/\/www.correspondentevianopolino.com.br\/site\/wp-content\/uploads\/2023\/10\/1000795240-465x310.jpg 465w, https:\/\/www.correspondentevianopolino.com.br\/site\/wp-content\/uploads\/2023\/10\/1000795240-768x512.jpg 768w, https:\/\/www.correspondentevianopolino.com.br\/site\/wp-content\/uploads\/2023\/10\/1000795240-1536x1024.jpg 1536w, https:\/\/www.correspondentevianopolino.com.br\/site\/wp-content\/uploads\/2023\/10\/1000795240-319x213.jpg 319w, https:\/\/www.correspondentevianopolino.com.br\/site\/wp-content\/uploads\/2023\/10\/1000795240-306x204.jpg 306w, https:\/\/www.correspondentevianopolino.com.br\/site\/wp-content\/uploads\/2023\/10\/1000795240-260x173.jpg 260w, https:\/\/www.correspondentevianopolino.com.br\/site\/wp-content\/uploads\/2023\/10\/1000795240.jpg 1600w\" sizes=\"(max-width: 1024px) 100vw, 1024px\" \/><\/figure>\n\n\n\n<p>NA FOTO ACIMA, <strong>VITOR PASSOS GUIMAR\u00c3ES,<\/strong> FILHO DE WENDER RICARDO MOREIRA DE PASSOS E NAIR GUIMAR\u00c3ES CAIXETA.<\/p>\n\n\n\n<figure class=\"wp-block-image size-large\"><img decoding=\"async\" width=\"683\" height=\"1024\" src=\"https:\/\/www.correspondentevianopolino.com.br\/site\/wp-content\/uploads\/2023\/10\/1000795239-683x1024.jpg\" alt=\"\" class=\"wp-image-91483\" srcset=\"https:\/\/www.correspondentevianopolino.com.br\/site\/wp-content\/uploads\/2023\/10\/1000795239-683x1024.jpg 683w, https:\/\/www.correspondentevianopolino.com.br\/site\/wp-content\/uploads\/2023\/10\/1000795239-200x300.jpg 200w, https:\/\/www.correspondentevianopolino.com.br\/site\/wp-content\/uploads\/2023\/10\/1000795239-465x697.jpg 465w, https:\/\/www.correspondentevianopolino.com.br\/site\/wp-content\/uploads\/2023\/10\/1000795239-768x1152.jpg 768w, https:\/\/www.correspondentevianopolino.com.br\/site\/wp-content\/uploads\/2023\/10\/1000795239-1024x1536.jpg 1024w, https:\/\/www.correspondentevianopolino.com.br\/site\/wp-content\/uploads\/2023\/10\/1000795239-207x310.jpg 207w, https:\/\/www.correspondentevianopolino.com.br\/site\/wp-content\/uploads\/2023\/10\/1000795239-142x213.jpg 142w, https:\/\/www.correspondentevianopolino.com.br\/site\/wp-content\/uploads\/2023\/10\/1000795239-136x204.jpg 136w, https:\/\/www.correspondentevianopolino.com.br\/site\/wp-content\/uploads\/2023\/10\/1000795239-127x190.jpg 127w, https:\/\/www.correspondentevianopolino.com.br\/site\/wp-content\/uploads\/2023\/10\/1000795239.jpg 1067w\" sizes=\"(max-width: 683px) 100vw, 683px\" \/><\/figure>\n\n\n\n<p>NA FOTO ACIMA, <strong>MILENA PASSOS GUIMAR\u00c3ES,<\/strong> FILHA DE WENDER RICARDO MOREIRA DE PASSOS E NAIR GUIMAR\u00c3ES CAIXETA.<\/p>\n\n\n\n<figure class=\"wp-block-image size-full\"><img decoding=\"async\" width=\"211\" height=\"435\" src=\"https:\/\/www.correspondentevianopolino.com.br\/site\/wp-content\/uploads\/2023\/10\/1000795234-211x1024-1.jpg\" alt=\"\" class=\"wp-image-91514\" srcset=\"https:\/\/www.correspondentevianopolino.com.br\/site\/wp-content\/uploads\/2023\/10\/1000795234-211x1024-1.jpg 211w, https:\/\/www.correspondentevianopolino.com.br\/site\/wp-content\/uploads\/2023\/10\/1000795234-211x1024-1-146x300.jpg 146w, https:\/\/www.correspondentevianopolino.com.br\/site\/wp-content\/uploads\/2023\/10\/1000795234-211x1024-1-150x310.jpg 150w, https:\/\/www.correspondentevianopolino.com.br\/site\/wp-content\/uploads\/2023\/10\/1000795234-211x1024-1-103x213.jpg 103w, https:\/\/www.correspondentevianopolino.com.br\/site\/wp-content\/uploads\/2023\/10\/1000795234-211x1024-1-99x204.jpg 99w, https:\/\/www.correspondentevianopolino.com.br\/site\/wp-content\/uploads\/2023\/10\/1000795234-211x1024-1-92x190.jpg 92w\" sizes=\"(max-width: 211px) 100vw, 211px\" \/><\/figure>\n\n\n\n<p>NA FOTO ACIMA, <strong>VICTOR HUGO NERES DOS SANTOS<\/strong>, FILHO DE MARIA DA CONCEI\u00c7\u00c3O NERES DA SILVA E NELSON FERNANDES DOS SANTOS.<\/p>\n\n\n\n<figure class=\"wp-block-image size-large\"><img decoding=\"async\" width=\"768\" height=\"1024\" src=\"https:\/\/www.correspondentevianopolino.com.br\/site\/wp-content\/uploads\/2023\/10\/1000795222-768x1024.jpg\" alt=\"\" class=\"wp-image-91485\" srcset=\"https:\/\/www.correspondentevianopolino.com.br\/site\/wp-content\/uploads\/2023\/10\/1000795222-768x1024.jpg 768w, https:\/\/www.correspondentevianopolino.com.br\/site\/wp-content\/uploads\/2023\/10\/1000795222-225x300.jpg 225w, https:\/\/www.correspondentevianopolino.com.br\/site\/wp-content\/uploads\/2023\/10\/1000795222-465x620.jpg 465w, https:\/\/www.correspondentevianopolino.com.br\/site\/wp-content\/uploads\/2023\/10\/1000795222-1152x1536.jpg 1152w, https:\/\/www.correspondentevianopolino.com.br\/site\/wp-content\/uploads\/2023\/10\/1000795222-233x310.jpg 233w, https:\/\/www.correspondentevianopolino.com.br\/site\/wp-content\/uploads\/2023\/10\/1000795222-160x213.jpg 160w, https:\/\/www.correspondentevianopolino.com.br\/site\/wp-content\/uploads\/2023\/10\/1000795222-153x204.jpg 153w, https:\/\/www.correspondentevianopolino.com.br\/site\/wp-content\/uploads\/2023\/10\/1000795222-143x190.jpg 143w, https:\/\/www.correspondentevianopolino.com.br\/site\/wp-content\/uploads\/2023\/10\/1000795222.jpg 1200w\" sizes=\"(max-width: 768px) 100vw, 768px\" \/><\/figure>\n\n\n\n<p>NA FOTO ACIMA, <strong>CARLOS DANIEL BARCELOS DE SOUZA,<\/strong> FILHO DE DANIEL SOARES BARCELOS E VALDIN\u00c9LIA QUIRINO DE SOUZA.<\/p>\n\n\n\n<figure class=\"wp-block-image size-large\"><img decoding=\"async\" width=\"768\" height=\"1024\" src=\"https:\/\/www.correspondentevianopolino.com.br\/site\/wp-content\/uploads\/2023\/10\/1000795216-768x1024.jpg\" alt=\"\" class=\"wp-image-91486\" srcset=\"https:\/\/www.correspondentevianopolino.com.br\/site\/wp-content\/uploads\/2023\/10\/1000795216-768x1024.jpg 768w, https:\/\/www.correspondentevianopolino.com.br\/site\/wp-content\/uploads\/2023\/10\/1000795216-225x300.jpg 225w, https:\/\/www.correspondentevianopolino.com.br\/site\/wp-content\/uploads\/2023\/10\/1000795216-465x620.jpg 465w, https:\/\/www.correspondentevianopolino.com.br\/site\/wp-content\/uploads\/2023\/10\/1000795216-1152x1536.jpg 1152w, https:\/\/www.correspondentevianopolino.com.br\/site\/wp-content\/uploads\/2023\/10\/1000795216-233x310.jpg 233w, https:\/\/www.correspondentevianopolino.com.br\/site\/wp-content\/uploads\/2023\/10\/1000795216-160x213.jpg 160w, https:\/\/www.correspondentevianopolino.com.br\/site\/wp-content\/uploads\/2023\/10\/1000795216-153x204.jpg 153w, https:\/\/www.correspondentevianopolino.com.br\/site\/wp-content\/uploads\/2023\/10\/1000795216-143x190.jpg 143w, https:\/\/www.correspondentevianopolino.com.br\/site\/wp-content\/uploads\/2023\/10\/1000795216.jpg 1200w\" sizes=\"(max-width: 768px) 100vw, 768px\" \/><\/figure>\n\n\n\n<p>NA FOTO ACIMA, <strong>DAVI ANT\u00d4NIO MACHADO RODRIGUES<\/strong>, FILHO DE CLEITON ALVES RODRIGUES E EDILANE DE CASTRO MACHADO.<\/p>\n\n\n\n<figure class=\"wp-block-image size-full\"><img decoding=\"async\" width=\"1021\" height=\"377\" src=\"https:\/\/www.correspondentevianopolino.com.br\/site\/wp-content\/uploads\/2023\/10\/thumbnail.jpg\" alt=\"\" class=\"wp-image-91307\" srcset=\"https:\/\/www.correspondentevianopolino.com.br\/site\/wp-content\/uploads\/2023\/10\/thumbnail.jpg 1021w, https:\/\/www.correspondentevianopolino.com.br\/site\/wp-content\/uploads\/2023\/10\/thumbnail-300x111.jpg 300w, https:\/\/www.correspondentevianopolino.com.br\/site\/wp-content\/uploads\/2023\/10\/thumbnail-465x172.jpg 465w, https:\/\/www.correspondentevianopolino.com.br\/site\/wp-content\/uploads\/2023\/10\/thumbnail-768x284.jpg 768w, https:\/\/www.correspondentevianopolino.com.br\/site\/wp-content\/uploads\/2023\/10\/thumbnail-327x121.jpg 327w, https:\/\/www.correspondentevianopolino.com.br\/site\/wp-content\/uploads\/2023\/10\/thumbnail-389x144.jpg 389w, https:\/\/www.correspondentevianopolino.com.br\/site\/wp-content\/uploads\/2023\/10\/thumbnail-260x96.jpg 260w\" sizes=\"(max-width: 1021px) 100vw, 1021px\" \/><\/figure>\n\n\n\n<figure class=\"wp-block-image size-large\"><img decoding=\"async\" width=\"725\" height=\"1024\" src=\"https:\/\/www.correspondentevianopolino.com.br\/site\/wp-content\/uploads\/2023\/10\/1000795213-725x1024.jpg\" alt=\"\" class=\"wp-image-91487\" srcset=\"https:\/\/www.correspondentevianopolino.com.br\/site\/wp-content\/uploads\/2023\/10\/1000795213-725x1024.jpg 725w, https:\/\/www.correspondentevianopolino.com.br\/site\/wp-content\/uploads\/2023\/10\/1000795213-212x300.jpg 212w, https:\/\/www.correspondentevianopolino.com.br\/site\/wp-content\/uploads\/2023\/10\/1000795213-465x657.jpg 465w, https:\/\/www.correspondentevianopolino.com.br\/site\/wp-content\/uploads\/2023\/10\/1000795213-768x1085.jpg 768w, https:\/\/www.correspondentevianopolino.com.br\/site\/wp-content\/uploads\/2023\/10\/1000795213-1088x1536.jpg 1088w, https:\/\/www.correspondentevianopolino.com.br\/site\/wp-content\/uploads\/2023\/10\/1000795213-220x310.jpg 220w, https:\/\/www.correspondentevianopolino.com.br\/site\/wp-content\/uploads\/2023\/10\/1000795213-151x213.jpg 151w, https:\/\/www.correspondentevianopolino.com.br\/site\/wp-content\/uploads\/2023\/10\/1000795213-144x204.jpg 144w, https:\/\/www.correspondentevianopolino.com.br\/site\/wp-content\/uploads\/2023\/10\/1000795213-135x190.jpg 135w, https:\/\/www.correspondentevianopolino.com.br\/site\/wp-content\/uploads\/2023\/10\/1000795213.jpg 1133w\" sizes=\"(max-width: 725px) 100vw, 725px\" \/><\/figure>\n\n\n\n<p>NA FOTO ACIMA, <strong>HENRIQUE GABRIEL MACHADO RODRIGUES<\/strong>, FILHO DE CLEITON ALVES RODRIGUES E EDILANE DE CASTRO MACHADO.<\/p>\n\n\n\n<figure class=\"wp-block-image size-large\"><img decoding=\"async\" width=\"731\" height=\"1024\" src=\"https:\/\/www.correspondentevianopolino.com.br\/site\/wp-content\/uploads\/2023\/10\/1000795210-731x1024.jpg\" alt=\"\" class=\"wp-image-91488\" srcset=\"https:\/\/www.correspondentevianopolino.com.br\/site\/wp-content\/uploads\/2023\/10\/1000795210-731x1024.jpg 731w, https:\/\/www.correspondentevianopolino.com.br\/site\/wp-content\/uploads\/2023\/10\/1000795210-214x300.jpg 214w, https:\/\/www.correspondentevianopolino.com.br\/site\/wp-content\/uploads\/2023\/10\/1000795210-465x651.jpg 465w, https:\/\/www.correspondentevianopolino.com.br\/site\/wp-content\/uploads\/2023\/10\/1000795210-768x1076.jpg 768w, https:\/\/www.correspondentevianopolino.com.br\/site\/wp-content\/uploads\/2023\/10\/1000795210-1096x1536.jpg 1096w, https:\/\/www.correspondentevianopolino.com.br\/site\/wp-content\/uploads\/2023\/10\/1000795210-221x310.jpg 221w, https:\/\/www.correspondentevianopolino.com.br\/site\/wp-content\/uploads\/2023\/10\/1000795210-152x213.jpg 152w, https:\/\/www.correspondentevianopolino.com.br\/site\/wp-content\/uploads\/2023\/10\/1000795210-146x204.jpg 146w, https:\/\/www.correspondentevianopolino.com.br\/site\/wp-content\/uploads\/2023\/10\/1000795210-136x190.jpg 136w, https:\/\/www.correspondentevianopolino.com.br\/site\/wp-content\/uploads\/2023\/10\/1000795210.jpg 1142w\" sizes=\"(max-width: 731px) 100vw, 731px\" \/><\/figure>\n\n\n\n<p>NA FOTO ACIMA, <strong>RAFAEL MARQUES DA SILVA<\/strong>, FILHO DE VER\u00d4NICA DE C\u00c1SSIA SILVA.<\/p>\n\n\n\n<figure class=\"wp-block-image size-large\"><img decoding=\"async\" width=\"731\" height=\"1024\" src=\"https:\/\/www.correspondentevianopolino.com.br\/site\/wp-content\/uploads\/2023\/10\/1000795207-731x1024.jpg\" alt=\"\" class=\"wp-image-91489\" srcset=\"https:\/\/www.correspondentevianopolino.com.br\/site\/wp-content\/uploads\/2023\/10\/1000795207-731x1024.jpg 731w, https:\/\/www.correspondentevianopolino.com.br\/site\/wp-content\/uploads\/2023\/10\/1000795207-214x300.jpg 214w, https:\/\/www.correspondentevianopolino.com.br\/site\/wp-content\/uploads\/2023\/10\/1000795207-465x651.jpg 465w, https:\/\/www.correspondentevianopolino.com.br\/site\/wp-content\/uploads\/2023\/10\/1000795207-768x1076.jpg 768w, https:\/\/www.correspondentevianopolino.com.br\/site\/wp-content\/uploads\/2023\/10\/1000795207-1096x1536.jpg 1096w, https:\/\/www.correspondentevianopolino.com.br\/site\/wp-content\/uploads\/2023\/10\/1000795207-221x310.jpg 221w, https:\/\/www.correspondentevianopolino.com.br\/site\/wp-content\/uploads\/2023\/10\/1000795207-152x213.jpg 152w, https:\/\/www.correspondentevianopolino.com.br\/site\/wp-content\/uploads\/2023\/10\/1000795207-146x204.jpg 146w, https:\/\/www.correspondentevianopolino.com.br\/site\/wp-content\/uploads\/2023\/10\/1000795207-136x190.jpg 136w, https:\/\/www.correspondentevianopolino.com.br\/site\/wp-content\/uploads\/2023\/10\/1000795207.jpg 1142w\" sizes=\"(max-width: 731px) 100vw, 731px\" \/><\/figure>\n\n\n\n<p>NA FOTO ACIMA, <strong>MIGUEL MARQUES DA SILVA<\/strong>, FILHO DE VER\u00d4NICA DE C\u00c1SSIA SILVA<\/p>\n\n\n\n<figure class=\"wp-block-image size-large\"><img decoding=\"async\" width=\"837\" height=\"1024\" src=\"https:\/\/www.correspondentevianopolino.com.br\/site\/wp-content\/uploads\/2023\/10\/1000795204-837x1024.jpg\" alt=\"\" class=\"wp-image-91490\" srcset=\"https:\/\/www.correspondentevianopolino.com.br\/site\/wp-content\/uploads\/2023\/10\/1000795204-837x1024.jpg 837w, https:\/\/www.correspondentevianopolino.com.br\/site\/wp-content\/uploads\/2023\/10\/1000795204-245x300.jpg 245w, https:\/\/www.correspondentevianopolino.com.br\/site\/wp-content\/uploads\/2023\/10\/1000795204-465x569.jpg 465w, https:\/\/www.correspondentevianopolino.com.br\/site\/wp-content\/uploads\/2023\/10\/1000795204-768x940.jpg 768w, https:\/\/www.correspondentevianopolino.com.br\/site\/wp-content\/uploads\/2023\/10\/1000795204-253x310.jpg 253w, https:\/\/www.correspondentevianopolino.com.br\/site\/wp-content\/uploads\/2023\/10\/1000795204-174x213.jpg 174w, https:\/\/www.correspondentevianopolino.com.br\/site\/wp-content\/uploads\/2023\/10\/1000795204-167x204.jpg 167w, https:\/\/www.correspondentevianopolino.com.br\/site\/wp-content\/uploads\/2023\/10\/1000795204-155x190.jpg 155w, https:\/\/www.correspondentevianopolino.com.br\/site\/wp-content\/uploads\/2023\/10\/1000795204.jpg 1242w\" sizes=\"(max-width: 837px) 100vw, 837px\" \/><\/figure>\n\n\n\n<p>NA FOTO ACIMA, <strong>VALENTINA CAIXETA DE ASSIS<\/strong>, FILHA DE LENON FERREIRA DE ASSIS E JEHINIFFER CAIXETA.<\/p>\n\n\n\n<figure class=\"wp-block-image size-large\"><img decoding=\"async\" width=\"750\" height=\"1024\" src=\"https:\/\/www.correspondentevianopolino.com.br\/site\/wp-content\/uploads\/2023\/10\/thumbnail-1-750x1024.jpg\" alt=\"\" class=\"wp-image-91315\" srcset=\"https:\/\/www.correspondentevianopolino.com.br\/site\/wp-content\/uploads\/2023\/10\/thumbnail-1-750x1024.jpg 750w, https:\/\/www.correspondentevianopolino.com.br\/site\/wp-content\/uploads\/2023\/10\/thumbnail-1-220x300.jpg 220w, https:\/\/www.correspondentevianopolino.com.br\/site\/wp-content\/uploads\/2023\/10\/thumbnail-1-465x635.jpg 465w, https:\/\/www.correspondentevianopolino.com.br\/site\/wp-content\/uploads\/2023\/10\/thumbnail-1-768x1048.jpg 768w, https:\/\/www.correspondentevianopolino.com.br\/site\/wp-content\/uploads\/2023\/10\/thumbnail-1-227x310.jpg 227w, https:\/\/www.correspondentevianopolino.com.br\/site\/wp-content\/uploads\/2023\/10\/thumbnail-1-156x213.jpg 156w, https:\/\/www.correspondentevianopolino.com.br\/site\/wp-content\/uploads\/2023\/10\/thumbnail-1-149x204.jpg 149w, https:\/\/www.correspondentevianopolino.com.br\/site\/wp-content\/uploads\/2023\/10\/thumbnail-1-139x190.jpg 139w, https:\/\/www.correspondentevianopolino.com.br\/site\/wp-content\/uploads\/2023\/10\/thumbnail-1.jpg 1080w\" sizes=\"(max-width: 750px) 100vw, 750px\" \/><\/figure>\n\n\n\n<figure class=\"wp-block-image size-large\"><img decoding=\"async\" width=\"498\" height=\"1024\" src=\"https:\/\/www.correspondentevianopolino.com.br\/site\/wp-content\/uploads\/2023\/10\/1000795191-498x1024.jpg\" alt=\"\" class=\"wp-image-91491\" srcset=\"https:\/\/www.correspondentevianopolino.com.br\/site\/wp-content\/uploads\/2023\/10\/1000795191-498x1024.jpg 498w, https:\/\/www.correspondentevianopolino.com.br\/site\/wp-content\/uploads\/2023\/10\/1000795191-146x300.jpg 146w, https:\/\/www.correspondentevianopolino.com.br\/site\/wp-content\/uploads\/2023\/10\/1000795191-465x957.jpg 465w, https:\/\/www.correspondentevianopolino.com.br\/site\/wp-content\/uploads\/2023\/10\/1000795191-151x310.jpg 151w, https:\/\/www.correspondentevianopolino.com.br\/site\/wp-content\/uploads\/2023\/10\/1000795191-104x213.jpg 104w, https:\/\/www.correspondentevianopolino.com.br\/site\/wp-content\/uploads\/2023\/10\/1000795191-99x204.jpg 99w, https:\/\/www.correspondentevianopolino.com.br\/site\/wp-content\/uploads\/2023\/10\/1000795191-92x190.jpg 92w, https:\/\/www.correspondentevianopolino.com.br\/site\/wp-content\/uploads\/2023\/10\/1000795191.jpg 622w\" sizes=\"(max-width: 498px) 100vw, 498px\" \/><\/figure>\n\n\n\n<p>NA FOTO ACIMA, AS IRM\u00c3S <strong>TAYLLA LUNA E KELLEN RAYSA,<\/strong> FILHAS DE LUZIMARY PEREIRA E WANDERSON GOMES.<\/p>\n\n\n\n<figure class=\"wp-block-image size-large\"><img decoding=\"async\" width=\"576\" height=\"1024\" src=\"https:\/\/www.correspondentevianopolino.com.br\/site\/wp-content\/uploads\/2023\/10\/1000795184-576x1024.jpg\" alt=\"\" class=\"wp-image-91492\" srcset=\"https:\/\/www.correspondentevianopolino.com.br\/site\/wp-content\/uploads\/2023\/10\/1000795184-576x1024.jpg 576w, https:\/\/www.correspondentevianopolino.com.br\/site\/wp-content\/uploads\/2023\/10\/1000795184-169x300.jpg 169w, https:\/\/www.correspondentevianopolino.com.br\/site\/wp-content\/uploads\/2023\/10\/1000795184-465x826.jpg 465w, https:\/\/www.correspondentevianopolino.com.br\/site\/wp-content\/uploads\/2023\/10\/1000795184-175x310.jpg 175w, https:\/\/www.correspondentevianopolino.com.br\/site\/wp-content\/uploads\/2023\/10\/1000795184-120x213.jpg 120w, https:\/\/www.correspondentevianopolino.com.br\/site\/wp-content\/uploads\/2023\/10\/1000795184-115x204.jpg 115w, https:\/\/www.correspondentevianopolino.com.br\/site\/wp-content\/uploads\/2023\/10\/1000795184-107x190.jpg 107w, https:\/\/www.correspondentevianopolino.com.br\/site\/wp-content\/uploads\/2023\/10\/1000795184.jpg 581w\" sizes=\"(max-width: 576px) 100vw, 576px\" \/><\/figure>\n\n\n\n<p>NA FOTO ACIMA, <strong>SANTIAGO RODRIGUES DE SOUZA DANTAS,<\/strong> FILHO DE ANA CLARA MENDES DE SOUZA DANTAS E THIAGO RODRIGUES DANTAS.<\/p>\n\n\n\n<figure class=\"wp-block-image size-full\"><img decoding=\"async\" width=\"480\" height=\"480\" src=\"https:\/\/www.correspondentevianopolino.com.br\/site\/wp-content\/uploads\/2023\/10\/thumbnail-27.jpg\" alt=\"\" class=\"wp-image-91316\" srcset=\"https:\/\/www.correspondentevianopolino.com.br\/site\/wp-content\/uploads\/2023\/10\/thumbnail-27.jpg 480w, https:\/\/www.correspondentevianopolino.com.br\/site\/wp-content\/uploads\/2023\/10\/thumbnail-27-300x300.jpg 300w, https:\/\/www.correspondentevianopolino.com.br\/site\/wp-content\/uploads\/2023\/10\/thumbnail-27-465x465.jpg 465w, https:\/\/www.correspondentevianopolino.com.br\/site\/wp-content\/uploads\/2023\/10\/thumbnail-27-310x310.jpg 310w, https:\/\/www.correspondentevianopolino.com.br\/site\/wp-content\/uploads\/2023\/10\/thumbnail-27-213x213.jpg 213w, https:\/\/www.correspondentevianopolino.com.br\/site\/wp-content\/uploads\/2023\/10\/thumbnail-27-204x204.jpg 204w, https:\/\/www.correspondentevianopolino.com.br\/site\/wp-content\/uploads\/2023\/10\/thumbnail-27-190x190.jpg 190w\" sizes=\"(max-width: 480px) 100vw, 480px\" \/><\/figure>\n\n\n\n<figure class=\"wp-block-image size-large\"><img decoding=\"async\" width=\"576\" height=\"1024\" src=\"https:\/\/www.correspondentevianopolino.com.br\/site\/wp-content\/uploads\/2023\/10\/1000795181-1-576x1024.jpg\" alt=\"\" class=\"wp-image-91495\" srcset=\"https:\/\/www.correspondentevianopolino.com.br\/site\/wp-content\/uploads\/2023\/10\/1000795181-1-576x1024.jpg 576w, https:\/\/www.correspondentevianopolino.com.br\/site\/wp-content\/uploads\/2023\/10\/1000795181-1-169x300.jpg 169w, https:\/\/www.correspondentevianopolino.com.br\/site\/wp-content\/uploads\/2023\/10\/1000795181-1-465x827.jpg 465w, https:\/\/www.correspondentevianopolino.com.br\/site\/wp-content\/uploads\/2023\/10\/1000795181-1-174x310.jpg 174w, https:\/\/www.correspondentevianopolino.com.br\/site\/wp-content\/uploads\/2023\/10\/1000795181-1-120x213.jpg 120w, https:\/\/www.correspondentevianopolino.com.br\/site\/wp-content\/uploads\/2023\/10\/1000795181-1-115x204.jpg 115w, https:\/\/www.correspondentevianopolino.com.br\/site\/wp-content\/uploads\/2023\/10\/1000795181-1-107x190.jpg 107w, https:\/\/www.correspondentevianopolino.com.br\/site\/wp-content\/uploads\/2023\/10\/1000795181-1.jpg 720w\" sizes=\"(max-width: 576px) 100vw, 576px\" \/><\/figure>\n\n\n\n<p>NA FOTO ACIMA, <strong>THAYSSA GEOVANNA RODRIGUES DE SOUZA DANTAS,<\/strong> FILHA DE ANA CLARA MENDES DE SOUZA DANTAS E THIAGO RODRIGUES DANTAS.<\/p>\n\n\n\n<figure class=\"wp-block-image size-large\"><img decoding=\"async\" width=\"576\" height=\"1024\" src=\"https:\/\/www.correspondentevianopolino.com.br\/site\/wp-content\/uploads\/2023\/10\/1000795178-576x1024.jpg\" alt=\"\" class=\"wp-image-91496\" srcset=\"https:\/\/www.correspondentevianopolino.com.br\/site\/wp-content\/uploads\/2023\/10\/1000795178-576x1024.jpg 576w, https:\/\/www.correspondentevianopolino.com.br\/site\/wp-content\/uploads\/2023\/10\/1000795178-169x300.jpg 169w, https:\/\/www.correspondentevianopolino.com.br\/site\/wp-content\/uploads\/2023\/10\/1000795178-465x826.jpg 465w, https:\/\/www.correspondentevianopolino.com.br\/site\/wp-content\/uploads\/2023\/10\/1000795178-175x310.jpg 175w, https:\/\/www.correspondentevianopolino.com.br\/site\/wp-content\/uploads\/2023\/10\/1000795178-120x213.jpg 120w, https:\/\/www.correspondentevianopolino.com.br\/site\/wp-content\/uploads\/2023\/10\/1000795178-115x204.jpg 115w, https:\/\/www.correspondentevianopolino.com.br\/site\/wp-content\/uploads\/2023\/10\/1000795178-107x190.jpg 107w, https:\/\/www.correspondentevianopolino.com.br\/site\/wp-content\/uploads\/2023\/10\/1000795178.jpg 581w\" sizes=\"(max-width: 576px) 100vw, 576px\" \/><\/figure>\n\n\n\n<p>NA FOTO ACIMA, <strong>KLARIANY RODRIGUES DE SOUZA DANTAS,<\/strong> FILHA DE ANA CLARA MENDES DE SOUZA DANTAS E THIAGO RODRIGUES DANTAS.<\/p>\n\n\n\n<figure class=\"wp-block-image size-large\"><img decoding=\"async\" width=\"768\" height=\"1024\" src=\"https:\/\/www.correspondentevianopolino.com.br\/site\/wp-content\/uploads\/2023\/10\/1000795175-768x1024.jpg\" alt=\"\" class=\"wp-image-91497\" srcset=\"https:\/\/www.correspondentevianopolino.com.br\/site\/wp-content\/uploads\/2023\/10\/1000795175-768x1024.jpg 768w, https:\/\/www.correspondentevianopolino.com.br\/site\/wp-content\/uploads\/2023\/10\/1000795175-225x300.jpg 225w, https:\/\/www.correspondentevianopolino.com.br\/site\/wp-content\/uploads\/2023\/10\/1000795175-465x620.jpg 465w, https:\/\/www.correspondentevianopolino.com.br\/site\/wp-content\/uploads\/2023\/10\/1000795175-233x310.jpg 233w, https:\/\/www.correspondentevianopolino.com.br\/site\/wp-content\/uploads\/2023\/10\/1000795175-160x213.jpg 160w, https:\/\/www.correspondentevianopolino.com.br\/site\/wp-content\/uploads\/2023\/10\/1000795175-153x204.jpg 153w, https:\/\/www.correspondentevianopolino.com.br\/site\/wp-content\/uploads\/2023\/10\/1000795175-143x190.jpg 143w, https:\/\/www.correspondentevianopolino.com.br\/site\/wp-content\/uploads\/2023\/10\/1000795175.jpg 960w\" sizes=\"(max-width: 768px) 100vw, 768px\" \/><\/figure>\n\n\n\n<p>NA FOTO ACIMA, <strong>EMANUELLY VICT\u00d3RIA CARDOSO DOS SANTOS<\/strong>, FILHA DE KL\u00c9BIA PEREIRA CARDOSO E ALESSANDRO JOS\u00c9 DOS SANTOS.<\/p>\n\n\n\n<figure class=\"wp-block-image size-full\"><img decoding=\"async\" width=\"768\" height=\"1024\" src=\"https:\/\/www.correspondentevianopolino.com.br\/site\/wp-content\/uploads\/2023\/10\/1000795156.jpg\" alt=\"\" class=\"wp-image-91498\" srcset=\"https:\/\/www.correspondentevianopolino.com.br\/site\/wp-content\/uploads\/2023\/10\/1000795156.jpg 768w, https:\/\/www.correspondentevianopolino.com.br\/site\/wp-content\/uploads\/2023\/10\/1000795156-225x300.jpg 225w, https:\/\/www.correspondentevianopolino.com.br\/site\/wp-content\/uploads\/2023\/10\/1000795156-465x620.jpg 465w, https:\/\/www.correspondentevianopolino.com.br\/site\/wp-content\/uploads\/2023\/10\/1000795156-233x310.jpg 233w, https:\/\/www.correspondentevianopolino.com.br\/site\/wp-content\/uploads\/2023\/10\/1000795156-160x213.jpg 160w, https:\/\/www.correspondentevianopolino.com.br\/site\/wp-content\/uploads\/2023\/10\/1000795156-153x204.jpg 153w, https:\/\/www.correspondentevianopolino.com.br\/site\/wp-content\/uploads\/2023\/10\/1000795156-143x190.jpg 143w\" sizes=\"(max-width: 768px) 100vw, 768px\" \/><\/figure>\n\n\n\n<p>NA FOTO ACIMA, <strong>MAR\u00cdLIA MARTINS MACHADO,<\/strong> FILHA DE GILBERTO MATHEUS E JACKELINE MARTINS MACHADO.<\/p>\n\n\n\n<figure class=\"wp-block-image size-large\"><img decoding=\"async\" width=\"1024\" height=\"576\" src=\"https:\/\/www.correspondentevianopolino.com.br\/site\/wp-content\/uploads\/2023\/10\/1000793191-1024x576.jpg\" alt=\"\" class=\"wp-image-91308\" srcset=\"https:\/\/www.correspondentevianopolino.com.br\/site\/wp-content\/uploads\/2023\/10\/1000793191-1024x576.jpg 1024w, https:\/\/www.correspondentevianopolino.com.br\/site\/wp-content\/uploads\/2023\/10\/1000793191-300x169.jpg 300w, https:\/\/www.correspondentevianopolino.com.br\/site\/wp-content\/uploads\/2023\/10\/1000793191-465x261.jpg 465w, https:\/\/www.correspondentevianopolino.com.br\/site\/wp-content\/uploads\/2023\/10\/1000793191-768x432.jpg 768w, https:\/\/www.correspondentevianopolino.com.br\/site\/wp-content\/uploads\/2023\/10\/1000793191-1536x864.jpg 1536w, https:\/\/www.correspondentevianopolino.com.br\/site\/wp-content\/uploads\/2023\/10\/1000793191-327x184.jpg 327w, https:\/\/www.correspondentevianopolino.com.br\/site\/wp-content\/uploads\/2023\/10\/1000793191-363x204.jpg 363w, https:\/\/www.correspondentevianopolino.com.br\/site\/wp-content\/uploads\/2023\/10\/1000793191-260x146.jpg 260w, https:\/\/www.correspondentevianopolino.com.br\/site\/wp-content\/uploads\/2023\/10\/1000793191.jpg 1599w\" sizes=\"(max-width: 1024px) 100vw, 1024px\" \/><\/figure>\n\n\n\n<figure class=\"wp-block-image size-large\"><img decoding=\"async\" width=\"768\" height=\"1024\" src=\"https:\/\/www.correspondentevianopolino.com.br\/site\/wp-content\/uploads\/2023\/10\/1000795609-768x1024.jpg\" alt=\"\" class=\"wp-image-91500\" srcset=\"https:\/\/www.correspondentevianopolino.com.br\/site\/wp-content\/uploads\/2023\/10\/1000795609-768x1024.jpg 768w, https:\/\/www.correspondentevianopolino.com.br\/site\/wp-content\/uploads\/2023\/10\/1000795609-225x300.jpg 225w, https:\/\/www.correspondentevianopolino.com.br\/site\/wp-content\/uploads\/2023\/10\/1000795609-465x620.jpg 465w, https:\/\/www.correspondentevianopolino.com.br\/site\/wp-content\/uploads\/2023\/10\/1000795609-1152x1536.jpg 1152w, https:\/\/www.correspondentevianopolino.com.br\/site\/wp-content\/uploads\/2023\/10\/1000795609-233x310.jpg 233w, https:\/\/www.correspondentevianopolino.com.br\/site\/wp-content\/uploads\/2023\/10\/1000795609-160x213.jpg 160w, https:\/\/www.correspondentevianopolino.com.br\/site\/wp-content\/uploads\/2023\/10\/1000795609-153x204.jpg 153w, https:\/\/www.correspondentevianopolino.com.br\/site\/wp-content\/uploads\/2023\/10\/1000795609-143x190.jpg 143w, https:\/\/www.correspondentevianopolino.com.br\/site\/wp-content\/uploads\/2023\/10\/1000795609.jpg 1200w\" sizes=\"(max-width: 768px) 100vw, 768px\" \/><\/figure>\n\n\n\n<p>NA FOTO ACIMA, <strong>NICOLE MARTINS MACHADO<\/strong>, FILHA DE GILBERTO MATHEUS MACHADO E JACKELINE MARTINS MACHADO.<\/p>\n\n\n\n<figure class=\"wp-block-image size-large\"><img decoding=\"async\" width=\"731\" height=\"1024\" src=\"https:\/\/www.correspondentevianopolino.com.br\/site\/wp-content\/uploads\/2023\/10\/1000795611-731x1024.jpg\" alt=\"\" class=\"wp-image-91501\" srcset=\"https:\/\/www.correspondentevianopolino.com.br\/site\/wp-content\/uploads\/2023\/10\/1000795611-731x1024.jpg 731w, https:\/\/www.correspondentevianopolino.com.br\/site\/wp-content\/uploads\/2023\/10\/1000795611-214x300.jpg 214w, https:\/\/www.correspondentevianopolino.com.br\/site\/wp-content\/uploads\/2023\/10\/1000795611-465x651.jpg 465w, https:\/\/www.correspondentevianopolino.com.br\/site\/wp-content\/uploads\/2023\/10\/1000795611-768x1076.jpg 768w, https:\/\/www.correspondentevianopolino.com.br\/site\/wp-content\/uploads\/2023\/10\/1000795611-221x310.jpg 221w, https:\/\/www.correspondentevianopolino.com.br\/site\/wp-content\/uploads\/2023\/10\/1000795611-152x213.jpg 152w, https:\/\/www.correspondentevianopolino.com.br\/site\/wp-content\/uploads\/2023\/10\/1000795611-146x204.jpg 146w, https:\/\/www.correspondentevianopolino.com.br\/site\/wp-content\/uploads\/2023\/10\/1000795611-136x190.jpg 136w, https:\/\/www.correspondentevianopolino.com.br\/site\/wp-content\/uploads\/2023\/10\/1000795611.jpg 914w\" sizes=\"(max-width: 731px) 100vw, 731px\" \/><\/figure>\n\n\n\n<p>NA FOTO ACIMA, <strong>LU\u00cdSA FELIPE GOMES<\/strong>, FILHA DE JEAN FELIPE GOMES E EDN\u00c9IA DOS SANTOS FELIPE.<\/p>\n\n\n\n<figure class=\"wp-block-image size-large is-resized\"><img decoding=\"async\" src=\"https:\/\/www.correspondentevianopolino.com.br\/site\/wp-content\/uploads\/2023\/10\/1000795959-768x1024.jpg\" alt=\"\" class=\"wp-image-91554\" width=\"768\" height=\"1024\" srcset=\"https:\/\/www.correspondentevianopolino.com.br\/site\/wp-content\/uploads\/2023\/10\/1000795959-768x1024.jpg 768w, https:\/\/www.correspondentevianopolino.com.br\/site\/wp-content\/uploads\/2023\/10\/1000795959-225x300.jpg 225w, https:\/\/www.correspondentevianopolino.com.br\/site\/wp-content\/uploads\/2023\/10\/1000795959-465x620.jpg 465w, https:\/\/www.correspondentevianopolino.com.br\/site\/wp-content\/uploads\/2023\/10\/1000795959-1152x1536.jpg 1152w, https:\/\/www.correspondentevianopolino.com.br\/site\/wp-content\/uploads\/2023\/10\/1000795959-233x310.jpg 233w, https:\/\/www.correspondentevianopolino.com.br\/site\/wp-content\/uploads\/2023\/10\/1000795959-160x213.jpg 160w, https:\/\/www.correspondentevianopolino.com.br\/site\/wp-content\/uploads\/2023\/10\/1000795959-153x204.jpg 153w, https:\/\/www.correspondentevianopolino.com.br\/site\/wp-content\/uploads\/2023\/10\/1000795959-143x190.jpg 143w, https:\/\/www.correspondentevianopolino.com.br\/site\/wp-content\/uploads\/2023\/10\/1000795959.jpg 1200w\" sizes=\"(max-width: 768px) 100vw, 768px\" \/><\/figure>\n\n\n\n<p>NA FOTO ACIMA, <strong>ANA PRISCILA BARBOSA DA CRUZ CASTRO<\/strong>, FILHA DE SEBASTI\u00c3O VIEIRA DE CASTRO E MARCILENE BARBOSA DA CRUZ CASTRO.<\/p>\n\n\n\n<figure class=\"wp-block-image size-large\"><img decoding=\"async\" width=\"768\" height=\"1024\" src=\"https:\/\/www.correspondentevianopolino.com.br\/site\/wp-content\/uploads\/2023\/10\/1000795950-768x1024.jpg\" alt=\"\" class=\"wp-image-91556\" srcset=\"https:\/\/www.correspondentevianopolino.com.br\/site\/wp-content\/uploads\/2023\/10\/1000795950-768x1024.jpg 768w, https:\/\/www.correspondentevianopolino.com.br\/site\/wp-content\/uploads\/2023\/10\/1000795950-225x300.jpg 225w, https:\/\/www.correspondentevianopolino.com.br\/site\/wp-content\/uploads\/2023\/10\/1000795950-465x620.jpg 465w, https:\/\/www.correspondentevianopolino.com.br\/site\/wp-content\/uploads\/2023\/10\/1000795950-1152x1536.jpg 1152w, https:\/\/www.correspondentevianopolino.com.br\/site\/wp-content\/uploads\/2023\/10\/1000795950-233x310.jpg 233w, https:\/\/www.correspondentevianopolino.com.br\/site\/wp-content\/uploads\/2023\/10\/1000795950-160x213.jpg 160w, https:\/\/www.correspondentevianopolino.com.br\/site\/wp-content\/uploads\/2023\/10\/1000795950-153x204.jpg 153w, https:\/\/www.correspondentevianopolino.com.br\/site\/wp-content\/uploads\/2023\/10\/1000795950-143x190.jpg 143w, https:\/\/www.correspondentevianopolino.com.br\/site\/wp-content\/uploads\/2023\/10\/1000795950.jpg 1200w\" sizes=\"(max-width: 768px) 100vw, 768px\" \/><\/figure>\n\n\n\n<p>NA FOTO ACIMA,<strong> LU\u00cdSA MARTINS DE SOUZA<\/strong>, FILHA DE GABRIELLA CRISTINA DE SOUZA E GABRIEL MARTINS.<\/p>\n\n\n\n<figure class=\"wp-block-image size-large\"><img decoding=\"async\" width=\"819\" height=\"1024\" src=\"https:\/\/www.correspondentevianopolino.com.br\/site\/wp-content\/uploads\/2023\/10\/1000794734-819x1024.png\" alt=\"\" class=\"wp-image-91370\" srcset=\"https:\/\/www.correspondentevianopolino.com.br\/site\/wp-content\/uploads\/2023\/10\/1000794734-819x1024.png 819w, https:\/\/www.correspondentevianopolino.com.br\/site\/wp-content\/uploads\/2023\/10\/1000794734-240x300.png 240w, https:\/\/www.correspondentevianopolino.com.br\/site\/wp-content\/uploads\/2023\/10\/1000794734-465x581.png 465w, https:\/\/www.correspondentevianopolino.com.br\/site\/wp-content\/uploads\/2023\/10\/1000794734-768x960.png 768w, https:\/\/www.correspondentevianopolino.com.br\/site\/wp-content\/uploads\/2023\/10\/1000794734-248x310.png 248w, https:\/\/www.correspondentevianopolino.com.br\/site\/wp-content\/uploads\/2023\/10\/1000794734-170x213.png 170w, https:\/\/www.correspondentevianopolino.com.br\/site\/wp-content\/uploads\/2023\/10\/1000794734-163x204.png 163w, https:\/\/www.correspondentevianopolino.com.br\/site\/wp-content\/uploads\/2023\/10\/1000794734-152x190.png 152w, https:\/\/www.correspondentevianopolino.com.br\/site\/wp-content\/uploads\/2023\/10\/1000794734.png 1024w\" sizes=\"(max-width: 819px) 100vw, 819px\" \/><\/figure>\n\n\n\n<figure class=\"wp-block-image size-large is-resized\"><img decoding=\"async\" src=\"https:\/\/www.correspondentevianopolino.com.br\/site\/wp-content\/uploads\/2023\/10\/1000795948-768x1024.jpg\" alt=\"\" class=\"wp-image-91557\" width=\"368\" height=\"490\" srcset=\"https:\/\/www.correspondentevianopolino.com.br\/site\/wp-content\/uploads\/2023\/10\/1000795948-768x1024.jpg 768w, https:\/\/www.correspondentevianopolino.com.br\/site\/wp-content\/uploads\/2023\/10\/1000795948-225x300.jpg 225w, https:\/\/www.correspondentevianopolino.com.br\/site\/wp-content\/uploads\/2023\/10\/1000795948-465x620.jpg 465w, https:\/\/www.correspondentevianopolino.com.br\/site\/wp-content\/uploads\/2023\/10\/1000795948-1152x1536.jpg 1152w, https:\/\/www.correspondentevianopolino.com.br\/site\/wp-content\/uploads\/2023\/10\/1000795948-233x310.jpg 233w, https:\/\/www.correspondentevianopolino.com.br\/site\/wp-content\/uploads\/2023\/10\/1000795948-160x213.jpg 160w, https:\/\/www.correspondentevianopolino.com.br\/site\/wp-content\/uploads\/2023\/10\/1000795948-153x204.jpg 153w, https:\/\/www.correspondentevianopolino.com.br\/site\/wp-content\/uploads\/2023\/10\/1000795948-143x190.jpg 143w, https:\/\/www.correspondentevianopolino.com.br\/site\/wp-content\/uploads\/2023\/10\/1000795948.jpg 1200w\" sizes=\"(max-width: 368px) 100vw, 368px\" \/><\/figure>\n\n\n\n<p>NA FOTO ACIMA, <strong>MIGUEL DE SOUZA MARTINS<\/strong>, FILHO DE GABRIELLA CRISTINA DE SOUZA E GABRIEL MARTINS.<\/p>\n\n\n\n<figure class=\"wp-block-image size-large\"><img decoding=\"async\" width=\"626\" height=\"1024\" src=\"https:\/\/www.correspondentevianopolino.com.br\/site\/wp-content\/uploads\/2023\/10\/IMG-20231012-WA0078-626x1024.jpg\" alt=\"\" class=\"wp-image-91569\" srcset=\"https:\/\/www.correspondentevianopolino.com.br\/site\/wp-content\/uploads\/2023\/10\/IMG-20231012-WA0078-626x1024.jpg 626w, https:\/\/www.correspondentevianopolino.com.br\/site\/wp-content\/uploads\/2023\/10\/IMG-20231012-WA0078-183x300.jpg 183w, https:\/\/www.correspondentevianopolino.com.br\/site\/wp-content\/uploads\/2023\/10\/IMG-20231012-WA0078-465x761.jpg 465w, https:\/\/www.correspondentevianopolino.com.br\/site\/wp-content\/uploads\/2023\/10\/IMG-20231012-WA0078-189x310.jpg 189w, https:\/\/www.correspondentevianopolino.com.br\/site\/wp-content\/uploads\/2023\/10\/IMG-20231012-WA0078-130x213.jpg 130w, https:\/\/www.correspondentevianopolino.com.br\/site\/wp-content\/uploads\/2023\/10\/IMG-20231012-WA0078-125x204.jpg 125w, https:\/\/www.correspondentevianopolino.com.br\/site\/wp-content\/uploads\/2023\/10\/IMG-20231012-WA0078-116x190.jpg 116w, https:\/\/www.correspondentevianopolino.com.br\/site\/wp-content\/uploads\/2023\/10\/IMG-20231012-WA0078.jpg 720w\" sizes=\"(max-width: 626px) 100vw, 626px\" \/><\/figure>\n\n\n\n<p>NA FOTO ACIMA, <strong>ALICE DOS SANTOS GON\u00c7ALVES<\/strong>, FILHA DE ANNA VIT\u00d3RIA CORR\u00caA GON\u00c7ALVES E VICTOR EDUARDO DOS SANTOS.<\/p>\n\n\n\n<figure class=\"wp-block-image size-large is-resized\"><img decoding=\"async\" src=\"https:\/\/www.correspondentevianopolino.com.br\/site\/wp-content\/uploads\/2023\/10\/1000796071-879x1024.jpg\" alt=\"\" class=\"wp-image-91571\" width=\"843\" height=\"981\" srcset=\"https:\/\/www.correspondentevianopolino.com.br\/site\/wp-content\/uploads\/2023\/10\/1000796071-879x1024.jpg 879w, https:\/\/www.correspondentevianopolino.com.br\/site\/wp-content\/uploads\/2023\/10\/1000796071-257x300.jpg 257w, https:\/\/www.correspondentevianopolino.com.br\/site\/wp-content\/uploads\/2023\/10\/1000796071-465x542.jpg 465w, https:\/\/www.correspondentevianopolino.com.br\/site\/wp-content\/uploads\/2023\/10\/1000796071-768x895.jpg 768w, https:\/\/www.correspondentevianopolino.com.br\/site\/wp-content\/uploads\/2023\/10\/1000796071-266x310.jpg 266w, https:\/\/www.correspondentevianopolino.com.br\/site\/wp-content\/uploads\/2023\/10\/1000796071-183x213.jpg 183w, https:\/\/www.correspondentevianopolino.com.br\/site\/wp-content\/uploads\/2023\/10\/1000796071-175x204.jpg 175w, https:\/\/www.correspondentevianopolino.com.br\/site\/wp-content\/uploads\/2023\/10\/1000796071-163x190.jpg 163w, https:\/\/www.correspondentevianopolino.com.br\/site\/wp-content\/uploads\/2023\/10\/1000796071.jpg 1125w\" sizes=\"(max-width: 843px) 100vw, 843px\" \/><\/figure>\n\n\n\n<p>NA FOTO ACIMA, <strong>YURI FERNANDO SOUZA VALENTIM,<\/strong> FILHO DE ANY CLEYA MENDES DE SOUZA E LEONARDO SILVA VALENTIM.<\/p>\n\n\n\n<figure class=\"wp-block-image size-large\"><img decoding=\"async\" width=\"576\" height=\"1024\" src=\"https:\/\/www.correspondentevianopolino.com.br\/site\/wp-content\/uploads\/2023\/10\/1000796059-576x1024.jpg\" alt=\"\" class=\"wp-image-91572\" srcset=\"https:\/\/www.correspondentevianopolino.com.br\/site\/wp-content\/uploads\/2023\/10\/1000796059-576x1024.jpg 576w, https:\/\/www.correspondentevianopolino.com.br\/site\/wp-content\/uploads\/2023\/10\/1000796059-169x300.jpg 169w, https:\/\/www.correspondentevianopolino.com.br\/site\/wp-content\/uploads\/2023\/10\/1000796059-465x827.jpg 465w, https:\/\/www.correspondentevianopolino.com.br\/site\/wp-content\/uploads\/2023\/10\/1000796059-174x310.jpg 174w, https:\/\/www.correspondentevianopolino.com.br\/site\/wp-content\/uploads\/2023\/10\/1000796059-120x213.jpg 120w, https:\/\/www.correspondentevianopolino.com.br\/site\/wp-content\/uploads\/2023\/10\/1000796059-115x204.jpg 115w, https:\/\/www.correspondentevianopolino.com.br\/site\/wp-content\/uploads\/2023\/10\/1000796059-107x190.jpg 107w, https:\/\/www.correspondentevianopolino.com.br\/site\/wp-content\/uploads\/2023\/10\/1000796059.jpg 607w\" sizes=\"(max-width: 576px) 100vw, 576px\" \/><\/figure>\n\n\n\n<p>NA FOTO ACIMA, <strong>ALICE GABRIELLY RODRIGUES DE CASTRO<\/strong>, FILHA DE JAQUELINE BATISTA DE CASTRO DE ZILMAR JO\u00c3O RODRIGUES DE OLIVEIRA.<\/p>\n\n\n\n<figure class=\"wp-block-image size-full\"><img decoding=\"async\" width=\"849\" height=\"1024\" src=\"https:\/\/www.correspondentevianopolino.com.br\/site\/wp-content\/uploads\/2023\/10\/1000794181.jpg\" alt=\"\" class=\"wp-image-91325\" srcset=\"https:\/\/www.correspondentevianopolino.com.br\/site\/wp-content\/uploads\/2023\/10\/1000794181.jpg 849w, https:\/\/www.correspondentevianopolino.com.br\/site\/wp-content\/uploads\/2023\/10\/1000794181-249x300.jpg 249w, https:\/\/www.correspondentevianopolino.com.br\/site\/wp-content\/uploads\/2023\/10\/1000794181-465x561.jpg 465w, https:\/\/www.correspondentevianopolino.com.br\/site\/wp-content\/uploads\/2023\/10\/1000794181-768x926.jpg 768w, https:\/\/www.correspondentevianopolino.com.br\/site\/wp-content\/uploads\/2023\/10\/1000794181-257x310.jpg 257w, https:\/\/www.correspondentevianopolino.com.br\/site\/wp-content\/uploads\/2023\/10\/1000794181-177x213.jpg 177w, https:\/\/www.correspondentevianopolino.com.br\/site\/wp-content\/uploads\/2023\/10\/1000794181-169x204.jpg 169w, https:\/\/www.correspondentevianopolino.com.br\/site\/wp-content\/uploads\/2023\/10\/1000794181-158x190.jpg 158w\" sizes=\"(max-width: 849px) 100vw, 849px\" \/><\/figure>\n\n\n\n<figure class=\"wp-block-image size-large\"><img decoding=\"async\" width=\"1001\" height=\"1024\" src=\"https:\/\/www.correspondentevianopolino.com.br\/site\/wp-content\/uploads\/2023\/10\/1000796119-1001x1024.jpg\" alt=\"\" class=\"wp-image-91577\" srcset=\"https:\/\/www.correspondentevianopolino.com.br\/site\/wp-content\/uploads\/2023\/10\/1000796119-1001x1024.jpg 1001w, https:\/\/www.correspondentevianopolino.com.br\/site\/wp-content\/uploads\/2023\/10\/1000796119-293x300.jpg 293w, https:\/\/www.correspondentevianopolino.com.br\/site\/wp-content\/uploads\/2023\/10\/1000796119-465x476.jpg 465w, https:\/\/www.correspondentevianopolino.com.br\/site\/wp-content\/uploads\/2023\/10\/1000796119-768x786.jpg 768w, https:\/\/www.correspondentevianopolino.com.br\/site\/wp-content\/uploads\/2023\/10\/1000796119-303x310.jpg 303w, https:\/\/www.correspondentevianopolino.com.br\/site\/wp-content\/uploads\/2023\/10\/1000796119-208x213.jpg 208w, https:\/\/www.correspondentevianopolino.com.br\/site\/wp-content\/uploads\/2023\/10\/1000796119-199x204.jpg 199w, https:\/\/www.correspondentevianopolino.com.br\/site\/wp-content\/uploads\/2023\/10\/1000796119-186x190.jpg 186w, https:\/\/www.correspondentevianopolino.com.br\/site\/wp-content\/uploads\/2023\/10\/1000796119.jpg 1204w\" sizes=\"(max-width: 1001px) 100vw, 1001px\" \/><\/figure>\n\n\n\n<p>NA FOTO ACIMA, <strong>LISSA ALIA DE ANDRADE DOS SANTOS<\/strong>, FILHA DE GILMAR JOS\u00c9 DOS SANTOS E BENEDITA ANDR\u00c9A DE ANDRADE DOS SANTOS.<\/p>\n\n\n\n<figure class=\"wp-block-image size-large\"><img decoding=\"async\" width=\"1024\" height=\"765\" src=\"https:\/\/www.correspondentevianopolino.com.br\/site\/wp-content\/uploads\/2023\/10\/1000796122-1024x765.jpg\" alt=\"\" class=\"wp-image-91578\" srcset=\"https:\/\/www.correspondentevianopolino.com.br\/site\/wp-content\/uploads\/2023\/10\/1000796122-1024x765.jpg 1024w, https:\/\/www.correspondentevianopolino.com.br\/site\/wp-content\/uploads\/2023\/10\/1000796122-300x224.jpg 300w, https:\/\/www.correspondentevianopolino.com.br\/site\/wp-content\/uploads\/2023\/10\/1000796122-465x347.jpg 465w, https:\/\/www.correspondentevianopolino.com.br\/site\/wp-content\/uploads\/2023\/10\/1000796122-768x574.jpg 768w, https:\/\/www.correspondentevianopolino.com.br\/site\/wp-content\/uploads\/2023\/10\/1000796122-1536x1147.jpg 1536w, https:\/\/www.correspondentevianopolino.com.br\/site\/wp-content\/uploads\/2023\/10\/1000796122-415x310.jpg 415w, https:\/\/www.correspondentevianopolino.com.br\/site\/wp-content\/uploads\/2023\/10\/1000796122-285x213.jpg 285w, https:\/\/www.correspondentevianopolino.com.br\/site\/wp-content\/uploads\/2023\/10\/1000796122-273x204.jpg 273w, https:\/\/www.correspondentevianopolino.com.br\/site\/wp-content\/uploads\/2023\/10\/1000796122-254x190.jpg 254w, https:\/\/www.correspondentevianopolino.com.br\/site\/wp-content\/uploads\/2023\/10\/1000796122.jpg 1600w\" sizes=\"(max-width: 1024px) 100vw, 1024px\" \/><\/figure>\n\n\n\n<p>NA FOTO ACIMA, <strong>GABRIEL DE ANDRADE SPINDOLA<\/strong>, FILHO DE ANDERSON SPINDOLA COSTA E MARIA RITA DE ANDRADE.<\/p>\n\n\n\n<figure class=\"wp-block-image size-large\"><img decoding=\"async\" width=\"576\" height=\"1024\" src=\"https:\/\/www.correspondentevianopolino.com.br\/site\/wp-content\/uploads\/2023\/10\/1000796127-576x1024.jpg\" alt=\"\" class=\"wp-image-91581\" srcset=\"https:\/\/www.correspondentevianopolino.com.br\/site\/wp-content\/uploads\/2023\/10\/1000796127-576x1024.jpg 576w, https:\/\/www.correspondentevianopolino.com.br\/site\/wp-content\/uploads\/2023\/10\/1000796127-169x300.jpg 169w, https:\/\/www.correspondentevianopolino.com.br\/site\/wp-content\/uploads\/2023\/10\/1000796127-465x827.jpg 465w, https:\/\/www.correspondentevianopolino.com.br\/site\/wp-content\/uploads\/2023\/10\/1000796127-174x310.jpg 174w, https:\/\/www.correspondentevianopolino.com.br\/site\/wp-content\/uploads\/2023\/10\/1000796127-120x213.jpg 120w, https:\/\/www.correspondentevianopolino.com.br\/site\/wp-content\/uploads\/2023\/10\/1000796127-115x204.jpg 115w, https:\/\/www.correspondentevianopolino.com.br\/site\/wp-content\/uploads\/2023\/10\/1000796127-107x190.jpg 107w, https:\/\/www.correspondentevianopolino.com.br\/site\/wp-content\/uploads\/2023\/10\/1000796127.jpg 720w\" sizes=\"(max-width: 576px) 100vw, 576px\" \/><\/figure>\n\n\n\n<p>NA FOTO ACIMA, <strong>GEOVANNA SILVA MELO<\/strong>, FILHA DE JAINY SILVA E LUCAS MELO.<\/p>\n\n\n\n<figure class=\"wp-block-image size-large\"><img decoding=\"async\" width=\"576\" height=\"1024\" src=\"https:\/\/www.correspondentevianopolino.com.br\/site\/wp-content\/uploads\/2023\/10\/1000796130-576x1024.jpg\" alt=\"\" class=\"wp-image-91583\" srcset=\"https:\/\/www.correspondentevianopolino.com.br\/site\/wp-content\/uploads\/2023\/10\/1000796130-576x1024.jpg 576w, https:\/\/www.correspondentevianopolino.com.br\/site\/wp-content\/uploads\/2023\/10\/1000796130-169x300.jpg 169w, https:\/\/www.correspondentevianopolino.com.br\/site\/wp-content\/uploads\/2023\/10\/1000796130-465x827.jpg 465w, https:\/\/www.correspondentevianopolino.com.br\/site\/wp-content\/uploads\/2023\/10\/1000796130-768x1365.jpg 768w, https:\/\/www.correspondentevianopolino.com.br\/site\/wp-content\/uploads\/2023\/10\/1000796130-864x1536.jpg 864w, https:\/\/www.correspondentevianopolino.com.br\/site\/wp-content\/uploads\/2023\/10\/1000796130-174x310.jpg 174w, https:\/\/www.correspondentevianopolino.com.br\/site\/wp-content\/uploads\/2023\/10\/1000796130-120x213.jpg 120w, https:\/\/www.correspondentevianopolino.com.br\/site\/wp-content\/uploads\/2023\/10\/1000796130-115x204.jpg 115w, https:\/\/www.correspondentevianopolino.com.br\/site\/wp-content\/uploads\/2023\/10\/1000796130-107x190.jpg 107w, https:\/\/www.correspondentevianopolino.com.br\/site\/wp-content\/uploads\/2023\/10\/1000796130.jpg 900w\" sizes=\"(max-width: 576px) 100vw, 576px\" \/><\/figure>\n\n\n\n<p>NA FOTO ACIMA, <strong>VALENTINA MOREIRA PEREIRA CRAMENAK,<\/strong> FILHA DE ALEXANDRE CRAMENAK DE SOUZA E VIT\u00d3RIA MARIA GABRIELA PEREIRA.<\/p>\n\n\n\n<figure class=\"wp-block-image size-large\"><img decoding=\"async\" width=\"898\" height=\"1024\" src=\"https:\/\/www.correspondentevianopolino.com.br\/site\/wp-content\/uploads\/2023\/10\/1000794359-898x1024.jpg\" alt=\"\" class=\"wp-image-91340\" srcset=\"https:\/\/www.correspondentevianopolino.com.br\/site\/wp-content\/uploads\/2023\/10\/1000794359-898x1024.jpg 898w, https:\/\/www.correspondentevianopolino.com.br\/site\/wp-content\/uploads\/2023\/10\/1000794359-263x300.jpg 263w, https:\/\/www.correspondentevianopolino.com.br\/site\/wp-content\/uploads\/2023\/10\/1000794359-465x530.jpg 465w, https:\/\/www.correspondentevianopolino.com.br\/site\/wp-content\/uploads\/2023\/10\/1000794359-768x876.jpg 768w, https:\/\/www.correspondentevianopolino.com.br\/site\/wp-content\/uploads\/2023\/10\/1000794359-272x310.jpg 272w, https:\/\/www.correspondentevianopolino.com.br\/site\/wp-content\/uploads\/2023\/10\/1000794359-187x213.jpg 187w, https:\/\/www.correspondentevianopolino.com.br\/site\/wp-content\/uploads\/2023\/10\/1000794359-179x204.jpg 179w, https:\/\/www.correspondentevianopolino.com.br\/site\/wp-content\/uploads\/2023\/10\/1000794359-167x190.jpg 167w, https:\/\/www.correspondentevianopolino.com.br\/site\/wp-content\/uploads\/2023\/10\/1000794359.jpg 1080w\" sizes=\"(max-width: 898px) 100vw, 898px\" \/><\/figure>\n\n\n\n<figure class=\"wp-block-image size-large\"><img decoding=\"async\" width=\"620\" height=\"1024\" src=\"https:\/\/www.correspondentevianopolino.com.br\/site\/wp-content\/uploads\/2023\/10\/1000795541-1-620x1024.jpg\" alt=\"\" class=\"wp-image-91585\" srcset=\"https:\/\/www.correspondentevianopolino.com.br\/site\/wp-content\/uploads\/2023\/10\/1000795541-1-620x1024.jpg 620w, https:\/\/www.correspondentevianopolino.com.br\/site\/wp-content\/uploads\/2023\/10\/1000795541-1-182x300.jpg 182w, https:\/\/www.correspondentevianopolino.com.br\/site\/wp-content\/uploads\/2023\/10\/1000795541-1-465x768.jpg 465w, https:\/\/www.correspondentevianopolino.com.br\/site\/wp-content\/uploads\/2023\/10\/1000795541-1-768x1268.jpg 768w, https:\/\/www.correspondentevianopolino.com.br\/site\/wp-content\/uploads\/2023\/10\/1000795541-1-930x1536.jpg 930w, https:\/\/www.correspondentevianopolino.com.br\/site\/wp-content\/uploads\/2023\/10\/1000795541-1-188x310.jpg 188w, https:\/\/www.correspondentevianopolino.com.br\/site\/wp-content\/uploads\/2023\/10\/1000795541-1-129x213.jpg 129w, https:\/\/www.correspondentevianopolino.com.br\/site\/wp-content\/uploads\/2023\/10\/1000795541-1-124x204.jpg 124w, https:\/\/www.correspondentevianopolino.com.br\/site\/wp-content\/uploads\/2023\/10\/1000795541-1-115x190.jpg 115w, https:\/\/www.correspondentevianopolino.com.br\/site\/wp-content\/uploads\/2023\/10\/1000795541-1.jpg 969w\" sizes=\"(max-width: 620px) 100vw, 620px\" \/><\/figure>\n\n\n<figure class=\"wp-block-post-featured-image\"><img decoding=\"async\" width=\"2048\" height=\"2048\" src=\"https:\/\/www.correspondentevianopolino.com.br\/site\/wp-content\/uploads\/2023\/10\/PhotoGrid_Plus_1697190648762.jpg\" class=\"attachment-post-thumbnail size-post-thumbnail wp-post-image\" alt=\"\" style=\"object-fit:cover;\" srcset=\"https:\/\/www.correspondentevianopolino.com.br\/site\/wp-content\/uploads\/2023\/10\/PhotoGrid_Plus_1697190648762.jpg 2048w, https:\/\/www.correspondentevianopolino.com.br\/site\/wp-content\/uploads\/2023\/10\/PhotoGrid_Plus_1697190648762-300x300.jpg 300w, https:\/\/www.correspondentevianopolino.com.br\/site\/wp-content\/uploads\/2023\/10\/PhotoGrid_Plus_1697190648762-1024x1024.jpg 1024w, https:\/\/www.correspondentevianopolino.com.br\/site\/wp-content\/uploads\/2023\/10\/PhotoGrid_Plus_1697190648762-465x465.jpg 465w, https:\/\/www.correspondentevianopolino.com.br\/site\/wp-content\/uploads\/2023\/10\/PhotoGrid_Plus_1697190648762-768x768.jpg 768w, https:\/\/www.correspondentevianopolino.com.br\/site\/wp-content\/uploads\/2023\/10\/PhotoGrid_Plus_1697190648762-1536x1536.jpg 1536w, https:\/\/www.correspondentevianopolino.com.br\/site\/wp-content\/uploads\/2023\/10\/PhotoGrid_Plus_1697190648762-310x310.jpg 310w, https:\/\/www.correspondentevianopolino.com.br\/site\/wp-content\/uploads\/2023\/10\/PhotoGrid_Plus_1697190648762-213x213.jpg 213w, https:\/\/www.correspondentevianopolino.com.br\/site\/wp-content\/uploads\/2023\/10\/PhotoGrid_Plus_1697190648762-204x204.jpg 204w, https:\/\/www.correspondentevianopolino.com.br\/site\/wp-content\/uploads\/2023\/10\/PhotoGrid_Plus_1697190648762-190x190.jpg 190w\" sizes=\"(max-width: 2048px) 100vw, 2048px\" \/><\/figure>\n\n\n<p>NA FOTO ACIMA, <strong>MAR\u00cdLIA ANT\u00d4NIA RODRIGUES BENTO<\/strong>, FILHA DE FERNANDO IN\u00c1CIO BENTO E MARA CRISTIAN PEREIRA DE LOIOLA.<\/p>\n\n\n\n<figure class=\"wp-block-image size-large\"><img decoding=\"async\" width=\"1024\" height=\"672\" src=\"https:\/\/www.correspondentevianopolino.com.br\/site\/wp-content\/uploads\/2023\/10\/1000794312-1024x672.jpg\" alt=\"\" class=\"wp-image-91339\" srcset=\"https:\/\/www.correspondentevianopolino.com.br\/site\/wp-content\/uploads\/2023\/10\/1000794312-1024x672.jpg 1024w, https:\/\/www.correspondentevianopolino.com.br\/site\/wp-content\/uploads\/2023\/10\/1000794312-300x197.jpg 300w, https:\/\/www.correspondentevianopolino.com.br\/site\/wp-content\/uploads\/2023\/10\/1000794312-465x305.jpg 465w, https:\/\/www.correspondentevianopolino.com.br\/site\/wp-content\/uploads\/2023\/10\/1000794312-768x504.jpg 768w, https:\/\/www.correspondentevianopolino.com.br\/site\/wp-content\/uploads\/2023\/10\/1000794312-324x213.jpg 324w, https:\/\/www.correspondentevianopolino.com.br\/site\/wp-content\/uploads\/2023\/10\/1000794312-311x204.jpg 311w, https:\/\/www.correspondentevianopolino.com.br\/site\/wp-content\/uploads\/2023\/10\/1000794312-260x171.jpg 260w, https:\/\/www.correspondentevianopolino.com.br\/site\/wp-content\/uploads\/2023\/10\/1000794312.jpg 1080w\" sizes=\"(max-width: 1024px) 100vw, 1024px\" \/><\/figure>\n\n\n\n<figure class=\"wp-block-image size-large\"><img decoding=\"async\" width=\"819\" height=\"1024\" src=\"https:\/\/www.correspondentevianopolino.com.br\/site\/wp-content\/uploads\/2023\/10\/1000796143-819x1024.jpg\" alt=\"\" class=\"wp-image-91586\" srcset=\"https:\/\/www.correspondentevianopolino.com.br\/site\/wp-content\/uploads\/2023\/10\/1000796143-819x1024.jpg 819w, https:\/\/www.correspondentevianopolino.com.br\/site\/wp-content\/uploads\/2023\/10\/1000796143-240x300.jpg 240w, https:\/\/www.correspondentevianopolino.com.br\/site\/wp-content\/uploads\/2023\/10\/1000796143-465x582.jpg 465w, https:\/\/www.correspondentevianopolino.com.br\/site\/wp-content\/uploads\/2023\/10\/1000796143-768x961.jpg 768w, https:\/\/www.correspondentevianopolino.com.br\/site\/wp-content\/uploads\/2023\/10\/1000796143-248x310.jpg 248w, https:\/\/www.correspondentevianopolino.com.br\/site\/wp-content\/uploads\/2023\/10\/1000796143-170x213.jpg 170w, https:\/\/www.correspondentevianopolino.com.br\/site\/wp-content\/uploads\/2023\/10\/1000796143-163x204.jpg 163w, https:\/\/www.correspondentevianopolino.com.br\/site\/wp-content\/uploads\/2023\/10\/1000796143-152x190.jpg 152w, https:\/\/www.correspondentevianopolino.com.br\/site\/wp-content\/uploads\/2023\/10\/1000796143.jpg 853w\" sizes=\"(max-width: 819px) 100vw, 819px\" \/><\/figure>\n\n\n\n<p>NA FOTO ACIMA, <strong>MARIA FERNANDA RODRIGUES SILVA,<\/strong> FILHA DE CELMAR JOS\u00c9 DA SILVA E MARA CRISTIAN PEREIRA DE LOIOLA.<\/p>\n\n\n\n<figure class=\"wp-block-image size-large\"><img decoding=\"async\" width=\"576\" height=\"1024\" src=\"https:\/\/www.correspondentevianopolino.com.br\/site\/wp-content\/uploads\/2023\/10\/1000796153-576x1024.jpg\" alt=\"\" class=\"wp-image-91589\" srcset=\"https:\/\/www.correspondentevianopolino.com.br\/site\/wp-content\/uploads\/2023\/10\/1000796153-576x1024.jpg 576w, https:\/\/www.correspondentevianopolino.com.br\/site\/wp-content\/uploads\/2023\/10\/1000796153-169x300.jpg 169w, https:\/\/www.correspondentevianopolino.com.br\/site\/wp-content\/uploads\/2023\/10\/1000796153-465x827.jpg 465w, https:\/\/www.correspondentevianopolino.com.br\/site\/wp-content\/uploads\/2023\/10\/1000796153-768x1365.jpg 768w, https:\/\/www.correspondentevianopolino.com.br\/site\/wp-content\/uploads\/2023\/10\/1000796153-864x1536.jpg 864w, https:\/\/www.correspondentevianopolino.com.br\/site\/wp-content\/uploads\/2023\/10\/1000796153-174x310.jpg 174w, https:\/\/www.correspondentevianopolino.com.br\/site\/wp-content\/uploads\/2023\/10\/1000796153-120x213.jpg 120w, https:\/\/www.correspondentevianopolino.com.br\/site\/wp-content\/uploads\/2023\/10\/1000796153-115x204.jpg 115w, https:\/\/www.correspondentevianopolino.com.br\/site\/wp-content\/uploads\/2023\/10\/1000796153-107x190.jpg 107w, https:\/\/www.correspondentevianopolino.com.br\/site\/wp-content\/uploads\/2023\/10\/1000796153.jpg 900w\" sizes=\"(max-width: 576px) 100vw, 576px\" \/><\/figure>\n\n\n\n<p>NA FOTO ACIMA, <strong>BRUNO SOUZA DUTRA<\/strong>, FILHO DE ALEXANDRE GOMES DUTRA E MARIA DE SOUZA ANDRADE.<\/p>\n\n\n\n<figure class=\"wp-block-image size-large\"><img decoding=\"async\" width=\"682\" height=\"1024\" src=\"https:\/\/www.correspondentevianopolino.com.br\/site\/wp-content\/uploads\/2023\/10\/1000796171-682x1024.jpg\" alt=\"\" class=\"wp-image-91591\" srcset=\"https:\/\/www.correspondentevianopolino.com.br\/site\/wp-content\/uploads\/2023\/10\/1000796171-682x1024.jpg 682w, https:\/\/www.correspondentevianopolino.com.br\/site\/wp-content\/uploads\/2023\/10\/1000796171-200x300.jpg 200w, https:\/\/www.correspondentevianopolino.com.br\/site\/wp-content\/uploads\/2023\/10\/1000796171-465x698.jpg 465w, https:\/\/www.correspondentevianopolino.com.br\/site\/wp-content\/uploads\/2023\/10\/1000796171-768x1152.jpg 768w, https:\/\/www.correspondentevianopolino.com.br\/site\/wp-content\/uploads\/2023\/10\/1000796171-207x310.jpg 207w, https:\/\/www.correspondentevianopolino.com.br\/site\/wp-content\/uploads\/2023\/10\/1000796171-142x213.jpg 142w, https:\/\/www.correspondentevianopolino.com.br\/site\/wp-content\/uploads\/2023\/10\/1000796171-136x204.jpg 136w, https:\/\/www.correspondentevianopolino.com.br\/site\/wp-content\/uploads\/2023\/10\/1000796171-127x190.jpg 127w, https:\/\/www.correspondentevianopolino.com.br\/site\/wp-content\/uploads\/2023\/10\/1000796171.jpg 853w\" sizes=\"(max-width: 682px) 100vw, 682px\" \/><\/figure>\n\n\n\n<p>NA FOTO ACIMA, <strong>ISAQUE RODRIGUES DE OLIVEIRA<\/strong>, FILHO DE ANT\u00d4NIO REIS OLIVEIRA E GISELLE RODRIGUES DANTAS.<\/p>\n\n\n\n<figure class=\"wp-block-image size-large\"><img decoding=\"async\" width=\"768\" height=\"1024\" src=\"https:\/\/www.correspondentevianopolino.com.br\/site\/wp-content\/uploads\/2023\/10\/1000796168-768x1024.jpg\" alt=\"\" class=\"wp-image-91592\" srcset=\"https:\/\/www.correspondentevianopolino.com.br\/site\/wp-content\/uploads\/2023\/10\/1000796168-768x1024.jpg 768w, https:\/\/www.correspondentevianopolino.com.br\/site\/wp-content\/uploads\/2023\/10\/1000796168-225x300.jpg 225w, https:\/\/www.correspondentevianopolino.com.br\/site\/wp-content\/uploads\/2023\/10\/1000796168-465x620.jpg 465w, https:\/\/www.correspondentevianopolino.com.br\/site\/wp-content\/uploads\/2023\/10\/1000796168-1152x1536.jpg 1152w, https:\/\/www.correspondentevianopolino.com.br\/site\/wp-content\/uploads\/2023\/10\/1000796168-233x310.jpg 233w, https:\/\/www.correspondentevianopolino.com.br\/site\/wp-content\/uploads\/2023\/10\/1000796168-160x213.jpg 160w, https:\/\/www.correspondentevianopolino.com.br\/site\/wp-content\/uploads\/2023\/10\/1000796168-153x204.jpg 153w, https:\/\/www.correspondentevianopolino.com.br\/site\/wp-content\/uploads\/2023\/10\/1000796168-143x190.jpg 143w, https:\/\/www.correspondentevianopolino.com.br\/site\/wp-content\/uploads\/2023\/10\/1000796168.jpg 1200w\" sizes=\"(max-width: 768px) 100vw, 768px\" \/><\/figure>\n\n\n\n<p>NA FOTO ACIMA, <strong>SARA HESTE RODRIGUES DE OLIVEIRA<\/strong>, FILHA DE ANT\u00d4NIO REIS OLIVEIRA E GISELLE RODRIGUES DANTAS.<\/p>\n\n\n\n<figure class=\"wp-block-image size-large\"><img decoding=\"async\" width=\"768\" height=\"1024\" src=\"https:\/\/www.correspondentevianopolino.com.br\/site\/wp-content\/uploads\/2023\/10\/1000796179-768x1024.jpg\" alt=\"\" class=\"wp-image-91595\" srcset=\"https:\/\/www.correspondentevianopolino.com.br\/site\/wp-content\/uploads\/2023\/10\/1000796179-768x1024.jpg 768w, https:\/\/www.correspondentevianopolino.com.br\/site\/wp-content\/uploads\/2023\/10\/1000796179-225x300.jpg 225w, https:\/\/www.correspondentevianopolino.com.br\/site\/wp-content\/uploads\/2023\/10\/1000796179-465x620.jpg 465w, https:\/\/www.correspondentevianopolino.com.br\/site\/wp-content\/uploads\/2023\/10\/1000796179-1152x1536.jpg 1152w, https:\/\/www.correspondentevianopolino.com.br\/site\/wp-content\/uploads\/2023\/10\/1000796179-233x310.jpg 233w, https:\/\/www.correspondentevianopolino.com.br\/site\/wp-content\/uploads\/2023\/10\/1000796179-160x213.jpg 160w, https:\/\/www.correspondentevianopolino.com.br\/site\/wp-content\/uploads\/2023\/10\/1000796179-153x204.jpg 153w, https:\/\/www.correspondentevianopolino.com.br\/site\/wp-content\/uploads\/2023\/10\/1000796179-143x190.jpg 143w, https:\/\/www.correspondentevianopolino.com.br\/site\/wp-content\/uploads\/2023\/10\/1000796179.jpg 1200w\" sizes=\"(max-width: 768px) 100vw, 768px\" \/><\/figure>\n\n\n\n<p>NA FOTO ACIMA, <strong>LUAN GOMES DE SOUZA<\/strong>, FILHO DE JO\u00c3O PAULO GOMES PEREIRA E VANUSA PIRES VALENTIM.<\/p>\n\n\n\n<figure class=\"wp-block-image size-large\"><img decoding=\"async\" width=\"576\" height=\"1024\" src=\"https:\/\/www.correspondentevianopolino.com.br\/site\/wp-content\/uploads\/2023\/10\/1000796177-576x1024.jpg\" alt=\"\" class=\"wp-image-91596\" srcset=\"https:\/\/www.correspondentevianopolino.com.br\/site\/wp-content\/uploads\/2023\/10\/1000796177-576x1024.jpg 576w, https:\/\/www.correspondentevianopolino.com.br\/site\/wp-content\/uploads\/2023\/10\/1000796177-169x300.jpg 169w, https:\/\/www.correspondentevianopolino.com.br\/site\/wp-content\/uploads\/2023\/10\/1000796177-465x827.jpg 465w, https:\/\/www.correspondentevianopolino.com.br\/site\/wp-content\/uploads\/2023\/10\/1000796177-174x310.jpg 174w, https:\/\/www.correspondentevianopolino.com.br\/site\/wp-content\/uploads\/2023\/10\/1000796177-120x213.jpg 120w, https:\/\/www.correspondentevianopolino.com.br\/site\/wp-content\/uploads\/2023\/10\/1000796177-115x204.jpg 115w, https:\/\/www.correspondentevianopolino.com.br\/site\/wp-content\/uploads\/2023\/10\/1000796177-107x190.jpg 107w, https:\/\/www.correspondentevianopolino.com.br\/site\/wp-content\/uploads\/2023\/10\/1000796177.jpg 720w\" sizes=\"(max-width: 576px) 100vw, 576px\" \/><\/figure>\n\n\n\n<p>NA FOTO ACIMA, <strong>CEC\u00cdLIA CAMPOS VALENTIM<\/strong>, FILHA DE ERYKA RODRIGUES VALENTIM E RAUNI DUARTE CAMPOS.<\/p>\n","protected":false},"excerpt":{"rendered":"<p>O Site do CORRESPONDENTE VIANOPOLINO presta homenagem a todas as crian\u00e7as de Vian\u00f3polis e regi\u00e3o, postando dezenas de fotos na [&hellip;]<\/p>\n","protected":false},"author":2,"featured_media":91703,"comment_status":"open","ping_status":"closed","sticky":false,"template":"","format":"standard","meta":{"_uag_custom_page_level_css":"","site-sidebar-layout":"default","site-content-layout":"","ast-site-content-layout":"default","site-content-style":"default","site-sidebar-style":"default","ast-global-header-display":"","ast-banner-title-visibility":"","ast-main-header-display":"","ast-hfb-above-header-display":"","ast-hfb-below-header-display":"","ast-hfb-mobile-header-display":"","site-post-title":"","ast-breadcrumbs-content":"","ast-featured-img":"","footer-sml-layout":"","ast-disable-related-posts":"","theme-transparent-header-meta":"","adv-header-id-meta":"","stick-header-meta":"","header-above-stick-meta":"","header-main-stick-meta":"","header-below-stick-meta":"","astra-migrate-meta-layouts":"default","ast-page-background-enabled":"default","ast-page-background-meta":{"desktop":{"background-color":"var(--ast-global-color-4)","background-image":"","background-repeat":"repeat","background-position":"center center","background-size":"auto","background-attachment":"scroll","background-type":"","background-media":"","overlay-type":"","overlay-color":"","overlay-opacity":"","overlay-gradient":""},"tablet":{"background-color":"","background-image":"","background-repeat":"repeat","background-position":"center center","background-size":"auto","background-attachment":"scroll","background-type":"","background-media":"","overlay-type":"","overlay-color":"","overlay-opacity":"","overlay-gradient":""},"mobile":{"background-color":"","background-image":"","background-repeat":"repeat","background-position":"center center","background-size":"auto","background-attachment":"scroll","background-type":"","background-media":"","overlay-type":"","overlay-color":"","overlay-opacity":"","overlay-gradient":""}},"ast-content-background-meta":{"desktop":{"background-color":"var(--ast-global-color-5)","background-image":"","background-repeat":"repeat","background-position":"center center","background-size":"auto","background-attachment":"scroll","background-type":"","background-media":"","overlay-type":"","overlay-color":"","overlay-opacity":"","overlay-gradient":""},"tablet":{"background-color":"var(--ast-global-color-5)","background-image":"","background-repeat":"repeat","background-position":"center center","background-size":"auto","background-attachment":"scroll","background-type":"","background-media":"","overlay-type":"","overlay-color":"","overlay-opacity":"","overlay-gradient":""},"mobile":{"background-color":"var(--ast-global-color-5)","background-image":"","background-repeat":"repeat","background-position":"center center","background-size":"auto","background-attachment":"scroll","background-type":"","background-media":"","overlay-type":"","overlay-color":"","overlay-opacity":"","overlay-gradient":""}},"footnotes":""},"categories":[1],"tags":[],"class_list":["post-91310","post","type-post","status-publish","format-standard","has-post-thumbnail","hentry","category-ultimas"],"uagb_featured_image_src":{"full":["https:\/\/www.correspondentevianopolino.com.br\/site\/wp-content\/uploads\/2023\/10\/PhotoGrid_Plus_1697190648762.jpg",2048,2048,false],"thumbnail":["https:\/\/www.correspondentevianopolino.com.br\/site\/wp-content\/uploads\/2023\/10\/PhotoGrid_Plus_1697190648762-465x465.jpg",465,465,true],"medium":["https:\/\/www.correspondentevianopolino.com.br\/site\/wp-content\/uploads\/2023\/10\/PhotoGrid_Plus_1697190648762-300x300.jpg",300,300,true],"medium_large":["https:\/\/www.correspondentevianopolino.com.br\/site\/wp-content\/uploads\/2023\/10\/PhotoGrid_Plus_1697190648762-768x768.jpg",768,768,true],"large":["https:\/\/www.correspondentevianopolino.com.br\/site\/wp-content\/uploads\/2023\/10\/PhotoGrid_Plus_1697190648762-1024x1024.jpg",675,675,true],"1536x1536":["https:\/\/www.correspondentevianopolino.com.br\/site\/wp-content\/uploads\/2023\/10\/PhotoGrid_Plus_1697190648762-1536x1536.jpg",1536,1536,true],"2048x2048":["https:\/\/www.correspondentevianopolino.com.br\/site\/wp-content\/uploads\/2023\/10\/PhotoGrid_Plus_1697190648762-2048x2048.jpg",2048,2048,true]},"uagb_author_info":{"display_name":"Ol\u00edvio Lemos","author_link":"https:\/\/www.correspondentevianopolino.com.br\/site\/author\/olivio\/"},"uagb_comment_info":0,"uagb_excerpt":"O Site do CORRESPONDENTE VIANOPOLINO presta homenagem a todas as crian\u00e7as de Vian\u00f3polis e regi\u00e3o, postando dezenas de fotos na [&hellip;]","_links":{"self":[{"href":"https:\/\/www.correspondentevianopolino.com.br\/site\/wp-json\/wp\/v2\/posts\/91310","targetHints":{"allow":["GET"]}}],"collection":[{"href":"https:\/\/www.correspondentevianopolino.com.br\/site\/wp-json\/wp\/v2\/posts"}],"about":[{"href":"https:\/\/www.correspondentevianopolino.com.br\/site\/wp-json\/wp\/v2\/types\/post"}],"author":[{"embeddable":true,"href":"https:\/\/www.correspondentevianopolino.com.br\/site\/wp-json\/wp\/v2\/users\/2"}],"replies":[{"embeddable":true,"href":"https:\/\/www.correspondentevianopolino.com.br\/site\/wp-json\/wp\/v2\/comments?post=91310"}],"version-history":[{"count":0,"href":"https:\/\/www.correspondentevianopolino.com.br\/site\/wp-json\/wp\/v2\/posts\/91310\/revisions"}],"wp:featuredmedia":[{"embeddable":true,"href":"https:\/\/www.correspondentevianopolino.com.br\/site\/wp-json\/wp\/v2\/media\/91703"}],"wp:attachment":[{"href":"https:\/\/www.correspondentevianopolino.com.br\/site\/wp-json\/wp\/v2\/media?parent=91310"}],"wp:term":[{"taxonomy":"category","embeddable":true,"href":"https:\/\/www.correspondentevianopolino.com.br\/site\/wp-json\/wp\/v2\/categories?post=91310"},{"taxonomy":"post_tag","embeddable":true,"href":"https:\/\/www.correspondentevianopolino.com.br\/site\/wp-json\/wp\/v2\/tags?post=91310"}],"curies":[{"name":"wp","href":"https:\/\/api.w.org\/{rel}","templated":true}]}}