{"id":91862,"date":"2023-10-17T06:22:41","date_gmt":"2023-10-17T09:22:41","guid":{"rendered":"https:\/\/www.correspondentevianopolino.com.br\/site\/?p=91862"},"modified":"2023-10-20T14:07:11","modified_gmt":"2023-10-20T17:07:11","slug":"promotor-leonarco-maciel-moreira-foi-promovido-e-vai-assumir-a-promotoria-de-justica-de-aruana","status":"publish","type":"post","link":"https:\/\/www.correspondentevianopolino.com.br\/site\/promotor-leonarco-maciel-moreira-foi-promovido-e-vai-assumir-a-promotoria-de-justica-de-aruana\/","title":{"rendered":"PROMOTOR LEONARDO MACIEL MOREIRA FOI PROMOVIDO E VAI ASSUMIR A PROMOTORIA DE JUSTI\u00c7A DE OUTRA CIDADE"},"content":{"rendered":"\n<figure class=\"wp-block-image size-full\"><img decoding=\"async\" width=\"576\" height=\"1024\" src=\"https:\/\/www.correspondentevianopolino.com.br\/site\/wp-content\/uploads\/2023\/10\/thumbnail-6-6-576x1024-1-4.jpg\" alt=\"\" class=\"wp-image-91818\" srcset=\"https:\/\/www.correspondentevianopolino.com.br\/site\/wp-content\/uploads\/2023\/10\/thumbnail-6-6-576x1024-1-4.jpg 576w, https:\/\/www.correspondentevianopolino.com.br\/site\/wp-content\/uploads\/2023\/10\/thumbnail-6-6-576x1024-1-4-169x300.jpg 169w, https:\/\/www.correspondentevianopolino.com.br\/site\/wp-content\/uploads\/2023\/10\/thumbnail-6-6-576x1024-1-4-465x827.jpg 465w, https:\/\/www.correspondentevianopolino.com.br\/site\/wp-content\/uploads\/2023\/10\/thumbnail-6-6-576x1024-1-4-174x310.jpg 174w, https:\/\/www.correspondentevianopolino.com.br\/site\/wp-content\/uploads\/2023\/10\/thumbnail-6-6-576x1024-1-4-120x213.jpg 120w, https:\/\/www.correspondentevianopolino.com.br\/site\/wp-content\/uploads\/2023\/10\/thumbnail-6-6-576x1024-1-4-115x204.jpg 115w, https:\/\/www.correspondentevianopolino.com.br\/site\/wp-content\/uploads\/2023\/10\/thumbnail-6-6-576x1024-1-4-107x190.jpg 107w\" sizes=\"(max-width: 576px) 100vw, 576px\" \/><\/figure>\n\n\n\n<p>Em sess\u00e3o realizada ontem, 16\/10, o Conselho Superior do Minist\u00e9rio P\u00fablico de Goi\u00e1s definiu as promo\u00e7\u00f5es e remo\u00e7\u00f5es para 40 Promotorias de Justi\u00e7a que estavam vagas em Goi\u00e1s.<\/p>\n\n\n\n<p>A sess\u00e3o foi presidida pelo Procurador-Geral de Justi\u00e7a, Cyro Terra Peres.<\/p>\n\n\n\n<p><strong>E o Promotor de Justi\u00e7a, Leonardo Maciel Moreira, <\/strong>que assumiu a Promotoria de Justi\u00e7a de Vian\u00f3polis em maio \u00faltimo em substitui\u00e7\u00e3o a Lucas C\u00e9sar Costa Ferreira, hoje Coordenador do Centro de Apoio Operacional \u00e0s Procuradorias e Promotorias de Justi\u00e7a do MP (CAO PATRIM\u00d4NIO P\u00daBLICO), <strong>foi promovido por antiguidade<\/strong> e vai assumir a Promotoria de Justi\u00e7a de Aruan\u00e3.<\/p>\n\n\n\n<p>A promo\u00e7\u00e3o e a transfer\u00eancia do Promotor Leonardo Maciel Moreira acontecem cerca de 6 meses ap\u00f3s ele assumir a Promotoria de Justi\u00e7a de Vian\u00f3polis.<\/p>\n\n\n\n<p>At\u00e9 a promo\u00e7\u00e3o acontecer, Leonardo Maciel Moreira, que foi empossado no Minist\u00e9rio P\u00fablico de Goi\u00e1s em agosto de 2022, estava atuando como Promotor Substituto.<\/p>\n\n\n\n<p>At\u00e9 o fechamento desta edi\u00e7\u00e3o, o Minist\u00e9rio P\u00fablico de Goi\u00e1s n\u00e3o havia anunciado o nome do Promotor que assumir\u00e1 a Promotoria de Justi\u00e7a de nossa cidade.<\/p>\n\n\n<figure class=\"wp-block-post-featured-image\"><img decoding=\"async\" width=\"480\" height=\"448\" src=\"https:\/\/www.correspondentevianopolino.com.br\/site\/wp-content\/uploads\/2023\/10\/IMG-20230503-WA0046-1-1.jpg\" class=\"attachment-post-thumbnail size-post-thumbnail wp-post-image\" alt=\"\" style=\"object-fit:cover;\" srcset=\"https:\/\/www.correspondentevianopolino.com.br\/site\/wp-content\/uploads\/2023\/10\/IMG-20230503-WA0046-1-1.jpg 480w, https:\/\/www.correspondentevianopolino.com.br\/site\/wp-content\/uploads\/2023\/10\/IMG-20230503-WA0046-1-1-300x280.jpg 300w, https:\/\/www.correspondentevianopolino.com.br\/site\/wp-content\/uploads\/2023\/10\/IMG-20230503-WA0046-1-1-465x434.jpg 465w, https:\/\/www.correspondentevianopolino.com.br\/site\/wp-content\/uploads\/2023\/10\/IMG-20230503-WA0046-1-1-332x310.jpg 332w, https:\/\/www.correspondentevianopolino.com.br\/site\/wp-content\/uploads\/2023\/10\/IMG-20230503-WA0046-1-1-228x213.jpg 228w, https:\/\/www.correspondentevianopolino.com.br\/site\/wp-content\/uploads\/2023\/10\/IMG-20230503-WA0046-1-1-219x204.jpg 219w, https:\/\/www.correspondentevianopolino.com.br\/site\/wp-content\/uploads\/2023\/10\/IMG-20230503-WA0046-1-1-204x190.jpg 204w\" sizes=\"(max-width: 480px) 100vw, 480px\" \/><\/figure>","protected":false},"excerpt":{"rendered":"<p>Em sess\u00e3o realizada ontem, 16\/10, o Conselho Superior do Minist\u00e9rio P\u00fablico de Goi\u00e1s definiu as promo\u00e7\u00f5es e remo\u00e7\u00f5es para 40 [&hellip;]<\/p>\n","protected":false},"author":2,"featured_media":91866,"comment_status":"open","ping_status":"closed","sticky":false,"template":"","format":"standard","meta":{"_uag_custom_page_level_css":"","site-sidebar-layout":"default","site-content-layout":"","ast-site-content-layout":"default","site-content-style":"default","site-sidebar-style":"default","ast-global-header-display":"","ast-banner-title-visibility":"","ast-main-header-display":"","ast-hfb-above-header-display":"","ast-hfb-below-header-display":"","ast-hfb-mobile-header-display":"","site-post-title":"","ast-breadcrumbs-content":"","ast-featured-img":"","footer-sml-layout":"","ast-disable-related-posts":"","theme-transparent-header-meta":"","adv-header-id-meta":"","stick-header-meta":"","header-above-stick-meta":"","header-main-stick-meta":"","header-below-stick-meta":"","astra-migrate-meta-layouts":"default","ast-page-background-enabled":"default","ast-page-background-meta":{"desktop":{"background-color":"var(--ast-global-color-4)","background-image":"","background-repeat":"repeat","background-position":"center center","background-size":"auto","background-attachment":"scroll","background-type":"","background-media":"","overlay-type":"","overlay-color":"","overlay-opacity":"","overlay-gradient":""},"tablet":{"background-color":"","background-image":"","background-repeat":"repeat","background-position":"center center","background-size":"auto","background-attachment":"scroll","background-type":"","background-media":"","overlay-type":"","overlay-color":"","overlay-opacity":"","overlay-gradient":""},"mobile":{"background-color":"","background-image":"","background-repeat":"repeat","background-position":"center center","background-size":"auto","background-attachment":"scroll","background-type":"","background-media":"","overlay-type":"","overlay-color":"","overlay-opacity":"","overlay-gradient":""}},"ast-content-background-meta":{"desktop":{"background-color":"var(--ast-global-color-5)","background-image":"","background-repeat":"repeat","background-position":"center center","background-size":"auto","background-attachment":"scroll","background-type":"","background-media":"","overlay-type":"","overlay-color":"","overlay-opacity":"","overlay-gradient":""},"tablet":{"background-color":"var(--ast-global-color-5)","background-image":"","background-repeat":"repeat","background-position":"center center","background-size":"auto","background-attachment":"scroll","background-type":"","background-media":"","overlay-type":"","overlay-color":"","overlay-opacity":"","overlay-gradient":""},"mobile":{"background-color":"var(--ast-global-color-5)","background-image":"","background-repeat":"repeat","background-position":"center center","background-size":"auto","background-attachment":"scroll","background-type":"","background-media":"","overlay-type":"","overlay-color":"","overlay-opacity":"","overlay-gradient":""}},"footnotes":""},"categories":[1],"tags":[],"class_list":["post-91862","post","type-post","status-publish","format-standard","has-post-thumbnail","hentry","category-ultimas"],"uagb_featured_image_src":{"full":["https:\/\/www.correspondentevianopolino.com.br\/site\/wp-content\/uploads\/2023\/10\/IMG-20230503-WA0046-1-1.jpg",480,448,false],"thumbnail":["https:\/\/www.correspondentevianopolino.com.br\/site\/wp-content\/uploads\/2023\/10\/IMG-20230503-WA0046-1-1-465x434.jpg",465,434,true],"medium":["https:\/\/www.correspondentevianopolino.com.br\/site\/wp-content\/uploads\/2023\/10\/IMG-20230503-WA0046-1-1-300x280.jpg",300,280,true],"medium_large":["https:\/\/www.correspondentevianopolino.com.br\/site\/wp-content\/uploads\/2023\/10\/IMG-20230503-WA0046-1-1.jpg",480,448,false],"large":["https:\/\/www.correspondentevianopolino.com.br\/site\/wp-content\/uploads\/2023\/10\/IMG-20230503-WA0046-1-1.jpg",480,448,false],"1536x1536":["https:\/\/www.correspondentevianopolino.com.br\/site\/wp-content\/uploads\/2023\/10\/IMG-20230503-WA0046-1-1.jpg",480,448,false],"2048x2048":["https:\/\/www.correspondentevianopolino.com.br\/site\/wp-content\/uploads\/2023\/10\/IMG-20230503-WA0046-1-1.jpg",480,448,false]},"uagb_author_info":{"display_name":"Ol\u00edvio Lemos","author_link":"https:\/\/www.correspondentevianopolino.com.br\/site\/author\/olivio\/"},"uagb_comment_info":0,"uagb_excerpt":"Em sess\u00e3o realizada ontem, 16\/10, o Conselho Superior do Minist\u00e9rio P\u00fablico de Goi\u00e1s definiu as promo\u00e7\u00f5es e remo\u00e7\u00f5es para 40 [&hellip;]","_links":{"self":[{"href":"https:\/\/www.correspondentevianopolino.com.br\/site\/wp-json\/wp\/v2\/posts\/91862","targetHints":{"allow":["GET"]}}],"collection":[{"href":"https:\/\/www.correspondentevianopolino.com.br\/site\/wp-json\/wp\/v2\/posts"}],"about":[{"href":"https:\/\/www.correspondentevianopolino.com.br\/site\/wp-json\/wp\/v2\/types\/post"}],"author":[{"embeddable":true,"href":"https:\/\/www.correspondentevianopolino.com.br\/site\/wp-json\/wp\/v2\/users\/2"}],"replies":[{"embeddable":true,"href":"https:\/\/www.correspondentevianopolino.com.br\/site\/wp-json\/wp\/v2\/comments?post=91862"}],"version-history":[{"count":0,"href":"https:\/\/www.correspondentevianopolino.com.br\/site\/wp-json\/wp\/v2\/posts\/91862\/revisions"}],"wp:featuredmedia":[{"embeddable":true,"href":"https:\/\/www.correspondentevianopolino.com.br\/site\/wp-json\/wp\/v2\/media\/91866"}],"wp:attachment":[{"href":"https:\/\/www.correspondentevianopolino.com.br\/site\/wp-json\/wp\/v2\/media?parent=91862"}],"wp:term":[{"taxonomy":"category","embeddable":true,"href":"https:\/\/www.correspondentevianopolino.com.br\/site\/wp-json\/wp\/v2\/categories?post=91862"},{"taxonomy":"post_tag","embeddable":true,"href":"https:\/\/www.correspondentevianopolino.com.br\/site\/wp-json\/wp\/v2\/tags?post=91862"}],"curies":[{"name":"wp","href":"https:\/\/api.w.org\/{rel}","templated":true}]}}