{"id":91889,"date":"2023-10-18T08:25:26","date_gmt":"2023-10-18T11:25:26","guid":{"rendered":"https:\/\/www.correspondentevianopolino.com.br\/site\/?p=91889"},"modified":"2023-10-20T14:11:16","modified_gmt":"2023-10-20T17:11:16","slug":"vianopolis-vai-sediar-etapa-do-campeonato-goiano-de-formula-200-piloto-dario-jardim-e-o-lider-da-competicao","status":"publish","type":"post","link":"https:\/\/www.correspondentevianopolino.com.br\/site\/vianopolis-vai-sediar-etapa-do-campeonato-goiano-de-formula-200-piloto-dario-jardim-e-o-lider-da-competicao\/","title":{"rendered":"VIAN\u00d3POLIS VAI SEDIAR ETAPA DO CAMPEONATO GOIANO DE F\u00d3RMULA 200 SEXTA E S\u00c1BADO PR\u00d3XIMOS&#8230; PILOTO DARIO JARDIM \u00c9 O L\u00cdDER DA COMPETI\u00c7\u00c3O"},"content":{"rendered":"\n<figure class=\"wp-block-image size-full\"><img decoding=\"async\" width=\"576\" height=\"1024\" src=\"https:\/\/www.correspondentevianopolino.com.br\/site\/wp-content\/uploads\/2023\/10\/thumbnail-6-6-576x1024-1-4.jpg\" alt=\"\" class=\"wp-image-91818\" srcset=\"https:\/\/www.correspondentevianopolino.com.br\/site\/wp-content\/uploads\/2023\/10\/thumbnail-6-6-576x1024-1-4.jpg 576w, https:\/\/www.correspondentevianopolino.com.br\/site\/wp-content\/uploads\/2023\/10\/thumbnail-6-6-576x1024-1-4-169x300.jpg 169w, https:\/\/www.correspondentevianopolino.com.br\/site\/wp-content\/uploads\/2023\/10\/thumbnail-6-6-576x1024-1-4-465x827.jpg 465w, https:\/\/www.correspondentevianopolino.com.br\/site\/wp-content\/uploads\/2023\/10\/thumbnail-6-6-576x1024-1-4-174x310.jpg 174w, https:\/\/www.correspondentevianopolino.com.br\/site\/wp-content\/uploads\/2023\/10\/thumbnail-6-6-576x1024-1-4-120x213.jpg 120w, https:\/\/www.correspondentevianopolino.com.br\/site\/wp-content\/uploads\/2023\/10\/thumbnail-6-6-576x1024-1-4-115x204.jpg 115w, https:\/\/www.correspondentevianopolino.com.br\/site\/wp-content\/uploads\/2023\/10\/thumbnail-6-6-576x1024-1-4-107x190.jpg 107w\" sizes=\"(max-width: 576px) 100vw, 576px\" \/><\/figure>\n\n\n\n<p>A cidade de Vian\u00f3polis vai receber, sexta e s\u00e1bado pr\u00f3ximos, a 9\u00aa etapa da F\u00f3rmula 200.<\/p>\n\n\n\n<p>As duas corridas da categoria que ser\u00e3o disputadas em Vian\u00f3polis fazem parte da temporada\/2023.<\/p>\n\n\n\n<p>Restam seis etapas para decidir o campeonato e o t\u00edtulo continua em aberto, com 306 pontos em disputa.<\/p>\n\n\n\n<p>O piloto <strong>Dario Jardim \u00e9 o l\u00edder, com 317 pontos ganhos<\/strong>, enquanto que o segundo colocado \u00e9 Romeu J\u00fanior, com 293 pontos.\u00a0<\/p>\n\n\n\n<p>A programa\u00e7\u00e3o da etapa de Vian\u00f3polis se inicia \u00e0s 19h de sexta-feira, 20\/10, na Avenida Teodoro Telho, no Setor Mans\u00f5es Sul.<\/p>\n\n\n\n<p>A estrutura que abrigar\u00e1 a etapa de Vian\u00f3polis j\u00e1 come\u00e7ou a ser montada, com arquibancada e pra\u00e7a de alimenta\u00e7\u00e3o.<\/p>\n\n\n\n<p><strong>As provas ser\u00e3o realizadas no per\u00edodo noturno<\/strong>.<\/p>\n\n\n\n<p>Durante os dois dias, sexta e s\u00e1bado, o p\u00fablico poder\u00e1 acompanhar shows de manobras radicais com os Grupos Guro Show Car e Predileta Show.<\/p>\n\n\n<figure class=\"wp-block-post-featured-image\"><img decoding=\"async\" width=\"336\" height=\"438\" src=\"https:\/\/www.correspondentevianopolino.com.br\/site\/wp-content\/uploads\/2023\/10\/WhatsApp-Image-2023-08-27-at-13.36.41-1024x682-1.jpg\" class=\"attachment-post-thumbnail size-post-thumbnail wp-post-image\" alt=\"\" style=\"object-fit:cover;\" srcset=\"https:\/\/www.correspondentevianopolino.com.br\/site\/wp-content\/uploads\/2023\/10\/WhatsApp-Image-2023-08-27-at-13.36.41-1024x682-1.jpg 336w, https:\/\/www.correspondentevianopolino.com.br\/site\/wp-content\/uploads\/2023\/10\/WhatsApp-Image-2023-08-27-at-13.36.41-1024x682-1-230x300.jpg 230w, https:\/\/www.correspondentevianopolino.com.br\/site\/wp-content\/uploads\/2023\/10\/WhatsApp-Image-2023-08-27-at-13.36.41-1024x682-1-238x310.jpg 238w, https:\/\/www.correspondentevianopolino.com.br\/site\/wp-content\/uploads\/2023\/10\/WhatsApp-Image-2023-08-27-at-13.36.41-1024x682-1-163x213.jpg 163w, https:\/\/www.correspondentevianopolino.com.br\/site\/wp-content\/uploads\/2023\/10\/WhatsApp-Image-2023-08-27-at-13.36.41-1024x682-1-156x204.jpg 156w, https:\/\/www.correspondentevianopolino.com.br\/site\/wp-content\/uploads\/2023\/10\/WhatsApp-Image-2023-08-27-at-13.36.41-1024x682-1-146x190.jpg 146w\" sizes=\"(max-width: 336px) 100vw, 336px\" \/><\/figure>","protected":false},"excerpt":{"rendered":"<p>A cidade de Vian\u00f3polis vai receber, sexta e s\u00e1bado pr\u00f3ximos, a 9\u00aa etapa da F\u00f3rmula 200. As duas corridas da [&hellip;]<\/p>\n","protected":false},"author":2,"featured_media":91890,"comment_status":"open","ping_status":"closed","sticky":false,"template":"","format":"standard","meta":{"_uag_custom_page_level_css":"","site-sidebar-layout":"default","site-content-layout":"","ast-site-content-layout":"default","site-content-style":"default","site-sidebar-style":"default","ast-global-header-display":"","ast-banner-title-visibility":"","ast-main-header-display":"","ast-hfb-above-header-display":"","ast-hfb-below-header-display":"","ast-hfb-mobile-header-display":"","site-post-title":"","ast-breadcrumbs-content":"","ast-featured-img":"","footer-sml-layout":"","ast-disable-related-posts":"","theme-transparent-header-meta":"","adv-header-id-meta":"","stick-header-meta":"","header-above-stick-meta":"","header-main-stick-meta":"","header-below-stick-meta":"","astra-migrate-meta-layouts":"default","ast-page-background-enabled":"default","ast-page-background-meta":{"desktop":{"background-color":"var(--ast-global-color-4)","background-image":"","background-repeat":"repeat","background-position":"center center","background-size":"auto","background-attachment":"scroll","background-type":"","background-media":"","overlay-type":"","overlay-color":"","overlay-opacity":"","overlay-gradient":""},"tablet":{"background-color":"","background-image":"","background-repeat":"repeat","background-position":"center center","background-size":"auto","background-attachment":"scroll","background-type":"","background-media":"","overlay-type":"","overlay-color":"","overlay-opacity":"","overlay-gradient":""},"mobile":{"background-color":"","background-image":"","background-repeat":"repeat","background-position":"center center","background-size":"auto","background-attachment":"scroll","background-type":"","background-media":"","overlay-type":"","overlay-color":"","overlay-opacity":"","overlay-gradient":""}},"ast-content-background-meta":{"desktop":{"background-color":"var(--ast-global-color-5)","background-image":"","background-repeat":"repeat","background-position":"center center","background-size":"auto","background-attachment":"scroll","background-type":"","background-media":"","overlay-type":"","overlay-color":"","overlay-opacity":"","overlay-gradient":""},"tablet":{"background-color":"var(--ast-global-color-5)","background-image":"","background-repeat":"repeat","background-position":"center center","background-size":"auto","background-attachment":"scroll","background-type":"","background-media":"","overlay-type":"","overlay-color":"","overlay-opacity":"","overlay-gradient":""},"mobile":{"background-color":"var(--ast-global-color-5)","background-image":"","background-repeat":"repeat","background-position":"center center","background-size":"auto","background-attachment":"scroll","background-type":"","background-media":"","overlay-type":"","overlay-color":"","overlay-opacity":"","overlay-gradient":""}},"footnotes":""},"categories":[1],"tags":[],"class_list":["post-91889","post","type-post","status-publish","format-standard","has-post-thumbnail","hentry","category-ultimas"],"uagb_featured_image_src":{"full":["https:\/\/www.correspondentevianopolino.com.br\/site\/wp-content\/uploads\/2023\/10\/WhatsApp-Image-2023-08-27-at-13.36.41-1024x682-1.jpg",336,438,false],"thumbnail":["https:\/\/www.correspondentevianopolino.com.br\/site\/wp-content\/uploads\/2023\/10\/WhatsApp-Image-2023-08-27-at-13.36.41-1024x682-1.jpg",336,438,false],"medium":["https:\/\/www.correspondentevianopolino.com.br\/site\/wp-content\/uploads\/2023\/10\/WhatsApp-Image-2023-08-27-at-13.36.41-1024x682-1-230x300.jpg",230,300,true],"medium_large":["https:\/\/www.correspondentevianopolino.com.br\/site\/wp-content\/uploads\/2023\/10\/WhatsApp-Image-2023-08-27-at-13.36.41-1024x682-1.jpg",336,438,false],"large":["https:\/\/www.correspondentevianopolino.com.br\/site\/wp-content\/uploads\/2023\/10\/WhatsApp-Image-2023-08-27-at-13.36.41-1024x682-1.jpg",336,438,false],"1536x1536":["https:\/\/www.correspondentevianopolino.com.br\/site\/wp-content\/uploads\/2023\/10\/WhatsApp-Image-2023-08-27-at-13.36.41-1024x682-1.jpg",336,438,false],"2048x2048":["https:\/\/www.correspondentevianopolino.com.br\/site\/wp-content\/uploads\/2023\/10\/WhatsApp-Image-2023-08-27-at-13.36.41-1024x682-1.jpg",336,438,false]},"uagb_author_info":{"display_name":"Ol\u00edvio Lemos","author_link":"https:\/\/www.correspondentevianopolino.com.br\/site\/author\/olivio\/"},"uagb_comment_info":0,"uagb_excerpt":"A cidade de Vian\u00f3polis vai receber, sexta e s\u00e1bado pr\u00f3ximos, a 9\u00aa etapa da F\u00f3rmula 200. As duas corridas da [&hellip;]","_links":{"self":[{"href":"https:\/\/www.correspondentevianopolino.com.br\/site\/wp-json\/wp\/v2\/posts\/91889","targetHints":{"allow":["GET"]}}],"collection":[{"href":"https:\/\/www.correspondentevianopolino.com.br\/site\/wp-json\/wp\/v2\/posts"}],"about":[{"href":"https:\/\/www.correspondentevianopolino.com.br\/site\/wp-json\/wp\/v2\/types\/post"}],"author":[{"embeddable":true,"href":"https:\/\/www.correspondentevianopolino.com.br\/site\/wp-json\/wp\/v2\/users\/2"}],"replies":[{"embeddable":true,"href":"https:\/\/www.correspondentevianopolino.com.br\/site\/wp-json\/wp\/v2\/comments?post=91889"}],"version-history":[{"count":0,"href":"https:\/\/www.correspondentevianopolino.com.br\/site\/wp-json\/wp\/v2\/posts\/91889\/revisions"}],"wp:featuredmedia":[{"embeddable":true,"href":"https:\/\/www.correspondentevianopolino.com.br\/site\/wp-json\/wp\/v2\/media\/91890"}],"wp:attachment":[{"href":"https:\/\/www.correspondentevianopolino.com.br\/site\/wp-json\/wp\/v2\/media?parent=91889"}],"wp:term":[{"taxonomy":"category","embeddable":true,"href":"https:\/\/www.correspondentevianopolino.com.br\/site\/wp-json\/wp\/v2\/categories?post=91889"},{"taxonomy":"post_tag","embeddable":true,"href":"https:\/\/www.correspondentevianopolino.com.br\/site\/wp-json\/wp\/v2\/tags?post=91889"}],"curies":[{"name":"wp","href":"https:\/\/api.w.org\/{rel}","templated":true}]}}