{"id":91924,"date":"2023-10-19T16:42:15","date_gmt":"2023-10-19T19:42:15","guid":{"rendered":"https:\/\/www.correspondentevianopolino.com.br\/site\/?p=91924"},"modified":"2023-10-20T13:55:59","modified_gmt":"2023-10-20T16:55:59","slug":"deputado-2","status":"publish","type":"post","link":"https:\/\/www.correspondentevianopolino.com.br\/site\/deputado-2\/","title":{"rendered":"AO LADO DO DEPUTADO ISSY QUINAN J\u00daNIOR, TENENTE CORONEL LUCIANO SOUZA ESTAR\u00c1 EM VIAN\u00d3POLIS HOJE, 20\/10, FUTURAS INSTALA\u00c7\u00d5ES DO COL\u00c9GIO MILITAR"},"content":{"rendered":"\n<figure class=\"wp-block-image size-full\"><img decoding=\"async\" width=\"576\" height=\"1024\" src=\"https:\/\/www.correspondentevianopolino.com.br\/site\/wp-content\/uploads\/2023\/10\/thumbnail-6-6-576x1024-1-4.jpg\" alt=\"\" class=\"wp-image-91818\" srcset=\"https:\/\/www.correspondentevianopolino.com.br\/site\/wp-content\/uploads\/2023\/10\/thumbnail-6-6-576x1024-1-4.jpg 576w, https:\/\/www.correspondentevianopolino.com.br\/site\/wp-content\/uploads\/2023\/10\/thumbnail-6-6-576x1024-1-4-169x300.jpg 169w, https:\/\/www.correspondentevianopolino.com.br\/site\/wp-content\/uploads\/2023\/10\/thumbnail-6-6-576x1024-1-4-465x827.jpg 465w, https:\/\/www.correspondentevianopolino.com.br\/site\/wp-content\/uploads\/2023\/10\/thumbnail-6-6-576x1024-1-4-174x310.jpg 174w, https:\/\/www.correspondentevianopolino.com.br\/site\/wp-content\/uploads\/2023\/10\/thumbnail-6-6-576x1024-1-4-120x213.jpg 120w, https:\/\/www.correspondentevianopolino.com.br\/site\/wp-content\/uploads\/2023\/10\/thumbnail-6-6-576x1024-1-4-115x204.jpg 115w, https:\/\/www.correspondentevianopolino.com.br\/site\/wp-content\/uploads\/2023\/10\/thumbnail-6-6-576x1024-1-4-107x190.jpg 107w\" sizes=\"(max-width: 576px) 100vw, 576px\" \/><\/figure>\n\n\n\n<p>Ao lado do Deputado Issy Quinan J\u00fanior, o Tenente Coronel Luciano Souza Magalh\u00e3es, Comandante de Ensino da Pol\u00edcia Militar do Estado de Goi\u00e1s, estar\u00e1 em Vian\u00f3polis <strong>na manh\u00e3 de hoje, 20\/10, <\/strong>quando visitar\u00e1 as instala\u00e7\u00f5es do Col\u00e9gio Estadual Americano do Brasil, que ser\u00e1 transformado em Col\u00e9gio Militar.<\/p>\n\n\n\n<p>Ali\u00e1s, a luta pela cria\u00e7\u00e3o de um col\u00e9gio militar em nossa cidade come\u00e7ou no final de 2015, quando, com o apoio de autoridades do Poder Judici\u00e1rio, Executivo e Legislativo, a AGF-Associa\u00e7\u00e3o Gera\u00e7\u00e3o Futuro entregou of\u00edcio ao ent\u00e3o Governador Marconi Perillo, pleiteando uma unidade de ensino da PM para a nossa cidade.<\/p>\n\n\n\n<p>J\u00e1 em abril de 2016, lei de autoria do ent\u00e3o Deputado Valcenor Braz foi aprovada na Assembleia Legislativa do Estado de Goi\u00e1s e sancionada por Marconi Perillo.<\/p>\n\n\n\n<p>Posteriormente, foi feita uma consulta \u00e0 comunidade escolar e escolhido o local de funcionamento do Col\u00e9gio Militar de Vian\u00f3polis, quando foi escolhido o Col\u00e9gio Estadual Americano do Brasil.<\/p>\n\n\n\n<p>Por lei, o Col\u00e9gio Militar de Vian\u00f3polis j\u00e1 existe. Agora, a pedido do Deputado Estadual Issy Quinan J\u00fanior, a implanta\u00e7\u00e3o acontecer\u00e1.<\/p>\n\n\n\n<p>Nesta sexta-feira, 20\/10, o Tenente Coronel Luciano Souza Magalh\u00e3es, ao visitar as instala\u00e7\u00f5es do Col\u00e9gio Americano do Brasil, anunciar\u00e1 que aquele estabelecimento de ensino ser\u00e1 transformado em <strong>Col\u00e9gio Estadual da Pol\u00edcia Militar de Goi\u00e1s.<\/strong><\/p>\n\n\n<figure class=\"wp-block-post-featured-image\"><img decoding=\"async\" width=\"2048\" height=\"1738\" src=\"https:\/\/www.correspondentevianopolino.com.br\/site\/wp-content\/uploads\/2023\/10\/PhotoGrid_Plus_1697740815088.jpg\" class=\"attachment-post-thumbnail size-post-thumbnail wp-post-image\" alt=\"\" style=\"object-fit:cover;\" srcset=\"https:\/\/www.correspondentevianopolino.com.br\/site\/wp-content\/uploads\/2023\/10\/PhotoGrid_Plus_1697740815088.jpg 2048w, https:\/\/www.correspondentevianopolino.com.br\/site\/wp-content\/uploads\/2023\/10\/PhotoGrid_Plus_1697740815088-300x255.jpg 300w, https:\/\/www.correspondentevianopolino.com.br\/site\/wp-content\/uploads\/2023\/10\/PhotoGrid_Plus_1697740815088-1024x869.jpg 1024w, https:\/\/www.correspondentevianopolino.com.br\/site\/wp-content\/uploads\/2023\/10\/PhotoGrid_Plus_1697740815088-465x395.jpg 465w, https:\/\/www.correspondentevianopolino.com.br\/site\/wp-content\/uploads\/2023\/10\/PhotoGrid_Plus_1697740815088-768x652.jpg 768w, https:\/\/www.correspondentevianopolino.com.br\/site\/wp-content\/uploads\/2023\/10\/PhotoGrid_Plus_1697740815088-1536x1304.jpg 1536w, https:\/\/www.correspondentevianopolino.com.br\/site\/wp-content\/uploads\/2023\/10\/PhotoGrid_Plus_1697740815088-365x310.jpg 365w, https:\/\/www.correspondentevianopolino.com.br\/site\/wp-content\/uploads\/2023\/10\/PhotoGrid_Plus_1697740815088-251x213.jpg 251w, https:\/\/www.correspondentevianopolino.com.br\/site\/wp-content\/uploads\/2023\/10\/PhotoGrid_Plus_1697740815088-240x204.jpg 240w, https:\/\/www.correspondentevianopolino.com.br\/site\/wp-content\/uploads\/2023\/10\/PhotoGrid_Plus_1697740815088-224x190.jpg 224w\" sizes=\"(max-width: 2048px) 100vw, 2048px\" \/><\/figure>","protected":false},"excerpt":{"rendered":"<p>Ao lado do Deputado Issy Quinan J\u00fanior, o Tenente Coronel Luciano Souza Magalh\u00e3es, Comandante de Ensino da Pol\u00edcia Militar do [&hellip;]<\/p>\n","protected":false},"author":2,"featured_media":91925,"comment_status":"open","ping_status":"closed","sticky":false,"template":"","format":"standard","meta":{"_uag_custom_page_level_css":"","site-sidebar-layout":"default","site-content-layout":"","ast-site-content-layout":"default","site-content-style":"default","site-sidebar-style":"default","ast-global-header-display":"","ast-banner-title-visibility":"","ast-main-header-display":"","ast-hfb-above-header-display":"","ast-hfb-below-header-display":"","ast-hfb-mobile-header-display":"","site-post-title":"","ast-breadcrumbs-content":"","ast-featured-img":"","footer-sml-layout":"","ast-disable-related-posts":"","theme-transparent-header-meta":"","adv-header-id-meta":"","stick-header-meta":"","header-above-stick-meta":"","header-main-stick-meta":"","header-below-stick-meta":"","astra-migrate-meta-layouts":"default","ast-page-background-enabled":"default","ast-page-background-meta":{"desktop":{"background-color":"var(--ast-global-color-4)","background-image":"","background-repeat":"repeat","background-position":"center center","background-size":"auto","background-attachment":"scroll","background-type":"","background-media":"","overlay-type":"","overlay-color":"","overlay-opacity":"","overlay-gradient":""},"tablet":{"background-color":"","background-image":"","background-repeat":"repeat","background-position":"center center","background-size":"auto","background-attachment":"scroll","background-type":"","background-media":"","overlay-type":"","overlay-color":"","overlay-opacity":"","overlay-gradient":""},"mobile":{"background-color":"","background-image":"","background-repeat":"repeat","background-position":"center center","background-size":"auto","background-attachment":"scroll","background-type":"","background-media":"","overlay-type":"","overlay-color":"","overlay-opacity":"","overlay-gradient":""}},"ast-content-background-meta":{"desktop":{"background-color":"var(--ast-global-color-5)","background-image":"","background-repeat":"repeat","background-position":"center center","background-size":"auto","background-attachment":"scroll","background-type":"","background-media":"","overlay-type":"","overlay-color":"","overlay-opacity":"","overlay-gradient":""},"tablet":{"background-color":"var(--ast-global-color-5)","background-image":"","background-repeat":"repeat","background-position":"center center","background-size":"auto","background-attachment":"scroll","background-type":"","background-media":"","overlay-type":"","overlay-color":"","overlay-opacity":"","overlay-gradient":""},"mobile":{"background-color":"var(--ast-global-color-5)","background-image":"","background-repeat":"repeat","background-position":"center center","background-size":"auto","background-attachment":"scroll","background-type":"","background-media":"","overlay-type":"","overlay-color":"","overlay-opacity":"","overlay-gradient":""}},"footnotes":""},"categories":[1],"tags":[],"class_list":["post-91924","post","type-post","status-publish","format-standard","has-post-thumbnail","hentry","category-ultimas"],"uagb_featured_image_src":{"full":["https:\/\/www.correspondentevianopolino.com.br\/site\/wp-content\/uploads\/2023\/10\/PhotoGrid_Plus_1697740815088.jpg",2048,1738,false],"thumbnail":["https:\/\/www.correspondentevianopolino.com.br\/site\/wp-content\/uploads\/2023\/10\/PhotoGrid_Plus_1697740815088-465x395.jpg",465,395,true],"medium":["https:\/\/www.correspondentevianopolino.com.br\/site\/wp-content\/uploads\/2023\/10\/PhotoGrid_Plus_1697740815088-300x255.jpg",300,255,true],"medium_large":["https:\/\/www.correspondentevianopolino.com.br\/site\/wp-content\/uploads\/2023\/10\/PhotoGrid_Plus_1697740815088-768x652.jpg",768,652,true],"large":["https:\/\/www.correspondentevianopolino.com.br\/site\/wp-content\/uploads\/2023\/10\/PhotoGrid_Plus_1697740815088-1024x869.jpg",795,675,true],"1536x1536":["https:\/\/www.correspondentevianopolino.com.br\/site\/wp-content\/uploads\/2023\/10\/PhotoGrid_Plus_1697740815088-1536x1304.jpg",1536,1304,true],"2048x2048":["https:\/\/www.correspondentevianopolino.com.br\/site\/wp-content\/uploads\/2023\/10\/PhotoGrid_Plus_1697740815088.jpg",2048,1738,false]},"uagb_author_info":{"display_name":"Ol\u00edvio Lemos","author_link":"https:\/\/www.correspondentevianopolino.com.br\/site\/author\/olivio\/"},"uagb_comment_info":11,"uagb_excerpt":"Ao lado do Deputado Issy Quinan J\u00fanior, o Tenente Coronel Luciano Souza Magalh\u00e3es, Comandante de Ensino da Pol\u00edcia Militar do [&hellip;]","_links":{"self":[{"href":"https:\/\/www.correspondentevianopolino.com.br\/site\/wp-json\/wp\/v2\/posts\/91924","targetHints":{"allow":["GET"]}}],"collection":[{"href":"https:\/\/www.correspondentevianopolino.com.br\/site\/wp-json\/wp\/v2\/posts"}],"about":[{"href":"https:\/\/www.correspondentevianopolino.com.br\/site\/wp-json\/wp\/v2\/types\/post"}],"author":[{"embeddable":true,"href":"https:\/\/www.correspondentevianopolino.com.br\/site\/wp-json\/wp\/v2\/users\/2"}],"replies":[{"embeddable":true,"href":"https:\/\/www.correspondentevianopolino.com.br\/site\/wp-json\/wp\/v2\/comments?post=91924"}],"version-history":[{"count":0,"href":"https:\/\/www.correspondentevianopolino.com.br\/site\/wp-json\/wp\/v2\/posts\/91924\/revisions"}],"wp:featuredmedia":[{"embeddable":true,"href":"https:\/\/www.correspondentevianopolino.com.br\/site\/wp-json\/wp\/v2\/media\/91925"}],"wp:attachment":[{"href":"https:\/\/www.correspondentevianopolino.com.br\/site\/wp-json\/wp\/v2\/media?parent=91924"}],"wp:term":[{"taxonomy":"category","embeddable":true,"href":"https:\/\/www.correspondentevianopolino.com.br\/site\/wp-json\/wp\/v2\/categories?post=91924"},{"taxonomy":"post_tag","embeddable":true,"href":"https:\/\/www.correspondentevianopolino.com.br\/site\/wp-json\/wp\/v2\/tags?post=91924"}],"curies":[{"name":"wp","href":"https:\/\/api.w.org\/{rel}","templated":true}]}}