{"id":92017,"date":"2023-10-24T18:07:11","date_gmt":"2023-10-24T21:07:11","guid":{"rendered":"https:\/\/www.correspondentevianopolino.com.br\/site\/?p=92017"},"modified":"2023-10-26T13:37:49","modified_gmt":"2023-10-26T16:37:49","slug":"nome-do-promotor-que-substituira-leonardo-maciel-moreira-na-promotoria-de-justica-de-vianopolis-ainda-nao-foi-divulgado-pelo-mp-go","status":"publish","type":"post","link":"https:\/\/www.correspondentevianopolino.com.br\/site\/nome-do-promotor-que-substituira-leonardo-maciel-moreira-na-promotoria-de-justica-de-vianopolis-ainda-nao-foi-divulgado-pelo-mp-go\/","title":{"rendered":"NOME DO PROMOTOR QUE SUBSTITUIR\u00c1 LEONARDO MACIEL MOREIRA NA PROMOTORIA DE JUSTI\u00c7A DE VIAN\u00d3POLIS AINDA N\u00c3O FOI DIVULGADO PELO MP\/GO"},"content":{"rendered":"\n<figure class=\"wp-block-image size-full\"><img decoding=\"async\" width=\"576\" height=\"1024\" src=\"https:\/\/www.correspondentevianopolino.com.br\/site\/wp-content\/uploads\/2023\/10\/thumbnail-6-6-576x1024-1-6.jpg\" alt=\"\" class=\"wp-image-91983\" srcset=\"https:\/\/www.correspondentevianopolino.com.br\/site\/wp-content\/uploads\/2023\/10\/thumbnail-6-6-576x1024-1-6.jpg 576w, https:\/\/www.correspondentevianopolino.com.br\/site\/wp-content\/uploads\/2023\/10\/thumbnail-6-6-576x1024-1-6-169x300.jpg 169w, https:\/\/www.correspondentevianopolino.com.br\/site\/wp-content\/uploads\/2023\/10\/thumbnail-6-6-576x1024-1-6-465x827.jpg 465w, https:\/\/www.correspondentevianopolino.com.br\/site\/wp-content\/uploads\/2023\/10\/thumbnail-6-6-576x1024-1-6-174x310.jpg 174w, https:\/\/www.correspondentevianopolino.com.br\/site\/wp-content\/uploads\/2023\/10\/thumbnail-6-6-576x1024-1-6-120x213.jpg 120w, https:\/\/www.correspondentevianopolino.com.br\/site\/wp-content\/uploads\/2023\/10\/thumbnail-6-6-576x1024-1-6-115x204.jpg 115w, https:\/\/www.correspondentevianopolino.com.br\/site\/wp-content\/uploads\/2023\/10\/thumbnail-6-6-576x1024-1-6-107x190.jpg 107w\" sizes=\"(max-width: 576px) 100vw, 576px\" \/><\/figure>\n\n\n\n<p>Conforme j\u00e1 foi divulgado pelo Correspondente Vianopolino, o Promotor de Justi\u00e7a Leonardo Maciel Moreira foi promovido e ser\u00e1 transferido para a Comarca de Aruan\u00e3. Com isso, um novo promotor ser\u00e1 designado para Vian\u00f3polis.<\/p>\n\n\n\n<p>Leonardo Maciel Moreira deve responder pela Promotoria de nossa cidade somente at\u00e9 a pr\u00f3xima sexta-feira.<\/p>\n\n\n\n<p>J\u00e1 na semana que vem, a Promotoria de nossa cidade ser\u00e1 assumida por outro promotor, cujo nome ainda n\u00e3o foi divulgado pelo Minist\u00e9rio P\u00fablico de Goi\u00e1s.<\/p>\n\n\n<figure class=\"wp-block-post-featured-image\"><img decoding=\"async\" width=\"448\" height=\"299\" src=\"https:\/\/www.correspondentevianopolino.com.br\/site\/wp-content\/uploads\/2023\/10\/DSC0054.jpg\" class=\"attachment-post-thumbnail size-post-thumbnail wp-post-image\" alt=\"\" style=\"object-fit:cover;\" srcset=\"https:\/\/www.correspondentevianopolino.com.br\/site\/wp-content\/uploads\/2023\/10\/DSC0054.jpg 448w, https:\/\/www.correspondentevianopolino.com.br\/site\/wp-content\/uploads\/2023\/10\/DSC0054-300x200.jpg 300w, https:\/\/www.correspondentevianopolino.com.br\/site\/wp-content\/uploads\/2023\/10\/DSC0054-319x213.jpg 319w, https:\/\/www.correspondentevianopolino.com.br\/site\/wp-content\/uploads\/2023\/10\/DSC0054-306x204.jpg 306w, https:\/\/www.correspondentevianopolino.com.br\/site\/wp-content\/uploads\/2023\/10\/DSC0054-260x174.jpg 260w\" sizes=\"(max-width: 448px) 100vw, 448px\" \/><\/figure>","protected":false},"excerpt":{"rendered":"<p>Conforme j\u00e1 foi divulgado pelo Correspondente Vianopolino, o Promotor de Justi\u00e7a Leonardo Maciel Moreira foi promovido e ser\u00e1 transferido para [&hellip;]<\/p>\n","protected":false},"author":2,"featured_media":92018,"comment_status":"open","ping_status":"closed","sticky":false,"template":"","format":"standard","meta":{"_uag_custom_page_level_css":"","site-sidebar-layout":"default","site-content-layout":"","ast-site-content-layout":"default","site-content-style":"default","site-sidebar-style":"default","ast-global-header-display":"","ast-banner-title-visibility":"","ast-main-header-display":"","ast-hfb-above-header-display":"","ast-hfb-below-header-display":"","ast-hfb-mobile-header-display":"","site-post-title":"","ast-breadcrumbs-content":"","ast-featured-img":"","footer-sml-layout":"","ast-disable-related-posts":"","theme-transparent-header-meta":"","adv-header-id-meta":"","stick-header-meta":"","header-above-stick-meta":"","header-main-stick-meta":"","header-below-stick-meta":"","astra-migrate-meta-layouts":"default","ast-page-background-enabled":"default","ast-page-background-meta":{"desktop":{"background-color":"var(--ast-global-color-4)","background-image":"","background-repeat":"repeat","background-position":"center center","background-size":"auto","background-attachment":"scroll","background-type":"","background-media":"","overlay-type":"","overlay-color":"","overlay-opacity":"","overlay-gradient":""},"tablet":{"background-color":"","background-image":"","background-repeat":"repeat","background-position":"center center","background-size":"auto","background-attachment":"scroll","background-type":"","background-media":"","overlay-type":"","overlay-color":"","overlay-opacity":"","overlay-gradient":""},"mobile":{"background-color":"","background-image":"","background-repeat":"repeat","background-position":"center center","background-size":"auto","background-attachment":"scroll","background-type":"","background-media":"","overlay-type":"","overlay-color":"","overlay-opacity":"","overlay-gradient":""}},"ast-content-background-meta":{"desktop":{"background-color":"var(--ast-global-color-5)","background-image":"","background-repeat":"repeat","background-position":"center center","background-size":"auto","background-attachment":"scroll","background-type":"","background-media":"","overlay-type":"","overlay-color":"","overlay-opacity":"","overlay-gradient":""},"tablet":{"background-color":"var(--ast-global-color-5)","background-image":"","background-repeat":"repeat","background-position":"center center","background-size":"auto","background-attachment":"scroll","background-type":"","background-media":"","overlay-type":"","overlay-color":"","overlay-opacity":"","overlay-gradient":""},"mobile":{"background-color":"var(--ast-global-color-5)","background-image":"","background-repeat":"repeat","background-position":"center center","background-size":"auto","background-attachment":"scroll","background-type":"","background-media":"","overlay-type":"","overlay-color":"","overlay-opacity":"","overlay-gradient":""}},"footnotes":""},"categories":[1],"tags":[],"class_list":["post-92017","post","type-post","status-publish","format-standard","has-post-thumbnail","hentry","category-ultimas"],"uagb_featured_image_src":{"full":["https:\/\/www.correspondentevianopolino.com.br\/site\/wp-content\/uploads\/2023\/10\/DSC0054.jpg",448,299,false],"thumbnail":["https:\/\/www.correspondentevianopolino.com.br\/site\/wp-content\/uploads\/2023\/10\/DSC0054.jpg",448,299,false],"medium":["https:\/\/www.correspondentevianopolino.com.br\/site\/wp-content\/uploads\/2023\/10\/DSC0054-300x200.jpg",300,200,true],"medium_large":["https:\/\/www.correspondentevianopolino.com.br\/site\/wp-content\/uploads\/2023\/10\/DSC0054.jpg",448,299,false],"large":["https:\/\/www.correspondentevianopolino.com.br\/site\/wp-content\/uploads\/2023\/10\/DSC0054.jpg",448,299,false],"1536x1536":["https:\/\/www.correspondentevianopolino.com.br\/site\/wp-content\/uploads\/2023\/10\/DSC0054.jpg",448,299,false],"2048x2048":["https:\/\/www.correspondentevianopolino.com.br\/site\/wp-content\/uploads\/2023\/10\/DSC0054.jpg",448,299,false]},"uagb_author_info":{"display_name":"Ol\u00edvio Lemos","author_link":"https:\/\/www.correspondentevianopolino.com.br\/site\/author\/olivio\/"},"uagb_comment_info":0,"uagb_excerpt":"Conforme j\u00e1 foi divulgado pelo Correspondente Vianopolino, o Promotor de Justi\u00e7a Leonardo Maciel Moreira foi promovido e ser\u00e1 transferido para [&hellip;]","_links":{"self":[{"href":"https:\/\/www.correspondentevianopolino.com.br\/site\/wp-json\/wp\/v2\/posts\/92017","targetHints":{"allow":["GET"]}}],"collection":[{"href":"https:\/\/www.correspondentevianopolino.com.br\/site\/wp-json\/wp\/v2\/posts"}],"about":[{"href":"https:\/\/www.correspondentevianopolino.com.br\/site\/wp-json\/wp\/v2\/types\/post"}],"author":[{"embeddable":true,"href":"https:\/\/www.correspondentevianopolino.com.br\/site\/wp-json\/wp\/v2\/users\/2"}],"replies":[{"embeddable":true,"href":"https:\/\/www.correspondentevianopolino.com.br\/site\/wp-json\/wp\/v2\/comments?post=92017"}],"version-history":[{"count":0,"href":"https:\/\/www.correspondentevianopolino.com.br\/site\/wp-json\/wp\/v2\/posts\/92017\/revisions"}],"wp:featuredmedia":[{"embeddable":true,"href":"https:\/\/www.correspondentevianopolino.com.br\/site\/wp-json\/wp\/v2\/media\/92018"}],"wp:attachment":[{"href":"https:\/\/www.correspondentevianopolino.com.br\/site\/wp-json\/wp\/v2\/media?parent=92017"}],"wp:term":[{"taxonomy":"category","embeddable":true,"href":"https:\/\/www.correspondentevianopolino.com.br\/site\/wp-json\/wp\/v2\/categories?post=92017"},{"taxonomy":"post_tag","embeddable":true,"href":"https:\/\/www.correspondentevianopolino.com.br\/site\/wp-json\/wp\/v2\/tags?post=92017"}],"curies":[{"name":"wp","href":"https:\/\/api.w.org\/{rel}","templated":true}]}}