{"id":92520,"date":"2023-12-09T20:00:59","date_gmt":"2023-12-09T23:00:59","guid":{"rendered":"https:\/\/www.correspondentevianopolino.com.br\/site\/?p=92520"},"modified":"2023-12-09T21:55:05","modified_gmt":"2023-12-10T00:55:05","slug":"empreendedoras-vianopolinas-vao-realizar-algo-diferente-na-feira-coberta-bazar-das-amigas","status":"publish","type":"post","link":"https:\/\/www.correspondentevianopolino.com.br\/site\/empreendedoras-vianopolinas-vao-realizar-algo-diferente-na-feira-coberta-bazar-das-amigas\/","title":{"rendered":"EMPREENDEDORAS VIANOPOLINAS V\u00c3O REALIZAR AMANH\u00c3, 10\/12, ALGO DIFERENTE NA FEIRA COBERTA: BAZAR DAS AMIGAS&#8230;2\u00aa EDI\u00c7\u00c3O"},"content":{"rendered":"\n<p>Um grupo de empreendedoras de Vian\u00f3polis vai realizar novamente amanh\u00e3, 10\/12, algo diferente na Feira Coberta, pr\u00f3ximo ao Parque Ambiental Danilo Mattos.<\/p>\n\n\n\n<p>A partir das 16h deste domingo, vai acontecer o <strong>BAZAR DAS AMIGAS.<\/strong><\/p>\n\n\n\n<p>Ser\u00e3o comercializados produtos de qualidade por pre\u00e7os acess\u00edveis.<\/p>\n\n\n\n<p>Durante o bazar, as crian\u00e7as que estiverem acompanhando os pais ter\u00e3o muitas atra\u00e7\u00f5es de divertimento.<\/p>\n\n\n\n<p><strong>Esta \u00e9 a segunda edi\u00e7\u00e3o deste BAZAR.<\/strong><\/p>\n\n\n\n<p><strong>A 1\u00aa edi\u00e7\u00e3o aconteceu no dia 5 de novembro \u00faltimo e foi sucesso total.<\/strong><\/p>\n\n\n\n<figure class=\"wp-block-image size-large\"><img decoding=\"async\" width=\"588\" height=\"1024\" src=\"https:\/\/www.correspondentevianopolino.com.br\/site\/wp-content\/uploads\/2023\/12\/Screenshot_20231209_155331_WhatsApp-588x1024.jpg\" alt=\"\" class=\"wp-image-93465\" srcset=\"https:\/\/www.correspondentevianopolino.com.br\/site\/wp-content\/uploads\/2023\/12\/Screenshot_20231209_155331_WhatsApp-588x1024.jpg 588w, https:\/\/www.correspondentevianopolino.com.br\/site\/wp-content\/uploads\/2023\/12\/Screenshot_20231209_155331_WhatsApp-172x300.jpg 172w, https:\/\/www.correspondentevianopolino.com.br\/site\/wp-content\/uploads\/2023\/12\/Screenshot_20231209_155331_WhatsApp-465x809.jpg 465w, https:\/\/www.correspondentevianopolino.com.br\/site\/wp-content\/uploads\/2023\/12\/Screenshot_20231209_155331_WhatsApp-768x1337.jpg 768w, https:\/\/www.correspondentevianopolino.com.br\/site\/wp-content\/uploads\/2023\/12\/Screenshot_20231209_155331_WhatsApp-882x1536.jpg 882w, https:\/\/www.correspondentevianopolino.com.br\/site\/wp-content\/uploads\/2023\/12\/Screenshot_20231209_155331_WhatsApp-178x310.jpg 178w, https:\/\/www.correspondentevianopolino.com.br\/site\/wp-content\/uploads\/2023\/12\/Screenshot_20231209_155331_WhatsApp-122x213.jpg 122w, https:\/\/www.correspondentevianopolino.com.br\/site\/wp-content\/uploads\/2023\/12\/Screenshot_20231209_155331_WhatsApp-117x204.jpg 117w, https:\/\/www.correspondentevianopolino.com.br\/site\/wp-content\/uploads\/2023\/12\/Screenshot_20231209_155331_WhatsApp-109x190.jpg 109w, https:\/\/www.correspondentevianopolino.com.br\/site\/wp-content\/uploads\/2023\/12\/Screenshot_20231209_155331_WhatsApp.jpg 1080w\" sizes=\"(max-width: 588px) 100vw, 588px\" \/><\/figure>\n","protected":false},"excerpt":{"rendered":"<p>Um grupo de empreendedoras de Vian\u00f3polis vai realizar novamente amanh\u00e3, 10\/12, algo diferente na Feira Coberta, pr\u00f3ximo ao Parque Ambiental [&hellip;]<\/p>\n","protected":false},"author":2,"featured_media":92522,"comment_status":"open","ping_status":"closed","sticky":false,"template":"","format":"standard","meta":{"_uag_custom_page_level_css":"","site-sidebar-layout":"default","site-content-layout":"","ast-site-content-layout":"default","site-content-style":"default","site-sidebar-style":"default","ast-global-header-display":"","ast-banner-title-visibility":"","ast-main-header-display":"","ast-hfb-above-header-display":"","ast-hfb-below-header-display":"","ast-hfb-mobile-header-display":"","site-post-title":"","ast-breadcrumbs-content":"","ast-featured-img":"","footer-sml-layout":"","ast-disable-related-posts":"","theme-transparent-header-meta":"","adv-header-id-meta":"","stick-header-meta":"","header-above-stick-meta":"","header-main-stick-meta":"","header-below-stick-meta":"","astra-migrate-meta-layouts":"default","ast-page-background-enabled":"default","ast-page-background-meta":{"desktop":{"background-color":"var(--ast-global-color-4)","background-image":"","background-repeat":"repeat","background-position":"center center","background-size":"auto","background-attachment":"scroll","background-type":"","background-media":"","overlay-type":"","overlay-color":"","overlay-opacity":"","overlay-gradient":""},"tablet":{"background-color":"","background-image":"","background-repeat":"repeat","background-position":"center center","background-size":"auto","background-attachment":"scroll","background-type":"","background-media":"","overlay-type":"","overlay-color":"","overlay-opacity":"","overlay-gradient":""},"mobile":{"background-color":"","background-image":"","background-repeat":"repeat","background-position":"center center","background-size":"auto","background-attachment":"scroll","background-type":"","background-media":"","overlay-type":"","overlay-color":"","overlay-opacity":"","overlay-gradient":""}},"ast-content-background-meta":{"desktop":{"background-color":"var(--ast-global-color-5)","background-image":"","background-repeat":"repeat","background-position":"center center","background-size":"auto","background-attachment":"scroll","background-type":"","background-media":"","overlay-type":"","overlay-color":"","overlay-opacity":"","overlay-gradient":""},"tablet":{"background-color":"var(--ast-global-color-5)","background-image":"","background-repeat":"repeat","background-position":"center center","background-size":"auto","background-attachment":"scroll","background-type":"","background-media":"","overlay-type":"","overlay-color":"","overlay-opacity":"","overlay-gradient":""},"mobile":{"background-color":"var(--ast-global-color-5)","background-image":"","background-repeat":"repeat","background-position":"center center","background-size":"auto","background-attachment":"scroll","background-type":"","background-media":"","overlay-type":"","overlay-color":"","overlay-opacity":"","overlay-gradient":""}},"footnotes":""},"categories":[1],"tags":[],"class_list":["post-92520","post","type-post","status-publish","format-standard","has-post-thumbnail","hentry","category-ultimas"],"uagb_featured_image_src":{"full":["https:\/\/www.correspondentevianopolino.com.br\/site\/wp-content\/uploads\/2023\/11\/Screenshot_20231104_095935_WhatsApp.jpg",1080,645,false],"thumbnail":["https:\/\/www.correspondentevianopolino.com.br\/site\/wp-content\/uploads\/2023\/11\/Screenshot_20231104_095935_WhatsApp-465x278.jpg",465,278,true],"medium":["https:\/\/www.correspondentevianopolino.com.br\/site\/wp-content\/uploads\/2023\/11\/Screenshot_20231104_095935_WhatsApp-300x179.jpg",300,179,true],"medium_large":["https:\/\/www.correspondentevianopolino.com.br\/site\/wp-content\/uploads\/2023\/11\/Screenshot_20231104_095935_WhatsApp-768x459.jpg",768,459,true],"large":["https:\/\/www.correspondentevianopolino.com.br\/site\/wp-content\/uploads\/2023\/11\/Screenshot_20231104_095935_WhatsApp-1024x612.jpg",1024,612,true],"1536x1536":["https:\/\/www.correspondentevianopolino.com.br\/site\/wp-content\/uploads\/2023\/11\/Screenshot_20231104_095935_WhatsApp.jpg",1080,645,false],"2048x2048":["https:\/\/www.correspondentevianopolino.com.br\/site\/wp-content\/uploads\/2023\/11\/Screenshot_20231104_095935_WhatsApp.jpg",1080,645,false]},"uagb_author_info":{"display_name":"Ol\u00edvio Lemos","author_link":"https:\/\/www.correspondentevianopolino.com.br\/site\/author\/olivio\/"},"uagb_comment_info":3,"uagb_excerpt":"Um grupo de empreendedoras de Vian\u00f3polis vai realizar novamente amanh\u00e3, 10\/12, algo diferente na Feira Coberta, pr\u00f3ximo ao Parque Ambiental [&hellip;]","_links":{"self":[{"href":"https:\/\/www.correspondentevianopolino.com.br\/site\/wp-json\/wp\/v2\/posts\/92520","targetHints":{"allow":["GET"]}}],"collection":[{"href":"https:\/\/www.correspondentevianopolino.com.br\/site\/wp-json\/wp\/v2\/posts"}],"about":[{"href":"https:\/\/www.correspondentevianopolino.com.br\/site\/wp-json\/wp\/v2\/types\/post"}],"author":[{"embeddable":true,"href":"https:\/\/www.correspondentevianopolino.com.br\/site\/wp-json\/wp\/v2\/users\/2"}],"replies":[{"embeddable":true,"href":"https:\/\/www.correspondentevianopolino.com.br\/site\/wp-json\/wp\/v2\/comments?post=92520"}],"version-history":[{"count":0,"href":"https:\/\/www.correspondentevianopolino.com.br\/site\/wp-json\/wp\/v2\/posts\/92520\/revisions"}],"wp:featuredmedia":[{"embeddable":true,"href":"https:\/\/www.correspondentevianopolino.com.br\/site\/wp-json\/wp\/v2\/media\/92522"}],"wp:attachment":[{"href":"https:\/\/www.correspondentevianopolino.com.br\/site\/wp-json\/wp\/v2\/media?parent=92520"}],"wp:term":[{"taxonomy":"category","embeddable":true,"href":"https:\/\/www.correspondentevianopolino.com.br\/site\/wp-json\/wp\/v2\/categories?post=92520"},{"taxonomy":"post_tag","embeddable":true,"href":"https:\/\/www.correspondentevianopolino.com.br\/site\/wp-json\/wp\/v2\/tags?post=92520"}],"curies":[{"name":"wp","href":"https:\/\/api.w.org\/{rel}","templated":true}]}}