{"id":92625,"date":"2023-11-10T15:42:08","date_gmt":"2023-11-10T18:42:08","guid":{"rendered":"https:\/\/www.correspondentevianopolino.com.br\/site\/?p=92625"},"modified":"2023-11-13T17:38:13","modified_gmt":"2023-11-13T20:38:13","slug":"cavclube-atletico-vianopolis-esta-jogando-agora-contra-a-aparecidense-se-despendido-da-copa-goias-sub-20-da-1a-divisao-clique-na-noticia-e-saiba-como-esta-o-placar","status":"publish","type":"post","link":"https:\/\/www.correspondentevianopolino.com.br\/site\/cavclube-atletico-vianopolis-esta-jogando-agora-contra-a-aparecidense-se-despendido-da-copa-goias-sub-20-da-1a-divisao-clique-na-noticia-e-saiba-como-esta-o-placar\/","title":{"rendered":"CAV ENCERRA SUA PARTICIPA\u00c7\u00c3O NA COPA GOI\u00c1S SUB-20 DA 1\u00aa DIVIS\u00c3O COMO COME\u00c7OU: PERDENDO"},"content":{"rendered":"\n<p><\/p>\n\n\n\n<figure class=\"wp-block-image size-full\"><img decoding=\"async\" width=\"828\" height=\"810\" src=\"https:\/\/www.correspondentevianopolino.com.br\/site\/wp-content\/uploads\/2023\/11\/IMG-20231110-WA0413.jpg\" alt=\"\" class=\"wp-image-92641\" srcset=\"https:\/\/www.correspondentevianopolino.com.br\/site\/wp-content\/uploads\/2023\/11\/IMG-20231110-WA0413.jpg 828w, https:\/\/www.correspondentevianopolino.com.br\/site\/wp-content\/uploads\/2023\/11\/IMG-20231110-WA0413-300x293.jpg 300w, https:\/\/www.correspondentevianopolino.com.br\/site\/wp-content\/uploads\/2023\/11\/IMG-20231110-WA0413-465x455.jpg 465w, https:\/\/www.correspondentevianopolino.com.br\/site\/wp-content\/uploads\/2023\/11\/IMG-20231110-WA0413-768x751.jpg 768w, https:\/\/www.correspondentevianopolino.com.br\/site\/wp-content\/uploads\/2023\/11\/IMG-20231110-WA0413-317x310.jpg 317w, https:\/\/www.correspondentevianopolino.com.br\/site\/wp-content\/uploads\/2023\/11\/IMG-20231110-WA0413-218x213.jpg 218w, https:\/\/www.correspondentevianopolino.com.br\/site\/wp-content\/uploads\/2023\/11\/IMG-20231110-WA0413-209x204.jpg 209w, https:\/\/www.correspondentevianopolino.com.br\/site\/wp-content\/uploads\/2023\/11\/IMG-20231110-WA0413-194x190.jpg 194w\" sizes=\"(max-width: 828px) 100vw, 828px\" \/><\/figure>\n\n\n\n<p><strong>Por Ol\u00edvio Lemos, com colabora\u00e7\u00e3o de Jos\u00e9 Neves da Silva (Nerim)<\/strong><\/p>\n\n\n\n<p>O CAV (Clube Atl\u00e9tico Vian\u00f3polis) jogou na tarde de hoje, 10\/11, no Est\u00e1dio P\u00e9 de Ouro, pela \u00faltima rodada da Copa Goi\u00e1s Sub-20 da 1\u00aa Divis\u00e3o.<\/p>\n\n\n\n<p>Foi o jogo de despedida do time vianopolino da 1\u00aa divis\u00e3o desta competi\u00e7\u00e3o, uma vez que foi rebaixado para a 2\u00aa divis\u00e3o.<\/p>\n\n\n\n<p><strong>O CAV perdeu para a Aparecidense pelo placar de 3 a 1.<\/strong><\/p>\n\n\n\n<p>E o time vianopolino terminou a Copa Goi\u00e1s com 9 derrotas, 01 vit\u00f3ria e um empate. Ou seja, uma campanha decepcionante.<\/p>\n\n\n\n<p class=\"has-text-align-center\"><strong>                                       <\/strong><\/p>\n\n\n<figure class=\"wp-block-post-featured-image\"><img decoding=\"async\" width=\"302\" height=\"358\" src=\"https:\/\/www.correspondentevianopolino.com.br\/site\/wp-content\/uploads\/2023\/11\/img_6087-2-3.jpg\" class=\"attachment-post-thumbnail size-post-thumbnail wp-post-image\" alt=\"\" style=\"object-fit:cover;\" srcset=\"https:\/\/www.correspondentevianopolino.com.br\/site\/wp-content\/uploads\/2023\/11\/img_6087-2-3.jpg 302w, https:\/\/www.correspondentevianopolino.com.br\/site\/wp-content\/uploads\/2023\/11\/img_6087-2-3-253x300.jpg 253w, https:\/\/www.correspondentevianopolino.com.br\/site\/wp-content\/uploads\/2023\/11\/img_6087-2-3-262x310.jpg 262w, https:\/\/www.correspondentevianopolino.com.br\/site\/wp-content\/uploads\/2023\/11\/img_6087-2-3-180x213.jpg 180w, https:\/\/www.correspondentevianopolino.com.br\/site\/wp-content\/uploads\/2023\/11\/img_6087-2-3-172x204.jpg 172w, https:\/\/www.correspondentevianopolino.com.br\/site\/wp-content\/uploads\/2023\/11\/img_6087-2-3-160x190.jpg 160w\" sizes=\"(max-width: 302px) 100vw, 302px\" \/><\/figure>\n\n\n<p><\/p>\n","protected":false},"excerpt":{"rendered":"<p>Por Ol\u00edvio Lemos, com colabora\u00e7\u00e3o de Jos\u00e9 Neves da Silva (Nerim) O CAV (Clube Atl\u00e9tico Vian\u00f3polis) jogou na tarde de [&hellip;]<\/p>\n","protected":false},"author":2,"featured_media":92399,"comment_status":"open","ping_status":"closed","sticky":false,"template":"","format":"standard","meta":{"_uag_custom_page_level_css":"","site-sidebar-layout":"default","site-content-layout":"","ast-site-content-layout":"default","site-content-style":"default","site-sidebar-style":"default","ast-global-header-display":"","ast-banner-title-visibility":"","ast-main-header-display":"","ast-hfb-above-header-display":"","ast-hfb-below-header-display":"","ast-hfb-mobile-header-display":"","site-post-title":"","ast-breadcrumbs-content":"","ast-featured-img":"","footer-sml-layout":"","ast-disable-related-posts":"","theme-transparent-header-meta":"","adv-header-id-meta":"","stick-header-meta":"","header-above-stick-meta":"","header-main-stick-meta":"","header-below-stick-meta":"","astra-migrate-meta-layouts":"default","ast-page-background-enabled":"default","ast-page-background-meta":{"desktop":{"background-color":"var(--ast-global-color-4)","background-image":"","background-repeat":"repeat","background-position":"center center","background-size":"auto","background-attachment":"scroll","background-type":"","background-media":"","overlay-type":"","overlay-color":"","overlay-opacity":"","overlay-gradient":""},"tablet":{"background-color":"","background-image":"","background-repeat":"repeat","background-position":"center center","background-size":"auto","background-attachment":"scroll","background-type":"","background-media":"","overlay-type":"","overlay-color":"","overlay-opacity":"","overlay-gradient":""},"mobile":{"background-color":"","background-image":"","background-repeat":"repeat","background-position":"center center","background-size":"auto","background-attachment":"scroll","background-type":"","background-media":"","overlay-type":"","overlay-color":"","overlay-opacity":"","overlay-gradient":""}},"ast-content-background-meta":{"desktop":{"background-color":"var(--ast-global-color-5)","background-image":"","background-repeat":"repeat","background-position":"center center","background-size":"auto","background-attachment":"scroll","background-type":"","background-media":"","overlay-type":"","overlay-color":"","overlay-opacity":"","overlay-gradient":""},"tablet":{"background-color":"var(--ast-global-color-5)","background-image":"","background-repeat":"repeat","background-position":"center center","background-size":"auto","background-attachment":"scroll","background-type":"","background-media":"","overlay-type":"","overlay-color":"","overlay-opacity":"","overlay-gradient":""},"mobile":{"background-color":"var(--ast-global-color-5)","background-image":"","background-repeat":"repeat","background-position":"center center","background-size":"auto","background-attachment":"scroll","background-type":"","background-media":"","overlay-type":"","overlay-color":"","overlay-opacity":"","overlay-gradient":""}},"footnotes":""},"categories":[1],"tags":[],"class_list":["post-92625","post","type-post","status-publish","format-standard","has-post-thumbnail","hentry","category-ultimas","ColorsTitles-2b47ff"],"uagb_featured_image_src":{"full":["https:\/\/www.correspondentevianopolino.com.br\/site\/wp-content\/uploads\/2023\/11\/img_6087-2-3.jpg",302,358,false],"thumbnail":["https:\/\/www.correspondentevianopolino.com.br\/site\/wp-content\/uploads\/2023\/11\/img_6087-2-3.jpg",302,358,false],"medium":["https:\/\/www.correspondentevianopolino.com.br\/site\/wp-content\/uploads\/2023\/11\/img_6087-2-3-253x300.jpg",253,300,true],"medium_large":["https:\/\/www.correspondentevianopolino.com.br\/site\/wp-content\/uploads\/2023\/11\/img_6087-2-3.jpg",302,358,false],"large":["https:\/\/www.correspondentevianopolino.com.br\/site\/wp-content\/uploads\/2023\/11\/img_6087-2-3.jpg",302,358,false],"1536x1536":["https:\/\/www.correspondentevianopolino.com.br\/site\/wp-content\/uploads\/2023\/11\/img_6087-2-3.jpg",302,358,false],"2048x2048":["https:\/\/www.correspondentevianopolino.com.br\/site\/wp-content\/uploads\/2023\/11\/img_6087-2-3.jpg",302,358,false]},"uagb_author_info":{"display_name":"Ol\u00edvio Lemos","author_link":"https:\/\/www.correspondentevianopolino.com.br\/site\/author\/olivio\/"},"uagb_comment_info":2,"uagb_excerpt":"Por Ol\u00edvio Lemos, com colabora\u00e7\u00e3o de Jos\u00e9 Neves da Silva (Nerim) O CAV (Clube Atl\u00e9tico Vian\u00f3polis) jogou na tarde de [&hellip;]","_links":{"self":[{"href":"https:\/\/www.correspondentevianopolino.com.br\/site\/wp-json\/wp\/v2\/posts\/92625","targetHints":{"allow":["GET"]}}],"collection":[{"href":"https:\/\/www.correspondentevianopolino.com.br\/site\/wp-json\/wp\/v2\/posts"}],"about":[{"href":"https:\/\/www.correspondentevianopolino.com.br\/site\/wp-json\/wp\/v2\/types\/post"}],"author":[{"embeddable":true,"href":"https:\/\/www.correspondentevianopolino.com.br\/site\/wp-json\/wp\/v2\/users\/2"}],"replies":[{"embeddable":true,"href":"https:\/\/www.correspondentevianopolino.com.br\/site\/wp-json\/wp\/v2\/comments?post=92625"}],"version-history":[{"count":0,"href":"https:\/\/www.correspondentevianopolino.com.br\/site\/wp-json\/wp\/v2\/posts\/92625\/revisions"}],"wp:featuredmedia":[{"embeddable":true,"href":"https:\/\/www.correspondentevianopolino.com.br\/site\/wp-json\/wp\/v2\/media\/92399"}],"wp:attachment":[{"href":"https:\/\/www.correspondentevianopolino.com.br\/site\/wp-json\/wp\/v2\/media?parent=92625"}],"wp:term":[{"taxonomy":"category","embeddable":true,"href":"https:\/\/www.correspondentevianopolino.com.br\/site\/wp-json\/wp\/v2\/categories?post=92625"},{"taxonomy":"post_tag","embeddable":true,"href":"https:\/\/www.correspondentevianopolino.com.br\/site\/wp-json\/wp\/v2\/tags?post=92625"}],"curies":[{"name":"wp","href":"https:\/\/api.w.org\/{rel}","templated":true}]}}