{"id":92707,"date":"2023-11-13T06:50:23","date_gmt":"2023-11-13T09:50:23","guid":{"rendered":"https:\/\/www.correspondentevianopolino.com.br\/site\/?p=92707"},"modified":"2023-11-13T15:29:06","modified_gmt":"2023-11-13T18:29:06","slug":"foragido-da-justica-e-preso-abordagem-da-policia-militar-de-vianopolis","status":"publish","type":"post","link":"https:\/\/www.correspondentevianopolino.com.br\/site\/foragido-da-justica-e-preso-abordagem-da-policia-militar-de-vianopolis\/","title":{"rendered":"FORAGIDO DA JUSTI\u00c7A \u00c9 PRESO EM ABORDAGEM DA POL\u00cdCIA MILITAR DE VIAN\u00d3POLIS"},"content":{"rendered":"\n<figure class=\"wp-block-image size-full\"><img decoding=\"async\" width=\"828\" height=\"810\" src=\"https:\/\/www.correspondentevianopolino.com.br\/site\/wp-content\/uploads\/2023\/11\/IMG-20231110-WA0413.jpg\" alt=\"\" class=\"wp-image-92641\" srcset=\"https:\/\/www.correspondentevianopolino.com.br\/site\/wp-content\/uploads\/2023\/11\/IMG-20231110-WA0413.jpg 828w, https:\/\/www.correspondentevianopolino.com.br\/site\/wp-content\/uploads\/2023\/11\/IMG-20231110-WA0413-300x293.jpg 300w, https:\/\/www.correspondentevianopolino.com.br\/site\/wp-content\/uploads\/2023\/11\/IMG-20231110-WA0413-465x455.jpg 465w, https:\/\/www.correspondentevianopolino.com.br\/site\/wp-content\/uploads\/2023\/11\/IMG-20231110-WA0413-768x751.jpg 768w, https:\/\/www.correspondentevianopolino.com.br\/site\/wp-content\/uploads\/2023\/11\/IMG-20231110-WA0413-317x310.jpg 317w, https:\/\/www.correspondentevianopolino.com.br\/site\/wp-content\/uploads\/2023\/11\/IMG-20231110-WA0413-218x213.jpg 218w, https:\/\/www.correspondentevianopolino.com.br\/site\/wp-content\/uploads\/2023\/11\/IMG-20231110-WA0413-209x204.jpg 209w, https:\/\/www.correspondentevianopolino.com.br\/site\/wp-content\/uploads\/2023\/11\/IMG-20231110-WA0413-194x190.jpg 194w\" sizes=\"(max-width: 828px) 100vw, 828px\" \/><\/figure>\n\n\n\n<p>Um jovem de 23 anos de idade, residente em S\u00e3o Miguel do Passa Quatro, foragido da Justi\u00e7a, foi preso por policiais militares de Vian\u00f3polis.<\/p>\n\n\n\n<p>De acordo com o Sargento Rocha, ap\u00f3s a abordagem, foi descoberto que o jovem responde por furto e tamb\u00e9m tinha mandado de pris\u00e3o em aberto por n\u00e3o pagar pens\u00e3o aliment\u00edcia.<\/p>\n\n\n\n<p>Ap\u00f3s ser preso, ele foi encaminhado para a Unidade Prisional de Silv\u00e2nia, estando \u00e0 disposi\u00e7\u00e3o do Poder Judici\u00e1rio.<\/p>\n\n\n<figure class=\"wp-block-post-featured-image\"><img decoding=\"async\" width=\"1080\" height=\"898\" src=\"https:\/\/www.correspondentevianopolino.com.br\/site\/wp-content\/uploads\/2023\/11\/Screenshot_20231112_210746_WhatsApp.jpg\" class=\"attachment-post-thumbnail size-post-thumbnail wp-post-image\" alt=\"\" style=\"object-fit:cover;\" srcset=\"https:\/\/www.correspondentevianopolino.com.br\/site\/wp-content\/uploads\/2023\/11\/Screenshot_20231112_210746_WhatsApp.jpg 1080w, https:\/\/www.correspondentevianopolino.com.br\/site\/wp-content\/uploads\/2023\/11\/Screenshot_20231112_210746_WhatsApp-300x249.jpg 300w, https:\/\/www.correspondentevianopolino.com.br\/site\/wp-content\/uploads\/2023\/11\/Screenshot_20231112_210746_WhatsApp-1024x851.jpg 1024w, https:\/\/www.correspondentevianopolino.com.br\/site\/wp-content\/uploads\/2023\/11\/Screenshot_20231112_210746_WhatsApp-465x387.jpg 465w, https:\/\/www.correspondentevianopolino.com.br\/site\/wp-content\/uploads\/2023\/11\/Screenshot_20231112_210746_WhatsApp-768x639.jpg 768w, https:\/\/www.correspondentevianopolino.com.br\/site\/wp-content\/uploads\/2023\/11\/Screenshot_20231112_210746_WhatsApp-373x310.jpg 373w, https:\/\/www.correspondentevianopolino.com.br\/site\/wp-content\/uploads\/2023\/11\/Screenshot_20231112_210746_WhatsApp-256x213.jpg 256w, https:\/\/www.correspondentevianopolino.com.br\/site\/wp-content\/uploads\/2023\/11\/Screenshot_20231112_210746_WhatsApp-245x204.jpg 245w, https:\/\/www.correspondentevianopolino.com.br\/site\/wp-content\/uploads\/2023\/11\/Screenshot_20231112_210746_WhatsApp-229x190.jpg 229w\" sizes=\"(max-width: 1080px) 100vw, 1080px\" \/><\/figure>","protected":false},"excerpt":{"rendered":"<p>Um jovem de 23 anos de idade, residente em S\u00e3o Miguel do Passa Quatro, foragido da Justi\u00e7a, foi preso por [&hellip;]<\/p>\n","protected":false},"author":2,"featured_media":92728,"comment_status":"open","ping_status":"closed","sticky":false,"template":"","format":"standard","meta":{"_uag_custom_page_level_css":"","site-sidebar-layout":"default","site-content-layout":"","ast-site-content-layout":"default","site-content-style":"default","site-sidebar-style":"default","ast-global-header-display":"","ast-banner-title-visibility":"","ast-main-header-display":"","ast-hfb-above-header-display":"","ast-hfb-below-header-display":"","ast-hfb-mobile-header-display":"","site-post-title":"","ast-breadcrumbs-content":"","ast-featured-img":"","footer-sml-layout":"","ast-disable-related-posts":"","theme-transparent-header-meta":"","adv-header-id-meta":"","stick-header-meta":"","header-above-stick-meta":"","header-main-stick-meta":"","header-below-stick-meta":"","astra-migrate-meta-layouts":"default","ast-page-background-enabled":"default","ast-page-background-meta":{"desktop":{"background-color":"var(--ast-global-color-4)","background-image":"","background-repeat":"repeat","background-position":"center center","background-size":"auto","background-attachment":"scroll","background-type":"","background-media":"","overlay-type":"","overlay-color":"","overlay-opacity":"","overlay-gradient":""},"tablet":{"background-color":"","background-image":"","background-repeat":"repeat","background-position":"center center","background-size":"auto","background-attachment":"scroll","background-type":"","background-media":"","overlay-type":"","overlay-color":"","overlay-opacity":"","overlay-gradient":""},"mobile":{"background-color":"","background-image":"","background-repeat":"repeat","background-position":"center center","background-size":"auto","background-attachment":"scroll","background-type":"","background-media":"","overlay-type":"","overlay-color":"","overlay-opacity":"","overlay-gradient":""}},"ast-content-background-meta":{"desktop":{"background-color":"var(--ast-global-color-5)","background-image":"","background-repeat":"repeat","background-position":"center center","background-size":"auto","background-attachment":"scroll","background-type":"","background-media":"","overlay-type":"","overlay-color":"","overlay-opacity":"","overlay-gradient":""},"tablet":{"background-color":"var(--ast-global-color-5)","background-image":"","background-repeat":"repeat","background-position":"center center","background-size":"auto","background-attachment":"scroll","background-type":"","background-media":"","overlay-type":"","overlay-color":"","overlay-opacity":"","overlay-gradient":""},"mobile":{"background-color":"var(--ast-global-color-5)","background-image":"","background-repeat":"repeat","background-position":"center center","background-size":"auto","background-attachment":"scroll","background-type":"","background-media":"","overlay-type":"","overlay-color":"","overlay-opacity":"","overlay-gradient":""}},"footnotes":""},"categories":[1],"tags":[],"class_list":["post-92707","post","type-post","status-publish","format-standard","has-post-thumbnail","hentry","category-ultimas","ColorsTitles-2b47ff"],"uagb_featured_image_src":{"full":["https:\/\/www.correspondentevianopolino.com.br\/site\/wp-content\/uploads\/2023\/11\/Screenshot_20231112_210746_WhatsApp.jpg",1080,898,false],"thumbnail":["https:\/\/www.correspondentevianopolino.com.br\/site\/wp-content\/uploads\/2023\/11\/Screenshot_20231112_210746_WhatsApp-465x387.jpg",465,387,true],"medium":["https:\/\/www.correspondentevianopolino.com.br\/site\/wp-content\/uploads\/2023\/11\/Screenshot_20231112_210746_WhatsApp-300x249.jpg",300,249,true],"medium_large":["https:\/\/www.correspondentevianopolino.com.br\/site\/wp-content\/uploads\/2023\/11\/Screenshot_20231112_210746_WhatsApp-768x639.jpg",768,639,true],"large":["https:\/\/www.correspondentevianopolino.com.br\/site\/wp-content\/uploads\/2023\/11\/Screenshot_20231112_210746_WhatsApp-1024x851.jpg",812,675,true],"1536x1536":["https:\/\/www.correspondentevianopolino.com.br\/site\/wp-content\/uploads\/2023\/11\/Screenshot_20231112_210746_WhatsApp.jpg",1080,898,false],"2048x2048":["https:\/\/www.correspondentevianopolino.com.br\/site\/wp-content\/uploads\/2023\/11\/Screenshot_20231112_210746_WhatsApp.jpg",1080,898,false]},"uagb_author_info":{"display_name":"Ol\u00edvio Lemos","author_link":"https:\/\/www.correspondentevianopolino.com.br\/site\/author\/olivio\/"},"uagb_comment_info":1,"uagb_excerpt":"Um jovem de 23 anos de idade, residente em S\u00e3o Miguel do Passa Quatro, foragido da Justi\u00e7a, foi preso por [&hellip;]","_links":{"self":[{"href":"https:\/\/www.correspondentevianopolino.com.br\/site\/wp-json\/wp\/v2\/posts\/92707","targetHints":{"allow":["GET"]}}],"collection":[{"href":"https:\/\/www.correspondentevianopolino.com.br\/site\/wp-json\/wp\/v2\/posts"}],"about":[{"href":"https:\/\/www.correspondentevianopolino.com.br\/site\/wp-json\/wp\/v2\/types\/post"}],"author":[{"embeddable":true,"href":"https:\/\/www.correspondentevianopolino.com.br\/site\/wp-json\/wp\/v2\/users\/2"}],"replies":[{"embeddable":true,"href":"https:\/\/www.correspondentevianopolino.com.br\/site\/wp-json\/wp\/v2\/comments?post=92707"}],"version-history":[{"count":0,"href":"https:\/\/www.correspondentevianopolino.com.br\/site\/wp-json\/wp\/v2\/posts\/92707\/revisions"}],"wp:featuredmedia":[{"embeddable":true,"href":"https:\/\/www.correspondentevianopolino.com.br\/site\/wp-json\/wp\/v2\/media\/92728"}],"wp:attachment":[{"href":"https:\/\/www.correspondentevianopolino.com.br\/site\/wp-json\/wp\/v2\/media?parent=92707"}],"wp:term":[{"taxonomy":"category","embeddable":true,"href":"https:\/\/www.correspondentevianopolino.com.br\/site\/wp-json\/wp\/v2\/categories?post=92707"},{"taxonomy":"post_tag","embeddable":true,"href":"https:\/\/www.correspondentevianopolino.com.br\/site\/wp-json\/wp\/v2\/tags?post=92707"}],"curies":[{"name":"wp","href":"https:\/\/api.w.org\/{rel}","templated":true}]}}