{"id":92746,"date":"2023-11-13T17:08:10","date_gmt":"2023-11-13T20:08:10","guid":{"rendered":"https:\/\/www.correspondentevianopolino.com.br\/site\/?p=92746"},"modified":"2023-11-15T06:18:52","modified_gmt":"2023-11-15T09:18:52","slug":"falece-32","status":"publish","type":"post","link":"https:\/\/www.correspondentevianopolino.com.br\/site\/falece-32\/","title":{"rendered":"FALECE JOVINA RIBEIRO DA SILVA"},"content":{"rendered":"\n<figure class=\"wp-block-image size-full\"><img decoding=\"async\" width=\"828\" height=\"810\" src=\"https:\/\/www.correspondentevianopolino.com.br\/site\/wp-content\/uploads\/2023\/11\/IMG-20231110-WA0413.jpg\" alt=\"\" class=\"wp-image-92641\" srcset=\"https:\/\/www.correspondentevianopolino.com.br\/site\/wp-content\/uploads\/2023\/11\/IMG-20231110-WA0413.jpg 828w, https:\/\/www.correspondentevianopolino.com.br\/site\/wp-content\/uploads\/2023\/11\/IMG-20231110-WA0413-300x293.jpg 300w, https:\/\/www.correspondentevianopolino.com.br\/site\/wp-content\/uploads\/2023\/11\/IMG-20231110-WA0413-465x455.jpg 465w, https:\/\/www.correspondentevianopolino.com.br\/site\/wp-content\/uploads\/2023\/11\/IMG-20231110-WA0413-768x751.jpg 768w, https:\/\/www.correspondentevianopolino.com.br\/site\/wp-content\/uploads\/2023\/11\/IMG-20231110-WA0413-317x310.jpg 317w, https:\/\/www.correspondentevianopolino.com.br\/site\/wp-content\/uploads\/2023\/11\/IMG-20231110-WA0413-218x213.jpg 218w, https:\/\/www.correspondentevianopolino.com.br\/site\/wp-content\/uploads\/2023\/11\/IMG-20231110-WA0413-209x204.jpg 209w, https:\/\/www.correspondentevianopolino.com.br\/site\/wp-content\/uploads\/2023\/11\/IMG-20231110-WA0413-194x190.jpg 194w\" sizes=\"(max-width: 828px) 100vw, 828px\" \/><\/figure>\n\n\n\n<p>Faleceu no Hospital Ara\u00fajo Jorge de Goi\u00e2nia na manh\u00e3 de hoje, 13\/11, <strong>JOVINA RIBEIRO DA SILVA<\/strong>, moradora do Assentamento Buriti, que fica nas proximidades do Auto Posto 3 Boiadeiros. Ela era casada com Manoel Ribeiro da Silva e m\u00e3e do mec\u00e2nico Cl\u00e1udio Ribeiro da Silva e de Cl\u00e1udia Ribeiro da Silva.<\/p>\n\n\n\n<p>Jovina Ribeiro da Silva, que faleceu aos 71 anos de idade, era membro da Igreja Assembleia de Deus &#8211; Minist\u00e9rio Miss\u00f5es.<\/p>\n\n\n\n<p>O vel\u00f3rio acontece em Goi\u00e2nia, na sede da Pax Goi\u00e2nia, que fica na Avenida Anhanguera, pr\u00f3ximo \u00e0 Pra\u00e7a das M\u00e3es, no Setor Oeste.<\/p>\n\n\n\n<p>O sepultamento est\u00e1 marcado para \u00e0s 9h de amanh\u00e3, 14\/11, no Cemit\u00e9rio Vale da Paz.<\/p>\n\n\n\n<p>\u00c0 fam\u00edlia enlutada, nossas condol\u00eancias!<\/p>\n\n\n\n<figure class=\"wp-block-image size-full\"><img decoding=\"async\" width=\"388\" height=\"394\" src=\"https:\/\/www.correspondentevianopolino.com.br\/site\/wp-content\/uploads\/2023\/11\/IMG-20231113-WA0319.jpg\" alt=\"\" class=\"wp-image-92749\" srcset=\"https:\/\/www.correspondentevianopolino.com.br\/site\/wp-content\/uploads\/2023\/11\/IMG-20231113-WA0319.jpg 388w, https:\/\/www.correspondentevianopolino.com.br\/site\/wp-content\/uploads\/2023\/11\/IMG-20231113-WA0319-295x300.jpg 295w, https:\/\/www.correspondentevianopolino.com.br\/site\/wp-content\/uploads\/2023\/11\/IMG-20231113-WA0319-305x310.jpg 305w, https:\/\/www.correspondentevianopolino.com.br\/site\/wp-content\/uploads\/2023\/11\/IMG-20231113-WA0319-210x213.jpg 210w, https:\/\/www.correspondentevianopolino.com.br\/site\/wp-content\/uploads\/2023\/11\/IMG-20231113-WA0319-201x204.jpg 201w, https:\/\/www.correspondentevianopolino.com.br\/site\/wp-content\/uploads\/2023\/11\/IMG-20231113-WA0319-187x190.jpg 187w\" sizes=\"(max-width: 388px) 100vw, 388px\" \/><\/figure>\n\n\n<figure class=\"wp-block-post-featured-image\"><img decoding=\"async\" width=\"388\" height=\"394\" src=\"https:\/\/www.correspondentevianopolino.com.br\/site\/wp-content\/uploads\/2023\/11\/IMG-20231113-WA0319.jpg\" class=\"attachment-post-thumbnail size-post-thumbnail wp-post-image\" alt=\"\" style=\"object-fit:cover;\" srcset=\"https:\/\/www.correspondentevianopolino.com.br\/site\/wp-content\/uploads\/2023\/11\/IMG-20231113-WA0319.jpg 388w, https:\/\/www.correspondentevianopolino.com.br\/site\/wp-content\/uploads\/2023\/11\/IMG-20231113-WA0319-295x300.jpg 295w, https:\/\/www.correspondentevianopolino.com.br\/site\/wp-content\/uploads\/2023\/11\/IMG-20231113-WA0319-305x310.jpg 305w, https:\/\/www.correspondentevianopolino.com.br\/site\/wp-content\/uploads\/2023\/11\/IMG-20231113-WA0319-210x213.jpg 210w, https:\/\/www.correspondentevianopolino.com.br\/site\/wp-content\/uploads\/2023\/11\/IMG-20231113-WA0319-201x204.jpg 201w, https:\/\/www.correspondentevianopolino.com.br\/site\/wp-content\/uploads\/2023\/11\/IMG-20231113-WA0319-187x190.jpg 187w\" sizes=\"(max-width: 388px) 100vw, 388px\" \/><\/figure>","protected":false},"excerpt":{"rendered":"<p>Faleceu no Hospital Ara\u00fajo Jorge de Goi\u00e2nia na manh\u00e3 de hoje, 13\/11, JOVINA RIBEIRO DA SILVA, moradora do Assentamento Buriti, [&hellip;]<\/p>\n","protected":false},"author":2,"featured_media":92749,"comment_status":"open","ping_status":"closed","sticky":false,"template":"","format":"standard","meta":{"_uag_custom_page_level_css":"","site-sidebar-layout":"default","site-content-layout":"","ast-site-content-layout":"default","site-content-style":"default","site-sidebar-style":"default","ast-global-header-display":"","ast-banner-title-visibility":"","ast-main-header-display":"","ast-hfb-above-header-display":"","ast-hfb-below-header-display":"","ast-hfb-mobile-header-display":"","site-post-title":"","ast-breadcrumbs-content":"","ast-featured-img":"","footer-sml-layout":"","ast-disable-related-posts":"","theme-transparent-header-meta":"","adv-header-id-meta":"","stick-header-meta":"","header-above-stick-meta":"","header-main-stick-meta":"","header-below-stick-meta":"","astra-migrate-meta-layouts":"default","ast-page-background-enabled":"default","ast-page-background-meta":{"desktop":{"background-color":"var(--ast-global-color-4)","background-image":"","background-repeat":"repeat","background-position":"center center","background-size":"auto","background-attachment":"scroll","background-type":"","background-media":"","overlay-type":"","overlay-color":"","overlay-opacity":"","overlay-gradient":""},"tablet":{"background-color":"","background-image":"","background-repeat":"repeat","background-position":"center center","background-size":"auto","background-attachment":"scroll","background-type":"","background-media":"","overlay-type":"","overlay-color":"","overlay-opacity":"","overlay-gradient":""},"mobile":{"background-color":"","background-image":"","background-repeat":"repeat","background-position":"center center","background-size":"auto","background-attachment":"scroll","background-type":"","background-media":"","overlay-type":"","overlay-color":"","overlay-opacity":"","overlay-gradient":""}},"ast-content-background-meta":{"desktop":{"background-color":"var(--ast-global-color-5)","background-image":"","background-repeat":"repeat","background-position":"center center","background-size":"auto","background-attachment":"scroll","background-type":"","background-media":"","overlay-type":"","overlay-color":"","overlay-opacity":"","overlay-gradient":""},"tablet":{"background-color":"var(--ast-global-color-5)","background-image":"","background-repeat":"repeat","background-position":"center center","background-size":"auto","background-attachment":"scroll","background-type":"","background-media":"","overlay-type":"","overlay-color":"","overlay-opacity":"","overlay-gradient":""},"mobile":{"background-color":"var(--ast-global-color-5)","background-image":"","background-repeat":"repeat","background-position":"center center","background-size":"auto","background-attachment":"scroll","background-type":"","background-media":"","overlay-type":"","overlay-color":"","overlay-opacity":"","overlay-gradient":""}},"footnotes":""},"categories":[1],"tags":[],"class_list":["post-92746","post","type-post","status-publish","format-standard","has-post-thumbnail","hentry","category-ultimas","ColorsTitles-7e06bf"],"uagb_featured_image_src":{"full":["https:\/\/www.correspondentevianopolino.com.br\/site\/wp-content\/uploads\/2023\/11\/IMG-20231113-WA0319.jpg",388,394,false],"thumbnail":["https:\/\/www.correspondentevianopolino.com.br\/site\/wp-content\/uploads\/2023\/11\/IMG-20231113-WA0319.jpg",388,394,false],"medium":["https:\/\/www.correspondentevianopolino.com.br\/site\/wp-content\/uploads\/2023\/11\/IMG-20231113-WA0319-295x300.jpg",295,300,true],"medium_large":["https:\/\/www.correspondentevianopolino.com.br\/site\/wp-content\/uploads\/2023\/11\/IMG-20231113-WA0319.jpg",388,394,false],"large":["https:\/\/www.correspondentevianopolino.com.br\/site\/wp-content\/uploads\/2023\/11\/IMG-20231113-WA0319.jpg",388,394,false],"1536x1536":["https:\/\/www.correspondentevianopolino.com.br\/site\/wp-content\/uploads\/2023\/11\/IMG-20231113-WA0319.jpg",388,394,false],"2048x2048":["https:\/\/www.correspondentevianopolino.com.br\/site\/wp-content\/uploads\/2023\/11\/IMG-20231113-WA0319.jpg",388,394,false]},"uagb_author_info":{"display_name":"Ol\u00edvio Lemos","author_link":"https:\/\/www.correspondentevianopolino.com.br\/site\/author\/olivio\/"},"uagb_comment_info":0,"uagb_excerpt":"Faleceu no Hospital Ara\u00fajo Jorge de Goi\u00e2nia na manh\u00e3 de hoje, 13\/11, JOVINA RIBEIRO DA SILVA, moradora do Assentamento Buriti, [&hellip;]","_links":{"self":[{"href":"https:\/\/www.correspondentevianopolino.com.br\/site\/wp-json\/wp\/v2\/posts\/92746","targetHints":{"allow":["GET"]}}],"collection":[{"href":"https:\/\/www.correspondentevianopolino.com.br\/site\/wp-json\/wp\/v2\/posts"}],"about":[{"href":"https:\/\/www.correspondentevianopolino.com.br\/site\/wp-json\/wp\/v2\/types\/post"}],"author":[{"embeddable":true,"href":"https:\/\/www.correspondentevianopolino.com.br\/site\/wp-json\/wp\/v2\/users\/2"}],"replies":[{"embeddable":true,"href":"https:\/\/www.correspondentevianopolino.com.br\/site\/wp-json\/wp\/v2\/comments?post=92746"}],"version-history":[{"count":0,"href":"https:\/\/www.correspondentevianopolino.com.br\/site\/wp-json\/wp\/v2\/posts\/92746\/revisions"}],"wp:featuredmedia":[{"embeddable":true,"href":"https:\/\/www.correspondentevianopolino.com.br\/site\/wp-json\/wp\/v2\/media\/92749"}],"wp:attachment":[{"href":"https:\/\/www.correspondentevianopolino.com.br\/site\/wp-json\/wp\/v2\/media?parent=92746"}],"wp:term":[{"taxonomy":"category","embeddable":true,"href":"https:\/\/www.correspondentevianopolino.com.br\/site\/wp-json\/wp\/v2\/categories?post=92746"},{"taxonomy":"post_tag","embeddable":true,"href":"https:\/\/www.correspondentevianopolino.com.br\/site\/wp-json\/wp\/v2\/tags?post=92746"}],"curies":[{"name":"wp","href":"https:\/\/api.w.org\/{rel}","templated":true}]}}