{"id":93237,"date":"2023-11-30T16:14:21","date_gmt":"2023-11-30T19:14:21","guid":{"rendered":"https:\/\/www.correspondentevianopolino.com.br\/site\/?p=93237"},"modified":"2023-12-17T08:31:44","modified_gmt":"2023-12-17T11:31:44","slug":"arquidiocese-de-goiania-publica-nomeacao-do-padre-sergio-ricardo-rezende-que-deixara-a-paroquia-sao-jose-de-vianopolis","status":"publish","type":"post","link":"https:\/\/www.correspondentevianopolino.com.br\/site\/arquidiocese-de-goiania-publica-nomeacao-do-padre-sergio-ricardo-rezende-que-deixara-a-paroquia-sao-jose-de-vianopolis\/","title":{"rendered":"PADRE S\u00c9RGIO RICARDO REZENDE DEIXAR\u00c1 A PAR\u00d3QUIA S\u00c3O JOS\u00c9 DE VIAN\u00d3POLIS AP\u00d3S NOMEA\u00c7\u00c3O DO ARCEBISPO DE GOI\u00c2NIA"},"content":{"rendered":"\n<figure class=\"wp-block-image size-large\"><img decoding=\"async\" width=\"576\" height=\"1024\" src=\"https:\/\/www.correspondentevianopolino.com.br\/site\/wp-content\/uploads\/2023\/11\/IMG-20231117-WA0092-576x1024.jpg\" alt=\"\" class=\"wp-image-92822\" srcset=\"https:\/\/www.correspondentevianopolino.com.br\/site\/wp-content\/uploads\/2023\/11\/IMG-20231117-WA0092-576x1024.jpg 576w, https:\/\/www.correspondentevianopolino.com.br\/site\/wp-content\/uploads\/2023\/11\/IMG-20231117-WA0092-169x300.jpg 169w, https:\/\/www.correspondentevianopolino.com.br\/site\/wp-content\/uploads\/2023\/11\/IMG-20231117-WA0092-465x827.jpg 465w, https:\/\/www.correspondentevianopolino.com.br\/site\/wp-content\/uploads\/2023\/11\/IMG-20231117-WA0092-768x1365.jpg 768w, https:\/\/www.correspondentevianopolino.com.br\/site\/wp-content\/uploads\/2023\/11\/IMG-20231117-WA0092-864x1536.jpg 864w, https:\/\/www.correspondentevianopolino.com.br\/site\/wp-content\/uploads\/2023\/11\/IMG-20231117-WA0092-174x310.jpg 174w, https:\/\/www.correspondentevianopolino.com.br\/site\/wp-content\/uploads\/2023\/11\/IMG-20231117-WA0092-120x213.jpg 120w, https:\/\/www.correspondentevianopolino.com.br\/site\/wp-content\/uploads\/2023\/11\/IMG-20231117-WA0092-115x204.jpg 115w, https:\/\/www.correspondentevianopolino.com.br\/site\/wp-content\/uploads\/2023\/11\/IMG-20231117-WA0092-107x190.jpg 107w, https:\/\/www.correspondentevianopolino.com.br\/site\/wp-content\/uploads\/2023\/11\/IMG-20231117-WA0092.jpg 900w\" sizes=\"(max-width: 576px) 100vw, 576px\" \/><\/figure>\n\n\n\n<p>A Chancelaria da Arquidiocese de Goi\u00e2nia publicou a transfer\u00eancia de diversos padres, dentre eles, a do <strong>Padre S\u00e9rgio Ricardo Rezende.<\/strong><\/p>\n\n\n\n<p>O Arcebispo Metropolitano de Goi\u00e2nia, Dom Jo\u00e3o Justino de Medeiros Silva, nomeou o Padre S\u00e9rgio Ricardo <strong>para a Par\u00f3quia Nossa Senhora da Piedade, da cidade de Bela Vista de Goi\u00e1s.<\/strong><\/p>\n\n\n\n<p>No comunicado, est\u00e1 marcado o in\u00edcio de seu minist\u00e9rio para o dia 21 de dezembro de 2023, a partir das 19h, na Igreja Matriz Nossa Senhora da Piedade, de Bela Vista.<\/p>\n\n\n\n<p>O Padre S\u00e9rgio Ricardo Rezende assumiu a Par\u00f3quia S\u00e3o Jos\u00e9 em junho de 2011.<\/p>\n\n\n\n<p>No mesmo comunicado, est\u00e1 publicada tamb\u00e9m a transfer\u00eancia do Di\u00e1cono Paulo Zanolini Facchini tamb\u00e9m para a mesma par\u00f3quia.<\/p>\n\n\n\n<p class=\"has-text-align-center\">COMUNICADO DA CHANCELARIA N\u00ba 12\/2023<br>A Chancelaria da Arquidiocese de Goi\u00e2nia comunica que DOM JO\u00c3O JUSTINO DE<br>MEDEIROS SILVA, Arcebispo Metropolitano, ap\u00f3s pondera\u00e7\u00f5es e di\u00e1logos, considerando a<br>miss\u00e3o evangelizadora e as necessidades pastorais:<\/p>\n\n\n\n<p><\/p>\n\n\n\n<p>Nomeou o Revm\u00ba Pe.<strong> S\u00e9rgio Ricardo Rezende<\/strong> para a miss\u00e3o de P\u00e1roco da Par\u00f3quia<br>Nossa Senhora da Piedade, em Bela Vista de Goi\u00e1s, e marcou o in\u00edcio de seu minist\u00e9rio<br>pastoral para o dia 21 de dezembro de 2023, \u00e0s 19h30, na Igreja Matriz Nossa Senhora<br>da Piedade.<\/p>\n\n\n\n<p>Nomeou o Revm\u00ba Di\u00e1c.<strong> Paulo Zanolini Facchini<\/strong> para exercer seu minist\u00e9rio diaconal<br>na Par\u00f3quia Nossa Senhora da Piedade em Bela Vista de Goi\u00e1s. A apresenta\u00e7\u00e3o oficial<br>do Di\u00e1cono ser\u00e1 na mesma celebra\u00e7\u00e3o de posse do novo p\u00e1roco, dia 21 de dezembro<br>de 2023, \u00e0s 19h30.<\/p>\n\n\n\n<p>Nomeou o Revm\u00ba Pe. <strong>Jairo Gomes da Silva<\/strong> para a miss\u00e3o de P\u00e1roco da Par\u00f3quia S\u00e3o<br>Jos\u00e9, em Vian\u00f3polis e marcou o in\u00edcio de seu minist\u00e9rio pastoral para o dia 28 de<br>dezembro de 2023, \u00e0s 19h, na Igreja Matriz de S\u00e3o Jos\u00e9.<\/p>\n\n\n\n<p class=\"has-text-align-center\"><br>Goi\u00e2nia, 30 de novembro de 2023.<br>Festa Lit\u00fargica de Santo Andr\u00e9, ap\u00f3stolo<br>Pe. Warlen Maxwell Silva Reis<br>Chanceler do Arcebispado<\/p>\n\n\n\n<p>E no mesmo ato, o Padre <strong>JAIRO GOMES DA SILVA<\/strong> foi nomeado e vai assumir a Par\u00f3quia de Vian\u00f3polis no dia 28 de dezembro pr\u00f3ximo.<\/p>\n\n\n\n<p>Atualmente, o Padre Jairo est\u00e1 respondendo pela Par\u00f3quia S\u00e3o Francisco de Assis de Aparecida de Goi\u00e2nia.<\/p>\n\n\n\n<figure class=\"wp-block-image size-full\"><img decoding=\"async\" width=\"673\" height=\"580\" src=\"https:\/\/www.correspondentevianopolino.com.br\/site\/wp-content\/uploads\/2023\/11\/IMG-20231130-WA0388-1.jpg\" alt=\"\" class=\"wp-image-93246\" srcset=\"https:\/\/www.correspondentevianopolino.com.br\/site\/wp-content\/uploads\/2023\/11\/IMG-20231130-WA0388-1.jpg 673w, https:\/\/www.correspondentevianopolino.com.br\/site\/wp-content\/uploads\/2023\/11\/IMG-20231130-WA0388-1-300x259.jpg 300w, https:\/\/www.correspondentevianopolino.com.br\/site\/wp-content\/uploads\/2023\/11\/IMG-20231130-WA0388-1-465x401.jpg 465w, https:\/\/www.correspondentevianopolino.com.br\/site\/wp-content\/uploads\/2023\/11\/IMG-20231130-WA0388-1-360x310.jpg 360w, https:\/\/www.correspondentevianopolino.com.br\/site\/wp-content\/uploads\/2023\/11\/IMG-20231130-WA0388-1-247x213.jpg 247w, https:\/\/www.correspondentevianopolino.com.br\/site\/wp-content\/uploads\/2023\/11\/IMG-20231130-WA0388-1-237x204.jpg 237w, https:\/\/www.correspondentevianopolino.com.br\/site\/wp-content\/uploads\/2023\/11\/IMG-20231130-WA0388-1-220x190.jpg 220w\" sizes=\"(max-width: 673px) 100vw, 673px\" \/><\/figure>\n\n\n\n<p>NA FOTO ACIMA, PADRE JAIRO. <\/p>\n\n\n\n<p><\/p>\n\n\n<figure class=\"wp-block-post-featured-image\"><img decoding=\"async\" width=\"439\" height=\"336\" src=\"https:\/\/www.correspondentevianopolino.com.br\/site\/wp-content\/uploads\/2023\/11\/PADRE-SERGIO.jpg\" class=\"attachment-post-thumbnail size-post-thumbnail wp-post-image\" alt=\"\" style=\"object-fit:cover;\" srcset=\"https:\/\/www.correspondentevianopolino.com.br\/site\/wp-content\/uploads\/2023\/11\/PADRE-SERGIO.jpg 439w, https:\/\/www.correspondentevianopolino.com.br\/site\/wp-content\/uploads\/2023\/11\/PADRE-SERGIO-300x230.jpg 300w, https:\/\/www.correspondentevianopolino.com.br\/site\/wp-content\/uploads\/2023\/11\/PADRE-SERGIO-405x310.jpg 405w, https:\/\/www.correspondentevianopolino.com.br\/site\/wp-content\/uploads\/2023\/11\/PADRE-SERGIO-278x213.jpg 278w, https:\/\/www.correspondentevianopolino.com.br\/site\/wp-content\/uploads\/2023\/11\/PADRE-SERGIO-267x204.jpg 267w, https:\/\/www.correspondentevianopolino.com.br\/site\/wp-content\/uploads\/2023\/11\/PADRE-SERGIO-248x190.jpg 248w\" sizes=\"(max-width: 439px) 100vw, 439px\" \/><\/figure>","protected":false},"excerpt":{"rendered":"<p>A Chancelaria da Arquidiocese de Goi\u00e2nia publicou a transfer\u00eancia de diversos padres, dentre eles, a do Padre S\u00e9rgio Ricardo Rezende. [&hellip;]<\/p>\n","protected":false},"author":2,"featured_media":93238,"comment_status":"open","ping_status":"closed","sticky":false,"template":"","format":"standard","meta":{"_uag_custom_page_level_css":"","site-sidebar-layout":"default","site-content-layout":"","ast-site-content-layout":"default","site-content-style":"default","site-sidebar-style":"default","ast-global-header-display":"","ast-banner-title-visibility":"","ast-main-header-display":"","ast-hfb-above-header-display":"","ast-hfb-below-header-display":"","ast-hfb-mobile-header-display":"","site-post-title":"","ast-breadcrumbs-content":"","ast-featured-img":"","footer-sml-layout":"","ast-disable-related-posts":"","theme-transparent-header-meta":"","adv-header-id-meta":"","stick-header-meta":"","header-above-stick-meta":"","header-main-stick-meta":"","header-below-stick-meta":"","astra-migrate-meta-layouts":"default","ast-page-background-enabled":"default","ast-page-background-meta":{"desktop":{"background-color":"var(--ast-global-color-4)","background-image":"","background-repeat":"repeat","background-position":"center center","background-size":"auto","background-attachment":"scroll","background-type":"","background-media":"","overlay-type":"","overlay-color":"","overlay-opacity":"","overlay-gradient":""},"tablet":{"background-color":"","background-image":"","background-repeat":"repeat","background-position":"center center","background-size":"auto","background-attachment":"scroll","background-type":"","background-media":"","overlay-type":"","overlay-color":"","overlay-opacity":"","overlay-gradient":""},"mobile":{"background-color":"","background-image":"","background-repeat":"repeat","background-position":"center center","background-size":"auto","background-attachment":"scroll","background-type":"","background-media":"","overlay-type":"","overlay-color":"","overlay-opacity":"","overlay-gradient":""}},"ast-content-background-meta":{"desktop":{"background-color":"var(--ast-global-color-5)","background-image":"","background-repeat":"repeat","background-position":"center center","background-size":"auto","background-attachment":"scroll","background-type":"","background-media":"","overlay-type":"","overlay-color":"","overlay-opacity":"","overlay-gradient":""},"tablet":{"background-color":"var(--ast-global-color-5)","background-image":"","background-repeat":"repeat","background-position":"center center","background-size":"auto","background-attachment":"scroll","background-type":"","background-media":"","overlay-type":"","overlay-color":"","overlay-opacity":"","overlay-gradient":""},"mobile":{"background-color":"var(--ast-global-color-5)","background-image":"","background-repeat":"repeat","background-position":"center center","background-size":"auto","background-attachment":"scroll","background-type":"","background-media":"","overlay-type":"","overlay-color":"","overlay-opacity":"","overlay-gradient":""}},"footnotes":""},"categories":[1],"tags":[],"class_list":["post-93237","post","type-post","status-publish","format-standard","has-post-thumbnail","hentry","category-ultimas","ColorsTitles-2b47ff"],"uagb_featured_image_src":{"full":["https:\/\/www.correspondentevianopolino.com.br\/site\/wp-content\/uploads\/2023\/11\/PADRE-SERGIO.jpg",439,336,false],"thumbnail":["https:\/\/www.correspondentevianopolino.com.br\/site\/wp-content\/uploads\/2023\/11\/PADRE-SERGIO.jpg",439,336,false],"medium":["https:\/\/www.correspondentevianopolino.com.br\/site\/wp-content\/uploads\/2023\/11\/PADRE-SERGIO-300x230.jpg",300,230,true],"medium_large":["https:\/\/www.correspondentevianopolino.com.br\/site\/wp-content\/uploads\/2023\/11\/PADRE-SERGIO.jpg",439,336,false],"large":["https:\/\/www.correspondentevianopolino.com.br\/site\/wp-content\/uploads\/2023\/11\/PADRE-SERGIO.jpg",439,336,false],"1536x1536":["https:\/\/www.correspondentevianopolino.com.br\/site\/wp-content\/uploads\/2023\/11\/PADRE-SERGIO.jpg",439,336,false],"2048x2048":["https:\/\/www.correspondentevianopolino.com.br\/site\/wp-content\/uploads\/2023\/11\/PADRE-SERGIO.jpg",439,336,false]},"uagb_author_info":{"display_name":"Ol\u00edvio Lemos","author_link":"https:\/\/www.correspondentevianopolino.com.br\/site\/author\/olivio\/"},"uagb_comment_info":18,"uagb_excerpt":"A Chancelaria da Arquidiocese de Goi\u00e2nia publicou a transfer\u00eancia de diversos padres, dentre eles, a do Padre S\u00e9rgio Ricardo Rezende. [&hellip;]","_links":{"self":[{"href":"https:\/\/www.correspondentevianopolino.com.br\/site\/wp-json\/wp\/v2\/posts\/93237","targetHints":{"allow":["GET"]}}],"collection":[{"href":"https:\/\/www.correspondentevianopolino.com.br\/site\/wp-json\/wp\/v2\/posts"}],"about":[{"href":"https:\/\/www.correspondentevianopolino.com.br\/site\/wp-json\/wp\/v2\/types\/post"}],"author":[{"embeddable":true,"href":"https:\/\/www.correspondentevianopolino.com.br\/site\/wp-json\/wp\/v2\/users\/2"}],"replies":[{"embeddable":true,"href":"https:\/\/www.correspondentevianopolino.com.br\/site\/wp-json\/wp\/v2\/comments?post=93237"}],"version-history":[{"count":0,"href":"https:\/\/www.correspondentevianopolino.com.br\/site\/wp-json\/wp\/v2\/posts\/93237\/revisions"}],"wp:featuredmedia":[{"embeddable":true,"href":"https:\/\/www.correspondentevianopolino.com.br\/site\/wp-json\/wp\/v2\/media\/93238"}],"wp:attachment":[{"href":"https:\/\/www.correspondentevianopolino.com.br\/site\/wp-json\/wp\/v2\/media?parent=93237"}],"wp:term":[{"taxonomy":"category","embeddable":true,"href":"https:\/\/www.correspondentevianopolino.com.br\/site\/wp-json\/wp\/v2\/categories?post=93237"},{"taxonomy":"post_tag","embeddable":true,"href":"https:\/\/www.correspondentevianopolino.com.br\/site\/wp-json\/wp\/v2\/tags?post=93237"}],"curies":[{"name":"wp","href":"https:\/\/api.w.org\/{rel}","templated":true}]}}