{"id":93459,"date":"2023-12-09T12:03:55","date_gmt":"2023-12-09T15:03:55","guid":{"rendered":"https:\/\/www.correspondentevianopolino.com.br\/site\/?p=93459"},"modified":"2023-12-11T14:49:29","modified_gmt":"2023-12-11T17:49:29","slug":"100-anos","status":"publish","type":"post","link":"https:\/\/www.correspondentevianopolino.com.br\/site\/100-anos\/","title":{"rendered":"ELE TEM MAIS DE 100 ANOS&#8230; VOC\u00ca CONHECE ALGU\u00c9M QUE TAMB\u00c9M CHEGOU AOS 100 DE VIDA?"},"content":{"rendered":"\n<figure class=\"wp-block-image size-full\"><img decoding=\"async\" width=\"576\" height=\"1024\" src=\"https:\/\/www.correspondentevianopolino.com.br\/site\/wp-content\/uploads\/2023\/12\/IMG-20231117-WA0092-576x1024-1.jpg\" alt=\"\" class=\"wp-image-93462\" srcset=\"https:\/\/www.correspondentevianopolino.com.br\/site\/wp-content\/uploads\/2023\/12\/IMG-20231117-WA0092-576x1024-1.jpg 576w, https:\/\/www.correspondentevianopolino.com.br\/site\/wp-content\/uploads\/2023\/12\/IMG-20231117-WA0092-576x1024-1-169x300.jpg 169w, https:\/\/www.correspondentevianopolino.com.br\/site\/wp-content\/uploads\/2023\/12\/IMG-20231117-WA0092-576x1024-1-465x827.jpg 465w, https:\/\/www.correspondentevianopolino.com.br\/site\/wp-content\/uploads\/2023\/12\/IMG-20231117-WA0092-576x1024-1-174x310.jpg 174w, https:\/\/www.correspondentevianopolino.com.br\/site\/wp-content\/uploads\/2023\/12\/IMG-20231117-WA0092-576x1024-1-120x213.jpg 120w, https:\/\/www.correspondentevianopolino.com.br\/site\/wp-content\/uploads\/2023\/12\/IMG-20231117-WA0092-576x1024-1-115x204.jpg 115w, https:\/\/www.correspondentevianopolino.com.br\/site\/wp-content\/uploads\/2023\/12\/IMG-20231117-WA0092-576x1024-1-107x190.jpg 107w\" sizes=\"(max-width: 576px) 100vw, 576px\" \/><\/figure>\n\n\n\n<p>Um dos integrantes da grandiosa Fam\u00edlia Souza do Calvo estar\u00e1 completando 101 anos de vida no pr\u00f3ximo dia 18\/12. Ou seja, ele j\u00e1 passou dos 100 anos de exist\u00eancia.<\/p>\n\n\n\n<p><strong>Geraldo Jos\u00e9 de Souza<\/strong>, mais conhecido por Geraldo do Zeca, nasceu no ano de 1922, na Fazenda Calvo.<\/p>\n\n\n\n<p>Vi\u00favo de Isolina Pires de Souza, Geraldo do Zeca reside na Fazenda Calvo, que fica \u00e0s margens da Rodovia Vian\u00f3polis\/S\u00e3o Miguel do Passa Quatro, antes da Brasilinha.<\/p>\n\n\n\n<p>O <strong>CORRESPONDENTE VIANOPOLINO<\/strong> est\u00e1 realizando uma pesquisa para saber quem, residente no munic\u00edpio de Vian\u00f3polis, tem 100 anos ou mais.<\/p>\n\n\n\n<p>Se voc\u00ea souber, envie mensagem para nossa reportagem: <strong>62. 99995-2100.<\/strong><\/p>\n\n\n\n<p><\/p>\n\n\n<figure class=\"wp-block-post-featured-image\"><img decoding=\"async\" width=\"915\" height=\"566\" src=\"https:\/\/www.correspondentevianopolino.com.br\/site\/wp-content\/uploads\/2023\/12\/Screenshot_20231209_100147_Chrome.jpg\" class=\"attachment-post-thumbnail size-post-thumbnail wp-post-image\" alt=\"\" style=\"object-fit:cover;\" srcset=\"https:\/\/www.correspondentevianopolino.com.br\/site\/wp-content\/uploads\/2023\/12\/Screenshot_20231209_100147_Chrome.jpg 915w, https:\/\/www.correspondentevianopolino.com.br\/site\/wp-content\/uploads\/2023\/12\/Screenshot_20231209_100147_Chrome-300x186.jpg 300w, https:\/\/www.correspondentevianopolino.com.br\/site\/wp-content\/uploads\/2023\/12\/Screenshot_20231209_100147_Chrome-465x288.jpg 465w, https:\/\/www.correspondentevianopolino.com.br\/site\/wp-content\/uploads\/2023\/12\/Screenshot_20231209_100147_Chrome-768x475.jpg 768w, https:\/\/www.correspondentevianopolino.com.br\/site\/wp-content\/uploads\/2023\/12\/Screenshot_20231209_100147_Chrome-327x202.jpg 327w, https:\/\/www.correspondentevianopolino.com.br\/site\/wp-content\/uploads\/2023\/12\/Screenshot_20231209_100147_Chrome-330x204.jpg 330w, https:\/\/www.correspondentevianopolino.com.br\/site\/wp-content\/uploads\/2023\/12\/Screenshot_20231209_100147_Chrome-260x161.jpg 260w\" sizes=\"(max-width: 915px) 100vw, 915px\" \/><\/figure>","protected":false},"excerpt":{"rendered":"<p>Um dos integrantes da grandiosa Fam\u00edlia Souza do Calvo estar\u00e1 completando 101 anos de vida no pr\u00f3ximo dia 18\/12. Ou [&hellip;]<\/p>\n","protected":false},"author":2,"featured_media":93460,"comment_status":"open","ping_status":"closed","sticky":false,"template":"","format":"standard","meta":{"_uag_custom_page_level_css":"","site-sidebar-layout":"default","site-content-layout":"","ast-site-content-layout":"default","site-content-style":"default","site-sidebar-style":"default","ast-global-header-display":"","ast-banner-title-visibility":"","ast-main-header-display":"","ast-hfb-above-header-display":"","ast-hfb-below-header-display":"","ast-hfb-mobile-header-display":"","site-post-title":"","ast-breadcrumbs-content":"","ast-featured-img":"","footer-sml-layout":"","ast-disable-related-posts":"","theme-transparent-header-meta":"","adv-header-id-meta":"","stick-header-meta":"","header-above-stick-meta":"","header-main-stick-meta":"","header-below-stick-meta":"","astra-migrate-meta-layouts":"default","ast-page-background-enabled":"default","ast-page-background-meta":{"desktop":{"background-color":"var(--ast-global-color-4)","background-image":"","background-repeat":"repeat","background-position":"center center","background-size":"auto","background-attachment":"scroll","background-type":"","background-media":"","overlay-type":"","overlay-color":"","overlay-opacity":"","overlay-gradient":""},"tablet":{"background-color":"","background-image":"","background-repeat":"repeat","background-position":"center center","background-size":"auto","background-attachment":"scroll","background-type":"","background-media":"","overlay-type":"","overlay-color":"","overlay-opacity":"","overlay-gradient":""},"mobile":{"background-color":"","background-image":"","background-repeat":"repeat","background-position":"center center","background-size":"auto","background-attachment":"scroll","background-type":"","background-media":"","overlay-type":"","overlay-color":"","overlay-opacity":"","overlay-gradient":""}},"ast-content-background-meta":{"desktop":{"background-color":"var(--ast-global-color-5)","background-image":"","background-repeat":"repeat","background-position":"center center","background-size":"auto","background-attachment":"scroll","background-type":"","background-media":"","overlay-type":"","overlay-color":"","overlay-opacity":"","overlay-gradient":""},"tablet":{"background-color":"var(--ast-global-color-5)","background-image":"","background-repeat":"repeat","background-position":"center center","background-size":"auto","background-attachment":"scroll","background-type":"","background-media":"","overlay-type":"","overlay-color":"","overlay-opacity":"","overlay-gradient":""},"mobile":{"background-color":"var(--ast-global-color-5)","background-image":"","background-repeat":"repeat","background-position":"center center","background-size":"auto","background-attachment":"scroll","background-type":"","background-media":"","overlay-type":"","overlay-color":"","overlay-opacity":"","overlay-gradient":""}},"footnotes":""},"categories":[1],"tags":[],"class_list":["post-93459","post","type-post","status-publish","format-standard","has-post-thumbnail","hentry","category-ultimas","ColorsTitles-2b47ff"],"uagb_featured_image_src":{"full":["https:\/\/www.correspondentevianopolino.com.br\/site\/wp-content\/uploads\/2023\/12\/Screenshot_20231209_100147_Chrome.jpg",915,566,false],"thumbnail":["https:\/\/www.correspondentevianopolino.com.br\/site\/wp-content\/uploads\/2023\/12\/Screenshot_20231209_100147_Chrome-465x288.jpg",465,288,true],"medium":["https:\/\/www.correspondentevianopolino.com.br\/site\/wp-content\/uploads\/2023\/12\/Screenshot_20231209_100147_Chrome-300x186.jpg",300,186,true],"medium_large":["https:\/\/www.correspondentevianopolino.com.br\/site\/wp-content\/uploads\/2023\/12\/Screenshot_20231209_100147_Chrome-768x475.jpg",768,475,true],"large":["https:\/\/www.correspondentevianopolino.com.br\/site\/wp-content\/uploads\/2023\/12\/Screenshot_20231209_100147_Chrome.jpg",915,566,false],"1536x1536":["https:\/\/www.correspondentevianopolino.com.br\/site\/wp-content\/uploads\/2023\/12\/Screenshot_20231209_100147_Chrome.jpg",915,566,false],"2048x2048":["https:\/\/www.correspondentevianopolino.com.br\/site\/wp-content\/uploads\/2023\/12\/Screenshot_20231209_100147_Chrome.jpg",915,566,false]},"uagb_author_info":{"display_name":"Ol\u00edvio Lemos","author_link":"https:\/\/www.correspondentevianopolino.com.br\/site\/author\/olivio\/"},"uagb_comment_info":6,"uagb_excerpt":"Um dos integrantes da grandiosa Fam\u00edlia Souza do Calvo estar\u00e1 completando 101 anos de vida no pr\u00f3ximo dia 18\/12. Ou [&hellip;]","_links":{"self":[{"href":"https:\/\/www.correspondentevianopolino.com.br\/site\/wp-json\/wp\/v2\/posts\/93459","targetHints":{"allow":["GET"]}}],"collection":[{"href":"https:\/\/www.correspondentevianopolino.com.br\/site\/wp-json\/wp\/v2\/posts"}],"about":[{"href":"https:\/\/www.correspondentevianopolino.com.br\/site\/wp-json\/wp\/v2\/types\/post"}],"author":[{"embeddable":true,"href":"https:\/\/www.correspondentevianopolino.com.br\/site\/wp-json\/wp\/v2\/users\/2"}],"replies":[{"embeddable":true,"href":"https:\/\/www.correspondentevianopolino.com.br\/site\/wp-json\/wp\/v2\/comments?post=93459"}],"version-history":[{"count":0,"href":"https:\/\/www.correspondentevianopolino.com.br\/site\/wp-json\/wp\/v2\/posts\/93459\/revisions"}],"wp:featuredmedia":[{"embeddable":true,"href":"https:\/\/www.correspondentevianopolino.com.br\/site\/wp-json\/wp\/v2\/media\/93460"}],"wp:attachment":[{"href":"https:\/\/www.correspondentevianopolino.com.br\/site\/wp-json\/wp\/v2\/media?parent=93459"}],"wp:term":[{"taxonomy":"category","embeddable":true,"href":"https:\/\/www.correspondentevianopolino.com.br\/site\/wp-json\/wp\/v2\/categories?post=93459"},{"taxonomy":"post_tag","embeddable":true,"href":"https:\/\/www.correspondentevianopolino.com.br\/site\/wp-json\/wp\/v2\/tags?post=93459"}],"curies":[{"name":"wp","href":"https:\/\/api.w.org\/{rel}","templated":true}]}}