{"id":93681,"date":"2023-12-15T11:54:03","date_gmt":"2023-12-15T14:54:03","guid":{"rendered":"https:\/\/www.correspondentevianopolino.com.br\/site\/?p=93681"},"modified":"2023-12-15T16:26:18","modified_gmt":"2023-12-15T19:26:18","slug":"prefeitura-de-vianopolis","status":"publish","type":"post","link":"https:\/\/www.correspondentevianopolino.com.br\/site\/prefeitura-de-vianopolis\/","title":{"rendered":"PREFEITURA DE VIAN\u00d3POLIS RECEBE CAMINH\u00c3O COLETOR\/COMPACTOR DE LIXO PROVENIENTE DE EMENDA DO ENT\u00c3O DEPUTADO FEDERAL ROBERTO BALESTRA"},"content":{"rendered":"\n<figure class=\"wp-block-image size-full\"><img decoding=\"async\" width=\"576\" height=\"1024\" src=\"https:\/\/www.correspondentevianopolino.com.br\/site\/wp-content\/uploads\/2023\/12\/IMG-20231117-WA0092-576x1024-1-2.jpg\" alt=\"\" class=\"wp-image-93589\" srcset=\"https:\/\/www.correspondentevianopolino.com.br\/site\/wp-content\/uploads\/2023\/12\/IMG-20231117-WA0092-576x1024-1-2.jpg 576w, https:\/\/www.correspondentevianopolino.com.br\/site\/wp-content\/uploads\/2023\/12\/IMG-20231117-WA0092-576x1024-1-2-169x300.jpg 169w, https:\/\/www.correspondentevianopolino.com.br\/site\/wp-content\/uploads\/2023\/12\/IMG-20231117-WA0092-576x1024-1-2-465x827.jpg 465w, https:\/\/www.correspondentevianopolino.com.br\/site\/wp-content\/uploads\/2023\/12\/IMG-20231117-WA0092-576x1024-1-2-174x310.jpg 174w, https:\/\/www.correspondentevianopolino.com.br\/site\/wp-content\/uploads\/2023\/12\/IMG-20231117-WA0092-576x1024-1-2-120x213.jpg 120w, https:\/\/www.correspondentevianopolino.com.br\/site\/wp-content\/uploads\/2023\/12\/IMG-20231117-WA0092-576x1024-1-2-115x204.jpg 115w, https:\/\/www.correspondentevianopolino.com.br\/site\/wp-content\/uploads\/2023\/12\/IMG-20231117-WA0092-576x1024-1-2-107x190.jpg 107w\" sizes=\"(max-width: 576px) 100vw, 576px\" \/><\/figure>\n\n\n\n<p>Na data de ontem, 14\/12, em Goi\u00e2nia, a Prefeitura de Vian\u00f3polis recebeu e incorporou \u00e0 sua frota de ve\u00edculos um<strong> caminh\u00e3o coletor e compactador de lixo.<\/strong><\/p>\n\n\n\n<p>O caminh\u00e3o foi conseguido por meio de emenda parlamentar destinada pelo ent\u00e3o <strong>Deputado Federal Roberto Balestra.<\/strong><\/p>\n\n\n\n<p>A destina\u00e7\u00e3o se deu ainda na administra\u00e7\u00e3o do ex-prefeito Issy Quinan J\u00fanior. No entanto, devido a entraves burocr\u00e1ticos, somente agora foi liberado para o munic\u00edpio.<\/p>\n\n\n\n<p>Durante o recebimento do caminh\u00e3o, o Deputado Issy Quinan J\u00fanior e o Prefeito Samuel Cotrim destacaram que a emenda foi destinada a Vian\u00f3polis pelo ent\u00e3o Deputado Federal Roberto Balestra.<\/p>\n\n\n\n<p>Estavam presentes tamb\u00e9m no recebimento do caminh\u00e3o coletor e compactador o Secret\u00e1rio de Infraestrutura e Obras, Denisson Reis de Souza, e o Secret\u00e1rio Municipal de Agricultura, Elton F\u00e9lix Caixeta J\u00fanior (Eltim).<\/p>\n\n\n\n<p><\/p>\n\n\n<figure class=\"wp-block-post-featured-image\"><img decoding=\"async\" width=\"1080\" height=\"1177\" src=\"https:\/\/www.correspondentevianopolino.com.br\/site\/wp-content\/uploads\/2023\/12\/Screenshot_20231215_074706_WhatsApp.jpg\" class=\"attachment-post-thumbnail size-post-thumbnail wp-post-image\" alt=\"\" style=\"object-fit:cover;\" srcset=\"https:\/\/www.correspondentevianopolino.com.br\/site\/wp-content\/uploads\/2023\/12\/Screenshot_20231215_074706_WhatsApp.jpg 1080w, https:\/\/www.correspondentevianopolino.com.br\/site\/wp-content\/uploads\/2023\/12\/Screenshot_20231215_074706_WhatsApp-275x300.jpg 275w, https:\/\/www.correspondentevianopolino.com.br\/site\/wp-content\/uploads\/2023\/12\/Screenshot_20231215_074706_WhatsApp-940x1024.jpg 940w, https:\/\/www.correspondentevianopolino.com.br\/site\/wp-content\/uploads\/2023\/12\/Screenshot_20231215_074706_WhatsApp-465x507.jpg 465w, https:\/\/www.correspondentevianopolino.com.br\/site\/wp-content\/uploads\/2023\/12\/Screenshot_20231215_074706_WhatsApp-768x837.jpg 768w, https:\/\/www.correspondentevianopolino.com.br\/site\/wp-content\/uploads\/2023\/12\/Screenshot_20231215_074706_WhatsApp-284x310.jpg 284w, https:\/\/www.correspondentevianopolino.com.br\/site\/wp-content\/uploads\/2023\/12\/Screenshot_20231215_074706_WhatsApp-195x213.jpg 195w, https:\/\/www.correspondentevianopolino.com.br\/site\/wp-content\/uploads\/2023\/12\/Screenshot_20231215_074706_WhatsApp-187x204.jpg 187w, https:\/\/www.correspondentevianopolino.com.br\/site\/wp-content\/uploads\/2023\/12\/Screenshot_20231215_074706_WhatsApp-174x190.jpg 174w\" sizes=\"(max-width: 1080px) 100vw, 1080px\" \/><\/figure>","protected":false},"excerpt":{"rendered":"<p>Na data de ontem, 14\/12, em Goi\u00e2nia, a Prefeitura de Vian\u00f3polis recebeu e incorporou \u00e0 sua frota de ve\u00edculos um [&hellip;]<\/p>\n","protected":false},"author":2,"featured_media":93684,"comment_status":"open","ping_status":"closed","sticky":false,"template":"","format":"standard","meta":{"_uag_custom_page_level_css":"","site-sidebar-layout":"default","site-content-layout":"","ast-site-content-layout":"default","site-content-style":"default","site-sidebar-style":"default","ast-global-header-display":"","ast-banner-title-visibility":"","ast-main-header-display":"","ast-hfb-above-header-display":"","ast-hfb-below-header-display":"","ast-hfb-mobile-header-display":"","site-post-title":"","ast-breadcrumbs-content":"","ast-featured-img":"","footer-sml-layout":"","ast-disable-related-posts":"","theme-transparent-header-meta":"","adv-header-id-meta":"","stick-header-meta":"","header-above-stick-meta":"","header-main-stick-meta":"","header-below-stick-meta":"","astra-migrate-meta-layouts":"default","ast-page-background-enabled":"default","ast-page-background-meta":{"desktop":{"background-color":"var(--ast-global-color-4)","background-image":"","background-repeat":"repeat","background-position":"center center","background-size":"auto","background-attachment":"scroll","background-type":"","background-media":"","overlay-type":"","overlay-color":"","overlay-opacity":"","overlay-gradient":""},"tablet":{"background-color":"","background-image":"","background-repeat":"repeat","background-position":"center center","background-size":"auto","background-attachment":"scroll","background-type":"","background-media":"","overlay-type":"","overlay-color":"","overlay-opacity":"","overlay-gradient":""},"mobile":{"background-color":"","background-image":"","background-repeat":"repeat","background-position":"center center","background-size":"auto","background-attachment":"scroll","background-type":"","background-media":"","overlay-type":"","overlay-color":"","overlay-opacity":"","overlay-gradient":""}},"ast-content-background-meta":{"desktop":{"background-color":"var(--ast-global-color-5)","background-image":"","background-repeat":"repeat","background-position":"center center","background-size":"auto","background-attachment":"scroll","background-type":"","background-media":"","overlay-type":"","overlay-color":"","overlay-opacity":"","overlay-gradient":""},"tablet":{"background-color":"var(--ast-global-color-5)","background-image":"","background-repeat":"repeat","background-position":"center center","background-size":"auto","background-attachment":"scroll","background-type":"","background-media":"","overlay-type":"","overlay-color":"","overlay-opacity":"","overlay-gradient":""},"mobile":{"background-color":"var(--ast-global-color-5)","background-image":"","background-repeat":"repeat","background-position":"center center","background-size":"auto","background-attachment":"scroll","background-type":"","background-media":"","overlay-type":"","overlay-color":"","overlay-opacity":"","overlay-gradient":""}},"footnotes":""},"categories":[1],"tags":[],"class_list":["post-93681","post","type-post","status-publish","format-standard","has-post-thumbnail","hentry","category-ultimas"],"uagb_featured_image_src":{"full":["https:\/\/www.correspondentevianopolino.com.br\/site\/wp-content\/uploads\/2023\/12\/Screenshot_20231215_074706_WhatsApp.jpg",1080,1177,false],"thumbnail":["https:\/\/www.correspondentevianopolino.com.br\/site\/wp-content\/uploads\/2023\/12\/Screenshot_20231215_074706_WhatsApp-465x507.jpg",465,507,true],"medium":["https:\/\/www.correspondentevianopolino.com.br\/site\/wp-content\/uploads\/2023\/12\/Screenshot_20231215_074706_WhatsApp-275x300.jpg",275,300,true],"medium_large":["https:\/\/www.correspondentevianopolino.com.br\/site\/wp-content\/uploads\/2023\/12\/Screenshot_20231215_074706_WhatsApp-768x837.jpg",768,837,true],"large":["https:\/\/www.correspondentevianopolino.com.br\/site\/wp-content\/uploads\/2023\/12\/Screenshot_20231215_074706_WhatsApp-940x1024.jpg",620,675,true],"1536x1536":["https:\/\/www.correspondentevianopolino.com.br\/site\/wp-content\/uploads\/2023\/12\/Screenshot_20231215_074706_WhatsApp.jpg",1080,1177,false],"2048x2048":["https:\/\/www.correspondentevianopolino.com.br\/site\/wp-content\/uploads\/2023\/12\/Screenshot_20231215_074706_WhatsApp.jpg",1080,1177,false]},"uagb_author_info":{"display_name":"Ol\u00edvio Lemos","author_link":"https:\/\/www.correspondentevianopolino.com.br\/site\/author\/olivio\/"},"uagb_comment_info":2,"uagb_excerpt":"Na data de ontem, 14\/12, em Goi\u00e2nia, a Prefeitura de Vian\u00f3polis recebeu e incorporou \u00e0 sua frota de ve\u00edculos um [&hellip;]","_links":{"self":[{"href":"https:\/\/www.correspondentevianopolino.com.br\/site\/wp-json\/wp\/v2\/posts\/93681","targetHints":{"allow":["GET"]}}],"collection":[{"href":"https:\/\/www.correspondentevianopolino.com.br\/site\/wp-json\/wp\/v2\/posts"}],"about":[{"href":"https:\/\/www.correspondentevianopolino.com.br\/site\/wp-json\/wp\/v2\/types\/post"}],"author":[{"embeddable":true,"href":"https:\/\/www.correspondentevianopolino.com.br\/site\/wp-json\/wp\/v2\/users\/2"}],"replies":[{"embeddable":true,"href":"https:\/\/www.correspondentevianopolino.com.br\/site\/wp-json\/wp\/v2\/comments?post=93681"}],"version-history":[{"count":0,"href":"https:\/\/www.correspondentevianopolino.com.br\/site\/wp-json\/wp\/v2\/posts\/93681\/revisions"}],"wp:featuredmedia":[{"embeddable":true,"href":"https:\/\/www.correspondentevianopolino.com.br\/site\/wp-json\/wp\/v2\/media\/93684"}],"wp:attachment":[{"href":"https:\/\/www.correspondentevianopolino.com.br\/site\/wp-json\/wp\/v2\/media?parent=93681"}],"wp:term":[{"taxonomy":"category","embeddable":true,"href":"https:\/\/www.correspondentevianopolino.com.br\/site\/wp-json\/wp\/v2\/categories?post=93681"},{"taxonomy":"post_tag","embeddable":true,"href":"https:\/\/www.correspondentevianopolino.com.br\/site\/wp-json\/wp\/v2\/tags?post=93681"}],"curies":[{"name":"wp","href":"https:\/\/api.w.org\/{rel}","templated":true}]}}