{"id":93738,"date":"2023-12-21T15:00:33","date_gmt":"2023-12-21T18:00:33","guid":{"rendered":"https:\/\/www.correspondentevianopolino.com.br\/site\/?p=93738"},"modified":"2023-12-21T17:14:03","modified_gmt":"2023-12-21T20:14:03","slug":"93738-2","status":"publish","type":"post","link":"https:\/\/www.correspondentevianopolino.com.br\/site\/93738-2\/","title":{"rendered":"PREFEITURA DE VIAN\u00d3POLIS N\u00c3O REALIZAR\u00c1 A FESTA DE PASSAGEM DE ANO (R\u00c9VEILLON)"},"content":{"rendered":"\n<p>Segundo apurou a reportagem do Correspondente Vianopolino, a Prefeitura de Vian\u00f3polis n\u00e3o realizar\u00e1 a festa de passagem de ano (R\u00e9veillon).<\/p>\n\n\n\n<p>Em anos anteriores, o R\u00e9veillon aconteceu na Rua Thales Pompeo de Pina, entre a Pra\u00e7a 19 de Agosto e a Rua Eug\u00eanio Jardim.<\/p>\n\n\n\n<p>Se acontecer algum festejo na cidade relativo ao R\u00e9veillon, deve ser organizado pela iniciativa privada e n\u00e3o pela municipalidade.<\/p>\n\n\n<figure class=\"wp-block-post-featured-image\"><img decoding=\"async\" width=\"2048\" height=\"2048\" src=\"https:\/\/www.correspondentevianopolino.com.br\/site\/wp-content\/uploads\/2023\/12\/PhotoGrid_Plus_1702854398202.jpg\" class=\"attachment-post-thumbnail size-post-thumbnail wp-post-image\" alt=\"\" style=\"object-fit:cover;\" srcset=\"https:\/\/www.correspondentevianopolino.com.br\/site\/wp-content\/uploads\/2023\/12\/PhotoGrid_Plus_1702854398202.jpg 2048w, https:\/\/www.correspondentevianopolino.com.br\/site\/wp-content\/uploads\/2023\/12\/PhotoGrid_Plus_1702854398202-300x300.jpg 300w, https:\/\/www.correspondentevianopolino.com.br\/site\/wp-content\/uploads\/2023\/12\/PhotoGrid_Plus_1702854398202-1024x1024.jpg 1024w, https:\/\/www.correspondentevianopolino.com.br\/site\/wp-content\/uploads\/2023\/12\/PhotoGrid_Plus_1702854398202-465x465.jpg 465w, https:\/\/www.correspondentevianopolino.com.br\/site\/wp-content\/uploads\/2023\/12\/PhotoGrid_Plus_1702854398202-768x768.jpg 768w, https:\/\/www.correspondentevianopolino.com.br\/site\/wp-content\/uploads\/2023\/12\/PhotoGrid_Plus_1702854398202-1536x1536.jpg 1536w, https:\/\/www.correspondentevianopolino.com.br\/site\/wp-content\/uploads\/2023\/12\/PhotoGrid_Plus_1702854398202-310x310.jpg 310w, https:\/\/www.correspondentevianopolino.com.br\/site\/wp-content\/uploads\/2023\/12\/PhotoGrid_Plus_1702854398202-213x213.jpg 213w, https:\/\/www.correspondentevianopolino.com.br\/site\/wp-content\/uploads\/2023\/12\/PhotoGrid_Plus_1702854398202-204x204.jpg 204w, https:\/\/www.correspondentevianopolino.com.br\/site\/wp-content\/uploads\/2023\/12\/PhotoGrid_Plus_1702854398202-190x190.jpg 190w\" sizes=\"(max-width: 2048px) 100vw, 2048px\" \/><\/figure>","protected":false},"excerpt":{"rendered":"<p>Segundo apurou a reportagem do Correspondente Vianopolino, a Prefeitura de Vian\u00f3polis n\u00e3o realizar\u00e1 a festa de passagem de ano (R\u00e9veillon). [&hellip;]<\/p>\n","protected":false},"author":2,"featured_media":93739,"comment_status":"open","ping_status":"closed","sticky":false,"template":"","format":"standard","meta":{"_uag_custom_page_level_css":"","site-sidebar-layout":"default","site-content-layout":"","ast-site-content-layout":"default","site-content-style":"default","site-sidebar-style":"default","ast-global-header-display":"","ast-banner-title-visibility":"","ast-main-header-display":"","ast-hfb-above-header-display":"","ast-hfb-below-header-display":"","ast-hfb-mobile-header-display":"","site-post-title":"","ast-breadcrumbs-content":"","ast-featured-img":"","footer-sml-layout":"","ast-disable-related-posts":"","theme-transparent-header-meta":"","adv-header-id-meta":"","stick-header-meta":"","header-above-stick-meta":"","header-main-stick-meta":"","header-below-stick-meta":"","astra-migrate-meta-layouts":"default","ast-page-background-enabled":"default","ast-page-background-meta":{"desktop":{"background-color":"var(--ast-global-color-4)","background-image":"","background-repeat":"repeat","background-position":"center center","background-size":"auto","background-attachment":"scroll","background-type":"","background-media":"","overlay-type":"","overlay-color":"","overlay-opacity":"","overlay-gradient":""},"tablet":{"background-color":"","background-image":"","background-repeat":"repeat","background-position":"center center","background-size":"auto","background-attachment":"scroll","background-type":"","background-media":"","overlay-type":"","overlay-color":"","overlay-opacity":"","overlay-gradient":""},"mobile":{"background-color":"","background-image":"","background-repeat":"repeat","background-position":"center center","background-size":"auto","background-attachment":"scroll","background-type":"","background-media":"","overlay-type":"","overlay-color":"","overlay-opacity":"","overlay-gradient":""}},"ast-content-background-meta":{"desktop":{"background-color":"var(--ast-global-color-5)","background-image":"","background-repeat":"repeat","background-position":"center center","background-size":"auto","background-attachment":"scroll","background-type":"","background-media":"","overlay-type":"","overlay-color":"","overlay-opacity":"","overlay-gradient":""},"tablet":{"background-color":"var(--ast-global-color-5)","background-image":"","background-repeat":"repeat","background-position":"center center","background-size":"auto","background-attachment":"scroll","background-type":"","background-media":"","overlay-type":"","overlay-color":"","overlay-opacity":"","overlay-gradient":""},"mobile":{"background-color":"var(--ast-global-color-5)","background-image":"","background-repeat":"repeat","background-position":"center center","background-size":"auto","background-attachment":"scroll","background-type":"","background-media":"","overlay-type":"","overlay-color":"","overlay-opacity":"","overlay-gradient":""}},"footnotes":""},"categories":[1],"tags":[],"class_list":["post-93738","post","type-post","status-publish","format-standard","has-post-thumbnail","hentry","category-ultimas","ColorsTitles-2b47ff"],"uagb_featured_image_src":{"full":["https:\/\/www.correspondentevianopolino.com.br\/site\/wp-content\/uploads\/2023\/12\/PhotoGrid_Plus_1702854398202.jpg",2048,2048,false],"thumbnail":["https:\/\/www.correspondentevianopolino.com.br\/site\/wp-content\/uploads\/2023\/12\/PhotoGrid_Plus_1702854398202-465x465.jpg",465,465,true],"medium":["https:\/\/www.correspondentevianopolino.com.br\/site\/wp-content\/uploads\/2023\/12\/PhotoGrid_Plus_1702854398202-300x300.jpg",300,300,true],"medium_large":["https:\/\/www.correspondentevianopolino.com.br\/site\/wp-content\/uploads\/2023\/12\/PhotoGrid_Plus_1702854398202-768x768.jpg",768,768,true],"large":["https:\/\/www.correspondentevianopolino.com.br\/site\/wp-content\/uploads\/2023\/12\/PhotoGrid_Plus_1702854398202-1024x1024.jpg",675,675,true],"1536x1536":["https:\/\/www.correspondentevianopolino.com.br\/site\/wp-content\/uploads\/2023\/12\/PhotoGrid_Plus_1702854398202-1536x1536.jpg",1536,1536,true],"2048x2048":["https:\/\/www.correspondentevianopolino.com.br\/site\/wp-content\/uploads\/2023\/12\/PhotoGrid_Plus_1702854398202-2048x2048.jpg",2048,2048,true]},"uagb_author_info":{"display_name":"Ol\u00edvio Lemos","author_link":"https:\/\/www.correspondentevianopolino.com.br\/site\/author\/olivio\/"},"uagb_comment_info":3,"uagb_excerpt":"Segundo apurou a reportagem do Correspondente Vianopolino, a Prefeitura de Vian\u00f3polis n\u00e3o realizar\u00e1 a festa de passagem de ano (R\u00e9veillon). [&hellip;]","_links":{"self":[{"href":"https:\/\/www.correspondentevianopolino.com.br\/site\/wp-json\/wp\/v2\/posts\/93738","targetHints":{"allow":["GET"]}}],"collection":[{"href":"https:\/\/www.correspondentevianopolino.com.br\/site\/wp-json\/wp\/v2\/posts"}],"about":[{"href":"https:\/\/www.correspondentevianopolino.com.br\/site\/wp-json\/wp\/v2\/types\/post"}],"author":[{"embeddable":true,"href":"https:\/\/www.correspondentevianopolino.com.br\/site\/wp-json\/wp\/v2\/users\/2"}],"replies":[{"embeddable":true,"href":"https:\/\/www.correspondentevianopolino.com.br\/site\/wp-json\/wp\/v2\/comments?post=93738"}],"version-history":[{"count":0,"href":"https:\/\/www.correspondentevianopolino.com.br\/site\/wp-json\/wp\/v2\/posts\/93738\/revisions"}],"wp:featuredmedia":[{"embeddable":true,"href":"https:\/\/www.correspondentevianopolino.com.br\/site\/wp-json\/wp\/v2\/media\/93739"}],"wp:attachment":[{"href":"https:\/\/www.correspondentevianopolino.com.br\/site\/wp-json\/wp\/v2\/media?parent=93738"}],"wp:term":[{"taxonomy":"category","embeddable":true,"href":"https:\/\/www.correspondentevianopolino.com.br\/site\/wp-json\/wp\/v2\/categories?post=93738"},{"taxonomy":"post_tag","embeddable":true,"href":"https:\/\/www.correspondentevianopolino.com.br\/site\/wp-json\/wp\/v2\/tags?post=93738"}],"curies":[{"name":"wp","href":"https:\/\/api.w.org\/{rel}","templated":true}]}}