{"id":93799,"date":"2023-12-19T21:30:12","date_gmt":"2023-12-20T00:30:12","guid":{"rendered":"https:\/\/www.correspondentevianopolino.com.br\/site\/?p=93799"},"modified":"2023-12-21T17:24:39","modified_gmt":"2023-12-21T20:24:39","slug":"falece-um-dos-grandes-vianopolis-falece-jose-francisco-filhoze-chico","status":"publish","type":"post","link":"https:\/\/www.correspondentevianopolino.com.br\/site\/falece-um-dos-grandes-vianopolis-falece-jose-francisco-filhoze-chico\/","title":{"rendered":"FALECE UM DOS GRANDES HOMENS DE VIAN\u00d3POLIS: JOS\u00c9 FRANCISCO FILHO (Z\u00c9 CHICO)"},"content":{"rendered":"\n<figure class=\"wp-block-image size-full\"><img decoding=\"async\" width=\"576\" height=\"1024\" src=\"https:\/\/www.correspondentevianopolino.com.br\/site\/wp-content\/uploads\/2023\/12\/IMG-20231117-WA0092-576x1024-1-3.jpg\" alt=\"\" class=\"wp-image-93768\" srcset=\"https:\/\/www.correspondentevianopolino.com.br\/site\/wp-content\/uploads\/2023\/12\/IMG-20231117-WA0092-576x1024-1-3.jpg 576w, https:\/\/www.correspondentevianopolino.com.br\/site\/wp-content\/uploads\/2023\/12\/IMG-20231117-WA0092-576x1024-1-3-169x300.jpg 169w, https:\/\/www.correspondentevianopolino.com.br\/site\/wp-content\/uploads\/2023\/12\/IMG-20231117-WA0092-576x1024-1-3-465x827.jpg 465w, https:\/\/www.correspondentevianopolino.com.br\/site\/wp-content\/uploads\/2023\/12\/IMG-20231117-WA0092-576x1024-1-3-174x310.jpg 174w, https:\/\/www.correspondentevianopolino.com.br\/site\/wp-content\/uploads\/2023\/12\/IMG-20231117-WA0092-576x1024-1-3-120x213.jpg 120w, https:\/\/www.correspondentevianopolino.com.br\/site\/wp-content\/uploads\/2023\/12\/IMG-20231117-WA0092-576x1024-1-3-115x204.jpg 115w, https:\/\/www.correspondentevianopolino.com.br\/site\/wp-content\/uploads\/2023\/12\/IMG-20231117-WA0092-576x1024-1-3-107x190.jpg 107w\" sizes=\"(max-width: 576px) 100vw, 576px\" \/><\/figure>\n\n\n\n<p>Faleceu na noite de hoje, 19\/12, aos 94 anos de idade, <strong>JOS\u00c9 FRANCISCO FILHO,<\/strong> mais conhecido po<strong>r Z\u00e9 Chico, <\/strong>que residia na Fazenda Santa B\u00e1rbara, munic\u00edpio de Vian\u00f3polis.<\/p>\n\n\n\n<p>Z\u00e9 Chico estava enfrentando problemas de sa\u00fade h\u00e1 algum tempo e faleceu em sua propriedade rural.<\/p>\n\n\n\n<p>Cidad\u00e3o respeitado, homem de grande credibilidade e de muitos amigos, Z\u00e9 Chico tem uma hist\u00f3ria de vida pautada no trabalho, na cria\u00e7\u00e3o de uma fam\u00edlia exemplar e com exemplos de corre\u00e7\u00e3o e responsabilidade. Ele era casado com Iris Caixeta, pai de Marlene Terezinha Caixeta Machado, Maur\u00edcio Jos\u00e9 da Cruz, Maristela Caixeta, Tarc\u00edsio Jos\u00e9 Caixeta, Jorge Francisco Martins, Valdir Donizete Caixeta, Maria L\u00facia Caixeta Ribeiro, Ivaldo Jos\u00e9 Caixeta e Marilene de F\u00e1tima Caixeta, e deixa mais de 26 netos e mais de 20 bisnetos.<\/p>\n\n\n\n<p><strong>O corpo de Jos\u00e9 Francisco Filho (Z\u00e9 Chico) est\u00e1 sendo velado na Sala de Vel\u00f3rios da Funer\u00e1ria Pax Universo, pr\u00f3ximo \u00e0 Du Carmos Eventos.<\/strong><\/p>\n\n\n\n<p><strong>O sepultamento est\u00e1 marcado para \u00e0s 15h desta quarta-Feira, 20\/12, no Novo Cemit\u00e9rio de Vian\u00f3polis.<\/strong><\/p>\n\n\n\n<p>\u00c0 fam\u00edlia enlutada, nossas condol\u00eancias!<\/p>\n\n\n\n<figure class=\"wp-block-image size-full\"><img decoding=\"async\" width=\"681\" height=\"904\" src=\"https:\/\/www.correspondentevianopolino.com.br\/site\/wp-content\/uploads\/2023\/12\/IMG-20230719-WA0184.jpg\" alt=\"\" class=\"wp-image-93800\" srcset=\"https:\/\/www.correspondentevianopolino.com.br\/site\/wp-content\/uploads\/2023\/12\/IMG-20230719-WA0184.jpg 681w, https:\/\/www.correspondentevianopolino.com.br\/site\/wp-content\/uploads\/2023\/12\/IMG-20230719-WA0184-226x300.jpg 226w, https:\/\/www.correspondentevianopolino.com.br\/site\/wp-content\/uploads\/2023\/12\/IMG-20230719-WA0184-465x617.jpg 465w, https:\/\/www.correspondentevianopolino.com.br\/site\/wp-content\/uploads\/2023\/12\/IMG-20230719-WA0184-234x310.jpg 234w, https:\/\/www.correspondentevianopolino.com.br\/site\/wp-content\/uploads\/2023\/12\/IMG-20230719-WA0184-160x213.jpg 160w, https:\/\/www.correspondentevianopolino.com.br\/site\/wp-content\/uploads\/2023\/12\/IMG-20230719-WA0184-154x204.jpg 154w, https:\/\/www.correspondentevianopolino.com.br\/site\/wp-content\/uploads\/2023\/12\/IMG-20230719-WA0184-143x190.jpg 143w\" sizes=\"(max-width: 681px) 100vw, 681px\" \/><\/figure>\n\n\n<figure class=\"wp-block-post-featured-image\"><img decoding=\"async\" width=\"336\" height=\"380\" src=\"https:\/\/www.correspondentevianopolino.com.br\/site\/wp-content\/uploads\/2023\/12\/JOSE-FRANCISCO-FILHO-ZE-CHICO.jpg\" class=\"attachment-post-thumbnail size-post-thumbnail wp-post-image\" alt=\"\" style=\"object-fit:cover;\" srcset=\"https:\/\/www.correspondentevianopolino.com.br\/site\/wp-content\/uploads\/2023\/12\/JOSE-FRANCISCO-FILHO-ZE-CHICO.jpg 336w, https:\/\/www.correspondentevianopolino.com.br\/site\/wp-content\/uploads\/2023\/12\/JOSE-FRANCISCO-FILHO-ZE-CHICO-265x300.jpg 265w, https:\/\/www.correspondentevianopolino.com.br\/site\/wp-content\/uploads\/2023\/12\/JOSE-FRANCISCO-FILHO-ZE-CHICO-274x310.jpg 274w, https:\/\/www.correspondentevianopolino.com.br\/site\/wp-content\/uploads\/2023\/12\/JOSE-FRANCISCO-FILHO-ZE-CHICO-188x213.jpg 188w, https:\/\/www.correspondentevianopolino.com.br\/site\/wp-content\/uploads\/2023\/12\/JOSE-FRANCISCO-FILHO-ZE-CHICO-180x204.jpg 180w, https:\/\/www.correspondentevianopolino.com.br\/site\/wp-content\/uploads\/2023\/12\/JOSE-FRANCISCO-FILHO-ZE-CHICO-168x190.jpg 168w\" sizes=\"(max-width: 336px) 100vw, 336px\" \/><\/figure>","protected":false},"excerpt":{"rendered":"<p>Faleceu na noite de hoje, 19\/12, aos 94 anos de idade, JOS\u00c9 FRANCISCO FILHO, mais conhecido por Z\u00e9 Chico, que [&hellip;]<\/p>\n","protected":false},"author":2,"featured_media":93801,"comment_status":"open","ping_status":"closed","sticky":false,"template":"","format":"standard","meta":{"_uag_custom_page_level_css":"","site-sidebar-layout":"default","site-content-layout":"","ast-site-content-layout":"default","site-content-style":"default","site-sidebar-style":"default","ast-global-header-display":"","ast-banner-title-visibility":"","ast-main-header-display":"","ast-hfb-above-header-display":"","ast-hfb-below-header-display":"","ast-hfb-mobile-header-display":"","site-post-title":"","ast-breadcrumbs-content":"","ast-featured-img":"","footer-sml-layout":"","ast-disable-related-posts":"","theme-transparent-header-meta":"","adv-header-id-meta":"","stick-header-meta":"","header-above-stick-meta":"","header-main-stick-meta":"","header-below-stick-meta":"","astra-migrate-meta-layouts":"default","ast-page-background-enabled":"default","ast-page-background-meta":{"desktop":{"background-color":"var(--ast-global-color-4)","background-image":"","background-repeat":"repeat","background-position":"center center","background-size":"auto","background-attachment":"scroll","background-type":"","background-media":"","overlay-type":"","overlay-color":"","overlay-opacity":"","overlay-gradient":""},"tablet":{"background-color":"","background-image":"","background-repeat":"repeat","background-position":"center center","background-size":"auto","background-attachment":"scroll","background-type":"","background-media":"","overlay-type":"","overlay-color":"","overlay-opacity":"","overlay-gradient":""},"mobile":{"background-color":"","background-image":"","background-repeat":"repeat","background-position":"center center","background-size":"auto","background-attachment":"scroll","background-type":"","background-media":"","overlay-type":"","overlay-color":"","overlay-opacity":"","overlay-gradient":""}},"ast-content-background-meta":{"desktop":{"background-color":"var(--ast-global-color-5)","background-image":"","background-repeat":"repeat","background-position":"center center","background-size":"auto","background-attachment":"scroll","background-type":"","background-media":"","overlay-type":"","overlay-color":"","overlay-opacity":"","overlay-gradient":""},"tablet":{"background-color":"var(--ast-global-color-5)","background-image":"","background-repeat":"repeat","background-position":"center center","background-size":"auto","background-attachment":"scroll","background-type":"","background-media":"","overlay-type":"","overlay-color":"","overlay-opacity":"","overlay-gradient":""},"mobile":{"background-color":"var(--ast-global-color-5)","background-image":"","background-repeat":"repeat","background-position":"center center","background-size":"auto","background-attachment":"scroll","background-type":"","background-media":"","overlay-type":"","overlay-color":"","overlay-opacity":"","overlay-gradient":""}},"footnotes":""},"categories":[1],"tags":[],"class_list":["post-93799","post","type-post","status-publish","format-standard","has-post-thumbnail","hentry","category-ultimas","ColorsTitles-7e06bf"],"uagb_featured_image_src":{"full":["https:\/\/www.correspondentevianopolino.com.br\/site\/wp-content\/uploads\/2023\/12\/JOSE-FRANCISCO-FILHO-ZE-CHICO.jpg",336,380,false],"thumbnail":["https:\/\/www.correspondentevianopolino.com.br\/site\/wp-content\/uploads\/2023\/12\/JOSE-FRANCISCO-FILHO-ZE-CHICO.jpg",336,380,false],"medium":["https:\/\/www.correspondentevianopolino.com.br\/site\/wp-content\/uploads\/2023\/12\/JOSE-FRANCISCO-FILHO-ZE-CHICO-265x300.jpg",265,300,true],"medium_large":["https:\/\/www.correspondentevianopolino.com.br\/site\/wp-content\/uploads\/2023\/12\/JOSE-FRANCISCO-FILHO-ZE-CHICO.jpg",336,380,false],"large":["https:\/\/www.correspondentevianopolino.com.br\/site\/wp-content\/uploads\/2023\/12\/JOSE-FRANCISCO-FILHO-ZE-CHICO.jpg",336,380,false],"1536x1536":["https:\/\/www.correspondentevianopolino.com.br\/site\/wp-content\/uploads\/2023\/12\/JOSE-FRANCISCO-FILHO-ZE-CHICO.jpg",336,380,false],"2048x2048":["https:\/\/www.correspondentevianopolino.com.br\/site\/wp-content\/uploads\/2023\/12\/JOSE-FRANCISCO-FILHO-ZE-CHICO.jpg",336,380,false]},"uagb_author_info":{"display_name":"Ol\u00edvio Lemos","author_link":"https:\/\/www.correspondentevianopolino.com.br\/site\/author\/olivio\/"},"uagb_comment_info":6,"uagb_excerpt":"Faleceu na noite de hoje, 19\/12, aos 94 anos de idade, JOS\u00c9 FRANCISCO FILHO, mais conhecido por Z\u00e9 Chico, que [&hellip;]","_links":{"self":[{"href":"https:\/\/www.correspondentevianopolino.com.br\/site\/wp-json\/wp\/v2\/posts\/93799","targetHints":{"allow":["GET"]}}],"collection":[{"href":"https:\/\/www.correspondentevianopolino.com.br\/site\/wp-json\/wp\/v2\/posts"}],"about":[{"href":"https:\/\/www.correspondentevianopolino.com.br\/site\/wp-json\/wp\/v2\/types\/post"}],"author":[{"embeddable":true,"href":"https:\/\/www.correspondentevianopolino.com.br\/site\/wp-json\/wp\/v2\/users\/2"}],"replies":[{"embeddable":true,"href":"https:\/\/www.correspondentevianopolino.com.br\/site\/wp-json\/wp\/v2\/comments?post=93799"}],"version-history":[{"count":0,"href":"https:\/\/www.correspondentevianopolino.com.br\/site\/wp-json\/wp\/v2\/posts\/93799\/revisions"}],"wp:featuredmedia":[{"embeddable":true,"href":"https:\/\/www.correspondentevianopolino.com.br\/site\/wp-json\/wp\/v2\/media\/93801"}],"wp:attachment":[{"href":"https:\/\/www.correspondentevianopolino.com.br\/site\/wp-json\/wp\/v2\/media?parent=93799"}],"wp:term":[{"taxonomy":"category","embeddable":true,"href":"https:\/\/www.correspondentevianopolino.com.br\/site\/wp-json\/wp\/v2\/categories?post=93799"},{"taxonomy":"post_tag","embeddable":true,"href":"https:\/\/www.correspondentevianopolino.com.br\/site\/wp-json\/wp\/v2\/tags?post=93799"}],"curies":[{"name":"wp","href":"https:\/\/api.w.org\/{rel}","templated":true}]}}