{"id":93809,"date":"2023-12-20T06:43:23","date_gmt":"2023-12-20T09:43:23","guid":{"rendered":"https:\/\/www.correspondentevianopolino.com.br\/site\/?p=93809"},"modified":"2023-12-21T17:23:36","modified_gmt":"2023-12-21T20:23:36","slug":"93809-2","status":"publish","type":"post","link":"https:\/\/www.correspondentevianopolino.com.br\/site\/93809-2\/","title":{"rendered":"DEPUTADO ISSY QUINAN J\u00daNIOR LAMENTA MORTE DE JOS\u00c9 FRANCISCO FILHO (Z\u00c9 CHICO)&#8230; CORPO SER\u00c1 SEPULTADO \u00c0S 15H"},"content":{"rendered":"\n<p>O Deputado Estadual Issy Quinan J\u00fanior lamentou profundamente o falecimento do fazendeiro vianopolino JOS\u00c9 FRANCISCO FILHO (Z\u00c9 CHICO), ocorrida na noite de ontem, 19\/12.<\/p>\n\n\n\n<p>Em texto enviado \u00e0 nossa reportagem, Issy Quinan J\u00fanior diz:<\/p>\n\n\n\n<p><\/p>\n\n\n\n<p>\u201c<strong>Com grande pesar, recebi a not\u00edcia do falecimento do senhor Z\u00e9 Chico, homem de extremo valor, cidad\u00e3o respeitado, chefe de fam\u00edlia exemplar, detentor de enorme admira\u00e7\u00e3o por parte da sociedade vianopolina e figura de proa em nosso munic\u00edpio.<\/strong><\/p>\n\n\n\n<p><strong>Que Deus Nosso Senhor, em sua infinita miseric\u00f3rdia, conforte o cora\u00e7\u00e3o de todos os seus familiares e amigos.\u201d<\/strong><\/p>\n\n\n\n<p>O corpo de Z\u00e9 Chico est\u00e1 sendo velado na Sala de Vel\u00f3rios da Funer\u00e1ria Pax Universo, pr\u00f3ximo a Du Carmo Eventos.<\/p>\n\n\n\n<p>O sepultamento est\u00e1 marcado para <strong>\u00e0s 15h desta quarta-Feira, 20\/12<\/strong>, no Novo Cemit\u00e9rio de Vian\u00f3polis.<\/p>\n\n\n<figure class=\"wp-block-post-featured-image\"><img decoding=\"async\" width=\"336\" height=\"380\" src=\"https:\/\/www.correspondentevianopolino.com.br\/site\/wp-content\/uploads\/2023\/12\/JOSE-FRANCISCO-FILHO-ZE-CHICO.jpg\" class=\"attachment-post-thumbnail size-post-thumbnail wp-post-image\" alt=\"\" style=\"object-fit:cover;\" srcset=\"https:\/\/www.correspondentevianopolino.com.br\/site\/wp-content\/uploads\/2023\/12\/JOSE-FRANCISCO-FILHO-ZE-CHICO.jpg 336w, https:\/\/www.correspondentevianopolino.com.br\/site\/wp-content\/uploads\/2023\/12\/JOSE-FRANCISCO-FILHO-ZE-CHICO-265x300.jpg 265w, https:\/\/www.correspondentevianopolino.com.br\/site\/wp-content\/uploads\/2023\/12\/JOSE-FRANCISCO-FILHO-ZE-CHICO-274x310.jpg 274w, https:\/\/www.correspondentevianopolino.com.br\/site\/wp-content\/uploads\/2023\/12\/JOSE-FRANCISCO-FILHO-ZE-CHICO-188x213.jpg 188w, https:\/\/www.correspondentevianopolino.com.br\/site\/wp-content\/uploads\/2023\/12\/JOSE-FRANCISCO-FILHO-ZE-CHICO-180x204.jpg 180w, https:\/\/www.correspondentevianopolino.com.br\/site\/wp-content\/uploads\/2023\/12\/JOSE-FRANCISCO-FILHO-ZE-CHICO-168x190.jpg 168w\" sizes=\"(max-width: 336px) 100vw, 336px\" \/><\/figure>","protected":false},"excerpt":{"rendered":"<p>O Deputado Estadual Issy Quinan J\u00fanior lamentou profundamente o falecimento do fazendeiro vianopolino JOS\u00c9 FRANCISCO FILHO (Z\u00c9 CHICO), ocorrida na [&hellip;]<\/p>\n","protected":false},"author":2,"featured_media":93801,"comment_status":"open","ping_status":"closed","sticky":false,"template":"","format":"standard","meta":{"_uag_custom_page_level_css":"","site-sidebar-layout":"default","site-content-layout":"","ast-site-content-layout":"default","site-content-style":"default","site-sidebar-style":"default","ast-global-header-display":"","ast-banner-title-visibility":"","ast-main-header-display":"","ast-hfb-above-header-display":"","ast-hfb-below-header-display":"","ast-hfb-mobile-header-display":"","site-post-title":"","ast-breadcrumbs-content":"","ast-featured-img":"","footer-sml-layout":"","ast-disable-related-posts":"","theme-transparent-header-meta":"","adv-header-id-meta":"","stick-header-meta":"","header-above-stick-meta":"","header-main-stick-meta":"","header-below-stick-meta":"","astra-migrate-meta-layouts":"default","ast-page-background-enabled":"default","ast-page-background-meta":{"desktop":{"background-color":"var(--ast-global-color-4)","background-image":"","background-repeat":"repeat","background-position":"center center","background-size":"auto","background-attachment":"scroll","background-type":"","background-media":"","overlay-type":"","overlay-color":"","overlay-opacity":"","overlay-gradient":""},"tablet":{"background-color":"","background-image":"","background-repeat":"repeat","background-position":"center center","background-size":"auto","background-attachment":"scroll","background-type":"","background-media":"","overlay-type":"","overlay-color":"","overlay-opacity":"","overlay-gradient":""},"mobile":{"background-color":"","background-image":"","background-repeat":"repeat","background-position":"center center","background-size":"auto","background-attachment":"scroll","background-type":"","background-media":"","overlay-type":"","overlay-color":"","overlay-opacity":"","overlay-gradient":""}},"ast-content-background-meta":{"desktop":{"background-color":"var(--ast-global-color-5)","background-image":"","background-repeat":"repeat","background-position":"center center","background-size":"auto","background-attachment":"scroll","background-type":"","background-media":"","overlay-type":"","overlay-color":"","overlay-opacity":"","overlay-gradient":""},"tablet":{"background-color":"var(--ast-global-color-5)","background-image":"","background-repeat":"repeat","background-position":"center center","background-size":"auto","background-attachment":"scroll","background-type":"","background-media":"","overlay-type":"","overlay-color":"","overlay-opacity":"","overlay-gradient":""},"mobile":{"background-color":"var(--ast-global-color-5)","background-image":"","background-repeat":"repeat","background-position":"center center","background-size":"auto","background-attachment":"scroll","background-type":"","background-media":"","overlay-type":"","overlay-color":"","overlay-opacity":"","overlay-gradient":""}},"footnotes":""},"categories":[1],"tags":[],"class_list":["post-93809","post","type-post","status-publish","format-standard","has-post-thumbnail","hentry","category-ultimas"],"uagb_featured_image_src":{"full":["https:\/\/www.correspondentevianopolino.com.br\/site\/wp-content\/uploads\/2023\/12\/JOSE-FRANCISCO-FILHO-ZE-CHICO.jpg",336,380,false],"thumbnail":["https:\/\/www.correspondentevianopolino.com.br\/site\/wp-content\/uploads\/2023\/12\/JOSE-FRANCISCO-FILHO-ZE-CHICO.jpg",336,380,false],"medium":["https:\/\/www.correspondentevianopolino.com.br\/site\/wp-content\/uploads\/2023\/12\/JOSE-FRANCISCO-FILHO-ZE-CHICO-265x300.jpg",265,300,true],"medium_large":["https:\/\/www.correspondentevianopolino.com.br\/site\/wp-content\/uploads\/2023\/12\/JOSE-FRANCISCO-FILHO-ZE-CHICO.jpg",336,380,false],"large":["https:\/\/www.correspondentevianopolino.com.br\/site\/wp-content\/uploads\/2023\/12\/JOSE-FRANCISCO-FILHO-ZE-CHICO.jpg",336,380,false],"1536x1536":["https:\/\/www.correspondentevianopolino.com.br\/site\/wp-content\/uploads\/2023\/12\/JOSE-FRANCISCO-FILHO-ZE-CHICO.jpg",336,380,false],"2048x2048":["https:\/\/www.correspondentevianopolino.com.br\/site\/wp-content\/uploads\/2023\/12\/JOSE-FRANCISCO-FILHO-ZE-CHICO.jpg",336,380,false]},"uagb_author_info":{"display_name":"Ol\u00edvio Lemos","author_link":"https:\/\/www.correspondentevianopolino.com.br\/site\/author\/olivio\/"},"uagb_comment_info":1,"uagb_excerpt":"O Deputado Estadual Issy Quinan J\u00fanior lamentou profundamente o falecimento do fazendeiro vianopolino JOS\u00c9 FRANCISCO FILHO (Z\u00c9 CHICO), ocorrida na [&hellip;]","_links":{"self":[{"href":"https:\/\/www.correspondentevianopolino.com.br\/site\/wp-json\/wp\/v2\/posts\/93809","targetHints":{"allow":["GET"]}}],"collection":[{"href":"https:\/\/www.correspondentevianopolino.com.br\/site\/wp-json\/wp\/v2\/posts"}],"about":[{"href":"https:\/\/www.correspondentevianopolino.com.br\/site\/wp-json\/wp\/v2\/types\/post"}],"author":[{"embeddable":true,"href":"https:\/\/www.correspondentevianopolino.com.br\/site\/wp-json\/wp\/v2\/users\/2"}],"replies":[{"embeddable":true,"href":"https:\/\/www.correspondentevianopolino.com.br\/site\/wp-json\/wp\/v2\/comments?post=93809"}],"version-history":[{"count":0,"href":"https:\/\/www.correspondentevianopolino.com.br\/site\/wp-json\/wp\/v2\/posts\/93809\/revisions"}],"wp:featuredmedia":[{"embeddable":true,"href":"https:\/\/www.correspondentevianopolino.com.br\/site\/wp-json\/wp\/v2\/media\/93801"}],"wp:attachment":[{"href":"https:\/\/www.correspondentevianopolino.com.br\/site\/wp-json\/wp\/v2\/media?parent=93809"}],"wp:term":[{"taxonomy":"category","embeddable":true,"href":"https:\/\/www.correspondentevianopolino.com.br\/site\/wp-json\/wp\/v2\/categories?post=93809"},{"taxonomy":"post_tag","embeddable":true,"href":"https:\/\/www.correspondentevianopolino.com.br\/site\/wp-json\/wp\/v2\/tags?post=93809"}],"curies":[{"name":"wp","href":"https:\/\/api.w.org\/{rel}","templated":true}]}}