{"id":93866,"date":"2023-12-22T18:28:59","date_gmt":"2023-12-22T21:28:59","guid":{"rendered":"https:\/\/www.correspondentevianopolino.com.br\/site\/?p=93866"},"modified":"2024-01-04T18:29:48","modified_gmt":"2024-01-04T21:29:48","slug":"prefeito-samuel-cotrim-em-entrevista-a-radio-rio-vermelho-disse-que-sera-candidato-a-reeleicao-em-2024","status":"publish","type":"post","link":"https:\/\/www.correspondentevianopolino.com.br\/site\/prefeito-samuel-cotrim-em-entrevista-a-radio-rio-vermelho-disse-que-sera-candidato-a-reeleicao-em-2024\/","title":{"rendered":"PREFEITO SAMUEL COTRIM, EM ENTREVISTA \u00c0 R\u00c1DIO RIO VERMELHO, DISSE QUE SER\u00c1 CANDIDATO \u00c0 REELEI\u00c7\u00c3O EM 2024"},"content":{"rendered":"\n<figure class=\"wp-block-image size-full\"><img decoding=\"async\" width=\"576\" height=\"1024\" src=\"https:\/\/www.correspondentevianopolino.com.br\/site\/wp-content\/uploads\/2023\/12\/IMG-20231117-WA0092-576x1024-1-3.jpg\" alt=\"\" class=\"wp-image-93768\" srcset=\"https:\/\/www.correspondentevianopolino.com.br\/site\/wp-content\/uploads\/2023\/12\/IMG-20231117-WA0092-576x1024-1-3.jpg 576w, https:\/\/www.correspondentevianopolino.com.br\/site\/wp-content\/uploads\/2023\/12\/IMG-20231117-WA0092-576x1024-1-3-169x300.jpg 169w, https:\/\/www.correspondentevianopolino.com.br\/site\/wp-content\/uploads\/2023\/12\/IMG-20231117-WA0092-576x1024-1-3-465x827.jpg 465w, https:\/\/www.correspondentevianopolino.com.br\/site\/wp-content\/uploads\/2023\/12\/IMG-20231117-WA0092-576x1024-1-3-174x310.jpg 174w, https:\/\/www.correspondentevianopolino.com.br\/site\/wp-content\/uploads\/2023\/12\/IMG-20231117-WA0092-576x1024-1-3-120x213.jpg 120w, https:\/\/www.correspondentevianopolino.com.br\/site\/wp-content\/uploads\/2023\/12\/IMG-20231117-WA0092-576x1024-1-3-115x204.jpg 115w, https:\/\/www.correspondentevianopolino.com.br\/site\/wp-content\/uploads\/2023\/12\/IMG-20231117-WA0092-576x1024-1-3-107x190.jpg 107w\" sizes=\"(max-width: 576px) 100vw, 576px\" \/><\/figure>\n\n\n\n<p>Ao ser entrevistado na data de hoje, 22\/12, pelos jornalistas C\u00e9lio Silva e M\u00e1rcia Souza, no Programa Giro da Not\u00edcia da R\u00e1dio Rio Vermelho FM, o Prefeito de Vian\u00f3polis, Samuel Cotrim, disse que ser\u00e1 candidato nas elei\u00e7\u00f5es municipais de 2024.<\/p>\n\n\n\n<p>Em certo trecho da entrevista, Samuel Cotrim informou que ir\u00e1 buscar a reelei\u00e7\u00e3o no pleito do pr\u00f3ximo ano e destacou que seguir\u00e1 as orienta\u00e7\u00f5es do povo e do Deputado Issy Quinan J\u00fanior, l\u00edder do grupo pol\u00edtico a que pertence.<\/p>\n\n\n<figure class=\"wp-block-post-featured-image\"><img decoding=\"async\" width=\"1440\" height=\"960\" src=\"https:\/\/www.correspondentevianopolino.com.br\/site\/wp-content\/uploads\/2023\/12\/thumbnail-8.jpg\" class=\"attachment-post-thumbnail size-post-thumbnail wp-post-image\" alt=\"\" style=\"object-fit:cover;\" srcset=\"https:\/\/www.correspondentevianopolino.com.br\/site\/wp-content\/uploads\/2023\/12\/thumbnail-8.jpg 1440w, https:\/\/www.correspondentevianopolino.com.br\/site\/wp-content\/uploads\/2023\/12\/thumbnail-8-300x200.jpg 300w, https:\/\/www.correspondentevianopolino.com.br\/site\/wp-content\/uploads\/2023\/12\/thumbnail-8-1024x683.jpg 1024w, https:\/\/www.correspondentevianopolino.com.br\/site\/wp-content\/uploads\/2023\/12\/thumbnail-8-465x310.jpg 465w, https:\/\/www.correspondentevianopolino.com.br\/site\/wp-content\/uploads\/2023\/12\/thumbnail-8-768x512.jpg 768w, https:\/\/www.correspondentevianopolino.com.br\/site\/wp-content\/uploads\/2023\/12\/thumbnail-8-320x213.jpg 320w, https:\/\/www.correspondentevianopolino.com.br\/site\/wp-content\/uploads\/2023\/12\/thumbnail-8-306x204.jpg 306w, https:\/\/www.correspondentevianopolino.com.br\/site\/wp-content\/uploads\/2023\/12\/thumbnail-8-260x173.jpg 260w\" sizes=\"(max-width: 1440px) 100vw, 1440px\" \/><\/figure>","protected":false},"excerpt":{"rendered":"<p>Ao ser entrevistado na data de hoje, 22\/12, pelos jornalistas C\u00e9lio Silva e M\u00e1rcia Souza, no Programa Giro da Not\u00edcia [&hellip;]<\/p>\n","protected":false},"author":2,"featured_media":93868,"comment_status":"open","ping_status":"closed","sticky":false,"template":"","format":"standard","meta":{"_uag_custom_page_level_css":"","site-sidebar-layout":"default","site-content-layout":"","ast-site-content-layout":"default","site-content-style":"default","site-sidebar-style":"default","ast-global-header-display":"","ast-banner-title-visibility":"","ast-main-header-display":"","ast-hfb-above-header-display":"","ast-hfb-below-header-display":"","ast-hfb-mobile-header-display":"","site-post-title":"","ast-breadcrumbs-content":"","ast-featured-img":"","footer-sml-layout":"","ast-disable-related-posts":"","theme-transparent-header-meta":"","adv-header-id-meta":"","stick-header-meta":"","header-above-stick-meta":"","header-main-stick-meta":"","header-below-stick-meta":"","astra-migrate-meta-layouts":"default","ast-page-background-enabled":"default","ast-page-background-meta":{"desktop":{"background-color":"var(--ast-global-color-4)","background-image":"","background-repeat":"repeat","background-position":"center center","background-size":"auto","background-attachment":"scroll","background-type":"","background-media":"","overlay-type":"","overlay-color":"","overlay-opacity":"","overlay-gradient":""},"tablet":{"background-color":"","background-image":"","background-repeat":"repeat","background-position":"center center","background-size":"auto","background-attachment":"scroll","background-type":"","background-media":"","overlay-type":"","overlay-color":"","overlay-opacity":"","overlay-gradient":""},"mobile":{"background-color":"","background-image":"","background-repeat":"repeat","background-position":"center center","background-size":"auto","background-attachment":"scroll","background-type":"","background-media":"","overlay-type":"","overlay-color":"","overlay-opacity":"","overlay-gradient":""}},"ast-content-background-meta":{"desktop":{"background-color":"var(--ast-global-color-5)","background-image":"","background-repeat":"repeat","background-position":"center center","background-size":"auto","background-attachment":"scroll","background-type":"","background-media":"","overlay-type":"","overlay-color":"","overlay-opacity":"","overlay-gradient":""},"tablet":{"background-color":"var(--ast-global-color-5)","background-image":"","background-repeat":"repeat","background-position":"center center","background-size":"auto","background-attachment":"scroll","background-type":"","background-media":"","overlay-type":"","overlay-color":"","overlay-opacity":"","overlay-gradient":""},"mobile":{"background-color":"var(--ast-global-color-5)","background-image":"","background-repeat":"repeat","background-position":"center center","background-size":"auto","background-attachment":"scroll","background-type":"","background-media":"","overlay-type":"","overlay-color":"","overlay-opacity":"","overlay-gradient":""}},"footnotes":""},"categories":[1],"tags":[],"class_list":["post-93866","post","type-post","status-publish","format-standard","has-post-thumbnail","hentry","category-ultimas"],"uagb_featured_image_src":{"full":["https:\/\/www.correspondentevianopolino.com.br\/site\/wp-content\/uploads\/2023\/12\/thumbnail-8.jpg",1440,960,false],"thumbnail":["https:\/\/www.correspondentevianopolino.com.br\/site\/wp-content\/uploads\/2023\/12\/thumbnail-8-465x310.jpg",465,310,true],"medium":["https:\/\/www.correspondentevianopolino.com.br\/site\/wp-content\/uploads\/2023\/12\/thumbnail-8-300x200.jpg",300,200,true],"medium_large":["https:\/\/www.correspondentevianopolino.com.br\/site\/wp-content\/uploads\/2023\/12\/thumbnail-8-768x512.jpg",768,512,true],"large":["https:\/\/www.correspondentevianopolino.com.br\/site\/wp-content\/uploads\/2023\/12\/thumbnail-8-1024x683.jpg",1012,675,true],"1536x1536":["https:\/\/www.correspondentevianopolino.com.br\/site\/wp-content\/uploads\/2023\/12\/thumbnail-8.jpg",1440,960,false],"2048x2048":["https:\/\/www.correspondentevianopolino.com.br\/site\/wp-content\/uploads\/2023\/12\/thumbnail-8.jpg",1440,960,false]},"uagb_author_info":{"display_name":"Ol\u00edvio Lemos","author_link":"https:\/\/www.correspondentevianopolino.com.br\/site\/author\/olivio\/"},"uagb_comment_info":21,"uagb_excerpt":"Ao ser entrevistado na data de hoje, 22\/12, pelos jornalistas C\u00e9lio Silva e M\u00e1rcia Souza, no Programa Giro da Not\u00edcia [&hellip;]","_links":{"self":[{"href":"https:\/\/www.correspondentevianopolino.com.br\/site\/wp-json\/wp\/v2\/posts\/93866","targetHints":{"allow":["GET"]}}],"collection":[{"href":"https:\/\/www.correspondentevianopolino.com.br\/site\/wp-json\/wp\/v2\/posts"}],"about":[{"href":"https:\/\/www.correspondentevianopolino.com.br\/site\/wp-json\/wp\/v2\/types\/post"}],"author":[{"embeddable":true,"href":"https:\/\/www.correspondentevianopolino.com.br\/site\/wp-json\/wp\/v2\/users\/2"}],"replies":[{"embeddable":true,"href":"https:\/\/www.correspondentevianopolino.com.br\/site\/wp-json\/wp\/v2\/comments?post=93866"}],"version-history":[{"count":0,"href":"https:\/\/www.correspondentevianopolino.com.br\/site\/wp-json\/wp\/v2\/posts\/93866\/revisions"}],"wp:featuredmedia":[{"embeddable":true,"href":"https:\/\/www.correspondentevianopolino.com.br\/site\/wp-json\/wp\/v2\/media\/93868"}],"wp:attachment":[{"href":"https:\/\/www.correspondentevianopolino.com.br\/site\/wp-json\/wp\/v2\/media?parent=93866"}],"wp:term":[{"taxonomy":"category","embeddable":true,"href":"https:\/\/www.correspondentevianopolino.com.br\/site\/wp-json\/wp\/v2\/categories?post=93866"},{"taxonomy":"post_tag","embeddable":true,"href":"https:\/\/www.correspondentevianopolino.com.br\/site\/wp-json\/wp\/v2\/tags?post=93866"}],"curies":[{"name":"wp","href":"https:\/\/api.w.org\/{rel}","templated":true}]}}